{"id":12984,"date":"2023-03-08T22:21:17","date_gmt":"2023-03-08T22:21:17","guid":{"rendered":"https:\/\/conadi.gob.gt\/web\/?p=12984"},"modified":"2023-03-08T22:21:18","modified_gmt":"2023-03-08T22:21:18","slug":"apertura-de-la-septima-omd-en-solola","status":"publish","type":"post","link":"https:\/\/conadi.gob.gt\/web\/apertura-de-la-septima-omd-en-solola\/","title":{"rendered":"APERTURA DE LA S\u00c9PTIMA OMD EN SOLOL\u00c1"},"content":{"rendered":"\n<p>Se apertura Oficina Municipal de Discapacidad (OMD) en el Municipio de San Jos\u00e9 Chacay\u00e1, Solol\u00e1, siendo la n\u00famero 7 a nivel departamental y la 111 a nivel nacional, con la apertura de esta OMD, el CONADI contin\u00faa avanzando en el cumplimiento al plan de Acci\u00f3n sobre Discapacidad, el cual dispone aplicar la pol\u00edtica para la inclusi\u00f3n de las personas con discapacidad.<\/p>\n\n\n\n<figure class=\"wp-block-image size-large\"><img loading=\"lazy\" decoding=\"async\" width=\"1024\" height=\"683\" src=\"https:\/\/conadi.gob.gt\/web\/wp-content\/uploads\/2023\/03\/WhatsApp-Image-2023-03-08-at-16.13.34-1-1024x683.jpeg\" alt=\"\" class=\"wp-image-12985\" srcset=\"https:\/\/conadi.gob.gt\/web\/wp-content\/uploads\/2023\/03\/WhatsApp-Image-2023-03-08-at-16.13.34-1-1024x683.jpeg 1024w, https:\/\/conadi.gob.gt\/web\/wp-content\/uploads\/2023\/03\/WhatsApp-Image-2023-03-08-at-16.13.34-1-300x200.jpeg 300w, https:\/\/conadi.gob.gt\/web\/wp-content\/uploads\/2023\/03\/WhatsApp-Image-2023-03-08-at-16.13.34-1-768x512.jpeg 768w, https:\/\/conadi.gob.gt\/web\/wp-content\/uploads\/2023\/03\/WhatsApp-Image-2023-03-08-at-16.13.34-1.jpeg 1500w\" sizes=\"auto, (max-width: 1024px) 100vw, 1024px\" \/><\/figure>\n\n\n\n<p>A la apertura de esta OMD le anteceden los municipios de Solol\u00e1, Panajachel, Santa Mar\u00eda Visitaci\u00f3n, San Andr\u00e9s Semetabaj, Santa Luc\u00eda Utatl\u00e1n y la primera Direcci\u00f3n Municipal en San Marcos la Laguna.<\/p>\n\n\n\n<p>Clarivel Castillo, presidenta del CONADI, resalt\u00f3 que cuentan con el apoyo del Consejo para realizar las gestiones en beneficio de las personas con discapacidad, las cuales deben de ir m\u00e1s all\u00e1 de procesos administrativos. Asimismo, recalc\u00f3 el compromiso que tiene la Oficina de discapacidad en buscar acciones de inclusi\u00f3n y atenci\u00f3n para las personas con discapacidad, ya que esta oficina ser\u00e1 de beneficio a todas las familias que tienen una persona con discapacidad. Finalmente, indic\u00f3 que la apertura de oficinas con esta modalidad dan respuesta a las recomendaciones de pa\u00eds realizadas por el Comit\u00e9 de Expertos sobre los Derechos de las Personas con Discapacidad.<\/p>\n\n\n\n<figure class=\"wp-block-image size-large\"><img loading=\"lazy\" decoding=\"async\" width=\"1024\" height=\"683\" src=\"https:\/\/conadi.gob.gt\/web\/wp-content\/uploads\/2023\/03\/WhatsApp-Image-2023-03-08-at-16.13.29-1024x683.jpeg\" alt=\"\" class=\"wp-image-12987\" srcset=\"https:\/\/conadi.gob.gt\/web\/wp-content\/uploads\/2023\/03\/WhatsApp-Image-2023-03-08-at-16.13.29-1024x683.jpeg 1024w, https:\/\/conadi.gob.gt\/web\/wp-content\/uploads\/2023\/03\/WhatsApp-Image-2023-03-08-at-16.13.29-300x200.jpeg 300w, https:\/\/conadi.gob.gt\/web\/wp-content\/uploads\/2023\/03\/WhatsApp-Image-2023-03-08-at-16.13.29-768x512.jpeg 768w, https:\/\/conadi.gob.gt\/web\/wp-content\/uploads\/2023\/03\/WhatsApp-Image-2023-03-08-at-16.13.29.jpeg 1500w\" sizes=\"auto, (max-width: 1024px) 100vw, 1024px\" \/><\/figure>\n\n\n\n<p>El evento cont\u00f3 con la presencia de Clarivel Castillo, presidenta; Edgar Tzun y Ver\u00f3nica Molina, miembros de Junta Directiva del Consejo; as\u00ed como Luis Garc\u00eda Chuta, alcalde municipal, acompa\u00f1ado del consejo municipal.<\/p>\n\n\n\n<div class=\"wp-block-columns is-layout-flex wp-container-core-columns-is-layout-28f84493 wp-block-columns-is-layout-flex\">\n<div class=\"wp-block-column is-layout-flow wp-block-column-is-layout-flow\">\n<figure class=\"wp-block-image size-large\"><img loading=\"lazy\" decoding=\"async\" width=\"1024\" height=\"683\" src=\"https:\/\/conadi.gob.gt\/web\/wp-content\/uploads\/2023\/03\/WhatsApp-Image-2023-03-08-at-16.13.29-2-1024x683.jpeg\" alt=\"\" class=\"wp-image-12988\" srcset=\"https:\/\/conadi.gob.gt\/web\/wp-content\/uploads\/2023\/03\/WhatsApp-Image-2023-03-08-at-16.13.29-2-1024x683.jpeg 1024w, https:\/\/conadi.gob.gt\/web\/wp-content\/uploads\/2023\/03\/WhatsApp-Image-2023-03-08-at-16.13.29-2-300x200.jpeg 300w, https:\/\/conadi.gob.gt\/web\/wp-content\/uploads\/2023\/03\/WhatsApp-Image-2023-03-08-at-16.13.29-2-768x512.jpeg 768w, https:\/\/conadi.gob.gt\/web\/wp-content\/uploads\/2023\/03\/WhatsApp-Image-2023-03-08-at-16.13.29-2.jpeg 1500w\" sizes=\"auto, (max-width: 1024px) 100vw, 1024px\" \/><\/figure>\n<\/div>\n\n\n\n<div class=\"wp-block-column is-layout-flow wp-block-column-is-layout-flow\">\n<figure class=\"wp-block-image size-large\"><img loading=\"lazy\" decoding=\"async\" width=\"1024\" height=\"683\" src=\"https:\/\/conadi.gob.gt\/web\/wp-content\/uploads\/2023\/03\/WhatsApp-Image-2023-03-08-at-16.13.35-1024x683.jpeg\" alt=\"\" class=\"wp-image-12989\" srcset=\"https:\/\/conadi.gob.gt\/web\/wp-content\/uploads\/2023\/03\/WhatsApp-Image-2023-03-08-at-16.13.35-1024x683.jpeg 1024w, https:\/\/conadi.gob.gt\/web\/wp-content\/uploads\/2023\/03\/WhatsApp-Image-2023-03-08-at-16.13.35-300x200.jpeg 300w, https:\/\/conadi.gob.gt\/web\/wp-content\/uploads\/2023\/03\/WhatsApp-Image-2023-03-08-at-16.13.35-768x512.jpeg 768w, https:\/\/conadi.gob.gt\/web\/wp-content\/uploads\/2023\/03\/WhatsApp-Image-2023-03-08-at-16.13.35.jpeg 1500w\" sizes=\"auto, (max-width: 1024px) 100vw, 1024px\" \/><\/figure>\n<\/div>\n\n\n\n<div class=\"wp-block-column is-layout-flow wp-block-column-is-layout-flow\">\n<figure class=\"wp-block-image size-large\"><img loading=\"lazy\" decoding=\"async\" width=\"1024\" height=\"683\" src=\"https:\/\/conadi.gob.gt\/web\/wp-content\/uploads\/2023\/03\/WhatsApp-Image-2023-03-08-at-16.13.33-1024x683.jpeg\" alt=\"\" class=\"wp-image-12990\" srcset=\"https:\/\/conadi.gob.gt\/web\/wp-content\/uploads\/2023\/03\/WhatsApp-Image-2023-03-08-at-16.13.33-1024x683.jpeg 1024w, https:\/\/conadi.gob.gt\/web\/wp-content\/uploads\/2023\/03\/WhatsApp-Image-2023-03-08-at-16.13.33-300x200.jpeg 300w, https:\/\/conadi.gob.gt\/web\/wp-content\/uploads\/2023\/03\/WhatsApp-Image-2023-03-08-at-16.13.33-768x512.jpeg 768w, https:\/\/conadi.gob.gt\/web\/wp-content\/uploads\/2023\/03\/WhatsApp-Image-2023-03-08-at-16.13.33.jpeg 1500w\" sizes=\"auto, (max-width: 1024px) 100vw, 1024px\" \/><\/figure>\n<\/div>\n<\/div>\n","protected":false},"excerpt":{"rendered":"<p>Se apertura Oficina Municipal de Discapacidad (OMD) en el Municipio de San Jos\u00e9 Chacay\u00e1, Solol\u00e1, siendo la n\u00famero 7 a nivel departamental y la 111 a nivel nacional, con la apertura de esta OMD, el CONADI contin\u00faa avanzando en el cumplimiento al plan de Acci\u00f3n sobre Discapacidad, el cual dispone aplicar la pol\u00edtica para la &hellip; <\/p>\n<p class=\"link-more\"><a href=\"https:\/\/conadi.gob.gt\/web\/apertura-de-la-septima-omd-en-solola\/\" class=\"more-link\">Leer m\u00e1s<span class=\"screen-reader-text\"> \u00abAPERTURA DE LA S\u00c9PTIMA OMD EN SOLOL\u00c1\u00bb<\/span><\/a><\/p>\n","protected":false},"author":12,"featured_media":12985,"comment_status":"closed","ping_status":"closed","sticky":false,"template":"","format":"standard","meta":{"footnotes":""},"categories":[3],"tags":[],"class_list":["post-12984","post","type-post","status-publish","format-standard","has-post-thumbnail","hentry","category-noticias"],"_links":{"self":[{"href":"https:\/\/conadi.gob.gt\/web\/wp-json\/wp\/v2\/posts\/12984","targetHints":{"allow":["GET"]}}],"collection":[{"href":"https:\/\/conadi.gob.gt\/web\/wp-json\/wp\/v2\/posts"}],"about":[{"href":"https:\/\/conadi.gob.gt\/web\/wp-json\/wp\/v2\/types\/post"}],"author":[{"embeddable":true,"href":"https:\/\/conadi.gob.gt\/web\/wp-json\/wp\/v2\/users\/12"}],"replies":[{"embeddable":true,"href":"https:\/\/conadi.gob.gt\/web\/wp-json\/wp\/v2\/comments?post=12984"}],"version-history":[{"count":1,"href":"https:\/\/conadi.gob.gt\/web\/wp-json\/wp\/v2\/posts\/12984\/revisions"}],"predecessor-version":[{"id":12991,"href":"https:\/\/conadi.gob.gt\/web\/wp-json\/wp\/v2\/posts\/12984\/revisions\/12991"}],"wp:featuredmedia":[{"embeddable":true,"href":"https:\/\/conadi.gob.gt\/web\/wp-json\/wp\/v2\/media\/12985"}],"wp:attachment":[{"href":"https:\/\/conadi.gob.gt\/web\/wp-json\/wp\/v2\/media?parent=12984"}],"wp:term":[{"taxonomy":"category","embeddable":true,"href":"https:\/\/conadi.gob.gt\/web\/wp-json\/wp\/v2\/categories?post=12984"},{"taxonomy":"post_tag","embeddable":true,"href":"https:\/\/conadi.gob.gt\/web\/wp-json\/wp\/v2\/tags?post=12984"}],"curies":[{"name":"wp","href":"https:\/\/api.w.org\/{rel}","templated":true}]}}