{"id":13099,"date":"2023-04-03T20:12:37","date_gmt":"2023-04-03T20:12:37","guid":{"rendered":"https:\/\/conadi.gob.gt\/web\/?p=13099"},"modified":"2023-04-03T20:59:58","modified_gmt":"2023-04-03T20:59:58","slug":"foro-hablemos-de-discapacidad-inclusion-y-accesibilidad-segunda-fase","status":"publish","type":"post","link":"https:\/\/conadi.gob.gt\/web\/foro-hablemos-de-discapacidad-inclusion-y-accesibilidad-segunda-fase\/","title":{"rendered":"FORO HABLEMOS DE DISCAPACIDAD, INCLUSI\u00d3N Y ACCESIBILIDAD, SEGUNDA FASE"},"content":{"rendered":"\n<p>La segunda fase del foro \u201cHablemos de discapacidad, inclusi\u00f3n laboral y accesibilidad\u201d, fue desarrollado por el CONADI e impartido a colaboradores de la subgerencia de prestaciones pecuniarias del Instituto Guatemalteco de Seguridad Social (IGSS).<\/p>\n\n\n\n<figure class=\"wp-block-image size-large\"><img loading=\"lazy\" decoding=\"async\" width=\"1024\" height=\"683\" src=\"https:\/\/conadi.gob.gt\/web\/wp-content\/uploads\/2023\/04\/IMG_1806-1024x683.jpg\" alt=\"\" class=\"wp-image-13103\" srcset=\"https:\/\/conadi.gob.gt\/web\/wp-content\/uploads\/2023\/04\/IMG_1806-1024x683.jpg 1024w, https:\/\/conadi.gob.gt\/web\/wp-content\/uploads\/2023\/04\/IMG_1806-300x200.jpg 300w, https:\/\/conadi.gob.gt\/web\/wp-content\/uploads\/2023\/04\/IMG_1806-768x512.jpg 768w, https:\/\/conadi.gob.gt\/web\/wp-content\/uploads\/2023\/04\/IMG_1806-1536x1024.jpg 1536w, https:\/\/conadi.gob.gt\/web\/wp-content\/uploads\/2023\/04\/IMG_1806-2048x1365.jpg 2048w, https:\/\/conadi.gob.gt\/web\/wp-content\/uploads\/2023\/04\/IMG_1806-2000x1333.jpg 2000w\" sizes=\"auto, (max-width: 1024px) 100vw, 1024px\" \/><\/figure>\n\n\n\n<p>El acto de apertura cont\u00f3 con la participaci\u00f3n de Lesbia Contreras, jefa del departamento de incidencia pol\u00edtica del CONADI; Jos\u00e9 Domingo Argueta, subgerente prestaciones pecuniarias del IGSS y Tania Joaqu\u00edn, representante del IGSS ante el consejo de delegados del CONADI.<\/p>\n\n\n\n<p>Contreras en su mensaje institucional, destac\u00f3 la importancia del trabajo de toma de conciencia que hace el CONADI para promoci\u00f3n de los derechos y la inclusi\u00f3n de las personas con discapacidad.<\/p>\n\n\n\n<p>Dentro de las ponencias del foro se cont\u00f3 con la participaci\u00f3n de Leslie Leal, representante del IGSS, quien dio a conocer los conceptos b\u00e1sicos de discapacidad.<\/p>\n\n\n\n<figure class=\"wp-block-image size-large\"><img loading=\"lazy\" decoding=\"async\" width=\"1024\" height=\"683\" src=\"https:\/\/conadi.gob.gt\/web\/wp-content\/uploads\/2023\/04\/IMG_1897-1-1024x683.jpg\" alt=\"\" class=\"wp-image-13104\" srcset=\"https:\/\/conadi.gob.gt\/web\/wp-content\/uploads\/2023\/04\/IMG_1897-1-1024x683.jpg 1024w, https:\/\/conadi.gob.gt\/web\/wp-content\/uploads\/2023\/04\/IMG_1897-1-300x200.jpg 300w, https:\/\/conadi.gob.gt\/web\/wp-content\/uploads\/2023\/04\/IMG_1897-1-768x512.jpg 768w, https:\/\/conadi.gob.gt\/web\/wp-content\/uploads\/2023\/04\/IMG_1897-1-1536x1024.jpg 1536w\" sizes=\"auto, (max-width: 1024px) 100vw, 1024px\" \/><\/figure>\n\n\n\n<p>En tanto, Simkhat Mijangos, persona con discapacidad auditiva, t\u00e9cnico del departamento de Incidencia Pol\u00edtica del CONADI, abord\u00f3 importancia sobre inclusi\u00f3n laboral de personas con discapacidad y Dominique Rodriguez, t\u00e9cnico del departamento de Incidencia Pol\u00edtica del Consejo, comparti\u00f3 la terminolog\u00eda adecuada para referirse a la poblaci\u00f3n con discapacidad. Finalmente, Jorge Luis Lopez, capacitador del Consejo, desarroll\u00f3 el tema de accesibilidad para personas con discapacidad.<\/p>\n\n\n\n<div class=\"wp-block-columns is-layout-flex wp-container-core-columns-is-layout-28f84493 wp-block-columns-is-layout-flex\">\n<div class=\"wp-block-column is-layout-flow wp-block-column-is-layout-flow\">\n<figure class=\"wp-block-image size-large\"><img loading=\"lazy\" decoding=\"async\" width=\"1024\" height=\"683\" src=\"https:\/\/conadi.gob.gt\/web\/wp-content\/uploads\/2023\/04\/IMG_1977-1024x683.jpg\" alt=\"\" class=\"wp-image-13105\" srcset=\"https:\/\/conadi.gob.gt\/web\/wp-content\/uploads\/2023\/04\/IMG_1977-1024x683.jpg 1024w, https:\/\/conadi.gob.gt\/web\/wp-content\/uploads\/2023\/04\/IMG_1977-300x200.jpg 300w, https:\/\/conadi.gob.gt\/web\/wp-content\/uploads\/2023\/04\/IMG_1977-768x512.jpg 768w, https:\/\/conadi.gob.gt\/web\/wp-content\/uploads\/2023\/04\/IMG_1977-1536x1024.jpg 1536w, https:\/\/conadi.gob.gt\/web\/wp-content\/uploads\/2023\/04\/IMG_1977-scaled-2000x1334.jpg 2000w\" sizes=\"auto, (max-width: 1024px) 100vw, 1024px\" \/><\/figure>\n<\/div>\n\n\n\n<div class=\"wp-block-column is-layout-flow wp-block-column-is-layout-flow\">\n<figure class=\"wp-block-gallery has-nested-images columns-default is-cropped wp-block-gallery-1 is-layout-flex wp-block-gallery-is-layout-flex\">\n<figure class=\"wp-block-image size-large\"><img loading=\"lazy\" decoding=\"async\" width=\"1024\" height=\"683\" data-id=\"13106\" src=\"https:\/\/conadi.gob.gt\/web\/wp-content\/uploads\/2023\/04\/IMG_2070-1024x683.jpg\" alt=\"\" class=\"wp-image-13106\" srcset=\"https:\/\/conadi.gob.gt\/web\/wp-content\/uploads\/2023\/04\/IMG_2070-1024x683.jpg 1024w, https:\/\/conadi.gob.gt\/web\/wp-content\/uploads\/2023\/04\/IMG_2070-300x200.jpg 300w, https:\/\/conadi.gob.gt\/web\/wp-content\/uploads\/2023\/04\/IMG_2070-768x512.jpg 768w, https:\/\/conadi.gob.gt\/web\/wp-content\/uploads\/2023\/04\/IMG_2070-1536x1024.jpg 1536w\" sizes=\"auto, (max-width: 1024px) 100vw, 1024px\" \/><\/figure>\n<\/figure>\n<\/div>\n\n\n\n<div class=\"wp-block-column is-layout-flow wp-block-column-is-layout-flow\">\n<figure class=\"wp-block-gallery has-nested-images columns-default is-cropped wp-block-gallery-2 is-layout-flex wp-block-gallery-is-layout-flex\">\n<figure class=\"wp-block-image size-large\"><img loading=\"lazy\" decoding=\"async\" width=\"1024\" height=\"683\" data-id=\"13107\" src=\"https:\/\/conadi.gob.gt\/web\/wp-content\/uploads\/2023\/04\/IMG_2105-1024x683.jpg\" alt=\"\" class=\"wp-image-13107\" srcset=\"https:\/\/conadi.gob.gt\/web\/wp-content\/uploads\/2023\/04\/IMG_2105-1024x683.jpg 1024w, https:\/\/conadi.gob.gt\/web\/wp-content\/uploads\/2023\/04\/IMG_2105-300x200.jpg 300w, https:\/\/conadi.gob.gt\/web\/wp-content\/uploads\/2023\/04\/IMG_2105-768x512.jpg 768w, https:\/\/conadi.gob.gt\/web\/wp-content\/uploads\/2023\/04\/IMG_2105-1536x1024.jpg 1536w\" sizes=\"auto, (max-width: 1024px) 100vw, 1024px\" \/><\/figure>\n<\/figure>\n<\/div>\n<\/div>\n","protected":false},"excerpt":{"rendered":"<p>La segunda fase del foro \u201cHablemos de discapacidad, inclusi\u00f3n laboral y accesibilidad\u201d, fue desarrollado por el CONADI e impartido a colaboradores de la subgerencia de prestaciones pecuniarias del Instituto Guatemalteco de Seguridad Social (IGSS). El acto de apertura cont\u00f3 con la participaci\u00f3n de Lesbia Contreras, jefa del departamento de incidencia pol\u00edtica del CONADI; Jos\u00e9 Domingo &hellip; <\/p>\n<p class=\"link-more\"><a href=\"https:\/\/conadi.gob.gt\/web\/foro-hablemos-de-discapacidad-inclusion-y-accesibilidad-segunda-fase\/\" class=\"more-link\">Leer m\u00e1s<span class=\"screen-reader-text\"> \u00abFORO HABLEMOS DE DISCAPACIDAD, INCLUSI\u00d3N Y ACCESIBILIDAD, SEGUNDA FASE\u00bb<\/span><\/a><\/p>\n","protected":false},"author":12,"featured_media":13105,"comment_status":"closed","ping_status":"closed","sticky":false,"template":"","format":"standard","meta":{"footnotes":""},"categories":[3],"tags":[],"class_list":["post-13099","post","type-post","status-publish","format-standard","has-post-thumbnail","hentry","category-noticias"],"_links":{"self":[{"href":"https:\/\/conadi.gob.gt\/web\/wp-json\/wp\/v2\/posts\/13099","targetHints":{"allow":["GET"]}}],"collection":[{"href":"https:\/\/conadi.gob.gt\/web\/wp-json\/wp\/v2\/posts"}],"about":[{"href":"https:\/\/conadi.gob.gt\/web\/wp-json\/wp\/v2\/types\/post"}],"author":[{"embeddable":true,"href":"https:\/\/conadi.gob.gt\/web\/wp-json\/wp\/v2\/users\/12"}],"replies":[{"embeddable":true,"href":"https:\/\/conadi.gob.gt\/web\/wp-json\/wp\/v2\/comments?post=13099"}],"version-history":[{"count":3,"href":"https:\/\/conadi.gob.gt\/web\/wp-json\/wp\/v2\/posts\/13099\/revisions"}],"predecessor-version":[{"id":13112,"href":"https:\/\/conadi.gob.gt\/web\/wp-json\/wp\/v2\/posts\/13099\/revisions\/13112"}],"wp:featuredmedia":[{"embeddable":true,"href":"https:\/\/conadi.gob.gt\/web\/wp-json\/wp\/v2\/media\/13105"}],"wp:attachment":[{"href":"https:\/\/conadi.gob.gt\/web\/wp-json\/wp\/v2\/media?parent=13099"}],"wp:term":[{"taxonomy":"category","embeddable":true,"href":"https:\/\/conadi.gob.gt\/web\/wp-json\/wp\/v2\/categories?post=13099"},{"taxonomy":"post_tag","embeddable":true,"href":"https:\/\/conadi.gob.gt\/web\/wp-json\/wp\/v2\/tags?post=13099"}],"curies":[{"name":"wp","href":"https:\/\/api.w.org\/{rel}","templated":true}]}}