{"id":13113,"date":"2023-04-03T20:58:45","date_gmt":"2023-04-03T20:58:45","guid":{"rendered":"https:\/\/conadi.gob.gt\/web\/?p=13113"},"modified":"2023-04-03T21:01:02","modified_gmt":"2023-04-03T21:01:02","slug":"caminata-por-el-dia-del-autismo","status":"publish","type":"post","link":"https:\/\/conadi.gob.gt\/web\/caminata-por-el-dia-del-autismo\/","title":{"rendered":"CAMINATA POR EL D\u00cdA DEL AUTISMO"},"content":{"rendered":"\n<p>Bajo la consigna \u201cYO SOY LA VOZ DEL AUTISMO\u201d se llev\u00f3 a cabo una caminata sobre el Boulevard San Nicol\u00e1s, Zona 4, Mixco, en el marco de la conmemoraci\u00f3n del D\u00eda Mundial de Concienciaci\u00f3n sobre el Autismo, donde participaron poblaci\u00f3n estudiantil y docentes de las escuelas e institutos del sector; representantes de organizaciones de personas con autismo y personas con discapacidad, personal municipal y vecinos mixque\u00f1os. Esta acci\u00f3n de concientizaci\u00f3n es parte de la primera campa\u00f1a en Mixco que busca generar mejores condiciones de atenci\u00f3n hacia la poblaci\u00f3n con discapacidad del municipio.<\/p>\n\n\n\n<figure class=\"wp-block-image size-large\"><img loading=\"lazy\" decoding=\"async\" width=\"1024\" height=\"682\" src=\"https:\/\/conadi.gob.gt\/web\/wp-content\/uploads\/2023\/04\/WhatsApp-Image-2023-03-24-at-12.51.07-1024x682.jpeg\" alt=\"\" class=\"wp-image-13119\" srcset=\"https:\/\/conadi.gob.gt\/web\/wp-content\/uploads\/2023\/04\/WhatsApp-Image-2023-03-24-at-12.51.07-1024x682.jpeg 1024w, https:\/\/conadi.gob.gt\/web\/wp-content\/uploads\/2023\/04\/WhatsApp-Image-2023-03-24-at-12.51.07-300x200.jpeg 300w, https:\/\/conadi.gob.gt\/web\/wp-content\/uploads\/2023\/04\/WhatsApp-Image-2023-03-24-at-12.51.07-768x512.jpeg 768w, https:\/\/conadi.gob.gt\/web\/wp-content\/uploads\/2023\/04\/WhatsApp-Image-2023-03-24-at-12.51.07-1536x1023.jpeg 1536w, https:\/\/conadi.gob.gt\/web\/wp-content\/uploads\/2023\/04\/WhatsApp-Image-2023-03-24-at-12.51.07.jpeg 1600w\" sizes=\"auto, (max-width: 1024px) 100vw, 1024px\" \/><\/figure>\n\n\n\n<p>Ver\u00f3nica Molina, miembro de Junta Directiva del CONADI en su mensaje institucional destac\u00f3 que el pa\u00eds a\u00fan tiene grandes desaf\u00edos para lograr la inclusi\u00f3n de las personas con discapacidad, es por ello que inst\u00f3 a todas las instituciones y organizaciones a unificar esfuerzos para el cumplimiento de sus derechos con igualdad de condici\u00f3n. Molina fue acompa\u00f1ada por Ronald Galindo, asesor jur\u00eddico de junta directiva y t\u00e9cnicos de la instituci\u00f3n.<\/p>\n\n\n\n<figure class=\"wp-block-image size-large\"><img loading=\"lazy\" decoding=\"async\" width=\"1024\" height=\"682\" src=\"https:\/\/conadi.gob.gt\/web\/wp-content\/uploads\/2023\/04\/WhatsApp-Image-2023-03-24-at-12.51.04-1-1024x682.jpeg\" alt=\"\" class=\"wp-image-13114\" srcset=\"https:\/\/conadi.gob.gt\/web\/wp-content\/uploads\/2023\/04\/WhatsApp-Image-2023-03-24-at-12.51.04-1-1024x682.jpeg 1024w, https:\/\/conadi.gob.gt\/web\/wp-content\/uploads\/2023\/04\/WhatsApp-Image-2023-03-24-at-12.51.04-1-300x200.jpeg 300w, https:\/\/conadi.gob.gt\/web\/wp-content\/uploads\/2023\/04\/WhatsApp-Image-2023-03-24-at-12.51.04-1-768x512.jpeg 768w, https:\/\/conadi.gob.gt\/web\/wp-content\/uploads\/2023\/04\/WhatsApp-Image-2023-03-24-at-12.51.04-1-1536x1023.jpeg 1536w, https:\/\/conadi.gob.gt\/web\/wp-content\/uploads\/2023\/04\/WhatsApp-Image-2023-03-24-at-12.51.04-1.jpeg 1600w\" sizes=\"auto, (max-width: 1024px) 100vw, 1024px\" \/><\/figure>\n\n\n\n<p>Durante el desarrollo de la actividad, se impartieron charlas sobre el Trastorno del Espectro Autista (TEA), experiencias de vida, conociendo la discapacidad y la importancia de la inclusi\u00f3n en los planes, programas, proyectos en general dirigidos a la poblaci\u00f3n.<\/p>\n\n\n\n<p>Las actividades fueron coordinadas por a la municipalidad de Mixco, la Oficina Municipal de Discapacidad (OMD) de Mixco, el Centro de Acompa\u00f1amiento Escolar \u201cYo Soy Tu Voz, Cielo Azul, Leberab, Hol\u00edstico Corredores de seguro No. CSW-193 y la Coordinaci\u00f3n de Educaci\u00f3n Especial de la Direcci\u00f3n Departamental de Educaci\u00f3n Guatemala Occidente.<\/p>\n\n\n\n<div class=\"wp-block-columns is-layout-flex wp-container-core-columns-is-layout-28f84493 wp-block-columns-is-layout-flex\">\n<div class=\"wp-block-column is-layout-flow wp-block-column-is-layout-flow\">\n<figure class=\"wp-block-image size-large\"><img loading=\"lazy\" decoding=\"async\" width=\"1024\" height=\"682\" src=\"https:\/\/conadi.gob.gt\/web\/wp-content\/uploads\/2023\/04\/WhatsApp-Image-2023-03-24-at-12.51.05-1-1024x682.jpeg\" alt=\"\" class=\"wp-image-13116\" srcset=\"https:\/\/conadi.gob.gt\/web\/wp-content\/uploads\/2023\/04\/WhatsApp-Image-2023-03-24-at-12.51.05-1-1024x682.jpeg 1024w, https:\/\/conadi.gob.gt\/web\/wp-content\/uploads\/2023\/04\/WhatsApp-Image-2023-03-24-at-12.51.05-1-300x200.jpeg 300w, https:\/\/conadi.gob.gt\/web\/wp-content\/uploads\/2023\/04\/WhatsApp-Image-2023-03-24-at-12.51.05-1-768x512.jpeg 768w, https:\/\/conadi.gob.gt\/web\/wp-content\/uploads\/2023\/04\/WhatsApp-Image-2023-03-24-at-12.51.05-1-1536x1023.jpeg 1536w, https:\/\/conadi.gob.gt\/web\/wp-content\/uploads\/2023\/04\/WhatsApp-Image-2023-03-24-at-12.51.05-1.jpeg 1600w\" sizes=\"auto, (max-width: 1024px) 100vw, 1024px\" \/><\/figure>\n<\/div>\n\n\n\n<div class=\"wp-block-column is-layout-flow wp-block-column-is-layout-flow\">\n<figure class=\"wp-block-image size-large\"><img loading=\"lazy\" decoding=\"async\" width=\"1024\" height=\"682\" src=\"https:\/\/conadi.gob.gt\/web\/wp-content\/uploads\/2023\/04\/WhatsApp-Image-2023-03-24-at-12.51.05-1-1-1024x682.jpeg\" alt=\"\" class=\"wp-image-13117\" srcset=\"https:\/\/conadi.gob.gt\/web\/wp-content\/uploads\/2023\/04\/WhatsApp-Image-2023-03-24-at-12.51.05-1-1-1024x682.jpeg 1024w, https:\/\/conadi.gob.gt\/web\/wp-content\/uploads\/2023\/04\/WhatsApp-Image-2023-03-24-at-12.51.05-1-1-300x200.jpeg 300w, https:\/\/conadi.gob.gt\/web\/wp-content\/uploads\/2023\/04\/WhatsApp-Image-2023-03-24-at-12.51.05-1-1-768x512.jpeg 768w, https:\/\/conadi.gob.gt\/web\/wp-content\/uploads\/2023\/04\/WhatsApp-Image-2023-03-24-at-12.51.05-1-1-1536x1023.jpeg 1536w, https:\/\/conadi.gob.gt\/web\/wp-content\/uploads\/2023\/04\/WhatsApp-Image-2023-03-24-at-12.51.05-1-1.jpeg 1600w\" sizes=\"auto, (max-width: 1024px) 100vw, 1024px\" \/><\/figure>\n<\/div>\n\n\n\n<div class=\"wp-block-column is-layout-flow wp-block-column-is-layout-flow\">\n<figure class=\"wp-block-image size-large\"><img loading=\"lazy\" decoding=\"async\" width=\"1024\" height=\"682\" src=\"https:\/\/conadi.gob.gt\/web\/wp-content\/uploads\/2023\/04\/WhatsApp-Image-2023-03-24-at-13.54.18-1024x682.jpeg\" alt=\"\" class=\"wp-image-13118\" srcset=\"https:\/\/conadi.gob.gt\/web\/wp-content\/uploads\/2023\/04\/WhatsApp-Image-2023-03-24-at-13.54.18-1024x682.jpeg 1024w, https:\/\/conadi.gob.gt\/web\/wp-content\/uploads\/2023\/04\/WhatsApp-Image-2023-03-24-at-13.54.18-300x200.jpeg 300w, https:\/\/conadi.gob.gt\/web\/wp-content\/uploads\/2023\/04\/WhatsApp-Image-2023-03-24-at-13.54.18-768x512.jpeg 768w, https:\/\/conadi.gob.gt\/web\/wp-content\/uploads\/2023\/04\/WhatsApp-Image-2023-03-24-at-13.54.18-1536x1023.jpeg 1536w, https:\/\/conadi.gob.gt\/web\/wp-content\/uploads\/2023\/04\/WhatsApp-Image-2023-03-24-at-13.54.18.jpeg 1600w\" sizes=\"auto, (max-width: 1024px) 100vw, 1024px\" \/><\/figure>\n<\/div>\n<\/div>\n","protected":false},"excerpt":{"rendered":"<p>Bajo la consigna \u201cYO SOY LA VOZ DEL AUTISMO\u201d se llev\u00f3 a cabo una caminata sobre el Boulevard San Nicol\u00e1s, Zona 4, Mixco, en el marco de la conmemoraci\u00f3n del D\u00eda Mundial de Concienciaci\u00f3n sobre el Autismo, donde participaron poblaci\u00f3n estudiantil y docentes de las escuelas e institutos del sector; representantes de organizaciones de personas &hellip; <\/p>\n<p class=\"link-more\"><a href=\"https:\/\/conadi.gob.gt\/web\/caminata-por-el-dia-del-autismo\/\" class=\"more-link\">Leer m\u00e1s<span class=\"screen-reader-text\"> \u00abCAMINATA POR EL D\u00cdA DEL AUTISMO\u00bb<\/span><\/a><\/p>\n","protected":false},"author":12,"featured_media":13116,"comment_status":"closed","ping_status":"closed","sticky":false,"template":"","format":"standard","meta":{"footnotes":""},"categories":[3],"tags":[],"class_list":["post-13113","post","type-post","status-publish","format-standard","has-post-thumbnail","hentry","category-noticias"],"_links":{"self":[{"href":"https:\/\/conadi.gob.gt\/web\/wp-json\/wp\/v2\/posts\/13113","targetHints":{"allow":["GET"]}}],"collection":[{"href":"https:\/\/conadi.gob.gt\/web\/wp-json\/wp\/v2\/posts"}],"about":[{"href":"https:\/\/conadi.gob.gt\/web\/wp-json\/wp\/v2\/types\/post"}],"author":[{"embeddable":true,"href":"https:\/\/conadi.gob.gt\/web\/wp-json\/wp\/v2\/users\/12"}],"replies":[{"embeddable":true,"href":"https:\/\/conadi.gob.gt\/web\/wp-json\/wp\/v2\/comments?post=13113"}],"version-history":[{"count":2,"href":"https:\/\/conadi.gob.gt\/web\/wp-json\/wp\/v2\/posts\/13113\/revisions"}],"predecessor-version":[{"id":13121,"href":"https:\/\/conadi.gob.gt\/web\/wp-json\/wp\/v2\/posts\/13113\/revisions\/13121"}],"wp:featuredmedia":[{"embeddable":true,"href":"https:\/\/conadi.gob.gt\/web\/wp-json\/wp\/v2\/media\/13116"}],"wp:attachment":[{"href":"https:\/\/conadi.gob.gt\/web\/wp-json\/wp\/v2\/media?parent=13113"}],"wp:term":[{"taxonomy":"category","embeddable":true,"href":"https:\/\/conadi.gob.gt\/web\/wp-json\/wp\/v2\/categories?post=13113"},{"taxonomy":"post_tag","embeddable":true,"href":"https:\/\/conadi.gob.gt\/web\/wp-json\/wp\/v2\/tags?post=13113"}],"curies":[{"name":"wp","href":"https:\/\/api.w.org\/{rel}","templated":true}]}}