{"id":13141,"date":"2023-04-12T02:43:55","date_gmt":"2023-04-12T02:43:55","guid":{"rendered":"https:\/\/conadi.gob.gt\/web\/?p=13141"},"modified":"2023-04-12T13:58:33","modified_gmt":"2023-04-12T13:58:33","slug":"acuerdo-nacional-para-una-campana-etica-pacifica-programatica-y-con-valores-democraticos","status":"publish","type":"post","link":"https:\/\/conadi.gob.gt\/web\/acuerdo-nacional-para-una-campana-etica-pacifica-programatica-y-con-valores-democraticos\/","title":{"rendered":"\u201cACUERDO NACIONAL PARA UNA CAMPA\u00d1A \u00c9TICA, PACIFICA, PROGRAM\u00c1TICA Y CON VALORES DEMOCR\u00c1TICOS\u201d"},"content":{"rendered":"\n<p>El\u00a0 Consejo Nacional para la Atenci\u00f3n de las Personas con Discapacidad (CONADI), junto a 8 instituciones sin ideolog\u00eda pol\u00edtica, participaron como testigos de honor en la firma del <strong>\u201cACUERDO NACIONAL PARA UNA CAMPA\u00d1A \u00c9TICA, PACIFICA, PROGRAM\u00c1TICA Y CON VALORES DEMOCR\u00c1TICOS\u201d,<\/strong> actividad organizada por el Tribunal Supremo Electoral (TSE), en el marco de los procesos electorales 2023.<\/p>\n\n\n\n<figure class=\"wp-block-image size-large\"><img loading=\"lazy\" decoding=\"async\" width=\"1024\" height=\"682\" src=\"https:\/\/conadi.gob.gt\/web\/wp-content\/uploads\/2023\/04\/WhatsApp-Image-2023-04-11-at-8.15.57-PM-1024x682.jpeg\" alt=\"\" class=\"wp-image-13144\" srcset=\"https:\/\/conadi.gob.gt\/web\/wp-content\/uploads\/2023\/04\/WhatsApp-Image-2023-04-11-at-8.15.57-PM-1024x682.jpeg 1024w, https:\/\/conadi.gob.gt\/web\/wp-content\/uploads\/2023\/04\/WhatsApp-Image-2023-04-11-at-8.15.57-PM-300x200.jpeg 300w, https:\/\/conadi.gob.gt\/web\/wp-content\/uploads\/2023\/04\/WhatsApp-Image-2023-04-11-at-8.15.57-PM-768x512.jpeg 768w, https:\/\/conadi.gob.gt\/web\/wp-content\/uploads\/2023\/04\/WhatsApp-Image-2023-04-11-at-8.15.57-PM-1536x1023.jpeg 1536w, https:\/\/conadi.gob.gt\/web\/wp-content\/uploads\/2023\/04\/WhatsApp-Image-2023-04-11-at-8.15.57-PM.jpeg 1600w\" sizes=\"auto, (max-width: 1024px) 100vw, 1024px\" \/><\/figure>\n\n\n\n<p>Otilia Lux de Cot\u00ed, de la Plataforma de Mujeres Ind\u00edgenas; Shirley Dennise Aguilar Barrera, viceministra de Relaciones Exteriores; Jos\u00e9 David L\u00f3pez, director nacional de la Alianza Global de J\u00f3venes Pol\u00edticos (AGLOJOVEN); Pablo Hurtado de la Asociaci\u00f3n de Investigaci\u00f3n de Estudios Sociales (ASIES);&nbsp; German Gir\u00f3n, presidente del Comit\u00e9 Coordinador de Asociaciones Agr\u00edcolas, Comerciales, Industriales y Financieras (CACIF); Manuel Raxule\u00fa Ambrocio, presidente de la Academia de Lenguas Mayas de Guatemala y por CONADI Clarivel Castillo, presidenta de junta directiva; fueron quienes aceptaron la invitaci\u00f3n para ser testigos de la suscripci\u00f3n del Acuerdo Nacional que promueve una competencia electoral justa y equitativa, en la cual se respeten los principios de transparencia, rendici\u00f3n de cuentas y los derechos democr\u00e1ticos de todas y todos los participantes.<\/p>\n\n\n\n<p>Cabe destacar que 27 de 30 partidos pol\u00edticos que participan en el presente proceso electoral, firmaron este&nbsp; pacto de no agresi\u00f3n, con el cual el TSE quiere promover un proceso electoral sin violencia.<\/p>\n\n\n\n<p>El documento consta de 16 puntos en los que se exponen los prop\u00f3sitos y compromisos que asume el TSE y otras organizaciones para los comicios. Destacando el Segundo inciso: \u201cemprender una campa\u00f1a electoral centrada en valores y principios democr\u00e1ticos promoviendo la \u00e9tica, la moral y la responsabilidad en la conducta a las personas participantes, evitando actos de discriminaci\u00f3n, la violencia pol\u00edtica contra las mujeres que puedan vulnerar el pleno ejercicio de los derechos humanos, especialmente a las candidatas a cargos de elecci\u00f3n, evitando discursos mensajes o im\u00e1genes en los cuales se vulnera la mujer, pueblos ind\u00edgenas, personas con discapacidad o cualquier persona en menoscabo de su dignidad\u201d.<\/p>\n\n\n\n<p>El CONADI hace el llamado a los partidos pol\u00edticos a que incluyan dentro de su plan de gobierno acciones que beneficien la inclusi\u00f3n de la discapacidad en sus planes, programas y proyectos, orientados en el cumplimiento de los derechos de las personas con discapacidad para los pr\u00f3ximos 4 a\u00f1os; a que con su trabajo se fortalezca la democracia y el estado de derecho en el pa\u00eds, en un ambiente de paz, respeto, inclusi\u00f3n y \u00e9tica, y a no generar mensajes que denigren&nbsp; la imagen del sector poblacional con discapacidad.<\/p>\n\n\n\n<div class=\"wp-block-columns is-layout-flex wp-container-core-columns-is-layout-28f84493 wp-block-columns-is-layout-flex\">\n<div class=\"wp-block-column is-layout-flow wp-block-column-is-layout-flow\">\n<figure class=\"wp-block-gallery has-nested-images columns-default is-cropped wp-block-gallery-1 is-layout-flex wp-block-gallery-is-layout-flex\">\n<figure class=\"wp-block-image size-large\"><img loading=\"lazy\" decoding=\"async\" width=\"1024\" height=\"682\" data-id=\"13145\" src=\"https:\/\/conadi.gob.gt\/web\/wp-content\/uploads\/2023\/04\/WhatsApp-Image-2023-04-11-at-20.05.55-1-1024x682.jpeg\" alt=\"\" class=\"wp-image-13145\" srcset=\"https:\/\/conadi.gob.gt\/web\/wp-content\/uploads\/2023\/04\/WhatsApp-Image-2023-04-11-at-20.05.55-1-1024x682.jpeg 1024w, https:\/\/conadi.gob.gt\/web\/wp-content\/uploads\/2023\/04\/WhatsApp-Image-2023-04-11-at-20.05.55-1-300x200.jpeg 300w, https:\/\/conadi.gob.gt\/web\/wp-content\/uploads\/2023\/04\/WhatsApp-Image-2023-04-11-at-20.05.55-1-768x512.jpeg 768w, https:\/\/conadi.gob.gt\/web\/wp-content\/uploads\/2023\/04\/WhatsApp-Image-2023-04-11-at-20.05.55-1-1536x1023.jpeg 1536w, https:\/\/conadi.gob.gt\/web\/wp-content\/uploads\/2023\/04\/WhatsApp-Image-2023-04-11-at-20.05.55-1.jpeg 1600w\" sizes=\"auto, (max-width: 1024px) 100vw, 1024px\" \/><\/figure>\n<\/figure>\n<\/div>\n\n\n\n<div class=\"wp-block-column is-layout-flow wp-block-column-is-layout-flow\">\n<figure class=\"wp-block-gallery has-nested-images columns-default is-cropped wp-block-gallery-2 is-layout-flex wp-block-gallery-is-layout-flex\">\n<figure class=\"wp-block-image size-large\"><img loading=\"lazy\" decoding=\"async\" width=\"1024\" height=\"682\" data-id=\"13146\" src=\"https:\/\/conadi.gob.gt\/web\/wp-content\/uploads\/2023\/04\/WhatsApp-Image-2023-04-11-at-20.05.55-1024x682.jpeg\" alt=\"\" class=\"wp-image-13146\" srcset=\"https:\/\/conadi.gob.gt\/web\/wp-content\/uploads\/2023\/04\/WhatsApp-Image-2023-04-11-at-20.05.55-1024x682.jpeg 1024w, https:\/\/conadi.gob.gt\/web\/wp-content\/uploads\/2023\/04\/WhatsApp-Image-2023-04-11-at-20.05.55-300x200.jpeg 300w, https:\/\/conadi.gob.gt\/web\/wp-content\/uploads\/2023\/04\/WhatsApp-Image-2023-04-11-at-20.05.55-768x512.jpeg 768w, https:\/\/conadi.gob.gt\/web\/wp-content\/uploads\/2023\/04\/WhatsApp-Image-2023-04-11-at-20.05.55-1536x1023.jpeg 1536w, https:\/\/conadi.gob.gt\/web\/wp-content\/uploads\/2023\/04\/WhatsApp-Image-2023-04-11-at-20.05.55.jpeg 1600w\" sizes=\"auto, (max-width: 1024px) 100vw, 1024px\" \/><\/figure>\n<\/figure>\n<\/div>\n\n\n\n<div class=\"wp-block-column is-layout-flow wp-block-column-is-layout-flow\">\n<figure class=\"wp-block-image size-large\"><img loading=\"lazy\" decoding=\"async\" width=\"1024\" height=\"682\" src=\"https:\/\/conadi.gob.gt\/web\/wp-content\/uploads\/2023\/04\/WhatsApp-Image-2023-04-11-at-20.15.56-1024x682.jpeg\" alt=\"\" class=\"wp-image-13147\" srcset=\"https:\/\/conadi.gob.gt\/web\/wp-content\/uploads\/2023\/04\/WhatsApp-Image-2023-04-11-at-20.15.56-1024x682.jpeg 1024w, https:\/\/conadi.gob.gt\/web\/wp-content\/uploads\/2023\/04\/WhatsApp-Image-2023-04-11-at-20.15.56-300x200.jpeg 300w, https:\/\/conadi.gob.gt\/web\/wp-content\/uploads\/2023\/04\/WhatsApp-Image-2023-04-11-at-20.15.56-768x512.jpeg 768w, https:\/\/conadi.gob.gt\/web\/wp-content\/uploads\/2023\/04\/WhatsApp-Image-2023-04-11-at-20.15.56-1536x1023.jpeg 1536w, https:\/\/conadi.gob.gt\/web\/wp-content\/uploads\/2023\/04\/WhatsApp-Image-2023-04-11-at-20.15.56.jpeg 1600w\" sizes=\"auto, (max-width: 1024px) 100vw, 1024px\" \/><\/figure>\n<\/div>\n<\/div>\n\n\n\n<div class=\"wp-block-columns is-layout-flex wp-container-core-columns-is-layout-28f84493 wp-block-columns-is-layout-flex\">\n<div class=\"wp-block-column is-layout-flow wp-block-column-is-layout-flow\">\n<figure class=\"wp-block-image size-large\"><img loading=\"lazy\" decoding=\"async\" width=\"1024\" height=\"682\" src=\"https:\/\/conadi.gob.gt\/web\/wp-content\/uploads\/2023\/04\/WhatsApp-Image-2023-04-11-at-20.05.54-1-1024x682.jpeg\" alt=\"\" class=\"wp-image-13150\" srcset=\"https:\/\/conadi.gob.gt\/web\/wp-content\/uploads\/2023\/04\/WhatsApp-Image-2023-04-11-at-20.05.54-1-1024x682.jpeg 1024w, https:\/\/conadi.gob.gt\/web\/wp-content\/uploads\/2023\/04\/WhatsApp-Image-2023-04-11-at-20.05.54-1-300x200.jpeg 300w, https:\/\/conadi.gob.gt\/web\/wp-content\/uploads\/2023\/04\/WhatsApp-Image-2023-04-11-at-20.05.54-1-768x512.jpeg 768w, https:\/\/conadi.gob.gt\/web\/wp-content\/uploads\/2023\/04\/WhatsApp-Image-2023-04-11-at-20.05.54-1-1536x1023.jpeg 1536w, https:\/\/conadi.gob.gt\/web\/wp-content\/uploads\/2023\/04\/WhatsApp-Image-2023-04-11-at-20.05.54-1.jpeg 1600w\" sizes=\"auto, (max-width: 1024px) 100vw, 1024px\" \/><\/figure>\n<\/div>\n\n\n\n<div class=\"wp-block-column is-layout-flow wp-block-column-is-layout-flow\">\n<figure class=\"wp-block-image size-large\"><img loading=\"lazy\" decoding=\"async\" width=\"1024\" height=\"682\" src=\"https:\/\/conadi.gob.gt\/web\/wp-content\/uploads\/2023\/04\/WhatsApp-Image-2023-04-11-at-20.05.54-1024x682.jpeg\" alt=\"\" class=\"wp-image-13149\" srcset=\"https:\/\/conadi.gob.gt\/web\/wp-content\/uploads\/2023\/04\/WhatsApp-Image-2023-04-11-at-20.05.54-1024x682.jpeg 1024w, https:\/\/conadi.gob.gt\/web\/wp-content\/uploads\/2023\/04\/WhatsApp-Image-2023-04-11-at-20.05.54-300x200.jpeg 300w, https:\/\/conadi.gob.gt\/web\/wp-content\/uploads\/2023\/04\/WhatsApp-Image-2023-04-11-at-20.05.54-768x512.jpeg 768w, https:\/\/conadi.gob.gt\/web\/wp-content\/uploads\/2023\/04\/WhatsApp-Image-2023-04-11-at-20.05.54-1536x1023.jpeg 1536w, https:\/\/conadi.gob.gt\/web\/wp-content\/uploads\/2023\/04\/WhatsApp-Image-2023-04-11-at-20.05.54.jpeg 1600w\" sizes=\"auto, (max-width: 1024px) 100vw, 1024px\" \/><\/figure>\n<\/div>\n\n\n\n<div class=\"wp-block-column is-layout-flow wp-block-column-is-layout-flow\">\n<figure class=\"wp-block-image size-large\"><img loading=\"lazy\" decoding=\"async\" width=\"1024\" height=\"682\" src=\"https:\/\/conadi.gob.gt\/web\/wp-content\/uploads\/2023\/04\/WhatsApp-Image-2023-04-11-at-20.05.55-2-1024x682.jpeg\" alt=\"\" class=\"wp-image-13151\" srcset=\"https:\/\/conadi.gob.gt\/web\/wp-content\/uploads\/2023\/04\/WhatsApp-Image-2023-04-11-at-20.05.55-2-1024x682.jpeg 1024w, https:\/\/conadi.gob.gt\/web\/wp-content\/uploads\/2023\/04\/WhatsApp-Image-2023-04-11-at-20.05.55-2-300x200.jpeg 300w, https:\/\/conadi.gob.gt\/web\/wp-content\/uploads\/2023\/04\/WhatsApp-Image-2023-04-11-at-20.05.55-2-768x512.jpeg 768w, https:\/\/conadi.gob.gt\/web\/wp-content\/uploads\/2023\/04\/WhatsApp-Image-2023-04-11-at-20.05.55-2-1536x1023.jpeg 1536w, https:\/\/conadi.gob.gt\/web\/wp-content\/uploads\/2023\/04\/WhatsApp-Image-2023-04-11-at-20.05.55-2.jpeg 1600w\" sizes=\"auto, (max-width: 1024px) 100vw, 1024px\" \/><\/figure>\n<\/div>\n<\/div>\n","protected":false},"excerpt":{"rendered":"<p>El\u00a0 Consejo Nacional para la Atenci\u00f3n de las Personas con Discapacidad (CONADI), junto a 8 instituciones sin ideolog\u00eda pol\u00edtica, participaron como testigos de honor en la firma del \u201cACUERDO NACIONAL PARA UNA CAMPA\u00d1A \u00c9TICA, PACIFICA, PROGRAM\u00c1TICA Y CON VALORES DEMOCR\u00c1TICOS\u201d, actividad organizada por el Tribunal Supremo Electoral (TSE), en el marco de los procesos electorales &hellip; <\/p>\n<p class=\"link-more\"><a href=\"https:\/\/conadi.gob.gt\/web\/acuerdo-nacional-para-una-campana-etica-pacifica-programatica-y-con-valores-democraticos\/\" class=\"more-link\">Leer m\u00e1s<span class=\"screen-reader-text\"> \u00ab\u201cACUERDO NACIONAL PARA UNA CAMPA\u00d1A \u00c9TICA, PACIFICA, PROGRAM\u00c1TICA Y CON VALORES DEMOCR\u00c1TICOS\u201d\u00bb<\/span><\/a><\/p>\n","protected":false},"author":12,"featured_media":13144,"comment_status":"closed","ping_status":"closed","sticky":false,"template":"","format":"standard","meta":{"footnotes":""},"categories":[3],"tags":[],"class_list":["post-13141","post","type-post","status-publish","format-standard","has-post-thumbnail","hentry","category-noticias"],"_links":{"self":[{"href":"https:\/\/conadi.gob.gt\/web\/wp-json\/wp\/v2\/posts\/13141","targetHints":{"allow":["GET"]}}],"collection":[{"href":"https:\/\/conadi.gob.gt\/web\/wp-json\/wp\/v2\/posts"}],"about":[{"href":"https:\/\/conadi.gob.gt\/web\/wp-json\/wp\/v2\/types\/post"}],"author":[{"embeddable":true,"href":"https:\/\/conadi.gob.gt\/web\/wp-json\/wp\/v2\/users\/12"}],"replies":[{"embeddable":true,"href":"https:\/\/conadi.gob.gt\/web\/wp-json\/wp\/v2\/comments?post=13141"}],"version-history":[{"count":4,"href":"https:\/\/conadi.gob.gt\/web\/wp-json\/wp\/v2\/posts\/13141\/revisions"}],"predecessor-version":[{"id":13154,"href":"https:\/\/conadi.gob.gt\/web\/wp-json\/wp\/v2\/posts\/13141\/revisions\/13154"}],"wp:featuredmedia":[{"embeddable":true,"href":"https:\/\/conadi.gob.gt\/web\/wp-json\/wp\/v2\/media\/13144"}],"wp:attachment":[{"href":"https:\/\/conadi.gob.gt\/web\/wp-json\/wp\/v2\/media?parent=13141"}],"wp:term":[{"taxonomy":"category","embeddable":true,"href":"https:\/\/conadi.gob.gt\/web\/wp-json\/wp\/v2\/categories?post=13141"},{"taxonomy":"post_tag","embeddable":true,"href":"https:\/\/conadi.gob.gt\/web\/wp-json\/wp\/v2\/tags?post=13141"}],"curies":[{"name":"wp","href":"https:\/\/api.w.org\/{rel}","templated":true}]}}