{"id":13156,"date":"2023-04-12T20:43:30","date_gmt":"2023-04-12T20:43:30","guid":{"rendered":"https:\/\/conadi.gob.gt\/web\/?p=13156"},"modified":"2023-04-13T13:58:53","modified_gmt":"2023-04-13T13:58:53","slug":"13156-2","status":"publish","type":"post","link":"https:\/\/conadi.gob.gt\/web\/13156-2\/","title":{"rendered":"MESA T\u00c9CNICA DE ACCESO A LA JUSTICIA PARA PERSONAS CON DISCAPACIDAD"},"content":{"rendered":"\n<p>El CONADI, a trav\u00e9s de Clarivel Castillo, presidenta de la instituci\u00f3n, acompa\u00f1ada de t\u00e9cnicos del consejo, sostiene una reuni\u00f3n con la Agencia de los Estados Unidos para el Desarrollo Internacional (USAID) y el Instituto de Defensa P\u00fablica Penal, respecto al acceso a la Justicia de las personas con discapacidad.<\/p>\n\n\n\n<figure class=\"wp-block-image size-large\"><img loading=\"lazy\" decoding=\"async\" width=\"1024\" height=\"683\" src=\"https:\/\/conadi.gob.gt\/web\/wp-content\/uploads\/2023\/04\/20220412132431_IMG_3224-1024x683.jpg\" alt=\"\" class=\"wp-image-13158\" srcset=\"https:\/\/conadi.gob.gt\/web\/wp-content\/uploads\/2023\/04\/20220412132431_IMG_3224-1024x683.jpg 1024w, https:\/\/conadi.gob.gt\/web\/wp-content\/uploads\/2023\/04\/20220412132431_IMG_3224-300x200.jpg 300w, https:\/\/conadi.gob.gt\/web\/wp-content\/uploads\/2023\/04\/20220412132431_IMG_3224-768x512.jpg 768w, https:\/\/conadi.gob.gt\/web\/wp-content\/uploads\/2023\/04\/20220412132431_IMG_3224-1536x1024.jpg 1536w, https:\/\/conadi.gob.gt\/web\/wp-content\/uploads\/2023\/04\/20220412132431_IMG_3224.jpg 1920w\" sizes=\"auto, (max-width: 1024px) 100vw, 1024px\" \/><\/figure>\n\n\n\n<p>En la reuni\u00f3n fue abordada la estrategia para la desinstitucionalizaci\u00f3n de personas con discapacidad privada de libertad por disposici\u00f3n judicial penal por Diego Escobar, representante de USAID. <\/p>\n\n\n\n<p>Asimismo, representantes del Instituto de Defensa P\u00fablica Penal, presentaron casos de personas con discapacidad intelectual que se encuentran dentro del Hospital de Salud Mental Dr. Federico Mora y mencionaron el seguimiento que brindan a la poblaci\u00f3n con discapacidad que hace uso de los servicios de Hospital.<\/p>\n\n\n\n<p>Los casos presentados dieron paso a un di\u00e1logo donde se compartieron reflexiones y propuestas de acciones a desarrollarse de manera interinstitucional para buscar el cumplimiento de los derechos de las personas en condici\u00f3n de discapacidad, dentro de las propuestas se mencionaron las capacitaciones de toma de conciencia dirigida a jueces en la tem\u00e1tica de discapacidad.<\/p>\n\n\n\n<figure class=\"wp-block-image size-large\"><img loading=\"lazy\" decoding=\"async\" width=\"1024\" height=\"683\" src=\"https:\/\/conadi.gob.gt\/web\/wp-content\/uploads\/2023\/04\/20220412134003_IMG_3251-1024x683.jpg\" alt=\"\" class=\"wp-image-13157\" srcset=\"https:\/\/conadi.gob.gt\/web\/wp-content\/uploads\/2023\/04\/20220412134003_IMG_3251-1024x683.jpg 1024w, https:\/\/conadi.gob.gt\/web\/wp-content\/uploads\/2023\/04\/20220412134003_IMG_3251-300x200.jpg 300w, https:\/\/conadi.gob.gt\/web\/wp-content\/uploads\/2023\/04\/20220412134003_IMG_3251-768x512.jpg 768w, https:\/\/conadi.gob.gt\/web\/wp-content\/uploads\/2023\/04\/20220412134003_IMG_3251-1536x1024.jpg 1536w, https:\/\/conadi.gob.gt\/web\/wp-content\/uploads\/2023\/04\/20220412134003_IMG_3251.jpg 1920w\" sizes=\"auto, (max-width: 1024px) 100vw, 1024px\" \/><\/figure>\n\n\n\n<div class=\"wp-block-columns is-layout-flex wp-container-core-columns-is-layout-28f84493 wp-block-columns-is-layout-flex\">\n<div class=\"wp-block-column is-layout-flow wp-block-column-is-layout-flow\">\n<figure class=\"wp-block-image size-full\"><img loading=\"lazy\" decoding=\"async\" width=\"960\" height=\"640\" src=\"https:\/\/conadi.gob.gt\/web\/wp-content\/uploads\/2023\/04\/341015426_1740433449725969_8397280375963547590_n.jpg\" alt=\"\" class=\"wp-image-13162\" srcset=\"https:\/\/conadi.gob.gt\/web\/wp-content\/uploads\/2023\/04\/341015426_1740433449725969_8397280375963547590_n.jpg 960w, https:\/\/conadi.gob.gt\/web\/wp-content\/uploads\/2023\/04\/341015426_1740433449725969_8397280375963547590_n-300x200.jpg 300w, https:\/\/conadi.gob.gt\/web\/wp-content\/uploads\/2023\/04\/341015426_1740433449725969_8397280375963547590_n-768x512.jpg 768w\" sizes=\"auto, (max-width: 960px) 100vw, 960px\" \/><\/figure>\n<\/div>\n\n\n\n<div class=\"wp-block-column is-layout-flow wp-block-column-is-layout-flow\">\n<figure class=\"wp-block-image size-full\"><img loading=\"lazy\" decoding=\"async\" width=\"960\" height=\"640\" src=\"https:\/\/conadi.gob.gt\/web\/wp-content\/uploads\/2023\/04\/340908178_551713400405578_3522475620643810659_n.jpg\" alt=\"\" class=\"wp-image-13163\" srcset=\"https:\/\/conadi.gob.gt\/web\/wp-content\/uploads\/2023\/04\/340908178_551713400405578_3522475620643810659_n.jpg 960w, https:\/\/conadi.gob.gt\/web\/wp-content\/uploads\/2023\/04\/340908178_551713400405578_3522475620643810659_n-300x200.jpg 300w, https:\/\/conadi.gob.gt\/web\/wp-content\/uploads\/2023\/04\/340908178_551713400405578_3522475620643810659_n-768x512.jpg 768w\" sizes=\"auto, (max-width: 960px) 100vw, 960px\" \/><\/figure>\n<\/div>\n\n\n\n<div class=\"wp-block-column is-layout-flow wp-block-column-is-layout-flow\">\n<figure class=\"wp-block-image size-full\"><img loading=\"lazy\" decoding=\"async\" width=\"960\" height=\"640\" src=\"https:\/\/conadi.gob.gt\/web\/wp-content\/uploads\/2023\/04\/341034614_749801586555931_2977823533599765297_n.jpg\" alt=\"\" class=\"wp-image-13164\" srcset=\"https:\/\/conadi.gob.gt\/web\/wp-content\/uploads\/2023\/04\/341034614_749801586555931_2977823533599765297_n.jpg 960w, https:\/\/conadi.gob.gt\/web\/wp-content\/uploads\/2023\/04\/341034614_749801586555931_2977823533599765297_n-300x200.jpg 300w, https:\/\/conadi.gob.gt\/web\/wp-content\/uploads\/2023\/04\/341034614_749801586555931_2977823533599765297_n-768x512.jpg 768w\" sizes=\"auto, (max-width: 960px) 100vw, 960px\" \/><\/figure>\n<\/div>\n<\/div>\n","protected":false},"excerpt":{"rendered":"<p>El CONADI, a trav\u00e9s de Clarivel Castillo, presidenta de la instituci\u00f3n, acompa\u00f1ada de t\u00e9cnicos del consejo, sostiene una reuni\u00f3n con la Agencia de los Estados Unidos para el Desarrollo Internacional (USAID) y el Instituto de Defensa P\u00fablica Penal, respecto al acceso a la Justicia de las personas con discapacidad. En la reuni\u00f3n fue abordada la &hellip; <\/p>\n<p class=\"link-more\"><a href=\"https:\/\/conadi.gob.gt\/web\/13156-2\/\" class=\"more-link\">Leer m\u00e1s<span class=\"screen-reader-text\"> \u00abMESA T\u00c9CNICA DE ACCESO A LA JUSTICIA PARA PERSONAS CON DISCAPACIDAD\u00bb<\/span><\/a><\/p>\n","protected":false},"author":12,"featured_media":13157,"comment_status":"closed","ping_status":"closed","sticky":false,"template":"","format":"standard","meta":{"footnotes":""},"categories":[3],"tags":[],"class_list":["post-13156","post","type-post","status-publish","format-standard","has-post-thumbnail","hentry","category-noticias"],"_links":{"self":[{"href":"https:\/\/conadi.gob.gt\/web\/wp-json\/wp\/v2\/posts\/13156","targetHints":{"allow":["GET"]}}],"collection":[{"href":"https:\/\/conadi.gob.gt\/web\/wp-json\/wp\/v2\/posts"}],"about":[{"href":"https:\/\/conadi.gob.gt\/web\/wp-json\/wp\/v2\/types\/post"}],"author":[{"embeddable":true,"href":"https:\/\/conadi.gob.gt\/web\/wp-json\/wp\/v2\/users\/12"}],"replies":[{"embeddable":true,"href":"https:\/\/conadi.gob.gt\/web\/wp-json\/wp\/v2\/comments?post=13156"}],"version-history":[{"count":6,"href":"https:\/\/conadi.gob.gt\/web\/wp-json\/wp\/v2\/posts\/13156\/revisions"}],"predecessor-version":[{"id":13168,"href":"https:\/\/conadi.gob.gt\/web\/wp-json\/wp\/v2\/posts\/13156\/revisions\/13168"}],"wp:featuredmedia":[{"embeddable":true,"href":"https:\/\/conadi.gob.gt\/web\/wp-json\/wp\/v2\/media\/13157"}],"wp:attachment":[{"href":"https:\/\/conadi.gob.gt\/web\/wp-json\/wp\/v2\/media?parent=13156"}],"wp:term":[{"taxonomy":"category","embeddable":true,"href":"https:\/\/conadi.gob.gt\/web\/wp-json\/wp\/v2\/categories?post=13156"},{"taxonomy":"post_tag","embeddable":true,"href":"https:\/\/conadi.gob.gt\/web\/wp-json\/wp\/v2\/tags?post=13156"}],"curies":[{"name":"wp","href":"https:\/\/api.w.org\/{rel}","templated":true}]}}