{"id":13262,"date":"2023-04-21T21:24:08","date_gmt":"2023-04-21T21:24:08","guid":{"rendered":"https:\/\/conadi.gob.gt\/web\/?p=13262"},"modified":"2023-04-21T22:13:38","modified_gmt":"2023-04-21T22:13:38","slug":"ii-encuentro-regional-oficinas-municipales-de-discapacidad-omds","status":"publish","type":"post","link":"https:\/\/conadi.gob.gt\/web\/ii-encuentro-regional-oficinas-municipales-de-discapacidad-omds\/","title":{"rendered":"II ENCUENTRO REGIONAL OFICINAS MUNICIPALES DE DISCAPACIDAD (OMD&#8217;s)"},"content":{"rendered":"\n<p>Promover la inclusi\u00f3n de las personas con discapacidad a trav\u00e9s de proyectos creados por las Oficinas Municipales de Discapacidad (OMD), mediante el intercambio de experiencias para la inclusi\u00f3n de las personas con discapacidad y establecer nuevos retos que coadyuven a mejorar la condici\u00f3n de vida de las personas con discapacidad, fue el objetivo del II Encuentro Regional de OMD, realizado en dos Departamentos Chiquimula y Panajachel, Solol\u00e1.<\/p>\n\n\n\n<p>En los actos de apertura se cont\u00f3 con la participaci\u00f3n de Clarivel Castillo,\u00a0presidenta del CONADI; Edgar Tzun y Ver\u00f3nica Molina, miembros de Junta Directiva del Consejo.<\/p>\n\n\n\n<figure class=\"wp-block-image size-large\"><img loading=\"lazy\" decoding=\"async\" width=\"1024\" height=\"682\" src=\"https:\/\/conadi.gob.gt\/web\/wp-content\/uploads\/2023\/04\/WhatsApp-Image-2023-04-20-at-15.19.22-1024x682.jpeg\" alt=\"\" class=\"wp-image-13263\" srcset=\"https:\/\/conadi.gob.gt\/web\/wp-content\/uploads\/2023\/04\/WhatsApp-Image-2023-04-20-at-15.19.22-1024x682.jpeg 1024w, https:\/\/conadi.gob.gt\/web\/wp-content\/uploads\/2023\/04\/WhatsApp-Image-2023-04-20-at-15.19.22-300x200.jpeg 300w, https:\/\/conadi.gob.gt\/web\/wp-content\/uploads\/2023\/04\/WhatsApp-Image-2023-04-20-at-15.19.22-768x512.jpeg 768w, https:\/\/conadi.gob.gt\/web\/wp-content\/uploads\/2023\/04\/WhatsApp-Image-2023-04-20-at-15.19.22-1536x1023.jpeg 1536w, https:\/\/conadi.gob.gt\/web\/wp-content\/uploads\/2023\/04\/WhatsApp-Image-2023-04-20-at-15.19.22.jpeg 1600w\" sizes=\"auto, (max-width: 1024px) 100vw, 1024px\" \/><\/figure>\n\n\n\n<p>Castillo en su mensaje institucional, destac\u00f3 la importancia del trabajo en equipo, el fortalecimiento de conocimientos en la tem\u00e1tica de discapacidad para dar cumplimiento a los derechos de las personas con discapacidad. Asimismo, indic\u00f3 que este encuentro coadyuvar\u00e1 a fortalecer acciones y ser implementadas en otras OMD de acuerdo al intercambio de sus experiencias.<\/p>\n\n\n\n<figure class=\"wp-block-image size-large\"><img loading=\"lazy\" decoding=\"async\" width=\"1024\" height=\"682\" src=\"https:\/\/conadi.gob.gt\/web\/wp-content\/uploads\/2023\/04\/WhatsApp-Image-2023-04-20-at-15.19.23-1-1024x682.jpeg\" alt=\"\" class=\"wp-image-13264\" srcset=\"https:\/\/conadi.gob.gt\/web\/wp-content\/uploads\/2023\/04\/WhatsApp-Image-2023-04-20-at-15.19.23-1-1024x682.jpeg 1024w, https:\/\/conadi.gob.gt\/web\/wp-content\/uploads\/2023\/04\/WhatsApp-Image-2023-04-20-at-15.19.23-1-300x200.jpeg 300w, https:\/\/conadi.gob.gt\/web\/wp-content\/uploads\/2023\/04\/WhatsApp-Image-2023-04-20-at-15.19.23-1-768x512.jpeg 768w, https:\/\/conadi.gob.gt\/web\/wp-content\/uploads\/2023\/04\/WhatsApp-Image-2023-04-20-at-15.19.23-1-1536x1023.jpeg 1536w, https:\/\/conadi.gob.gt\/web\/wp-content\/uploads\/2023\/04\/WhatsApp-Image-2023-04-20-at-15.19.23-1.jpeg 1600w\" sizes=\"auto, (max-width: 1024px) 100vw, 1024px\" \/><\/figure>\n\n\n\n<p><strong>Desarrollo de la actividad<\/strong><\/p>\n\n\n\n<p>Las actividades dieron inicio con la presentaci\u00f3n de la Oficina Municipal de San Luis Jilote, Jalapa. Tambi\u00e9n, se dio a conocer una breve rese\u00f1a sobre qu\u00e9 es y la funcionabilidad de una Oficina Municipal de Discapacidad.<\/p>\n\n\n\n<p>Posteriormente, se imparti\u00f3 una capacitaci\u00f3n sobre elaboraci\u00f3n y formulaci\u00f3n de proyectos, a cargo de la Secretar\u00eda de Planificaci\u00f3n y Programaci\u00f3n de la Presidencia (SEGEPLAN), donde les indic\u00f3 a los asistentes cuales son los procesos que deben de hacer para la elaboraci\u00f3n un proyecto, donde de incluir la un estudio de &nbsp;preinversi\u00f3n, determinando el problema, que poblaci\u00f3n se beneficiar\u00e1, an\u00e1lisis de adaptaci\u00f3n al cambio clim\u00e1tico, estudio de mercadeo, estudio t\u00e9cnico, an\u00e1lisis de riesgo ante desastres naturales, estudio administrativo, estudio legal, estudio evaluaci\u00f3n financiera.<\/p>\n\n\n\n<p>Otro tema abordado en el Encuentro fue la presentaci\u00f3n de proyecto de t\u00e9cnicos terapistas a cargo de representantes de la Escuela de Fisioterapia de la Universidad de Mariano Galvez.<\/p>\n\n\n\n<p>En el Departamento de Chiquimula participaron alrededor de 40 representantes de las oficinas de esta modalidad de los departamentos de Progreso, Izabal, Alta Verapaz, Zacapa, Santa Rosa, Baja Verapaz, Chiquimula, Jalapa, Jutiapa. En tanto, en Panajachel, Solol\u00e1 participaron &nbsp;60 personas &nbsp;de los departamentos de Guatemala, Totonicap\u00e1n, Solol\u00e1, Sacatep\u00e9quez, Chimaltenango, San Marcos, Huehuetenango, Quetzaltenango, Retalhuleu, Escuintla, Suchitep\u00e9quez, Quich\u00e9, Alta Verapaz. Cabe resaltar que esta actividad fue organizada por el departamento de Territorialidad y Pol\u00edtica en Discapacidad del CONADI.<\/p>\n\n\n\n<div class=\"wp-block-columns is-layout-flex wp-container-core-columns-is-layout-28f84493 wp-block-columns-is-layout-flex\">\n<div class=\"wp-block-column is-layout-flow wp-block-column-is-layout-flow\">\n<figure class=\"wp-block-image size-large\"><img loading=\"lazy\" decoding=\"async\" width=\"1024\" height=\"682\" src=\"https:\/\/conadi.gob.gt\/web\/wp-content\/uploads\/2023\/04\/WhatsApp-Image-2023-04-20-at-15.19.17-1-1024x682.jpeg\" alt=\"\" class=\"wp-image-13265\" srcset=\"https:\/\/conadi.gob.gt\/web\/wp-content\/uploads\/2023\/04\/WhatsApp-Image-2023-04-20-at-15.19.17-1-1024x682.jpeg 1024w, https:\/\/conadi.gob.gt\/web\/wp-content\/uploads\/2023\/04\/WhatsApp-Image-2023-04-20-at-15.19.17-1-300x200.jpeg 300w, https:\/\/conadi.gob.gt\/web\/wp-content\/uploads\/2023\/04\/WhatsApp-Image-2023-04-20-at-15.19.17-1-768x512.jpeg 768w, https:\/\/conadi.gob.gt\/web\/wp-content\/uploads\/2023\/04\/WhatsApp-Image-2023-04-20-at-15.19.17-1-1536x1023.jpeg 1536w, https:\/\/conadi.gob.gt\/web\/wp-content\/uploads\/2023\/04\/WhatsApp-Image-2023-04-20-at-15.19.17-1.jpeg 1600w\" sizes=\"auto, (max-width: 1024px) 100vw, 1024px\" \/><\/figure>\n<\/div>\n\n\n\n<div class=\"wp-block-column is-layout-flow wp-block-column-is-layout-flow\">\n<figure class=\"wp-block-image size-large\"><img loading=\"lazy\" decoding=\"async\" width=\"1024\" height=\"682\" src=\"https:\/\/conadi.gob.gt\/web\/wp-content\/uploads\/2023\/04\/WhatsApp-Image-2023-04-20-at-15.20.32-1024x682.jpeg\" alt=\"\" class=\"wp-image-13266\" srcset=\"https:\/\/conadi.gob.gt\/web\/wp-content\/uploads\/2023\/04\/WhatsApp-Image-2023-04-20-at-15.20.32-1024x682.jpeg 1024w, https:\/\/conadi.gob.gt\/web\/wp-content\/uploads\/2023\/04\/WhatsApp-Image-2023-04-20-at-15.20.32-300x200.jpeg 300w, https:\/\/conadi.gob.gt\/web\/wp-content\/uploads\/2023\/04\/WhatsApp-Image-2023-04-20-at-15.20.32-768x512.jpeg 768w, https:\/\/conadi.gob.gt\/web\/wp-content\/uploads\/2023\/04\/WhatsApp-Image-2023-04-20-at-15.20.32-1536x1023.jpeg 1536w, https:\/\/conadi.gob.gt\/web\/wp-content\/uploads\/2023\/04\/WhatsApp-Image-2023-04-20-at-15.20.32.jpeg 1600w\" sizes=\"auto, (max-width: 1024px) 100vw, 1024px\" \/><\/figure>\n<\/div>\n\n\n\n<div class=\"wp-block-column is-layout-flow wp-block-column-is-layout-flow\">\n<figure class=\"wp-block-image size-large\"><img loading=\"lazy\" decoding=\"async\" width=\"1024\" height=\"682\" src=\"https:\/\/conadi.gob.gt\/web\/wp-content\/uploads\/2023\/04\/WhatsApp-Image-2023-04-20-at-15.19.23-2-1024x682.jpeg\" alt=\"\" class=\"wp-image-13267\" srcset=\"https:\/\/conadi.gob.gt\/web\/wp-content\/uploads\/2023\/04\/WhatsApp-Image-2023-04-20-at-15.19.23-2-1024x682.jpeg 1024w, https:\/\/conadi.gob.gt\/web\/wp-content\/uploads\/2023\/04\/WhatsApp-Image-2023-04-20-at-15.19.23-2-300x200.jpeg 300w, https:\/\/conadi.gob.gt\/web\/wp-content\/uploads\/2023\/04\/WhatsApp-Image-2023-04-20-at-15.19.23-2-768x512.jpeg 768w, https:\/\/conadi.gob.gt\/web\/wp-content\/uploads\/2023\/04\/WhatsApp-Image-2023-04-20-at-15.19.23-2-1536x1023.jpeg 1536w, https:\/\/conadi.gob.gt\/web\/wp-content\/uploads\/2023\/04\/WhatsApp-Image-2023-04-20-at-15.19.23-2.jpeg 1600w\" sizes=\"auto, (max-width: 1024px) 100vw, 1024px\" \/><\/figure>\n<\/div>\n<\/div>\n\n\n\n<div class=\"wp-block-columns is-layout-flex wp-container-core-columns-is-layout-28f84493 wp-block-columns-is-layout-flex\">\n<div class=\"wp-block-column is-layout-flow wp-block-column-is-layout-flow\">\n<figure class=\"wp-block-image size-large\"><img loading=\"lazy\" decoding=\"async\" width=\"1024\" height=\"682\" src=\"https:\/\/conadi.gob.gt\/web\/wp-content\/uploads\/2023\/04\/WhatsApp-Image-2023-04-20-at-15.19.23-1024x682.jpeg\" alt=\"\" class=\"wp-image-13268\" srcset=\"https:\/\/conadi.gob.gt\/web\/wp-content\/uploads\/2023\/04\/WhatsApp-Image-2023-04-20-at-15.19.23-1024x682.jpeg 1024w, https:\/\/conadi.gob.gt\/web\/wp-content\/uploads\/2023\/04\/WhatsApp-Image-2023-04-20-at-15.19.23-300x200.jpeg 300w, https:\/\/conadi.gob.gt\/web\/wp-content\/uploads\/2023\/04\/WhatsApp-Image-2023-04-20-at-15.19.23-768x512.jpeg 768w, https:\/\/conadi.gob.gt\/web\/wp-content\/uploads\/2023\/04\/WhatsApp-Image-2023-04-20-at-15.19.23-1536x1023.jpeg 1536w, https:\/\/conadi.gob.gt\/web\/wp-content\/uploads\/2023\/04\/WhatsApp-Image-2023-04-20-at-15.19.23.jpeg 1600w\" sizes=\"auto, (max-width: 1024px) 100vw, 1024px\" \/><\/figure>\n<\/div>\n\n\n\n<div class=\"wp-block-column is-layout-flow wp-block-column-is-layout-flow\">\n<figure class=\"wp-block-image size-large\"><img loading=\"lazy\" decoding=\"async\" width=\"1024\" height=\"682\" src=\"https:\/\/conadi.gob.gt\/web\/wp-content\/uploads\/2023\/04\/WhatsApp-Image-2023-04-20-at-15.19.22-1-1024x682.jpeg\" alt=\"\" class=\"wp-image-13269\" srcset=\"https:\/\/conadi.gob.gt\/web\/wp-content\/uploads\/2023\/04\/WhatsApp-Image-2023-04-20-at-15.19.22-1-1024x682.jpeg 1024w, https:\/\/conadi.gob.gt\/web\/wp-content\/uploads\/2023\/04\/WhatsApp-Image-2023-04-20-at-15.19.22-1-300x200.jpeg 300w, https:\/\/conadi.gob.gt\/web\/wp-content\/uploads\/2023\/04\/WhatsApp-Image-2023-04-20-at-15.19.22-1-768x512.jpeg 768w, https:\/\/conadi.gob.gt\/web\/wp-content\/uploads\/2023\/04\/WhatsApp-Image-2023-04-20-at-15.19.22-1-1536x1023.jpeg 1536w, https:\/\/conadi.gob.gt\/web\/wp-content\/uploads\/2023\/04\/WhatsApp-Image-2023-04-20-at-15.19.22-1.jpeg 1600w\" sizes=\"auto, (max-width: 1024px) 100vw, 1024px\" \/><\/figure>\n<\/div>\n\n\n\n<div class=\"wp-block-column is-layout-flow wp-block-column-is-layout-flow\">\n<figure class=\"wp-block-image size-large\"><img loading=\"lazy\" decoding=\"async\" width=\"1024\" height=\"682\" src=\"https:\/\/conadi.gob.gt\/web\/wp-content\/uploads\/2023\/04\/WhatsApp-Image-2023-04-20-at-15.20.32-1-1024x682.jpeg\" alt=\"\" class=\"wp-image-13270\" srcset=\"https:\/\/conadi.gob.gt\/web\/wp-content\/uploads\/2023\/04\/WhatsApp-Image-2023-04-20-at-15.20.32-1-1024x682.jpeg 1024w, https:\/\/conadi.gob.gt\/web\/wp-content\/uploads\/2023\/04\/WhatsApp-Image-2023-04-20-at-15.20.32-1-300x200.jpeg 300w, https:\/\/conadi.gob.gt\/web\/wp-content\/uploads\/2023\/04\/WhatsApp-Image-2023-04-20-at-15.20.32-1-768x512.jpeg 768w, https:\/\/conadi.gob.gt\/web\/wp-content\/uploads\/2023\/04\/WhatsApp-Image-2023-04-20-at-15.20.32-1-1536x1023.jpeg 1536w, https:\/\/conadi.gob.gt\/web\/wp-content\/uploads\/2023\/04\/WhatsApp-Image-2023-04-20-at-15.20.32-1.jpeg 1600w\" sizes=\"auto, (max-width: 1024px) 100vw, 1024px\" \/><\/figure>\n<\/div>\n<\/div>\n","protected":false},"excerpt":{"rendered":"<p>Promover la inclusi\u00f3n de las personas con discapacidad a trav\u00e9s de proyectos creados por las Oficinas Municipales de Discapacidad (OMD), mediante el intercambio de experiencias para la inclusi\u00f3n de las personas con discapacidad y establecer nuevos retos que coadyuven a mejorar la condici\u00f3n de vida de las personas con discapacidad, fue el objetivo del II &hellip; <\/p>\n<p class=\"link-more\"><a href=\"https:\/\/conadi.gob.gt\/web\/ii-encuentro-regional-oficinas-municipales-de-discapacidad-omds\/\" class=\"more-link\">Leer m\u00e1s<span class=\"screen-reader-text\"> \u00abII ENCUENTRO REGIONAL OFICINAS MUNICIPALES DE DISCAPACIDAD (OMD&#8217;s)\u00bb<\/span><\/a><\/p>\n","protected":false},"author":12,"featured_media":13270,"comment_status":"closed","ping_status":"closed","sticky":false,"template":"","format":"standard","meta":{"footnotes":""},"categories":[3],"tags":[],"class_list":["post-13262","post","type-post","status-publish","format-standard","has-post-thumbnail","hentry","category-noticias"],"_links":{"self":[{"href":"https:\/\/conadi.gob.gt\/web\/wp-json\/wp\/v2\/posts\/13262","targetHints":{"allow":["GET"]}}],"collection":[{"href":"https:\/\/conadi.gob.gt\/web\/wp-json\/wp\/v2\/posts"}],"about":[{"href":"https:\/\/conadi.gob.gt\/web\/wp-json\/wp\/v2\/types\/post"}],"author":[{"embeddable":true,"href":"https:\/\/conadi.gob.gt\/web\/wp-json\/wp\/v2\/users\/12"}],"replies":[{"embeddable":true,"href":"https:\/\/conadi.gob.gt\/web\/wp-json\/wp\/v2\/comments?post=13262"}],"version-history":[{"count":2,"href":"https:\/\/conadi.gob.gt\/web\/wp-json\/wp\/v2\/posts\/13262\/revisions"}],"predecessor-version":[{"id":13276,"href":"https:\/\/conadi.gob.gt\/web\/wp-json\/wp\/v2\/posts\/13262\/revisions\/13276"}],"wp:featuredmedia":[{"embeddable":true,"href":"https:\/\/conadi.gob.gt\/web\/wp-json\/wp\/v2\/media\/13270"}],"wp:attachment":[{"href":"https:\/\/conadi.gob.gt\/web\/wp-json\/wp\/v2\/media?parent=13262"}],"wp:term":[{"taxonomy":"category","embeddable":true,"href":"https:\/\/conadi.gob.gt\/web\/wp-json\/wp\/v2\/categories?post=13262"},{"taxonomy":"post_tag","embeddable":true,"href":"https:\/\/conadi.gob.gt\/web\/wp-json\/wp\/v2\/tags?post=13262"}],"curies":[{"name":"wp","href":"https:\/\/api.w.org\/{rel}","templated":true}]}}