{"id":13304,"date":"2023-05-02T16:10:36","date_gmt":"2023-05-02T16:10:36","guid":{"rendered":"https:\/\/conadi.gob.gt\/web\/?p=13304"},"modified":"2023-05-02T16:10:38","modified_gmt":"2023-05-02T16:10:38","slug":"llaman-a-las-personas-con-discapacidad-para-que-participen-en-el-proceso-electoral-2023","status":"publish","type":"post","link":"https:\/\/conadi.gob.gt\/web\/llaman-a-las-personas-con-discapacidad-para-que-participen-en-el-proceso-electoral-2023\/","title":{"rendered":"LLAMAN A LAS PERSONAS CON DISCAPACIDAD PARA QUE PARTICIPEN EN EL PROCESO ELECTORAL 2023"},"content":{"rendered":"\n<p>El Consejo Nacional para la Atenci\u00f3n de las Personas con Discapacidad (CONADI) realiz\u00f3 conferencia de prensa para hacer el llamado a todas las personas con discapacidad del Departamento de Suchitep\u00e9quez a que participen en los comicios electorales 2023 y sobre el derecho que tienen las personas con discapacidad en cuanto a la participaci\u00f3n en la vida pol\u00edtica y p\u00fablica como lo demanda el art\u00edculo 29 de la Convenci\u00f3n Sobre los Derechos de las Personas con Discapacidad.<\/p>\n\n\n\n<figure class=\"wp-block-image size-large\"><img loading=\"lazy\" decoding=\"async\" width=\"1024\" height=\"682\" src=\"https:\/\/conadi.gob.gt\/web\/wp-content\/uploads\/2023\/05\/WhatsApp-Image-2023-05-02-at-09.22.20-1024x682.jpeg\" alt=\"\" class=\"wp-image-13306\" srcset=\"https:\/\/conadi.gob.gt\/web\/wp-content\/uploads\/2023\/05\/WhatsApp-Image-2023-05-02-at-09.22.20-1024x682.jpeg 1024w, https:\/\/conadi.gob.gt\/web\/wp-content\/uploads\/2023\/05\/WhatsApp-Image-2023-05-02-at-09.22.20-300x200.jpeg 300w, https:\/\/conadi.gob.gt\/web\/wp-content\/uploads\/2023\/05\/WhatsApp-Image-2023-05-02-at-09.22.20-768x512.jpeg 768w, https:\/\/conadi.gob.gt\/web\/wp-content\/uploads\/2023\/05\/WhatsApp-Image-2023-05-02-at-09.22.20-1536x1023.jpeg 1536w, https:\/\/conadi.gob.gt\/web\/wp-content\/uploads\/2023\/05\/WhatsApp-Image-2023-05-02-at-09.22.20.jpeg 1600w\" sizes=\"auto, (max-width: 1024px) 100vw, 1024px\" \/><\/figure>\n\n\n\n<p>Por el CONADI participaron Mar\u00eda P\u00e9rez Chay, promotora departamental y Carlos Agreda de la Unidad de Comunicaci\u00f3n, quienes resaltaron el trabajo que se est\u00e1 desarrollado a nivel departamental para incidir en el cumplimiento de los derechos de las personas con discapacidad a trav\u00e9s del trabajo en conjunto con las autoridades locales.<\/p>\n\n\n\n<p>Agreda, finaliz\u00f3 su pronunciamiento haciendo el llamado a las autoridades sobre la importancia que tiene de incluir al colectivo en el desarrollo de planes, proyectos y pol\u00edticas para garantizar el cumplimiento de los derechos de las personas con discapacidad.&nbsp;<\/p>\n\n\n\n<figure class=\"wp-block-image size-large\"><img loading=\"lazy\" decoding=\"async\" width=\"1024\" height=\"682\" src=\"https:\/\/conadi.gob.gt\/web\/wp-content\/uploads\/2023\/05\/WhatsApp-Image-2023-05-02-at-09.22.21-3-1-1024x682.jpeg\" alt=\"\" class=\"wp-image-13307\" srcset=\"https:\/\/conadi.gob.gt\/web\/wp-content\/uploads\/2023\/05\/WhatsApp-Image-2023-05-02-at-09.22.21-3-1-1024x682.jpeg 1024w, https:\/\/conadi.gob.gt\/web\/wp-content\/uploads\/2023\/05\/WhatsApp-Image-2023-05-02-at-09.22.21-3-1-300x200.jpeg 300w, https:\/\/conadi.gob.gt\/web\/wp-content\/uploads\/2023\/05\/WhatsApp-Image-2023-05-02-at-09.22.21-3-1-768x512.jpeg 768w, https:\/\/conadi.gob.gt\/web\/wp-content\/uploads\/2023\/05\/WhatsApp-Image-2023-05-02-at-09.22.21-3-1-1536x1023.jpeg 1536w, https:\/\/conadi.gob.gt\/web\/wp-content\/uploads\/2023\/05\/WhatsApp-Image-2023-05-02-at-09.22.21-3-1.jpeg 1600w\" sizes=\"auto, (max-width: 1024px) 100vw, 1024px\" \/><\/figure>\n\n\n\n<p>En tanto, Dany Straube dio conocer las acciones que est\u00e1 realizando el Tribunal Supremo Electoral TSE, para garantizar unas jornadas electorales inclusivas, tomando en cuenta los ajustes razonables para garantizar la accesibilidad a los centros de votaci\u00f3n, incluir int\u00e9rpretes de lengua de se\u00f1as, papeletas en braille, la atenci\u00f3n adecuada&nbsp; a las personas con discapacidad de parte de las mesas electorales; as\u00ed como permitir el voto asistido para garantizar un sufragio libre y secreto.<\/p>\n\n\n\n<p>Adem\u00e1s, Pedro Chavaloc, alcalde del municipio de&nbsp; Santo Tom\u00e1s La Uni\u00f3n, Suchitep\u00e9quez, resalt\u00f3 su compromiso hacia la poblaci\u00f3n con discapacidad de su municipio y seguir trabajando con CONADI para la implementaci\u00f3n de proyectos que beneficien a esta poblaci\u00f3n.<\/p>\n\n\n\n<p>Este municipio contar\u00e1 por primera vez con la participaci\u00f3n de dos j\u00f3venes con S\u00edndrome de Down, quienes fueron juramentados para participar en las mesas electorales y un joven con discapacidad f\u00edsica quien fungir\u00e1 como presidente de la Junta Municipal para el proceso electoral. Esta acci\u00f3n se ha realizado por la incidencia realizada por la promotora departamental del CONADI.<\/p>\n\n\n\n<div class=\"wp-block-columns is-layout-flex wp-container-core-columns-is-layout-28f84493 wp-block-columns-is-layout-flex\">\n<div class=\"wp-block-column is-layout-flow wp-block-column-is-layout-flow\">\n<figure class=\"wp-block-image size-large\"><img loading=\"lazy\" decoding=\"async\" width=\"1024\" height=\"682\" src=\"https:\/\/conadi.gob.gt\/web\/wp-content\/uploads\/2023\/05\/WhatsApp-Image-2023-05-02-at-09.22.20-1-1024x682.jpeg\" alt=\"\" class=\"wp-image-13308\" srcset=\"https:\/\/conadi.gob.gt\/web\/wp-content\/uploads\/2023\/05\/WhatsApp-Image-2023-05-02-at-09.22.20-1-1024x682.jpeg 1024w, https:\/\/conadi.gob.gt\/web\/wp-content\/uploads\/2023\/05\/WhatsApp-Image-2023-05-02-at-09.22.20-1-300x200.jpeg 300w, https:\/\/conadi.gob.gt\/web\/wp-content\/uploads\/2023\/05\/WhatsApp-Image-2023-05-02-at-09.22.20-1-768x512.jpeg 768w, https:\/\/conadi.gob.gt\/web\/wp-content\/uploads\/2023\/05\/WhatsApp-Image-2023-05-02-at-09.22.20-1-1536x1023.jpeg 1536w, https:\/\/conadi.gob.gt\/web\/wp-content\/uploads\/2023\/05\/WhatsApp-Image-2023-05-02-at-09.22.20-1.jpeg 1600w\" sizes=\"auto, (max-width: 1024px) 100vw, 1024px\" \/><\/figure>\n<\/div>\n\n\n\n<div class=\"wp-block-column is-layout-flow wp-block-column-is-layout-flow\">\n<figure class=\"wp-block-image size-large\"><img loading=\"lazy\" decoding=\"async\" width=\"1024\" height=\"682\" src=\"https:\/\/conadi.gob.gt\/web\/wp-content\/uploads\/2023\/05\/WhatsApp-Image-2023-05-02-at-09.22.21-2-1024x682.jpeg\" alt=\"\" class=\"wp-image-13309\" srcset=\"https:\/\/conadi.gob.gt\/web\/wp-content\/uploads\/2023\/05\/WhatsApp-Image-2023-05-02-at-09.22.21-2-1024x682.jpeg 1024w, https:\/\/conadi.gob.gt\/web\/wp-content\/uploads\/2023\/05\/WhatsApp-Image-2023-05-02-at-09.22.21-2-300x200.jpeg 300w, https:\/\/conadi.gob.gt\/web\/wp-content\/uploads\/2023\/05\/WhatsApp-Image-2023-05-02-at-09.22.21-2-768x512.jpeg 768w, https:\/\/conadi.gob.gt\/web\/wp-content\/uploads\/2023\/05\/WhatsApp-Image-2023-05-02-at-09.22.21-2-1536x1023.jpeg 1536w, https:\/\/conadi.gob.gt\/web\/wp-content\/uploads\/2023\/05\/WhatsApp-Image-2023-05-02-at-09.22.21-2.jpeg 1600w\" sizes=\"auto, (max-width: 1024px) 100vw, 1024px\" \/><\/figure>\n<\/div>\n\n\n\n<div class=\"wp-block-column is-layout-flow wp-block-column-is-layout-flow\">\n<figure class=\"wp-block-gallery has-nested-images columns-default is-cropped wp-block-gallery-1 is-layout-flex wp-block-gallery-is-layout-flex\">\n<figure class=\"wp-block-image size-large\"><img loading=\"lazy\" decoding=\"async\" width=\"1024\" height=\"682\" data-id=\"13310\" src=\"https:\/\/conadi.gob.gt\/web\/wp-content\/uploads\/2023\/05\/WhatsApp-Image-2023-05-02-at-09.22.20-2-1024x682.jpeg\" alt=\"\" class=\"wp-image-13310\" srcset=\"https:\/\/conadi.gob.gt\/web\/wp-content\/uploads\/2023\/05\/WhatsApp-Image-2023-05-02-at-09.22.20-2-1024x682.jpeg 1024w, https:\/\/conadi.gob.gt\/web\/wp-content\/uploads\/2023\/05\/WhatsApp-Image-2023-05-02-at-09.22.20-2-300x200.jpeg 300w, https:\/\/conadi.gob.gt\/web\/wp-content\/uploads\/2023\/05\/WhatsApp-Image-2023-05-02-at-09.22.20-2-768x512.jpeg 768w, https:\/\/conadi.gob.gt\/web\/wp-content\/uploads\/2023\/05\/WhatsApp-Image-2023-05-02-at-09.22.20-2-1536x1023.jpeg 1536w, https:\/\/conadi.gob.gt\/web\/wp-content\/uploads\/2023\/05\/WhatsApp-Image-2023-05-02-at-09.22.20-2.jpeg 1600w\" sizes=\"auto, (max-width: 1024px) 100vw, 1024px\" \/><\/figure>\n<\/figure>\n<\/div>\n<\/div>\n\n\n\n<div class=\"wp-block-columns is-layout-flex wp-container-core-columns-is-layout-28f84493 wp-block-columns-is-layout-flex\">\n<div class=\"wp-block-column is-layout-flow wp-block-column-is-layout-flow\">\n<figure class=\"wp-block-image size-large\"><img loading=\"lazy\" decoding=\"async\" width=\"1024\" height=\"682\" src=\"https:\/\/conadi.gob.gt\/web\/wp-content\/uploads\/2023\/05\/WhatsApp-Image-2023-05-02-at-09.22.21-1024x682.jpeg\" alt=\"\" class=\"wp-image-13311\" srcset=\"https:\/\/conadi.gob.gt\/web\/wp-content\/uploads\/2023\/05\/WhatsApp-Image-2023-05-02-at-09.22.21-1024x682.jpeg 1024w, https:\/\/conadi.gob.gt\/web\/wp-content\/uploads\/2023\/05\/WhatsApp-Image-2023-05-02-at-09.22.21-300x200.jpeg 300w, https:\/\/conadi.gob.gt\/web\/wp-content\/uploads\/2023\/05\/WhatsApp-Image-2023-05-02-at-09.22.21-768x512.jpeg 768w, https:\/\/conadi.gob.gt\/web\/wp-content\/uploads\/2023\/05\/WhatsApp-Image-2023-05-02-at-09.22.21-1536x1023.jpeg 1536w, https:\/\/conadi.gob.gt\/web\/wp-content\/uploads\/2023\/05\/WhatsApp-Image-2023-05-02-at-09.22.21.jpeg 1600w\" sizes=\"auto, (max-width: 1024px) 100vw, 1024px\" \/><\/figure>\n<\/div>\n\n\n\n<div class=\"wp-block-column is-layout-flow wp-block-column-is-layout-flow\">\n<figure class=\"wp-block-image size-large\"><img loading=\"lazy\" decoding=\"async\" width=\"1024\" height=\"682\" src=\"https:\/\/conadi.gob.gt\/web\/wp-content\/uploads\/2023\/05\/WhatsApp-Image-2023-05-02-at-09.22.21-4-1024x682.jpeg\" alt=\"\" class=\"wp-image-13312\" srcset=\"https:\/\/conadi.gob.gt\/web\/wp-content\/uploads\/2023\/05\/WhatsApp-Image-2023-05-02-at-09.22.21-4-1024x682.jpeg 1024w, https:\/\/conadi.gob.gt\/web\/wp-content\/uploads\/2023\/05\/WhatsApp-Image-2023-05-02-at-09.22.21-4-300x200.jpeg 300w, https:\/\/conadi.gob.gt\/web\/wp-content\/uploads\/2023\/05\/WhatsApp-Image-2023-05-02-at-09.22.21-4-768x512.jpeg 768w, https:\/\/conadi.gob.gt\/web\/wp-content\/uploads\/2023\/05\/WhatsApp-Image-2023-05-02-at-09.22.21-4-1536x1023.jpeg 1536w, https:\/\/conadi.gob.gt\/web\/wp-content\/uploads\/2023\/05\/WhatsApp-Image-2023-05-02-at-09.22.21-4.jpeg 1600w\" sizes=\"auto, (max-width: 1024px) 100vw, 1024px\" \/><\/figure>\n<\/div>\n\n\n\n<div class=\"wp-block-column is-layout-flow wp-block-column-is-layout-flow\">\n<figure class=\"wp-block-image size-large\"><img loading=\"lazy\" decoding=\"async\" width=\"1024\" height=\"682\" src=\"https:\/\/conadi.gob.gt\/web\/wp-content\/uploads\/2023\/05\/WhatsApp-Image-2023-05-02-at-09.22.21-1-1024x682.jpeg\" alt=\"\" class=\"wp-image-13313\" srcset=\"https:\/\/conadi.gob.gt\/web\/wp-content\/uploads\/2023\/05\/WhatsApp-Image-2023-05-02-at-09.22.21-1-1024x682.jpeg 1024w, https:\/\/conadi.gob.gt\/web\/wp-content\/uploads\/2023\/05\/WhatsApp-Image-2023-05-02-at-09.22.21-1-300x200.jpeg 300w, https:\/\/conadi.gob.gt\/web\/wp-content\/uploads\/2023\/05\/WhatsApp-Image-2023-05-02-at-09.22.21-1-768x512.jpeg 768w, https:\/\/conadi.gob.gt\/web\/wp-content\/uploads\/2023\/05\/WhatsApp-Image-2023-05-02-at-09.22.21-1-1536x1023.jpeg 1536w, https:\/\/conadi.gob.gt\/web\/wp-content\/uploads\/2023\/05\/WhatsApp-Image-2023-05-02-at-09.22.21-1.jpeg 1600w\" sizes=\"auto, (max-width: 1024px) 100vw, 1024px\" \/><\/figure>\n<\/div>\n<\/div>\n","protected":false},"excerpt":{"rendered":"<p>El Consejo Nacional para la Atenci\u00f3n de las Personas con Discapacidad (CONADI) realiz\u00f3 conferencia de prensa para hacer el llamado a todas las personas con discapacidad del Departamento de Suchitep\u00e9quez a que participen en los comicios electorales 2023 y sobre el derecho que tienen las personas con discapacidad en cuanto a la participaci\u00f3n en la &hellip; <\/p>\n<p class=\"link-more\"><a href=\"https:\/\/conadi.gob.gt\/web\/llaman-a-las-personas-con-discapacidad-para-que-participen-en-el-proceso-electoral-2023\/\" class=\"more-link\">Leer m\u00e1s<span class=\"screen-reader-text\"> \u00abLLAMAN A LAS PERSONAS CON DISCAPACIDAD PARA QUE PARTICIPEN EN EL PROCESO ELECTORAL 2023\u00bb<\/span><\/a><\/p>\n","protected":false},"author":12,"featured_media":13306,"comment_status":"closed","ping_status":"closed","sticky":false,"template":"","format":"standard","meta":{"footnotes":""},"categories":[3],"tags":[],"class_list":["post-13304","post","type-post","status-publish","format-standard","has-post-thumbnail","hentry","category-noticias"],"_links":{"self":[{"href":"https:\/\/conadi.gob.gt\/web\/wp-json\/wp\/v2\/posts\/13304","targetHints":{"allow":["GET"]}}],"collection":[{"href":"https:\/\/conadi.gob.gt\/web\/wp-json\/wp\/v2\/posts"}],"about":[{"href":"https:\/\/conadi.gob.gt\/web\/wp-json\/wp\/v2\/types\/post"}],"author":[{"embeddable":true,"href":"https:\/\/conadi.gob.gt\/web\/wp-json\/wp\/v2\/users\/12"}],"replies":[{"embeddable":true,"href":"https:\/\/conadi.gob.gt\/web\/wp-json\/wp\/v2\/comments?post=13304"}],"version-history":[{"count":1,"href":"https:\/\/conadi.gob.gt\/web\/wp-json\/wp\/v2\/posts\/13304\/revisions"}],"predecessor-version":[{"id":13314,"href":"https:\/\/conadi.gob.gt\/web\/wp-json\/wp\/v2\/posts\/13304\/revisions\/13314"}],"wp:featuredmedia":[{"embeddable":true,"href":"https:\/\/conadi.gob.gt\/web\/wp-json\/wp\/v2\/media\/13306"}],"wp:attachment":[{"href":"https:\/\/conadi.gob.gt\/web\/wp-json\/wp\/v2\/media?parent=13304"}],"wp:term":[{"taxonomy":"category","embeddable":true,"href":"https:\/\/conadi.gob.gt\/web\/wp-json\/wp\/v2\/categories?post=13304"},{"taxonomy":"post_tag","embeddable":true,"href":"https:\/\/conadi.gob.gt\/web\/wp-json\/wp\/v2\/tags?post=13304"}],"curies":[{"name":"wp","href":"https:\/\/api.w.org\/{rel}","templated":true}]}}