{"id":13437,"date":"2023-05-24T14:15:14","date_gmt":"2023-05-24T14:15:14","guid":{"rendered":"https:\/\/conadi.gob.gt\/web\/?p=13437"},"modified":"2023-05-24T14:28:43","modified_gmt":"2023-05-24T14:28:43","slug":"personas-con-discapacidad-demandan-un-voto-inclusivo","status":"publish","type":"post","link":"https:\/\/conadi.gob.gt\/web\/personas-con-discapacidad-demandan-un-voto-inclusivo\/","title":{"rendered":"PERSONAS CON DISCAPACIDAD DEMANDAN UN VOTO INCLUSIVO"},"content":{"rendered":"\n<p>En el marco de los 26 a\u00f1os de vida institucional del Consejo Nacional para la Atenci\u00f3n de las Personas con Discapacidad (CONADI), se llev\u00f3 a cabo una conferencia de prensa titulada \u201cPersonas con discapacidad Demandan un Voto Inclusivo\u201d para dar cumplimiento al art\u00edculo 29 de la Convenci\u00f3n sobre las Personas con Discapacidad.<\/p>\n\n\n\n<figure class=\"wp-block-image size-large\"><img loading=\"lazy\" decoding=\"async\" width=\"1024\" height=\"682\" src=\"https:\/\/conadi.gob.gt\/web\/wp-content\/uploads\/2023\/05\/WhatsApp-Image-2023-05-24-at-08.05.32-1-1024x682.jpeg\" alt=\"\" class=\"wp-image-13445\" srcset=\"https:\/\/conadi.gob.gt\/web\/wp-content\/uploads\/2023\/05\/WhatsApp-Image-2023-05-24-at-08.05.32-1-1024x682.jpeg 1024w, https:\/\/conadi.gob.gt\/web\/wp-content\/uploads\/2023\/05\/WhatsApp-Image-2023-05-24-at-08.05.32-1-300x200.jpeg 300w, https:\/\/conadi.gob.gt\/web\/wp-content\/uploads\/2023\/05\/WhatsApp-Image-2023-05-24-at-08.05.32-1-768x512.jpeg 768w, https:\/\/conadi.gob.gt\/web\/wp-content\/uploads\/2023\/05\/WhatsApp-Image-2023-05-24-at-08.05.32-1-1536x1023.jpeg 1536w, https:\/\/conadi.gob.gt\/web\/wp-content\/uploads\/2023\/05\/WhatsApp-Image-2023-05-24-at-08.05.32-1.jpeg 1600w\" sizes=\"auto, (max-width: 1024px) 100vw, 1024px\" \/><\/figure>\n\n\n\n<p>Este pronunciamiento se llev\u00f3 a cabo en Departamento de Alta Verapaz, tomando en cuenta que a nivel departamental, es donde hay mayor n\u00famero de habitantes con discapacidad en edad para emitir su sufragio. Adem\u00e1s, este sector tiene poca representaci\u00f3n a participar en cargos electos en la administraci\u00f3n p\u00fablica y para emitir su voto.<\/p>\n\n\n\n<p>Clarivel Castillo, presidenta del CONADI, en su discurso institucional, destac\u00f3 la importancia del cumplimiento de los derechos de las personas con discapacidad, he hizo el llamado a los candidatos a los diferentes cargos p\u00fablicos para que incluyan a las personas con discapacidad en sus programas, planes y proyectos y as\u00ed lograr una Guatemala m\u00e1s inclusiva. Recordemos que \u201cGUATEMALA, SOMOS TODOS Y QUE NUESTRO VOTO TAMBI\u00c9N CUENTA\u201d.<\/p>\n\n\n\n<figure class=\"wp-block-image size-large\"><img loading=\"lazy\" decoding=\"async\" width=\"1024\" height=\"682\" src=\"https:\/\/conadi.gob.gt\/web\/wp-content\/uploads\/2023\/05\/WhatsApp-Image-2023-05-24-at-08.05.33-3-1024x682.jpeg\" alt=\"\" class=\"wp-image-13439\" srcset=\"https:\/\/conadi.gob.gt\/web\/wp-content\/uploads\/2023\/05\/WhatsApp-Image-2023-05-24-at-08.05.33-3-1024x682.jpeg 1024w, https:\/\/conadi.gob.gt\/web\/wp-content\/uploads\/2023\/05\/WhatsApp-Image-2023-05-24-at-08.05.33-3-300x200.jpeg 300w, https:\/\/conadi.gob.gt\/web\/wp-content\/uploads\/2023\/05\/WhatsApp-Image-2023-05-24-at-08.05.33-3-768x512.jpeg 768w, https:\/\/conadi.gob.gt\/web\/wp-content\/uploads\/2023\/05\/WhatsApp-Image-2023-05-24-at-08.05.33-3-1536x1023.jpeg 1536w, https:\/\/conadi.gob.gt\/web\/wp-content\/uploads\/2023\/05\/WhatsApp-Image-2023-05-24-at-08.05.33-3.jpeg 1600w\" sizes=\"auto, (max-width: 1024px) 100vw, 1024px\" \/><\/figure>\n\n\n\n<p>Por su parte el TSE, recalc\u00f3 su compromiso al velar por la inclusi\u00f3n en los centros de votaci\u00f3n de la localidad, la importancia de incluir la clasificaci\u00f3n de la discapacidad en el pr\u00f3ximo patr\u00f3n electoral, la cual ayudar\u00e1 a centralizar las necesidades para garantizar la accesibilidad en todas sus formas.<\/p>\n\n\n\n<p>Se cont\u00f3 con la participaci\u00f3n de Glenda Perdomo, representante del Ministerio de Educaci\u00f3n (MINEDUC), Nayla Milian, representante FUNDABIEN, integrantes de la Comisi\u00f3n Departamental de Discapacidad (CODEDIS); Jos\u00e9 Guillermo Gir\u00f3n Arana, de la Junta Departamental Electoral; Am\u00e9rico de Le\u00f3n del Registro de Ciudadanos del TSE en Cob\u00e1n, Alta Verapaz; Bayron Villanueva promotor departamental del CONADI; medios de comunicaci\u00f3n y representantes de organizaciones de personas con discapacidad.<\/p>\n\n\n\n<div class=\"wp-block-columns is-layout-flex wp-container-core-columns-is-layout-28f84493 wp-block-columns-is-layout-flex\">\n<div class=\"wp-block-column is-layout-flow wp-block-column-is-layout-flow\">\n<figure class=\"wp-block-image size-large\"><img loading=\"lazy\" decoding=\"async\" width=\"1024\" height=\"682\" src=\"https:\/\/conadi.gob.gt\/web\/wp-content\/uploads\/2023\/05\/WhatsApp-Image-2023-05-24-at-08.05.33-2-1024x682.jpeg\" alt=\"\" class=\"wp-image-13440\" srcset=\"https:\/\/conadi.gob.gt\/web\/wp-content\/uploads\/2023\/05\/WhatsApp-Image-2023-05-24-at-08.05.33-2-1024x682.jpeg 1024w, https:\/\/conadi.gob.gt\/web\/wp-content\/uploads\/2023\/05\/WhatsApp-Image-2023-05-24-at-08.05.33-2-300x200.jpeg 300w, https:\/\/conadi.gob.gt\/web\/wp-content\/uploads\/2023\/05\/WhatsApp-Image-2023-05-24-at-08.05.33-2-768x512.jpeg 768w, https:\/\/conadi.gob.gt\/web\/wp-content\/uploads\/2023\/05\/WhatsApp-Image-2023-05-24-at-08.05.33-2-1536x1023.jpeg 1536w, https:\/\/conadi.gob.gt\/web\/wp-content\/uploads\/2023\/05\/WhatsApp-Image-2023-05-24-at-08.05.33-2.jpeg 1600w\" sizes=\"auto, (max-width: 1024px) 100vw, 1024px\" \/><\/figure>\n<\/div>\n\n\n\n<div class=\"wp-block-column is-layout-flow wp-block-column-is-layout-flow\">\n<figure class=\"wp-block-image size-large\"><img loading=\"lazy\" decoding=\"async\" width=\"1024\" height=\"682\" src=\"https:\/\/conadi.gob.gt\/web\/wp-content\/uploads\/2023\/05\/WhatsApp-Image-2023-05-24-at-08.05.33-1024x682.jpeg\" alt=\"\" class=\"wp-image-13441\" srcset=\"https:\/\/conadi.gob.gt\/web\/wp-content\/uploads\/2023\/05\/WhatsApp-Image-2023-05-24-at-08.05.33-1024x682.jpeg 1024w, https:\/\/conadi.gob.gt\/web\/wp-content\/uploads\/2023\/05\/WhatsApp-Image-2023-05-24-at-08.05.33-300x200.jpeg 300w, https:\/\/conadi.gob.gt\/web\/wp-content\/uploads\/2023\/05\/WhatsApp-Image-2023-05-24-at-08.05.33-768x512.jpeg 768w, https:\/\/conadi.gob.gt\/web\/wp-content\/uploads\/2023\/05\/WhatsApp-Image-2023-05-24-at-08.05.33-1536x1023.jpeg 1536w, https:\/\/conadi.gob.gt\/web\/wp-content\/uploads\/2023\/05\/WhatsApp-Image-2023-05-24-at-08.05.33.jpeg 1600w\" sizes=\"auto, (max-width: 1024px) 100vw, 1024px\" \/><\/figure>\n<\/div>\n\n\n\n<div class=\"wp-block-column is-layout-flow wp-block-column-is-layout-flow\">\n<figure class=\"wp-block-image size-large\"><img loading=\"lazy\" decoding=\"async\" width=\"1024\" height=\"682\" src=\"https:\/\/conadi.gob.gt\/web\/wp-content\/uploads\/2023\/05\/WhatsApp-Image-2023-05-24-at-08.05.32-2-1024x682.jpeg\" alt=\"\" class=\"wp-image-13442\" srcset=\"https:\/\/conadi.gob.gt\/web\/wp-content\/uploads\/2023\/05\/WhatsApp-Image-2023-05-24-at-08.05.32-2-1024x682.jpeg 1024w, https:\/\/conadi.gob.gt\/web\/wp-content\/uploads\/2023\/05\/WhatsApp-Image-2023-05-24-at-08.05.32-2-300x200.jpeg 300w, https:\/\/conadi.gob.gt\/web\/wp-content\/uploads\/2023\/05\/WhatsApp-Image-2023-05-24-at-08.05.32-2-768x512.jpeg 768w, https:\/\/conadi.gob.gt\/web\/wp-content\/uploads\/2023\/05\/WhatsApp-Image-2023-05-24-at-08.05.32-2-1536x1023.jpeg 1536w, https:\/\/conadi.gob.gt\/web\/wp-content\/uploads\/2023\/05\/WhatsApp-Image-2023-05-24-at-08.05.32-2.jpeg 1600w\" sizes=\"auto, (max-width: 1024px) 100vw, 1024px\" \/><\/figure>\n<\/div>\n<\/div>\n\n\n\n<div class=\"wp-block-columns is-layout-flex wp-container-core-columns-is-layout-28f84493 wp-block-columns-is-layout-flex\">\n<div class=\"wp-block-column is-layout-flow wp-block-column-is-layout-flow\">\n<figure class=\"wp-block-image size-large\"><img loading=\"lazy\" decoding=\"async\" width=\"1024\" height=\"682\" src=\"https:\/\/conadi.gob.gt\/web\/wp-content\/uploads\/2023\/05\/WhatsApp-Image-2023-05-24-at-08.05.32-1024x682.jpeg\" alt=\"\" class=\"wp-image-13443\" srcset=\"https:\/\/conadi.gob.gt\/web\/wp-content\/uploads\/2023\/05\/WhatsApp-Image-2023-05-24-at-08.05.32-1024x682.jpeg 1024w, https:\/\/conadi.gob.gt\/web\/wp-content\/uploads\/2023\/05\/WhatsApp-Image-2023-05-24-at-08.05.32-300x200.jpeg 300w, https:\/\/conadi.gob.gt\/web\/wp-content\/uploads\/2023\/05\/WhatsApp-Image-2023-05-24-at-08.05.32-768x512.jpeg 768w, https:\/\/conadi.gob.gt\/web\/wp-content\/uploads\/2023\/05\/WhatsApp-Image-2023-05-24-at-08.05.32-1536x1023.jpeg 1536w, https:\/\/conadi.gob.gt\/web\/wp-content\/uploads\/2023\/05\/WhatsApp-Image-2023-05-24-at-08.05.32.jpeg 1600w\" sizes=\"auto, (max-width: 1024px) 100vw, 1024px\" \/><\/figure>\n<\/div>\n\n\n\n<div class=\"wp-block-column is-layout-flow wp-block-column-is-layout-flow\">\n<figure class=\"wp-block-image size-large\"><img loading=\"lazy\" decoding=\"async\" width=\"1024\" height=\"682\" src=\"https:\/\/conadi.gob.gt\/web\/wp-content\/uploads\/2023\/05\/WhatsApp-Image-2023-05-24-at-08.05.31-2-1024x682.jpeg\" alt=\"\" class=\"wp-image-13444\" srcset=\"https:\/\/conadi.gob.gt\/web\/wp-content\/uploads\/2023\/05\/WhatsApp-Image-2023-05-24-at-08.05.31-2-1024x682.jpeg 1024w, https:\/\/conadi.gob.gt\/web\/wp-content\/uploads\/2023\/05\/WhatsApp-Image-2023-05-24-at-08.05.31-2-300x200.jpeg 300w, https:\/\/conadi.gob.gt\/web\/wp-content\/uploads\/2023\/05\/WhatsApp-Image-2023-05-24-at-08.05.31-2-768x512.jpeg 768w, https:\/\/conadi.gob.gt\/web\/wp-content\/uploads\/2023\/05\/WhatsApp-Image-2023-05-24-at-08.05.31-2-1536x1023.jpeg 1536w, https:\/\/conadi.gob.gt\/web\/wp-content\/uploads\/2023\/05\/WhatsApp-Image-2023-05-24-at-08.05.31-2.jpeg 1600w\" sizes=\"auto, (max-width: 1024px) 100vw, 1024px\" \/><\/figure>\n<\/div>\n\n\n\n<div class=\"wp-block-column is-layout-flow wp-block-column-is-layout-flow\">\n<figure class=\"wp-block-image size-large\"><img loading=\"lazy\" decoding=\"async\" width=\"1024\" height=\"682\" src=\"https:\/\/conadi.gob.gt\/web\/wp-content\/uploads\/2023\/05\/WhatsApp-Image-2023-05-24-at-08.05.33-1-1024x682.jpeg\" alt=\"\" class=\"wp-image-13438\" srcset=\"https:\/\/conadi.gob.gt\/web\/wp-content\/uploads\/2023\/05\/WhatsApp-Image-2023-05-24-at-08.05.33-1-1024x682.jpeg 1024w, https:\/\/conadi.gob.gt\/web\/wp-content\/uploads\/2023\/05\/WhatsApp-Image-2023-05-24-at-08.05.33-1-300x200.jpeg 300w, https:\/\/conadi.gob.gt\/web\/wp-content\/uploads\/2023\/05\/WhatsApp-Image-2023-05-24-at-08.05.33-1-768x512.jpeg 768w, https:\/\/conadi.gob.gt\/web\/wp-content\/uploads\/2023\/05\/WhatsApp-Image-2023-05-24-at-08.05.33-1-1536x1023.jpeg 1536w, https:\/\/conadi.gob.gt\/web\/wp-content\/uploads\/2023\/05\/WhatsApp-Image-2023-05-24-at-08.05.33-1.jpeg 1600w\" sizes=\"auto, (max-width: 1024px) 100vw, 1024px\" \/><\/figure>\n<\/div>\n<\/div>\n","protected":false},"excerpt":{"rendered":"<p>En el marco de los 26 a\u00f1os de vida institucional del Consejo Nacional para la Atenci\u00f3n de las Personas con Discapacidad (CONADI), se llev\u00f3 a cabo una conferencia de prensa titulada \u201cPersonas con discapacidad Demandan un Voto Inclusivo\u201d para dar cumplimiento al art\u00edculo 29 de la Convenci\u00f3n sobre las Personas con Discapacidad. Este pronunciamiento se &hellip; <\/p>\n<p class=\"link-more\"><a href=\"https:\/\/conadi.gob.gt\/web\/personas-con-discapacidad-demandan-un-voto-inclusivo\/\" class=\"more-link\">Leer m\u00e1s<span class=\"screen-reader-text\"> \u00abPERSONAS CON DISCAPACIDAD DEMANDAN UN VOTO INCLUSIVO\u00bb<\/span><\/a><\/p>\n","protected":false},"author":12,"featured_media":13445,"comment_status":"closed","ping_status":"closed","sticky":false,"template":"","format":"standard","meta":{"footnotes":""},"categories":[3],"tags":[],"class_list":["post-13437","post","type-post","status-publish","format-standard","has-post-thumbnail","hentry","category-noticias"],"_links":{"self":[{"href":"https:\/\/conadi.gob.gt\/web\/wp-json\/wp\/v2\/posts\/13437","targetHints":{"allow":["GET"]}}],"collection":[{"href":"https:\/\/conadi.gob.gt\/web\/wp-json\/wp\/v2\/posts"}],"about":[{"href":"https:\/\/conadi.gob.gt\/web\/wp-json\/wp\/v2\/types\/post"}],"author":[{"embeddable":true,"href":"https:\/\/conadi.gob.gt\/web\/wp-json\/wp\/v2\/users\/12"}],"replies":[{"embeddable":true,"href":"https:\/\/conadi.gob.gt\/web\/wp-json\/wp\/v2\/comments?post=13437"}],"version-history":[{"count":2,"href":"https:\/\/conadi.gob.gt\/web\/wp-json\/wp\/v2\/posts\/13437\/revisions"}],"predecessor-version":[{"id":13448,"href":"https:\/\/conadi.gob.gt\/web\/wp-json\/wp\/v2\/posts\/13437\/revisions\/13448"}],"wp:featuredmedia":[{"embeddable":true,"href":"https:\/\/conadi.gob.gt\/web\/wp-json\/wp\/v2\/media\/13445"}],"wp:attachment":[{"href":"https:\/\/conadi.gob.gt\/web\/wp-json\/wp\/v2\/media?parent=13437"}],"wp:term":[{"taxonomy":"category","embeddable":true,"href":"https:\/\/conadi.gob.gt\/web\/wp-json\/wp\/v2\/categories?post=13437"},{"taxonomy":"post_tag","embeddable":true,"href":"https:\/\/conadi.gob.gt\/web\/wp-json\/wp\/v2\/tags?post=13437"}],"curies":[{"name":"wp","href":"https:\/\/api.w.org\/{rel}","templated":true}]}}