{"id":13472,"date":"2023-05-29T13:41:23","date_gmt":"2023-05-29T13:41:23","guid":{"rendered":"https:\/\/conadi.gob.gt\/web\/?p=13472"},"modified":"2023-05-29T16:12:57","modified_gmt":"2023-05-29T16:12:57","slug":"el-conadi-realiza-foro-candidatos-a-alcalde-del-puerto-de-san-jose-escuintla","status":"publish","type":"post","link":"https:\/\/conadi.gob.gt\/web\/el-conadi-realiza-foro-candidatos-a-alcalde-del-puerto-de-san-jose-escuintla\/","title":{"rendered":"EL CONADI, REALIZA FORO CANDIDATOS A ALCALDE DEL PUERTO DE SAN JOS\u00c9, ESCUINTLA"},"content":{"rendered":"\n<p>En el municipio del Puerto de San Jos\u00e9, Escuintla se llev\u00f3 a cabo el foro candidatos a alcalde \u00abRetos y estrategias por la inclusi\u00f3n de las personas discapacidad en la sociedad\u00bb<\/p>\n\n\n\n<figure class=\"wp-block-image size-large\"><img loading=\"lazy\" decoding=\"async\" width=\"1024\" height=\"682\" src=\"https:\/\/conadi.gob.gt\/web\/wp-content\/uploads\/2023\/05\/WhatsApp-Image-2023-05-28-at-20.21.40-1-1024x682.jpeg\" alt=\"\" class=\"wp-image-13473\" srcset=\"https:\/\/conadi.gob.gt\/web\/wp-content\/uploads\/2023\/05\/WhatsApp-Image-2023-05-28-at-20.21.40-1-1024x682.jpeg 1024w, https:\/\/conadi.gob.gt\/web\/wp-content\/uploads\/2023\/05\/WhatsApp-Image-2023-05-28-at-20.21.40-1-300x200.jpeg 300w, https:\/\/conadi.gob.gt\/web\/wp-content\/uploads\/2023\/05\/WhatsApp-Image-2023-05-28-at-20.21.40-1-768x512.jpeg 768w, https:\/\/conadi.gob.gt\/web\/wp-content\/uploads\/2023\/05\/WhatsApp-Image-2023-05-28-at-20.21.40-1-1536x1023.jpeg 1536w, https:\/\/conadi.gob.gt\/web\/wp-content\/uploads\/2023\/05\/WhatsApp-Image-2023-05-28-at-20.21.40-1.jpeg 1600w\" sizes=\"auto, (max-width: 1024px) 100vw, 1024px\" \/><\/figure>\n\n\n\n<p>El foro cont\u00f3 con la participaci\u00f3n de los candidatos: Edi Chang de TODOS; Pablo Grajeda de MLP; Esteban L\u00f3pez de PR; Mario Hern\u00e1ndez de Comunidad Elefante; Aines Pineda de Movimiento Semilla; Caleb Ortiz de UNE; Walter Lemus de CABAL; William aif\u00e1n de Comit\u00e9 C\u00edvico MAR; Perla Mar\u00edn de VIVA y Vinicio Najarro de VAMOS.<\/p>\n\n\n\n<p>Cada candidato tuvo la oportunidad de indicar \u00bfc\u00f3mo abordar\u00e1n, la inclusi\u00f3n en sus planes, proyectos y programas de su administraci\u00f3n para el bienestar de las personas con discapacidad mediante el respeto mutuo en el gobierno municipal?. Y \u00bfc\u00f3mo la poblaci\u00f3n de personas con discapacidad pueden alcanzar derechos y c\u00f3mo van a promover el Decreto 135-96 Ley de Personas con Discapacidad.<\/p>\n\n\n\n<p>Al finalizar el foro, Clarivel Castillo, presidenta del CONADI hizo el llamado a todos los candidatos electos para que incluyan a todas las personas discapacidad en su gesti\u00f3n y que velen por del cumplimiento de sus derechos como: salud, educaci\u00f3n, trabajo, rehabilitaci\u00f3n y garantizar la accesibilidad universal en las infraestructuras del municipio.<\/p>\n\n\n\n<figure class=\"wp-block-image size-large\"><img loading=\"lazy\" decoding=\"async\" width=\"1024\" height=\"682\" src=\"https:\/\/conadi.gob.gt\/web\/wp-content\/uploads\/2023\/05\/WhatsApp-Image-2023-05-28-at-20.21.40-1024x682.jpeg\" alt=\"\" class=\"wp-image-13475\" srcset=\"https:\/\/conadi.gob.gt\/web\/wp-content\/uploads\/2023\/05\/WhatsApp-Image-2023-05-28-at-20.21.40-1024x682.jpeg 1024w, https:\/\/conadi.gob.gt\/web\/wp-content\/uploads\/2023\/05\/WhatsApp-Image-2023-05-28-at-20.21.40-300x200.jpeg 300w, https:\/\/conadi.gob.gt\/web\/wp-content\/uploads\/2023\/05\/WhatsApp-Image-2023-05-28-at-20.21.40-768x512.jpeg 768w, https:\/\/conadi.gob.gt\/web\/wp-content\/uploads\/2023\/05\/WhatsApp-Image-2023-05-28-at-20.21.40-1536x1023.jpeg 1536w, https:\/\/conadi.gob.gt\/web\/wp-content\/uploads\/2023\/05\/WhatsApp-Image-2023-05-28-at-20.21.40.jpeg 1600w\" sizes=\"auto, (max-width: 1024px) 100vw, 1024px\" \/><\/figure>\n\n\n\n<p>Este foro fue organizado por la Asociaci\u00f3n Acci\u00f3n Colectiva para las Personas con Discapacidad (ACPD) de San Jos\u00e9 y el Consejo Nacional para la Atenci\u00f3n de las Personas con Discapacidad CONADI, el Consejo Municipal de los Derechos Humanos de las Personas con Discapacidad&nbsp;(COMUDIS) en coordinaci\u00f3n con las organizaciones de sociedad civil, Oficina Municipal de Discapacidad del Puerto de San Jos\u00e9, capilla de la Polic\u00eda Nacional, Guatemala TV, Compa\u00f1\u00eda de la Hermandad de la Iglesia Cat\u00f3lica del Puerto de San Jos\u00e9.<\/p>\n\n\n\n<div class=\"wp-block-columns is-layout-flex wp-container-core-columns-is-layout-28f84493 wp-block-columns-is-layout-flex\">\n<div class=\"wp-block-column is-layout-flow wp-block-column-is-layout-flow\">\n<figure class=\"wp-block-image size-large\"><img loading=\"lazy\" decoding=\"async\" width=\"1024\" height=\"682\" src=\"https:\/\/conadi.gob.gt\/web\/wp-content\/uploads\/2023\/05\/WhatsApp-Image-2023-05-28-at-20.21.39-1024x682.jpeg\" alt=\"\" class=\"wp-image-13474\" srcset=\"https:\/\/conadi.gob.gt\/web\/wp-content\/uploads\/2023\/05\/WhatsApp-Image-2023-05-28-at-20.21.39-1024x682.jpeg 1024w, https:\/\/conadi.gob.gt\/web\/wp-content\/uploads\/2023\/05\/WhatsApp-Image-2023-05-28-at-20.21.39-300x200.jpeg 300w, https:\/\/conadi.gob.gt\/web\/wp-content\/uploads\/2023\/05\/WhatsApp-Image-2023-05-28-at-20.21.39-768x512.jpeg 768w, https:\/\/conadi.gob.gt\/web\/wp-content\/uploads\/2023\/05\/WhatsApp-Image-2023-05-28-at-20.21.39-1536x1023.jpeg 1536w, https:\/\/conadi.gob.gt\/web\/wp-content\/uploads\/2023\/05\/WhatsApp-Image-2023-05-28-at-20.21.39.jpeg 1600w\" sizes=\"auto, (max-width: 1024px) 100vw, 1024px\" \/><\/figure>\n<\/div>\n\n\n\n<div class=\"wp-block-column is-layout-flow wp-block-column-is-layout-flow\">\n<figure class=\"wp-block-image size-large\"><img loading=\"lazy\" decoding=\"async\" width=\"1024\" height=\"682\" src=\"https:\/\/conadi.gob.gt\/web\/wp-content\/uploads\/2023\/05\/WhatsApp-Image-2023-05-28-at-20.21.39-2-1024x682.jpeg\" alt=\"\" class=\"wp-image-13476\" srcset=\"https:\/\/conadi.gob.gt\/web\/wp-content\/uploads\/2023\/05\/WhatsApp-Image-2023-05-28-at-20.21.39-2-1024x682.jpeg 1024w, https:\/\/conadi.gob.gt\/web\/wp-content\/uploads\/2023\/05\/WhatsApp-Image-2023-05-28-at-20.21.39-2-300x200.jpeg 300w, https:\/\/conadi.gob.gt\/web\/wp-content\/uploads\/2023\/05\/WhatsApp-Image-2023-05-28-at-20.21.39-2-768x512.jpeg 768w, https:\/\/conadi.gob.gt\/web\/wp-content\/uploads\/2023\/05\/WhatsApp-Image-2023-05-28-at-20.21.39-2-1536x1023.jpeg 1536w, https:\/\/conadi.gob.gt\/web\/wp-content\/uploads\/2023\/05\/WhatsApp-Image-2023-05-28-at-20.21.39-2.jpeg 1600w\" sizes=\"auto, (max-width: 1024px) 100vw, 1024px\" \/><\/figure>\n<\/div>\n\n\n\n<div class=\"wp-block-column is-layout-flow wp-block-column-is-layout-flow\">\n<figure class=\"wp-block-image size-large\"><img loading=\"lazy\" decoding=\"async\" width=\"1024\" height=\"682\" src=\"https:\/\/conadi.gob.gt\/web\/wp-content\/uploads\/2023\/05\/WhatsApp-Image-2023-05-28-at-20.21.40-2-1024x682.jpeg\" alt=\"\" class=\"wp-image-13477\" srcset=\"https:\/\/conadi.gob.gt\/web\/wp-content\/uploads\/2023\/05\/WhatsApp-Image-2023-05-28-at-20.21.40-2-1024x682.jpeg 1024w, https:\/\/conadi.gob.gt\/web\/wp-content\/uploads\/2023\/05\/WhatsApp-Image-2023-05-28-at-20.21.40-2-300x200.jpeg 300w, https:\/\/conadi.gob.gt\/web\/wp-content\/uploads\/2023\/05\/WhatsApp-Image-2023-05-28-at-20.21.40-2-768x512.jpeg 768w, https:\/\/conadi.gob.gt\/web\/wp-content\/uploads\/2023\/05\/WhatsApp-Image-2023-05-28-at-20.21.40-2-1536x1023.jpeg 1536w, https:\/\/conadi.gob.gt\/web\/wp-content\/uploads\/2023\/05\/WhatsApp-Image-2023-05-28-at-20.21.40-2.jpeg 1600w\" sizes=\"auto, (max-width: 1024px) 100vw, 1024px\" \/><\/figure>\n<\/div>\n<\/div>\n\n\n\n<div class=\"wp-block-columns is-layout-flex wp-container-core-columns-is-layout-28f84493 wp-block-columns-is-layout-flex\">\n<div class=\"wp-block-column is-layout-flow wp-block-column-is-layout-flow\">\n<figure class=\"wp-block-image size-large\"><img loading=\"lazy\" decoding=\"async\" width=\"1024\" height=\"682\" src=\"https:\/\/conadi.gob.gt\/web\/wp-content\/uploads\/2023\/05\/WhatsApp-Image-2023-05-28-at-20.21.40-3-1024x682.jpeg\" alt=\"\" class=\"wp-image-13478\" srcset=\"https:\/\/conadi.gob.gt\/web\/wp-content\/uploads\/2023\/05\/WhatsApp-Image-2023-05-28-at-20.21.40-3-1024x682.jpeg 1024w, https:\/\/conadi.gob.gt\/web\/wp-content\/uploads\/2023\/05\/WhatsApp-Image-2023-05-28-at-20.21.40-3-300x200.jpeg 300w, https:\/\/conadi.gob.gt\/web\/wp-content\/uploads\/2023\/05\/WhatsApp-Image-2023-05-28-at-20.21.40-3-768x512.jpeg 768w, https:\/\/conadi.gob.gt\/web\/wp-content\/uploads\/2023\/05\/WhatsApp-Image-2023-05-28-at-20.21.40-3-1536x1023.jpeg 1536w, https:\/\/conadi.gob.gt\/web\/wp-content\/uploads\/2023\/05\/WhatsApp-Image-2023-05-28-at-20.21.40-3.jpeg 1600w\" sizes=\"auto, (max-width: 1024px) 100vw, 1024px\" \/><\/figure>\n<\/div>\n\n\n\n<div class=\"wp-block-column is-layout-flow wp-block-column-is-layout-flow\">\n<figure class=\"wp-block-image size-large\"><img loading=\"lazy\" decoding=\"async\" width=\"1024\" height=\"682\" src=\"https:\/\/conadi.gob.gt\/web\/wp-content\/uploads\/2023\/05\/WhatsApp-Image-2023-05-28-at-20.20.14-1024x682.jpeg\" alt=\"\" class=\"wp-image-13479\" srcset=\"https:\/\/conadi.gob.gt\/web\/wp-content\/uploads\/2023\/05\/WhatsApp-Image-2023-05-28-at-20.20.14-1024x682.jpeg 1024w, https:\/\/conadi.gob.gt\/web\/wp-content\/uploads\/2023\/05\/WhatsApp-Image-2023-05-28-at-20.20.14-300x200.jpeg 300w, https:\/\/conadi.gob.gt\/web\/wp-content\/uploads\/2023\/05\/WhatsApp-Image-2023-05-28-at-20.20.14-768x512.jpeg 768w, https:\/\/conadi.gob.gt\/web\/wp-content\/uploads\/2023\/05\/WhatsApp-Image-2023-05-28-at-20.20.14-1536x1023.jpeg 1536w, https:\/\/conadi.gob.gt\/web\/wp-content\/uploads\/2023\/05\/WhatsApp-Image-2023-05-28-at-20.20.14.jpeg 1600w\" sizes=\"auto, (max-width: 1024px) 100vw, 1024px\" \/><\/figure>\n<\/div>\n\n\n\n<div class=\"wp-block-column is-layout-flow wp-block-column-is-layout-flow\">\n<figure class=\"wp-block-image size-large\"><img loading=\"lazy\" decoding=\"async\" width=\"1024\" height=\"682\" src=\"https:\/\/conadi.gob.gt\/web\/wp-content\/uploads\/2023\/05\/WhatsApp-Image-2023-05-28-at-20.21.39-3-1024x682.jpeg\" alt=\"\" class=\"wp-image-13480\" srcset=\"https:\/\/conadi.gob.gt\/web\/wp-content\/uploads\/2023\/05\/WhatsApp-Image-2023-05-28-at-20.21.39-3-1024x682.jpeg 1024w, https:\/\/conadi.gob.gt\/web\/wp-content\/uploads\/2023\/05\/WhatsApp-Image-2023-05-28-at-20.21.39-3-300x200.jpeg 300w, https:\/\/conadi.gob.gt\/web\/wp-content\/uploads\/2023\/05\/WhatsApp-Image-2023-05-28-at-20.21.39-3-768x512.jpeg 768w, https:\/\/conadi.gob.gt\/web\/wp-content\/uploads\/2023\/05\/WhatsApp-Image-2023-05-28-at-20.21.39-3-1536x1023.jpeg 1536w, https:\/\/conadi.gob.gt\/web\/wp-content\/uploads\/2023\/05\/WhatsApp-Image-2023-05-28-at-20.21.39-3.jpeg 1600w\" sizes=\"auto, (max-width: 1024px) 100vw, 1024px\" \/><\/figure>\n<\/div>\n<\/div>\n","protected":false},"excerpt":{"rendered":"<p>En el municipio del Puerto de San Jos\u00e9, Escuintla se llev\u00f3 a cabo el foro candidatos a alcalde \u00abRetos y estrategias por la inclusi\u00f3n de las personas discapacidad en la sociedad\u00bb El foro cont\u00f3 con la participaci\u00f3n de los candidatos: Edi Chang de TODOS; Pablo Grajeda de MLP; Esteban L\u00f3pez de PR; Mario Hern\u00e1ndez de &hellip; <\/p>\n<p class=\"link-more\"><a href=\"https:\/\/conadi.gob.gt\/web\/el-conadi-realiza-foro-candidatos-a-alcalde-del-puerto-de-san-jose-escuintla\/\" class=\"more-link\">Leer m\u00e1s<span class=\"screen-reader-text\"> \u00abEL CONADI, REALIZA FORO CANDIDATOS A ALCALDE DEL PUERTO DE SAN JOS\u00c9, ESCUINTLA\u00bb<\/span><\/a><\/p>\n","protected":false},"author":12,"featured_media":13479,"comment_status":"closed","ping_status":"closed","sticky":false,"template":"","format":"standard","meta":{"footnotes":""},"categories":[3],"tags":[],"class_list":["post-13472","post","type-post","status-publish","format-standard","has-post-thumbnail","hentry","category-noticias"],"_links":{"self":[{"href":"https:\/\/conadi.gob.gt\/web\/wp-json\/wp\/v2\/posts\/13472","targetHints":{"allow":["GET"]}}],"collection":[{"href":"https:\/\/conadi.gob.gt\/web\/wp-json\/wp\/v2\/posts"}],"about":[{"href":"https:\/\/conadi.gob.gt\/web\/wp-json\/wp\/v2\/types\/post"}],"author":[{"embeddable":true,"href":"https:\/\/conadi.gob.gt\/web\/wp-json\/wp\/v2\/users\/12"}],"replies":[{"embeddable":true,"href":"https:\/\/conadi.gob.gt\/web\/wp-json\/wp\/v2\/comments?post=13472"}],"version-history":[{"count":3,"href":"https:\/\/conadi.gob.gt\/web\/wp-json\/wp\/v2\/posts\/13472\/revisions"}],"predecessor-version":[{"id":13489,"href":"https:\/\/conadi.gob.gt\/web\/wp-json\/wp\/v2\/posts\/13472\/revisions\/13489"}],"wp:featuredmedia":[{"embeddable":true,"href":"https:\/\/conadi.gob.gt\/web\/wp-json\/wp\/v2\/media\/13479"}],"wp:attachment":[{"href":"https:\/\/conadi.gob.gt\/web\/wp-json\/wp\/v2\/media?parent=13472"}],"wp:term":[{"taxonomy":"category","embeddable":true,"href":"https:\/\/conadi.gob.gt\/web\/wp-json\/wp\/v2\/categories?post=13472"},{"taxonomy":"post_tag","embeddable":true,"href":"https:\/\/conadi.gob.gt\/web\/wp-json\/wp\/v2\/tags?post=13472"}],"curies":[{"name":"wp","href":"https:\/\/api.w.org\/{rel}","templated":true}]}}