{"id":13549,"date":"2023-06-16T15:51:00","date_gmt":"2023-06-16T15:51:00","guid":{"rendered":"https:\/\/conadi.gob.gt\/web\/?p=13549"},"modified":"2023-06-16T15:55:54","modified_gmt":"2023-06-16T15:55:54","slug":"firman-alianza-estrategica-en-beneficio-de-las-personas-con-discapacidad","status":"publish","type":"post","link":"https:\/\/conadi.gob.gt\/web\/firman-alianza-estrategica-en-beneficio-de-las-personas-con-discapacidad\/","title":{"rendered":"FIRMAN ALIANZA ESTRAT\u00c9GICA EN BENEFICIO DE LAS PERSONAS CON DISCAPACIDAD"},"content":{"rendered":"\n<p>Firman convenio de cooperaci\u00f3n &nbsp;interinstitucional el Ministerio de Econom\u00eda (MINECO) y el Consejo Nacional para la Atenci\u00f3n de las Personas con Discapacidad (CONADI), el cual busca la identificaci\u00f3n, formulaci\u00f3n, promoci\u00f3n y ejecuci\u00f3n de acciones conjuntas que impulsen el desarrollo inclusivo y la atenci\u00f3n integral de las personas con discapacidad para el fomento y promoci\u00f3n de su desarrollo econ\u00f3mico.<\/p>\n\n\n\n<figure class=\"wp-block-image size-large is-resized\"><img loading=\"lazy\" decoding=\"async\" src=\"https:\/\/conadi.gob.gt\/web\/wp-content\/uploads\/2023\/06\/WhatsApp-Image-2023-06-16-at-09.35.03-2-1024x682.jpeg\" alt=\"\" class=\"wp-image-13551\" width=\"840\" height=\"559\" srcset=\"https:\/\/conadi.gob.gt\/web\/wp-content\/uploads\/2023\/06\/WhatsApp-Image-2023-06-16-at-09.35.03-2-1024x682.jpeg 1024w, https:\/\/conadi.gob.gt\/web\/wp-content\/uploads\/2023\/06\/WhatsApp-Image-2023-06-16-at-09.35.03-2-300x200.jpeg 300w, https:\/\/conadi.gob.gt\/web\/wp-content\/uploads\/2023\/06\/WhatsApp-Image-2023-06-16-at-09.35.03-2-768x512.jpeg 768w, https:\/\/conadi.gob.gt\/web\/wp-content\/uploads\/2023\/06\/WhatsApp-Image-2023-06-16-at-09.35.03-2-1536x1023.jpeg 1536w, https:\/\/conadi.gob.gt\/web\/wp-content\/uploads\/2023\/06\/WhatsApp-Image-2023-06-16-at-09.35.03-2.jpeg 1600w\" sizes=\"auto, (max-width: 840px) 100vw, 840px\" \/><figcaption><strong><mark style=\"background-color:#0693e3\" class=\"has-inline-color has-white-color\">Esta firma estuvo a cargo de Clarivel Castillo, presidenta del CONADI y Janio Rosales Ministro de Econom\u00eda.<\/mark><\/strong><\/figcaption><\/figure>\n\n\n\n<p>En su mensaje institucional Janio Rosales, ministro\u00a0 de Econom\u00eda recalc\u00f3 su compromiso de facilitar procesos de concientizaci\u00f3n y formaci\u00f3n al personal\u00a0 que integran el MINECO, sobre el abordaje de la discapacidad y los derechos de las personas con discapacidad y sus familias<\/p>\n\n\n\n<p>En tanto, Clarivel Castillo, presidenta del CONADI indic\u00f3 que&nbsp; esta suscripci\u00f3n de convenio fortalecer\u00e1 el trabajo de ambas instituciones para promover acciones en beneficio de las personas con discapacidad.<\/p>\n\n\n\n<p>El segundo convenio fue suscrito con la Direcci\u00f3n General Del Sistema Penitenciario y el Conadi, esta alianza fue suscrita por Joaqu\u00edn Rodrigo Flores Guzm\u00e1n, Director General de la Direcci\u00f3n General del Sistema Penitenciario y Clarivel Castillo, presidenta del Consejo Nacional para la Atenci\u00f3n de las Personas con Discapacidad, este convenio tiene por objeto promover e implementar pol\u00edticas, programas y servicios con enfoque de derechos humanos, orientados a garantizar la inclusi\u00f3n de los privados de libertad con discapacidad en los Centros de Detenci\u00f3n Preventiva y de Cumplimiento de Condena a cargo de la Direcci\u00f3n del Sistema Penitenciario, este convenio tiene una vigencia de 5 a\u00f1os a partir de su suscripci\u00f3n.<\/p>\n\n\n\n<figure class=\"wp-block-image size-large\"><img loading=\"lazy\" decoding=\"async\" width=\"1024\" height=\"682\" src=\"https:\/\/conadi.gob.gt\/web\/wp-content\/uploads\/2023\/06\/WhatsApp-Image-2023-06-16-at-09.35.03-1-1024x682.jpeg\" alt=\"\" class=\"wp-image-13550\" srcset=\"https:\/\/conadi.gob.gt\/web\/wp-content\/uploads\/2023\/06\/WhatsApp-Image-2023-06-16-at-09.35.03-1-1024x682.jpeg 1024w, https:\/\/conadi.gob.gt\/web\/wp-content\/uploads\/2023\/06\/WhatsApp-Image-2023-06-16-at-09.35.03-1-300x200.jpeg 300w, https:\/\/conadi.gob.gt\/web\/wp-content\/uploads\/2023\/06\/WhatsApp-Image-2023-06-16-at-09.35.03-1-768x512.jpeg 768w, https:\/\/conadi.gob.gt\/web\/wp-content\/uploads\/2023\/06\/WhatsApp-Image-2023-06-16-at-09.35.03-1-1536x1023.jpeg 1536w, https:\/\/conadi.gob.gt\/web\/wp-content\/uploads\/2023\/06\/WhatsApp-Image-2023-06-16-at-09.35.03-1.jpeg 1600w\" sizes=\"auto, (max-width: 1024px) 100vw, 1024px\" \/><\/figure>\n\n\n\n<p>Entre los compromisos adquiridos en la suscripci\u00f3n de este convenio est\u00e1: el brindar acompa\u00f1amiento t\u00e9cnico del CONADI a la Direcci\u00f3n en la organizaci\u00f3n y promoci\u00f3n de procesos de concientizaci\u00f3n y capacitaci\u00f3n sobre discapacidad y acceso a la justicia de las personas con discapacidad que se encuentran en los Centros de Detenci\u00f3n Preventiva; Conformar un equipo interdisciplinario con los miembros de organizaciones e instituciones vinculadas al acceso a la justicia de las personas con discapacidad, para integrar la mesa t\u00e9cnica que para el efecto se establecer\u00e1, con la finalidad de proporcionar la atenci\u00f3n necesaria a las personas con discapacidad en los Centros de Detenci\u00f3n Preventiva.<\/p>\n\n\n\n<p>La Direcci\u00f3n General Del Sistema Penitenciario, se compromete a coordinar con el CONADI acciones orientadas a mejorar la atenci\u00f3n de las personas con discapacidad, que se encuentren privadas de libertad en los Centros de Detenci\u00f3n Preventiva; distribuir el material formativo e informativo sobre el acceso a la justicia de las personas con discapacidad, proporcionado por el CONADI<\/p>\n\n\n\n<div class=\"wp-block-columns is-layout-flex wp-container-core-columns-is-layout-28f84493 wp-block-columns-is-layout-flex\">\n<div class=\"wp-block-column is-layout-flow wp-block-column-is-layout-flow\">\n<figure class=\"wp-block-image size-large\"><img loading=\"lazy\" decoding=\"async\" width=\"1024\" height=\"682\" src=\"https:\/\/conadi.gob.gt\/web\/wp-content\/uploads\/2023\/06\/WhatsApp-Image-2023-06-16-at-09.35.03-3-1024x682.jpeg\" alt=\"\" class=\"wp-image-13552\" srcset=\"https:\/\/conadi.gob.gt\/web\/wp-content\/uploads\/2023\/06\/WhatsApp-Image-2023-06-16-at-09.35.03-3-1024x682.jpeg 1024w, https:\/\/conadi.gob.gt\/web\/wp-content\/uploads\/2023\/06\/WhatsApp-Image-2023-06-16-at-09.35.03-3-300x200.jpeg 300w, https:\/\/conadi.gob.gt\/web\/wp-content\/uploads\/2023\/06\/WhatsApp-Image-2023-06-16-at-09.35.03-3-768x512.jpeg 768w, https:\/\/conadi.gob.gt\/web\/wp-content\/uploads\/2023\/06\/WhatsApp-Image-2023-06-16-at-09.35.03-3-1536x1023.jpeg 1536w, https:\/\/conadi.gob.gt\/web\/wp-content\/uploads\/2023\/06\/WhatsApp-Image-2023-06-16-at-09.35.03-3.jpeg 1600w\" sizes=\"auto, (max-width: 1024px) 100vw, 1024px\" \/><\/figure>\n<\/div>\n\n\n\n<div class=\"wp-block-column is-layout-flow wp-block-column-is-layout-flow\">\n<figure class=\"wp-block-image size-large\"><img loading=\"lazy\" decoding=\"async\" width=\"1024\" height=\"682\" src=\"https:\/\/conadi.gob.gt\/web\/wp-content\/uploads\/2023\/06\/WhatsApp-Image-2023-06-16-at-09.35.03-4-1024x682.jpeg\" alt=\"\" class=\"wp-image-13553\" srcset=\"https:\/\/conadi.gob.gt\/web\/wp-content\/uploads\/2023\/06\/WhatsApp-Image-2023-06-16-at-09.35.03-4-1024x682.jpeg 1024w, https:\/\/conadi.gob.gt\/web\/wp-content\/uploads\/2023\/06\/WhatsApp-Image-2023-06-16-at-09.35.03-4-300x200.jpeg 300w, https:\/\/conadi.gob.gt\/web\/wp-content\/uploads\/2023\/06\/WhatsApp-Image-2023-06-16-at-09.35.03-4-768x512.jpeg 768w, https:\/\/conadi.gob.gt\/web\/wp-content\/uploads\/2023\/06\/WhatsApp-Image-2023-06-16-at-09.35.03-4-1536x1023.jpeg 1536w, https:\/\/conadi.gob.gt\/web\/wp-content\/uploads\/2023\/06\/WhatsApp-Image-2023-06-16-at-09.35.03-4.jpeg 1600w\" sizes=\"auto, (max-width: 1024px) 100vw, 1024px\" \/><\/figure>\n<\/div>\n\n\n\n<div class=\"wp-block-column is-layout-flow wp-block-column-is-layout-flow\">\n<figure class=\"wp-block-image size-large\"><img loading=\"lazy\" decoding=\"async\" width=\"1024\" height=\"682\" src=\"https:\/\/conadi.gob.gt\/web\/wp-content\/uploads\/2023\/06\/WhatsApp-Image-2023-06-16-at-09.35.03-1024x682.jpeg\" alt=\"\" class=\"wp-image-13554\" srcset=\"https:\/\/conadi.gob.gt\/web\/wp-content\/uploads\/2023\/06\/WhatsApp-Image-2023-06-16-at-09.35.03-1024x682.jpeg 1024w, https:\/\/conadi.gob.gt\/web\/wp-content\/uploads\/2023\/06\/WhatsApp-Image-2023-06-16-at-09.35.03-300x200.jpeg 300w, https:\/\/conadi.gob.gt\/web\/wp-content\/uploads\/2023\/06\/WhatsApp-Image-2023-06-16-at-09.35.03-768x512.jpeg 768w, https:\/\/conadi.gob.gt\/web\/wp-content\/uploads\/2023\/06\/WhatsApp-Image-2023-06-16-at-09.35.03-1536x1023.jpeg 1536w, https:\/\/conadi.gob.gt\/web\/wp-content\/uploads\/2023\/06\/WhatsApp-Image-2023-06-16-at-09.35.03.jpeg 1600w\" sizes=\"auto, (max-width: 1024px) 100vw, 1024px\" \/><\/figure>\n<\/div>\n<\/div>\n","protected":false},"excerpt":{"rendered":"<p>Firman convenio de cooperaci\u00f3n &nbsp;interinstitucional el Ministerio de Econom\u00eda (MINECO) y el Consejo Nacional para la Atenci\u00f3n de las Personas con Discapacidad (CONADI), el cual busca la identificaci\u00f3n, formulaci\u00f3n, promoci\u00f3n y ejecuci\u00f3n de acciones conjuntas que impulsen el desarrollo inclusivo y la atenci\u00f3n integral de las personas con discapacidad para el fomento y promoci\u00f3n de &hellip; <\/p>\n<p class=\"link-more\"><a href=\"https:\/\/conadi.gob.gt\/web\/firman-alianza-estrategica-en-beneficio-de-las-personas-con-discapacidad\/\" class=\"more-link\">Leer m\u00e1s<span class=\"screen-reader-text\"> \u00abFIRMAN ALIANZA ESTRAT\u00c9GICA EN BENEFICIO DE LAS PERSONAS CON DISCAPACIDAD\u00bb<\/span><\/a><\/p>\n","protected":false},"author":12,"featured_media":13551,"comment_status":"closed","ping_status":"closed","sticky":false,"template":"","format":"standard","meta":{"footnotes":""},"categories":[3],"tags":[],"class_list":["post-13549","post","type-post","status-publish","format-standard","has-post-thumbnail","hentry","category-noticias"],"_links":{"self":[{"href":"https:\/\/conadi.gob.gt\/web\/wp-json\/wp\/v2\/posts\/13549","targetHints":{"allow":["GET"]}}],"collection":[{"href":"https:\/\/conadi.gob.gt\/web\/wp-json\/wp\/v2\/posts"}],"about":[{"href":"https:\/\/conadi.gob.gt\/web\/wp-json\/wp\/v2\/types\/post"}],"author":[{"embeddable":true,"href":"https:\/\/conadi.gob.gt\/web\/wp-json\/wp\/v2\/users\/12"}],"replies":[{"embeddable":true,"href":"https:\/\/conadi.gob.gt\/web\/wp-json\/wp\/v2\/comments?post=13549"}],"version-history":[{"count":5,"href":"https:\/\/conadi.gob.gt\/web\/wp-json\/wp\/v2\/posts\/13549\/revisions"}],"predecessor-version":[{"id":13561,"href":"https:\/\/conadi.gob.gt\/web\/wp-json\/wp\/v2\/posts\/13549\/revisions\/13561"}],"wp:featuredmedia":[{"embeddable":true,"href":"https:\/\/conadi.gob.gt\/web\/wp-json\/wp\/v2\/media\/13551"}],"wp:attachment":[{"href":"https:\/\/conadi.gob.gt\/web\/wp-json\/wp\/v2\/media?parent=13549"}],"wp:term":[{"taxonomy":"category","embeddable":true,"href":"https:\/\/conadi.gob.gt\/web\/wp-json\/wp\/v2\/categories?post=13549"},{"taxonomy":"post_tag","embeddable":true,"href":"https:\/\/conadi.gob.gt\/web\/wp-json\/wp\/v2\/tags?post=13549"}],"curies":[{"name":"wp","href":"https:\/\/api.w.org\/{rel}","templated":true}]}}