{"id":13566,"date":"2023-06-16T22:26:05","date_gmt":"2023-06-16T22:26:05","guid":{"rendered":"https:\/\/conadi.gob.gt\/web\/?p=13566"},"modified":"2023-06-16T22:26:06","modified_gmt":"2023-06-16T22:26:06","slug":"foro-de-candidatos-a-diputados-del-congreso-de-la-republica-de-guatemala","status":"publish","type":"post","link":"https:\/\/conadi.gob.gt\/web\/foro-de-candidatos-a-diputados-del-congreso-de-la-republica-de-guatemala\/","title":{"rendered":"Foro de Candidatos a Diputados del Congreso de la Rep\u00fablica de Guatemala"},"content":{"rendered":"\n<p>Con el objetivo de realizar di\u00e1logos interactivos que permitan construir una agenda pol\u00edtica en relaci\u00f3n a los derechos de las personas con discapacidad, se llev\u00f3 a cabo el \u201cForo de Candidatos a Diputados al Congreso de la Rep\u00fablica de Guatemala\u201d, el cual fue dirigido a representantes de organizaciones de y para personas con discapacidad.<\/p>\n\n\n\n<figure class=\"wp-block-image size-large\"><img loading=\"lazy\" decoding=\"async\" width=\"1024\" height=\"682\" src=\"https:\/\/conadi.gob.gt\/web\/wp-content\/uploads\/2023\/06\/WhatsApp-Image-2023-06-16-at-15.32.16-2-1024x682.jpeg\" alt=\"\" class=\"wp-image-13568\" srcset=\"https:\/\/conadi.gob.gt\/web\/wp-content\/uploads\/2023\/06\/WhatsApp-Image-2023-06-16-at-15.32.16-2-1024x682.jpeg 1024w, https:\/\/conadi.gob.gt\/web\/wp-content\/uploads\/2023\/06\/WhatsApp-Image-2023-06-16-at-15.32.16-2-300x200.jpeg 300w, https:\/\/conadi.gob.gt\/web\/wp-content\/uploads\/2023\/06\/WhatsApp-Image-2023-06-16-at-15.32.16-2-768x512.jpeg 768w, https:\/\/conadi.gob.gt\/web\/wp-content\/uploads\/2023\/06\/WhatsApp-Image-2023-06-16-at-15.32.16-2-1536x1023.jpeg 1536w, https:\/\/conadi.gob.gt\/web\/wp-content\/uploads\/2023\/06\/WhatsApp-Image-2023-06-16-at-15.32.16-2.jpeg 1600w\" sizes=\"auto, (max-width: 1024px) 100vw, 1024px\" \/><\/figure>\n\n\n\n<p>Durante el desarrollo del Foro, cada uno de los candidatos a Diputados al Congreso de la Rep\u00fablica, tuvieron la oportunidad de exponer sus respuestas a las 4 preguntas realizadas por el CONADI, este espacio fue moderado por Gregorio Ch\u00e1vez, Comunicador Social y Vicepresidente de la C\u00e1mara de Locutores de Guatemala:<\/p>\n\n\n\n<ol class=\"wp-block-list\"><li>\u00bfCu\u00e1l es el rol que el Congreso ha desarrollado para la promulgaci\u00f3n de legislaci\u00f3n que promueva, proteja y garantice los derechos de las personas con discapacidad?<\/li><\/ol>\n\n\n\n<p>En esta cuestionante los candidatos concordaron en que se debi\u00f3 dar mayor importancia a que las iniciativas de ley pudieran avanzar, ya que algunas tienen a\u00f1os sin avance, entre ellas: Ley de la certificaci\u00f3n de la discapacidad, Ley de Fomento de Trabajo, empleo y emprendimiento a personas con discapacidad; se debi\u00f3 buscar dar un presupuesto digno al CONADI para que contin\u00fae trabajando en la incidencia y la promoci\u00f3n de los derechos de las personas con discapacidad.<\/p>\n\n\n\n<ol class=\"wp-block-list\" start=\"2\"><li>\u00bfCon su experiencia que estrategias deber\u00eda de seguir una persona diputada para poder liderar una agenda parlamentaria que incluya a las personas con discapacidad?<\/li><\/ol>\n\n\n\n<p>Los representantes de los partidos pol\u00edticos indicaron que se debe tener sensibilidad y voluntad pol\u00edtica, consensos, trasversalizar el tema de discapacidad en el Congreso; participaci\u00f3n de las personas con discapacidad en las decisiones del Congreso; visibilizaci\u00f3n; toma de conciencia en la decisi\u00f3n parlamentaria y que todas las leyes sean inclusivas.<\/p>\n\n\n\n<ol class=\"wp-block-list\" start=\"3\"><li>\u00bfQu\u00e9 acciones puede tomar una persona diputada o una bancada para poder incluir a las personas con discapacidad en el proceso legislativo que afecta directamente su desarrollo humano?<\/li><\/ol>\n\n\n\n<p>Para esta pregunta los parlamentarios manifestaron que deben haber incentivos, aumento de presupuesto; consenso, y avance de las iniciativas de ley en el congreso; mediaci\u00f3n con el sector empresarial para fomento de trabajo; acuerdo b\u00e1sico de consenso, modernizaci\u00f3n del estado con servicios incluyentes y programas sociales.<\/p>\n\n\n\n<ol class=\"wp-block-list\" start=\"4\"><li>\u00bfCon base a su conocimiento pudiera indicar que piezas legislativas son necesarias para pasar de una legislaci\u00f3n que ve a las personas con discapacidad como objeto a una que les reconozca como sujetos de derechos?<\/li><\/ol>\n\n\n\n<p>Dentro de sus respuestas estuvieron, que deben haber m\u00e1s capacitaciones, voluntad pol\u00edtica, priorizar recursos, legislar desde los derechos humanos con igualdad, proyectos de desarrollo, cumplimiento a la Convenci\u00f3n sobre los Derechos de las Personas con Discapacidad, fortalecer acciones, tomar en cuenta tratados internacionales, impulsar iniciativas de ley, actualizar la ENDIS, acceso a educaci\u00f3n en entornos inclusivos.<\/p>\n\n\n\n<figure class=\"wp-block-image size-large\"><img loading=\"lazy\" decoding=\"async\" width=\"1024\" height=\"682\" src=\"https:\/\/conadi.gob.gt\/web\/wp-content\/uploads\/2023\/06\/WhatsApp-Image-2023-06-16-at-15.32.15-1024x682.jpeg\" alt=\"\" class=\"wp-image-13569\" srcset=\"https:\/\/conadi.gob.gt\/web\/wp-content\/uploads\/2023\/06\/WhatsApp-Image-2023-06-16-at-15.32.15-1024x682.jpeg 1024w, https:\/\/conadi.gob.gt\/web\/wp-content\/uploads\/2023\/06\/WhatsApp-Image-2023-06-16-at-15.32.15-300x200.jpeg 300w, https:\/\/conadi.gob.gt\/web\/wp-content\/uploads\/2023\/06\/WhatsApp-Image-2023-06-16-at-15.32.15-768x512.jpeg 768w, https:\/\/conadi.gob.gt\/web\/wp-content\/uploads\/2023\/06\/WhatsApp-Image-2023-06-16-at-15.32.15-1536x1023.jpeg 1536w, https:\/\/conadi.gob.gt\/web\/wp-content\/uploads\/2023\/06\/WhatsApp-Image-2023-06-16-at-15.32.15.jpeg 1600w\" sizes=\"auto, (max-width: 1024px) 100vw, 1024px\" \/><\/figure>\n\n\n\n<p>Este foro cont\u00f3 con la participaci\u00f3n de los partidos pol\u00edticos: Cabal, Popular Guatemalteco, Victoria, URNG-MAIZ, Comunidad Elefante, Azul, Movimiento Semilla, Partido Republicano, Unidad Nacional de la Esperanza, Uni\u00f3n Republicana, Humanista de Guatemala y Mi Familia.<\/p>\n\n\n\n<p>Esta actividad fue organizada por el Departamento de Participaci\u00f3n Ciudadana del Consejo Nacional para la Atenci\u00f3n de las Personas con Discapacidad (CONADI).<\/p>\n\n\n\n<div class=\"wp-block-columns is-layout-flex wp-container-core-columns-is-layout-28f84493 wp-block-columns-is-layout-flex\">\n<div class=\"wp-block-column is-layout-flow wp-block-column-is-layout-flow\">\n<figure class=\"wp-block-image size-large\"><img loading=\"lazy\" decoding=\"async\" width=\"1024\" height=\"682\" src=\"https:\/\/conadi.gob.gt\/web\/wp-content\/uploads\/2023\/06\/WhatsApp-Image-2023-06-16-at-15.32.14-1024x682.jpeg\" alt=\"\" class=\"wp-image-13570\" srcset=\"https:\/\/conadi.gob.gt\/web\/wp-content\/uploads\/2023\/06\/WhatsApp-Image-2023-06-16-at-15.32.14-1024x682.jpeg 1024w, https:\/\/conadi.gob.gt\/web\/wp-content\/uploads\/2023\/06\/WhatsApp-Image-2023-06-16-at-15.32.14-300x200.jpeg 300w, https:\/\/conadi.gob.gt\/web\/wp-content\/uploads\/2023\/06\/WhatsApp-Image-2023-06-16-at-15.32.14-768x512.jpeg 768w, https:\/\/conadi.gob.gt\/web\/wp-content\/uploads\/2023\/06\/WhatsApp-Image-2023-06-16-at-15.32.14-1536x1023.jpeg 1536w, https:\/\/conadi.gob.gt\/web\/wp-content\/uploads\/2023\/06\/WhatsApp-Image-2023-06-16-at-15.32.14.jpeg 1600w\" sizes=\"auto, (max-width: 1024px) 100vw, 1024px\" \/><\/figure>\n<\/div>\n\n\n\n<div class=\"wp-block-column is-layout-flow wp-block-column-is-layout-flow\">\n<figure class=\"wp-block-image size-large\"><img loading=\"lazy\" decoding=\"async\" width=\"1024\" height=\"682\" src=\"https:\/\/conadi.gob.gt\/web\/wp-content\/uploads\/2023\/06\/WhatsApp-Image-2023-06-16-at-15.32.15-1-1024x682.jpeg\" alt=\"\" class=\"wp-image-13571\" srcset=\"https:\/\/conadi.gob.gt\/web\/wp-content\/uploads\/2023\/06\/WhatsApp-Image-2023-06-16-at-15.32.15-1-1024x682.jpeg 1024w, https:\/\/conadi.gob.gt\/web\/wp-content\/uploads\/2023\/06\/WhatsApp-Image-2023-06-16-at-15.32.15-1-300x200.jpeg 300w, https:\/\/conadi.gob.gt\/web\/wp-content\/uploads\/2023\/06\/WhatsApp-Image-2023-06-16-at-15.32.15-1-768x512.jpeg 768w, https:\/\/conadi.gob.gt\/web\/wp-content\/uploads\/2023\/06\/WhatsApp-Image-2023-06-16-at-15.32.15-1-1536x1023.jpeg 1536w, https:\/\/conadi.gob.gt\/web\/wp-content\/uploads\/2023\/06\/WhatsApp-Image-2023-06-16-at-15.32.15-1.jpeg 1600w\" sizes=\"auto, (max-width: 1024px) 100vw, 1024px\" \/><\/figure>\n<\/div>\n\n\n\n<div class=\"wp-block-column is-layout-flow wp-block-column-is-layout-flow\">\n<figure class=\"wp-block-image size-large\"><img loading=\"lazy\" decoding=\"async\" width=\"1024\" height=\"682\" src=\"https:\/\/conadi.gob.gt\/web\/wp-content\/uploads\/2023\/06\/WhatsApp-Image-2023-06-16-at-15.32.17-1024x682.jpeg\" alt=\"\" class=\"wp-image-13572\" srcset=\"https:\/\/conadi.gob.gt\/web\/wp-content\/uploads\/2023\/06\/WhatsApp-Image-2023-06-16-at-15.32.17-1024x682.jpeg 1024w, https:\/\/conadi.gob.gt\/web\/wp-content\/uploads\/2023\/06\/WhatsApp-Image-2023-06-16-at-15.32.17-300x200.jpeg 300w, https:\/\/conadi.gob.gt\/web\/wp-content\/uploads\/2023\/06\/WhatsApp-Image-2023-06-16-at-15.32.17-768x512.jpeg 768w, https:\/\/conadi.gob.gt\/web\/wp-content\/uploads\/2023\/06\/WhatsApp-Image-2023-06-16-at-15.32.17-1536x1023.jpeg 1536w, https:\/\/conadi.gob.gt\/web\/wp-content\/uploads\/2023\/06\/WhatsApp-Image-2023-06-16-at-15.32.17.jpeg 1600w\" sizes=\"auto, (max-width: 1024px) 100vw, 1024px\" \/><\/figure>\n<\/div>\n<\/div>\n\n\n\n<div class=\"wp-block-columns is-layout-flex wp-container-core-columns-is-layout-28f84493 wp-block-columns-is-layout-flex\">\n<div class=\"wp-block-column is-layout-flow wp-block-column-is-layout-flow\">\n<figure class=\"wp-block-image size-large\"><img loading=\"lazy\" decoding=\"async\" width=\"1024\" height=\"682\" src=\"https:\/\/conadi.gob.gt\/web\/wp-content\/uploads\/2023\/06\/WhatsApp-Image-2023-06-16-at-15.32.15-2-1024x682.jpeg\" alt=\"\" class=\"wp-image-13567\" srcset=\"https:\/\/conadi.gob.gt\/web\/wp-content\/uploads\/2023\/06\/WhatsApp-Image-2023-06-16-at-15.32.15-2-1024x682.jpeg 1024w, https:\/\/conadi.gob.gt\/web\/wp-content\/uploads\/2023\/06\/WhatsApp-Image-2023-06-16-at-15.32.15-2-300x200.jpeg 300w, https:\/\/conadi.gob.gt\/web\/wp-content\/uploads\/2023\/06\/WhatsApp-Image-2023-06-16-at-15.32.15-2-768x512.jpeg 768w, https:\/\/conadi.gob.gt\/web\/wp-content\/uploads\/2023\/06\/WhatsApp-Image-2023-06-16-at-15.32.15-2-1536x1023.jpeg 1536w, https:\/\/conadi.gob.gt\/web\/wp-content\/uploads\/2023\/06\/WhatsApp-Image-2023-06-16-at-15.32.15-2.jpeg 1600w\" sizes=\"auto, (max-width: 1024px) 100vw, 1024px\" \/><\/figure>\n<\/div>\n\n\n\n<div class=\"wp-block-column is-layout-flow wp-block-column-is-layout-flow\">\n<figure class=\"wp-block-image size-large\"><img loading=\"lazy\" decoding=\"async\" width=\"1024\" height=\"682\" src=\"https:\/\/conadi.gob.gt\/web\/wp-content\/uploads\/2023\/06\/WhatsApp-Image-2023-06-16-at-15.34.44-1024x682.jpeg\" alt=\"\" class=\"wp-image-13573\" srcset=\"https:\/\/conadi.gob.gt\/web\/wp-content\/uploads\/2023\/06\/WhatsApp-Image-2023-06-16-at-15.34.44-1024x682.jpeg 1024w, https:\/\/conadi.gob.gt\/web\/wp-content\/uploads\/2023\/06\/WhatsApp-Image-2023-06-16-at-15.34.44-300x200.jpeg 300w, https:\/\/conadi.gob.gt\/web\/wp-content\/uploads\/2023\/06\/WhatsApp-Image-2023-06-16-at-15.34.44-768x512.jpeg 768w, https:\/\/conadi.gob.gt\/web\/wp-content\/uploads\/2023\/06\/WhatsApp-Image-2023-06-16-at-15.34.44-1536x1023.jpeg 1536w, https:\/\/conadi.gob.gt\/web\/wp-content\/uploads\/2023\/06\/WhatsApp-Image-2023-06-16-at-15.34.44.jpeg 1600w\" sizes=\"auto, (max-width: 1024px) 100vw, 1024px\" \/><\/figure>\n<\/div>\n\n\n\n<div class=\"wp-block-column is-layout-flow wp-block-column-is-layout-flow\">\n<figure class=\"wp-block-image size-large\"><img loading=\"lazy\" decoding=\"async\" width=\"1024\" height=\"682\" src=\"https:\/\/conadi.gob.gt\/web\/wp-content\/uploads\/2023\/06\/WhatsApp-Image-2023-06-16-at-15.32.16-1-1024x682.jpeg\" alt=\"\" class=\"wp-image-13574\" srcset=\"https:\/\/conadi.gob.gt\/web\/wp-content\/uploads\/2023\/06\/WhatsApp-Image-2023-06-16-at-15.32.16-1-1024x682.jpeg 1024w, https:\/\/conadi.gob.gt\/web\/wp-content\/uploads\/2023\/06\/WhatsApp-Image-2023-06-16-at-15.32.16-1-300x200.jpeg 300w, https:\/\/conadi.gob.gt\/web\/wp-content\/uploads\/2023\/06\/WhatsApp-Image-2023-06-16-at-15.32.16-1-768x512.jpeg 768w, https:\/\/conadi.gob.gt\/web\/wp-content\/uploads\/2023\/06\/WhatsApp-Image-2023-06-16-at-15.32.16-1-1536x1023.jpeg 1536w, https:\/\/conadi.gob.gt\/web\/wp-content\/uploads\/2023\/06\/WhatsApp-Image-2023-06-16-at-15.32.16-1.jpeg 1600w\" sizes=\"auto, (max-width: 1024px) 100vw, 1024px\" \/><\/figure>\n<\/div>\n<\/div>\n\n\n\n<div class=\"wp-block-columns is-layout-flex wp-container-core-columns-is-layout-28f84493 wp-block-columns-is-layout-flex\">\n<div class=\"wp-block-column is-layout-flow wp-block-column-is-layout-flow\">\n<figure class=\"wp-block-image size-large\"><img loading=\"lazy\" decoding=\"async\" width=\"1024\" height=\"682\" src=\"https:\/\/conadi.gob.gt\/web\/wp-content\/uploads\/2023\/06\/WhatsApp-Image-2023-06-16-at-15.32.16-1024x682.jpeg\" alt=\"\" class=\"wp-image-13575\" srcset=\"https:\/\/conadi.gob.gt\/web\/wp-content\/uploads\/2023\/06\/WhatsApp-Image-2023-06-16-at-15.32.16-1024x682.jpeg 1024w, https:\/\/conadi.gob.gt\/web\/wp-content\/uploads\/2023\/06\/WhatsApp-Image-2023-06-16-at-15.32.16-300x200.jpeg 300w, https:\/\/conadi.gob.gt\/web\/wp-content\/uploads\/2023\/06\/WhatsApp-Image-2023-06-16-at-15.32.16-768x512.jpeg 768w, https:\/\/conadi.gob.gt\/web\/wp-content\/uploads\/2023\/06\/WhatsApp-Image-2023-06-16-at-15.32.16-1536x1023.jpeg 1536w, https:\/\/conadi.gob.gt\/web\/wp-content\/uploads\/2023\/06\/WhatsApp-Image-2023-06-16-at-15.32.16.jpeg 1600w\" sizes=\"auto, (max-width: 1024px) 100vw, 1024px\" \/><\/figure>\n<\/div>\n\n\n\n<div class=\"wp-block-column is-layout-flow wp-block-column-is-layout-flow\">\n<figure class=\"wp-block-image size-large\"><img loading=\"lazy\" decoding=\"async\" width=\"1024\" height=\"682\" src=\"https:\/\/conadi.gob.gt\/web\/wp-content\/uploads\/2023\/06\/WhatsApp-Image-2023-06-16-at-15.32.16-4-1024x682.jpeg\" alt=\"\" class=\"wp-image-13576\" srcset=\"https:\/\/conadi.gob.gt\/web\/wp-content\/uploads\/2023\/06\/WhatsApp-Image-2023-06-16-at-15.32.16-4-1024x682.jpeg 1024w, https:\/\/conadi.gob.gt\/web\/wp-content\/uploads\/2023\/06\/WhatsApp-Image-2023-06-16-at-15.32.16-4-300x200.jpeg 300w, https:\/\/conadi.gob.gt\/web\/wp-content\/uploads\/2023\/06\/WhatsApp-Image-2023-06-16-at-15.32.16-4-768x512.jpeg 768w, https:\/\/conadi.gob.gt\/web\/wp-content\/uploads\/2023\/06\/WhatsApp-Image-2023-06-16-at-15.32.16-4-1536x1023.jpeg 1536w, https:\/\/conadi.gob.gt\/web\/wp-content\/uploads\/2023\/06\/WhatsApp-Image-2023-06-16-at-15.32.16-4.jpeg 1600w\" sizes=\"auto, (max-width: 1024px) 100vw, 1024px\" \/><\/figure>\n<\/div>\n\n\n\n<div class=\"wp-block-column is-layout-flow wp-block-column-is-layout-flow\">\n<figure class=\"wp-block-image size-large\"><img loading=\"lazy\" decoding=\"async\" width=\"1024\" height=\"682\" src=\"https:\/\/conadi.gob.gt\/web\/wp-content\/uploads\/2023\/06\/WhatsApp-Image-2023-06-16-at-15.32.16-3-1024x682.jpeg\" alt=\"\" class=\"wp-image-13577\" srcset=\"https:\/\/conadi.gob.gt\/web\/wp-content\/uploads\/2023\/06\/WhatsApp-Image-2023-06-16-at-15.32.16-3-1024x682.jpeg 1024w, https:\/\/conadi.gob.gt\/web\/wp-content\/uploads\/2023\/06\/WhatsApp-Image-2023-06-16-at-15.32.16-3-300x200.jpeg 300w, https:\/\/conadi.gob.gt\/web\/wp-content\/uploads\/2023\/06\/WhatsApp-Image-2023-06-16-at-15.32.16-3-768x512.jpeg 768w, https:\/\/conadi.gob.gt\/web\/wp-content\/uploads\/2023\/06\/WhatsApp-Image-2023-06-16-at-15.32.16-3-1536x1023.jpeg 1536w, https:\/\/conadi.gob.gt\/web\/wp-content\/uploads\/2023\/06\/WhatsApp-Image-2023-06-16-at-15.32.16-3.jpeg 1600w\" sizes=\"auto, (max-width: 1024px) 100vw, 1024px\" \/><\/figure>\n<\/div>\n<\/div>\n","protected":false},"excerpt":{"rendered":"<p>Con el objetivo de realizar di\u00e1logos interactivos que permitan construir una agenda pol\u00edtica en relaci\u00f3n a los derechos de las personas con discapacidad, se llev\u00f3 a cabo el \u201cForo de Candidatos a Diputados al Congreso de la Rep\u00fablica de Guatemala\u201d, el cual fue dirigido a representantes de organizaciones de y para personas con discapacidad. Durante &hellip; <\/p>\n<p class=\"link-more\"><a href=\"https:\/\/conadi.gob.gt\/web\/foro-de-candidatos-a-diputados-del-congreso-de-la-republica-de-guatemala\/\" class=\"more-link\">Leer m\u00e1s<span class=\"screen-reader-text\"> \u00abForo de Candidatos a Diputados del Congreso de la Rep\u00fablica de Guatemala\u00bb<\/span><\/a><\/p>\n","protected":false},"author":12,"featured_media":13568,"comment_status":"closed","ping_status":"closed","sticky":false,"template":"","format":"standard","meta":{"footnotes":""},"categories":[3],"tags":[],"class_list":["post-13566","post","type-post","status-publish","format-standard","has-post-thumbnail","hentry","category-noticias"],"_links":{"self":[{"href":"https:\/\/conadi.gob.gt\/web\/wp-json\/wp\/v2\/posts\/13566","targetHints":{"allow":["GET"]}}],"collection":[{"href":"https:\/\/conadi.gob.gt\/web\/wp-json\/wp\/v2\/posts"}],"about":[{"href":"https:\/\/conadi.gob.gt\/web\/wp-json\/wp\/v2\/types\/post"}],"author":[{"embeddable":true,"href":"https:\/\/conadi.gob.gt\/web\/wp-json\/wp\/v2\/users\/12"}],"replies":[{"embeddable":true,"href":"https:\/\/conadi.gob.gt\/web\/wp-json\/wp\/v2\/comments?post=13566"}],"version-history":[{"count":1,"href":"https:\/\/conadi.gob.gt\/web\/wp-json\/wp\/v2\/posts\/13566\/revisions"}],"predecessor-version":[{"id":13578,"href":"https:\/\/conadi.gob.gt\/web\/wp-json\/wp\/v2\/posts\/13566\/revisions\/13578"}],"wp:featuredmedia":[{"embeddable":true,"href":"https:\/\/conadi.gob.gt\/web\/wp-json\/wp\/v2\/media\/13568"}],"wp:attachment":[{"href":"https:\/\/conadi.gob.gt\/web\/wp-json\/wp\/v2\/media?parent=13566"}],"wp:term":[{"taxonomy":"category","embeddable":true,"href":"https:\/\/conadi.gob.gt\/web\/wp-json\/wp\/v2\/categories?post=13566"},{"taxonomy":"post_tag","embeddable":true,"href":"https:\/\/conadi.gob.gt\/web\/wp-json\/wp\/v2\/tags?post=13566"}],"curies":[{"name":"wp","href":"https:\/\/api.w.org\/{rel}","templated":true}]}}