{"id":13819,"date":"2023-07-27T22:15:56","date_gmt":"2023-07-27T22:15:56","guid":{"rendered":"https:\/\/conadi.gob.gt\/web\/?p=13819"},"modified":"2023-08-01T18:49:34","modified_gmt":"2023-08-01T18:49:34","slug":"retos-y-desafios-que-enfrentan-la-personas-con-discapacidad-en-la-inclusion-laboral","status":"publish","type":"post","link":"https:\/\/conadi.gob.gt\/web\/retos-y-desafios-que-enfrentan-la-personas-con-discapacidad-en-la-inclusion-laboral\/","title":{"rendered":"\u201cRetos y Desaf\u00edos que enfrentan la personas con discapacidad en la inclusi\u00f3n laboral\u201d"},"content":{"rendered":"\n<p>\u201cRetos y Desaf\u00edos que enfrentan la personas con discapacidad en la inclusi\u00f3n laboral\u201d es el nombre de la actividad desarrollada por el departamento de Incidencia Pol\u00edtica del CONADI, con el objetivo de crear toma de conciencia y promover la inclusi\u00f3n laboral de la poblaci\u00f3n con discapacidad con empresarios de la ciudad de Guatemala.<\/p>\n\n\n\n<p>El acto protocolario fue presidido por Clarivel Castillo, presidenta del Consejo, quien resalt\u00f3 la importancia de la inclusi\u00f3n de las personas con discapacidad en el \u00e1mbito laboral y el trabajo en equipo de las instituciones que luchan por dar cumplimiento a los derechos de este sector poblacional.<\/p>\n\n\n\n<figure class=\"wp-block-image size-large\"><img loading=\"lazy\" decoding=\"async\" width=\"1024\" height=\"683\" src=\"https:\/\/conadi.gob.gt\/web\/wp-content\/uploads\/2023\/07\/362264404_682436033930242_6323832746960418495_n-1024x683.jpg\" alt=\"\" class=\"wp-image-13820\" srcset=\"https:\/\/conadi.gob.gt\/web\/wp-content\/uploads\/2023\/07\/362264404_682436033930242_6323832746960418495_n-1024x683.jpg 1024w, https:\/\/conadi.gob.gt\/web\/wp-content\/uploads\/2023\/07\/362264404_682436033930242_6323832746960418495_n-300x200.jpg 300w, https:\/\/conadi.gob.gt\/web\/wp-content\/uploads\/2023\/07\/362264404_682436033930242_6323832746960418495_n-768x512.jpg 768w, https:\/\/conadi.gob.gt\/web\/wp-content\/uploads\/2023\/07\/362264404_682436033930242_6323832746960418495_n-1536x1024.jpg 1536w, https:\/\/conadi.gob.gt\/web\/wp-content\/uploads\/2023\/07\/362264404_682436033930242_6323832746960418495_n-2000x1333.jpg 2000w, https:\/\/conadi.gob.gt\/web\/wp-content\/uploads\/2023\/07\/362264404_682436033930242_6323832746960418495_n.jpg 2048w\" sizes=\"auto, (max-width: 1024px) 100vw, 1024px\" \/><\/figure>\n\n\n\n<p>Durante el desarrollo de la actividad, se cont\u00f3 con las ponencias de Rafael Ca\u00f1as, representante del Ministerio de Trabajo y Previsi\u00f3n Social (MINTRAB), abord\u00f3 los temas de contexto hist\u00f3rico y conceptos b\u00e1sicos de discapacidad, aportando la terminolog\u00eda correcta para referirse a las personas con discapacidad. Asimismo, Indra Molina del MINTRAB, desarroll\u00f3 el tema de barreras internas y externas para la inclusi\u00f3n laboral de la poblaci\u00f3n con discapacidad, enunciando las principales barreras que enfrenta esta poblaci\u00f3n.<\/p>\n\n\n\n<div class=\"wp-block-columns is-layout-flex wp-container-core-columns-is-layout-28f84493 wp-block-columns-is-layout-flex\">\n<div class=\"wp-block-column is-layout-flow wp-block-column-is-layout-flow\">\n<figure class=\"wp-block-image size-large\"><img loading=\"lazy\" decoding=\"async\" width=\"1024\" height=\"683\" src=\"https:\/\/conadi.gob.gt\/web\/wp-content\/uploads\/2023\/07\/362672831_682437487263430_5842349283998230622_n-1-1024x683.jpg\" alt=\"\" class=\"wp-image-13826\" srcset=\"https:\/\/conadi.gob.gt\/web\/wp-content\/uploads\/2023\/07\/362672831_682437487263430_5842349283998230622_n-1-1024x683.jpg 1024w, https:\/\/conadi.gob.gt\/web\/wp-content\/uploads\/2023\/07\/362672831_682437487263430_5842349283998230622_n-1-300x200.jpg 300w, https:\/\/conadi.gob.gt\/web\/wp-content\/uploads\/2023\/07\/362672831_682437487263430_5842349283998230622_n-1-768x512.jpg 768w, https:\/\/conadi.gob.gt\/web\/wp-content\/uploads\/2023\/07\/362672831_682437487263430_5842349283998230622_n-1-1536x1024.jpg 1536w, https:\/\/conadi.gob.gt\/web\/wp-content\/uploads\/2023\/07\/362672831_682437487263430_5842349283998230622_n-1-2000x1333.jpg 2000w, https:\/\/conadi.gob.gt\/web\/wp-content\/uploads\/2023\/07\/362672831_682437487263430_5842349283998230622_n-1.jpg 2048w\" sizes=\"auto, (max-width: 1024px) 100vw, 1024px\" \/><\/figure>\n<\/div>\n\n\n\n<div class=\"wp-block-column is-layout-flow wp-block-column-is-layout-flow\">\n<figure class=\"wp-block-image size-large\"><img loading=\"lazy\" decoding=\"async\" width=\"1024\" height=\"683\" src=\"https:\/\/conadi.gob.gt\/web\/wp-content\/uploads\/2023\/07\/363303056_682438020596710_8051393045583615472_n-1024x683.jpg\" alt=\"\" class=\"wp-image-13822\" srcset=\"https:\/\/conadi.gob.gt\/web\/wp-content\/uploads\/2023\/07\/363303056_682438020596710_8051393045583615472_n-1024x683.jpg 1024w, https:\/\/conadi.gob.gt\/web\/wp-content\/uploads\/2023\/07\/363303056_682438020596710_8051393045583615472_n-300x200.jpg 300w, https:\/\/conadi.gob.gt\/web\/wp-content\/uploads\/2023\/07\/363303056_682438020596710_8051393045583615472_n-768x512.jpg 768w, https:\/\/conadi.gob.gt\/web\/wp-content\/uploads\/2023\/07\/363303056_682438020596710_8051393045583615472_n-1536x1024.jpg 1536w, https:\/\/conadi.gob.gt\/web\/wp-content\/uploads\/2023\/07\/363303056_682438020596710_8051393045583615472_n-2000x1333.jpg 2000w, https:\/\/conadi.gob.gt\/web\/wp-content\/uploads\/2023\/07\/363303056_682438020596710_8051393045583615472_n.jpg 2048w\" sizes=\"auto, (max-width: 1024px) 100vw, 1024px\" \/><\/figure>\n<\/div>\n<\/div>\n\n\n\n<p>En tanto, Jorge Luis L\u00f3pez, capacitador del CONADI, comparti\u00f3 los tipos de accesibilidad para la inclusi\u00f3n laboral de las personas con discapacidad, mencionando tambi\u00e9n los distintos paradigmas o enfoques hist\u00f3ricos de la discapacidad.<\/p>\n\n\n\n<p>Finalmente, Simkhat Mijangos, t\u00e9cnico del departamento de Incidencia Pol\u00edtica del Consejo, expuso los ajustes razonables para la poblaci\u00f3n con discapacidad, respondiendo dudas de los participantes sobre su interacci\u00f3n en con sus compa\u00f1eros de trabajo siendo una personas sorda.<\/p>\n\n\n\n<div class=\"wp-block-columns is-layout-flex wp-container-core-columns-is-layout-28f84493 wp-block-columns-is-layout-flex\">\n<div class=\"wp-block-column is-layout-flow wp-block-column-is-layout-flow\">\n<figure class=\"wp-block-image size-large\"><img loading=\"lazy\" decoding=\"async\" width=\"1024\" height=\"683\" src=\"https:\/\/conadi.gob.gt\/web\/wp-content\/uploads\/2023\/07\/363409827_682436493930196_1402929220856726173_n-1024x683.jpg\" alt=\"\" class=\"wp-image-13823\" srcset=\"https:\/\/conadi.gob.gt\/web\/wp-content\/uploads\/2023\/07\/363409827_682436493930196_1402929220856726173_n-1024x683.jpg 1024w, https:\/\/conadi.gob.gt\/web\/wp-content\/uploads\/2023\/07\/363409827_682436493930196_1402929220856726173_n-300x200.jpg 300w, https:\/\/conadi.gob.gt\/web\/wp-content\/uploads\/2023\/07\/363409827_682436493930196_1402929220856726173_n-768x512.jpg 768w, https:\/\/conadi.gob.gt\/web\/wp-content\/uploads\/2023\/07\/363409827_682436493930196_1402929220856726173_n-1536x1024.jpg 1536w, https:\/\/conadi.gob.gt\/web\/wp-content\/uploads\/2023\/07\/363409827_682436493930196_1402929220856726173_n-2000x1333.jpg 2000w, https:\/\/conadi.gob.gt\/web\/wp-content\/uploads\/2023\/07\/363409827_682436493930196_1402929220856726173_n.jpg 2048w\" sizes=\"auto, (max-width: 1024px) 100vw, 1024px\" \/><\/figure>\n<\/div>\n\n\n\n<div class=\"wp-block-column is-layout-flow wp-block-column-is-layout-flow\">\n<figure class=\"wp-block-gallery has-nested-images columns-default is-cropped wp-block-gallery-1 is-layout-flex wp-block-gallery-is-layout-flex\">\n<figure class=\"wp-block-image size-large\"><img loading=\"lazy\" decoding=\"async\" width=\"1024\" height=\"683\" data-id=\"13824\" src=\"https:\/\/conadi.gob.gt\/web\/wp-content\/uploads\/2023\/07\/363370141_682436513930194_6470201158623315858_n-1024x683.jpg\" alt=\"\" class=\"wp-image-13824\" srcset=\"https:\/\/conadi.gob.gt\/web\/wp-content\/uploads\/2023\/07\/363370141_682436513930194_6470201158623315858_n-1024x683.jpg 1024w, https:\/\/conadi.gob.gt\/web\/wp-content\/uploads\/2023\/07\/363370141_682436513930194_6470201158623315858_n-300x200.jpg 300w, https:\/\/conadi.gob.gt\/web\/wp-content\/uploads\/2023\/07\/363370141_682436513930194_6470201158623315858_n-768x512.jpg 768w, https:\/\/conadi.gob.gt\/web\/wp-content\/uploads\/2023\/07\/363370141_682436513930194_6470201158623315858_n-1536x1024.jpg 1536w, https:\/\/conadi.gob.gt\/web\/wp-content\/uploads\/2023\/07\/363370141_682436513930194_6470201158623315858_n-2000x1333.jpg 2000w, https:\/\/conadi.gob.gt\/web\/wp-content\/uploads\/2023\/07\/363370141_682436513930194_6470201158623315858_n.jpg 2048w\" sizes=\"auto, (max-width: 1024px) 100vw, 1024px\" \/><\/figure>\n<\/figure>\n<\/div>\n\n\n\n<div class=\"wp-block-column is-layout-flow wp-block-column-is-layout-flow\">\n<figure class=\"wp-block-image size-large\"><img loading=\"lazy\" decoding=\"async\" width=\"1024\" height=\"683\" src=\"https:\/\/conadi.gob.gt\/web\/wp-content\/uploads\/2023\/07\/363342220_682436593930186_8807055256940640304_n-1024x683.jpg\" alt=\"\" class=\"wp-image-13825\" srcset=\"https:\/\/conadi.gob.gt\/web\/wp-content\/uploads\/2023\/07\/363342220_682436593930186_8807055256940640304_n-1024x683.jpg 1024w, https:\/\/conadi.gob.gt\/web\/wp-content\/uploads\/2023\/07\/363342220_682436593930186_8807055256940640304_n-300x200.jpg 300w, https:\/\/conadi.gob.gt\/web\/wp-content\/uploads\/2023\/07\/363342220_682436593930186_8807055256940640304_n-768x512.jpg 768w, https:\/\/conadi.gob.gt\/web\/wp-content\/uploads\/2023\/07\/363342220_682436593930186_8807055256940640304_n-1536x1024.jpg 1536w, https:\/\/conadi.gob.gt\/web\/wp-content\/uploads\/2023\/07\/363342220_682436593930186_8807055256940640304_n-2000x1333.jpg 2000w, https:\/\/conadi.gob.gt\/web\/wp-content\/uploads\/2023\/07\/363342220_682436593930186_8807055256940640304_n.jpg 2048w\" sizes=\"auto, (max-width: 1024px) 100vw, 1024px\" \/><\/figure>\n<\/div>\n<\/div>\n\n\n\n<div class=\"wp-block-columns is-layout-flex wp-container-core-columns-is-layout-28f84493 wp-block-columns-is-layout-flex\">\n<div class=\"wp-block-column is-layout-flow wp-block-column-is-layout-flow\">\n<figure class=\"wp-block-image size-large\"><img loading=\"lazy\" decoding=\"async\" width=\"1024\" height=\"683\" src=\"https:\/\/conadi.gob.gt\/web\/wp-content\/uploads\/2023\/07\/362653269_682438237263355_3040526006524812985_n-1-1024x683.jpg\" alt=\"\" class=\"wp-image-13828\" srcset=\"https:\/\/conadi.gob.gt\/web\/wp-content\/uploads\/2023\/07\/362653269_682438237263355_3040526006524812985_n-1-1024x683.jpg 1024w, https:\/\/conadi.gob.gt\/web\/wp-content\/uploads\/2023\/07\/362653269_682438237263355_3040526006524812985_n-1-300x200.jpg 300w, https:\/\/conadi.gob.gt\/web\/wp-content\/uploads\/2023\/07\/362653269_682438237263355_3040526006524812985_n-1-768x512.jpg 768w, https:\/\/conadi.gob.gt\/web\/wp-content\/uploads\/2023\/07\/362653269_682438237263355_3040526006524812985_n-1-1536x1024.jpg 1536w, https:\/\/conadi.gob.gt\/web\/wp-content\/uploads\/2023\/07\/362653269_682438237263355_3040526006524812985_n-1-2000x1333.jpg 2000w, https:\/\/conadi.gob.gt\/web\/wp-content\/uploads\/2023\/07\/362653269_682438237263355_3040526006524812985_n-1.jpg 2048w\" sizes=\"auto, (max-width: 1024px) 100vw, 1024px\" \/><\/figure>\n<\/div>\n\n\n\n<div class=\"wp-block-column is-layout-flow wp-block-column-is-layout-flow\">\n<figure class=\"wp-block-image size-large\"><img loading=\"lazy\" decoding=\"async\" width=\"1024\" height=\"683\" src=\"https:\/\/conadi.gob.gt\/web\/wp-content\/uploads\/2023\/07\/363395992_682439217263257_7497777716039996337_n-1024x683.jpg\" alt=\"\" class=\"wp-image-13829\" srcset=\"https:\/\/conadi.gob.gt\/web\/wp-content\/uploads\/2023\/07\/363395992_682439217263257_7497777716039996337_n-1024x683.jpg 1024w, https:\/\/conadi.gob.gt\/web\/wp-content\/uploads\/2023\/07\/363395992_682439217263257_7497777716039996337_n-300x200.jpg 300w, https:\/\/conadi.gob.gt\/web\/wp-content\/uploads\/2023\/07\/363395992_682439217263257_7497777716039996337_n-768x512.jpg 768w, https:\/\/conadi.gob.gt\/web\/wp-content\/uploads\/2023\/07\/363395992_682439217263257_7497777716039996337_n-1536x1024.jpg 1536w, https:\/\/conadi.gob.gt\/web\/wp-content\/uploads\/2023\/07\/363395992_682439217263257_7497777716039996337_n-2000x1333.jpg 2000w, https:\/\/conadi.gob.gt\/web\/wp-content\/uploads\/2023\/07\/363395992_682439217263257_7497777716039996337_n.jpg 2048w\" sizes=\"auto, (max-width: 1024px) 100vw, 1024px\" \/><\/figure>\n<\/div>\n\n\n\n<div class=\"wp-block-column is-layout-flow wp-block-column-is-layout-flow\">\n<figure class=\"wp-block-image size-large\"><img loading=\"lazy\" decoding=\"async\" width=\"1024\" height=\"683\" src=\"https:\/\/conadi.gob.gt\/web\/wp-content\/uploads\/2023\/07\/363328592_682438370596675_1943734301937127396_n-1024x683.jpg\" alt=\"\" class=\"wp-image-13830\" srcset=\"https:\/\/conadi.gob.gt\/web\/wp-content\/uploads\/2023\/07\/363328592_682438370596675_1943734301937127396_n-1024x683.jpg 1024w, https:\/\/conadi.gob.gt\/web\/wp-content\/uploads\/2023\/07\/363328592_682438370596675_1943734301937127396_n-300x200.jpg 300w, https:\/\/conadi.gob.gt\/web\/wp-content\/uploads\/2023\/07\/363328592_682438370596675_1943734301937127396_n-768x512.jpg 768w, https:\/\/conadi.gob.gt\/web\/wp-content\/uploads\/2023\/07\/363328592_682438370596675_1943734301937127396_n-1536x1024.jpg 1536w, https:\/\/conadi.gob.gt\/web\/wp-content\/uploads\/2023\/07\/363328592_682438370596675_1943734301937127396_n-2000x1333.jpg 2000w, https:\/\/conadi.gob.gt\/web\/wp-content\/uploads\/2023\/07\/363328592_682438370596675_1943734301937127396_n.jpg 2048w\" sizes=\"auto, (max-width: 1024px) 100vw, 1024px\" \/><\/figure>\n<\/div>\n<\/div>\n","protected":false},"excerpt":{"rendered":"<p>\u201cRetos y Desaf\u00edos que enfrentan la personas con discapacidad en la inclusi\u00f3n laboral\u201d es el nombre de la actividad desarrollada por el departamento de Incidencia Pol\u00edtica del CONADI, con el objetivo de crear toma de conciencia y promover la inclusi\u00f3n laboral de la poblaci\u00f3n con discapacidad con empresarios de la ciudad de Guatemala. El acto &hellip; <\/p>\n<p class=\"link-more\"><a href=\"https:\/\/conadi.gob.gt\/web\/retos-y-desafios-que-enfrentan-la-personas-con-discapacidad-en-la-inclusion-laboral\/\" class=\"more-link\">Leer m\u00e1s<span class=\"screen-reader-text\"> \u00ab\u201cRetos y Desaf\u00edos que enfrentan la personas con discapacidad en la inclusi\u00f3n laboral\u201d\u00bb<\/span><\/a><\/p>\n","protected":false},"author":12,"featured_media":13820,"comment_status":"closed","ping_status":"closed","sticky":false,"template":"","format":"standard","meta":{"footnotes":""},"categories":[3],"tags":[],"class_list":["post-13819","post","type-post","status-publish","format-standard","has-post-thumbnail","hentry","category-noticias"],"_links":{"self":[{"href":"https:\/\/conadi.gob.gt\/web\/wp-json\/wp\/v2\/posts\/13819","targetHints":{"allow":["GET"]}}],"collection":[{"href":"https:\/\/conadi.gob.gt\/web\/wp-json\/wp\/v2\/posts"}],"about":[{"href":"https:\/\/conadi.gob.gt\/web\/wp-json\/wp\/v2\/types\/post"}],"author":[{"embeddable":true,"href":"https:\/\/conadi.gob.gt\/web\/wp-json\/wp\/v2\/users\/12"}],"replies":[{"embeddable":true,"href":"https:\/\/conadi.gob.gt\/web\/wp-json\/wp\/v2\/comments?post=13819"}],"version-history":[{"count":3,"href":"https:\/\/conadi.gob.gt\/web\/wp-json\/wp\/v2\/posts\/13819\/revisions"}],"predecessor-version":[{"id":13872,"href":"https:\/\/conadi.gob.gt\/web\/wp-json\/wp\/v2\/posts\/13819\/revisions\/13872"}],"wp:featuredmedia":[{"embeddable":true,"href":"https:\/\/conadi.gob.gt\/web\/wp-json\/wp\/v2\/media\/13820"}],"wp:attachment":[{"href":"https:\/\/conadi.gob.gt\/web\/wp-json\/wp\/v2\/media?parent=13819"}],"wp:term":[{"taxonomy":"category","embeddable":true,"href":"https:\/\/conadi.gob.gt\/web\/wp-json\/wp\/v2\/categories?post=13819"},{"taxonomy":"post_tag","embeddable":true,"href":"https:\/\/conadi.gob.gt\/web\/wp-json\/wp\/v2\/tags?post=13819"}],"curies":[{"name":"wp","href":"https:\/\/api.w.org\/{rel}","templated":true}]}}