{"id":13915,"date":"2023-08-04T17:32:56","date_gmt":"2023-08-04T17:32:56","guid":{"rendered":"https:\/\/conadi.gob.gt\/web\/?p=13915"},"modified":"2023-08-04T17:37:49","modified_gmt":"2023-08-04T17:37:49","slug":"el-bazar-de-la-productividad-promueve-el-derecho-laboral-de-las-personas-con-discapacidad","status":"publish","type":"post","link":"https:\/\/conadi.gob.gt\/web\/el-bazar-de-la-productividad-promueve-el-derecho-laboral-de-las-personas-con-discapacidad\/","title":{"rendered":"El Bazar de\u00a0 la Productividad, promueve el derecho laboral de las personas con discapacidad"},"content":{"rendered":"\n<p>Productos artesanales, manualidades, comida, chocolates, jaleas, ropa, art\u00edculos de belleza, bisuter\u00eda, pinturas, trabajo de carpinter\u00eda, manteles, servilletas, fueron algunos de los productos promovidos durante el Bazar de Productividad en Quetzaltenango. Este fue organizado por el Consejo Nacional para la Atenci\u00f3n de las Personas con Discapacidad (CONADI).<\/p>\n\n\n\n<p>\u201cEstas acciones se realizan para promover el derecho de la inclusi\u00f3n laboral de las personas con discapacidad. Asimismo, es una forma de incentivar y conocer las capacidades del colectivo en cuanto a la manufacturaci\u00f3n de diferentes productos\u201d, indic\u00f3 Clarivel Castillo, presidenta de CONADI.<\/p>\n\n\n\n<figure class=\"wp-block-image size-large\"><img loading=\"lazy\" decoding=\"async\" width=\"1024\" height=\"682\" src=\"https:\/\/conadi.gob.gt\/web\/wp-content\/uploads\/2023\/08\/WhatsApp-Image-2023-08-04-at-11.13.11-5-1024x682.jpeg\" alt=\"\" class=\"wp-image-13916\" srcset=\"https:\/\/conadi.gob.gt\/web\/wp-content\/uploads\/2023\/08\/WhatsApp-Image-2023-08-04-at-11.13.11-5-1024x682.jpeg 1024w, https:\/\/conadi.gob.gt\/web\/wp-content\/uploads\/2023\/08\/WhatsApp-Image-2023-08-04-at-11.13.11-5-300x200.jpeg 300w, https:\/\/conadi.gob.gt\/web\/wp-content\/uploads\/2023\/08\/WhatsApp-Image-2023-08-04-at-11.13.11-5-768x512.jpeg 768w, https:\/\/conadi.gob.gt\/web\/wp-content\/uploads\/2023\/08\/WhatsApp-Image-2023-08-04-at-11.13.11-5-1536x1023.jpeg 1536w, https:\/\/conadi.gob.gt\/web\/wp-content\/uploads\/2023\/08\/WhatsApp-Image-2023-08-04-at-11.13.11-5.jpeg 1600w\" sizes=\"auto, (max-width: 1024px) 100vw, 1024px\" \/><\/figure>\n\n\n\n<p>Los productos son elaborados por j\u00f3venes y adultos con discapacidad de las diferentes organizaciones de personas con discapacidad de Quetzaltenango, entre ellas: Asociaci\u00f3n Civil no lucrativa de Desarrollo de Sordos de Quetzaltenango, Fundaci\u00f3n para el Desarrollo de Programas Sociecon\u00f3micos, Fundaci\u00f3n Guatemalteca para ni\u00f1os con Sordoceguera Alex, Munikat, Centro Infantil Cacao, Asociaci\u00f3n Ens\u00e9\u00f1ame a Volar, Comit\u00e9 Pro ciegos y sordos de Guatemala.<\/p>\n\n\n\n<div class=\"wp-block-columns is-layout-flex wp-container-core-columns-is-layout-28f84493 wp-block-columns-is-layout-flex\">\n<div class=\"wp-block-column is-layout-flow wp-block-column-is-layout-flow\">\n<figure class=\"wp-block-image size-large\"><img loading=\"lazy\" decoding=\"async\" width=\"1024\" height=\"682\" src=\"https:\/\/conadi.gob.gt\/web\/wp-content\/uploads\/2023\/08\/WhatsApp-Image-2023-08-04-at-11.13.11-3-1024x682.jpeg\" alt=\"\" class=\"wp-image-13920\" srcset=\"https:\/\/conadi.gob.gt\/web\/wp-content\/uploads\/2023\/08\/WhatsApp-Image-2023-08-04-at-11.13.11-3-1024x682.jpeg 1024w, https:\/\/conadi.gob.gt\/web\/wp-content\/uploads\/2023\/08\/WhatsApp-Image-2023-08-04-at-11.13.11-3-300x200.jpeg 300w, https:\/\/conadi.gob.gt\/web\/wp-content\/uploads\/2023\/08\/WhatsApp-Image-2023-08-04-at-11.13.11-3-768x512.jpeg 768w, https:\/\/conadi.gob.gt\/web\/wp-content\/uploads\/2023\/08\/WhatsApp-Image-2023-08-04-at-11.13.11-3-1536x1023.jpeg 1536w, https:\/\/conadi.gob.gt\/web\/wp-content\/uploads\/2023\/08\/WhatsApp-Image-2023-08-04-at-11.13.11-3.jpeg 1600w\" sizes=\"auto, (max-width: 1024px) 100vw, 1024px\" \/><\/figure>\n<\/div>\n\n\n\n<div class=\"wp-block-column is-layout-flow wp-block-column-is-layout-flow\">\n<figure class=\"wp-block-image size-large\"><img loading=\"lazy\" decoding=\"async\" width=\"1024\" height=\"682\" src=\"https:\/\/conadi.gob.gt\/web\/wp-content\/uploads\/2023\/08\/WhatsApp-Image-2023-08-04-at-11.13.12-1024x682.jpeg\" alt=\"\" class=\"wp-image-13921\" srcset=\"https:\/\/conadi.gob.gt\/web\/wp-content\/uploads\/2023\/08\/WhatsApp-Image-2023-08-04-at-11.13.12-1024x682.jpeg 1024w, https:\/\/conadi.gob.gt\/web\/wp-content\/uploads\/2023\/08\/WhatsApp-Image-2023-08-04-at-11.13.12-300x200.jpeg 300w, https:\/\/conadi.gob.gt\/web\/wp-content\/uploads\/2023\/08\/WhatsApp-Image-2023-08-04-at-11.13.12-768x512.jpeg 768w, https:\/\/conadi.gob.gt\/web\/wp-content\/uploads\/2023\/08\/WhatsApp-Image-2023-08-04-at-11.13.12-1536x1023.jpeg 1536w, https:\/\/conadi.gob.gt\/web\/wp-content\/uploads\/2023\/08\/WhatsApp-Image-2023-08-04-at-11.13.12.jpeg 1600w\" sizes=\"auto, (max-width: 1024px) 100vw, 1024px\" \/><\/figure>\n<\/div>\n\n\n\n<div class=\"wp-block-column is-layout-flow wp-block-column-is-layout-flow\">\n<figure class=\"wp-block-image size-large\"><img loading=\"lazy\" decoding=\"async\" width=\"1024\" height=\"682\" src=\"https:\/\/conadi.gob.gt\/web\/wp-content\/uploads\/2023\/08\/WhatsApp-Image-2023-08-04-at-11.13.11-1024x682.jpeg\" alt=\"\" class=\"wp-image-13922\" srcset=\"https:\/\/conadi.gob.gt\/web\/wp-content\/uploads\/2023\/08\/WhatsApp-Image-2023-08-04-at-11.13.11-1024x682.jpeg 1024w, https:\/\/conadi.gob.gt\/web\/wp-content\/uploads\/2023\/08\/WhatsApp-Image-2023-08-04-at-11.13.11-300x200.jpeg 300w, https:\/\/conadi.gob.gt\/web\/wp-content\/uploads\/2023\/08\/WhatsApp-Image-2023-08-04-at-11.13.11-768x512.jpeg 768w, https:\/\/conadi.gob.gt\/web\/wp-content\/uploads\/2023\/08\/WhatsApp-Image-2023-08-04-at-11.13.11-1536x1023.jpeg 1536w, https:\/\/conadi.gob.gt\/web\/wp-content\/uploads\/2023\/08\/WhatsApp-Image-2023-08-04-at-11.13.11.jpeg 1600w\" sizes=\"auto, (max-width: 1024px) 100vw, 1024px\" \/><\/figure>\n<\/div>\n<\/div>\n\n\n\n<p><strong>Existe exclusi\u00f3n laboral para las personas con discapacidad<\/strong><\/p>\n\n\n\n<p>En el Guatemala existe una poblaci\u00f3n importante de personas con discapacidad que viven en situaci\u00f3n de exclusi\u00f3n econ\u00f3mica y social. Seg\u00fan datos de la II ENDIS 2016, del total de Personas con discapacidad \u00fanicamente el 34% se encontraban laborando al momento del Estudio. De este porcentaje, el tipo de trabajo que desempe\u00f1an: 44% lo hace en su propio negocio, 38% en el negocio de otra persona, 7% en su propia granja y un 11% en otro tipo de trabajo. Es importante, reconocer que el derecho de emprender iniciativas de negocio coadyuvara a las personas con discapacidad a asegurar su sustento y su contribuci\u00f3n a su familia. Adem\u00e1s, estos emprendimientos contribuyen al desarrollo de su comunidad. Adem\u00e1s, estos emprendimientos contribuyen al desarrollo de su comunidad, lo cual se alinean a los objetivos de desarrollo sostenible, tales como reducci\u00f3n de la pobreza, crecimiento inclusivo y empleo productivo, promoci\u00f3n de sociedades pac\u00edficas y productivas, entre otros.<\/p>\n\n\n\n<div class=\"wp-block-columns is-layout-flex wp-container-core-columns-is-layout-28f84493 wp-block-columns-is-layout-flex\">\n<div class=\"wp-block-column is-layout-flow wp-block-column-is-layout-flow\">\n<figure class=\"wp-block-image size-large\"><img loading=\"lazy\" decoding=\"async\" width=\"1024\" height=\"682\" src=\"https:\/\/conadi.gob.gt\/web\/wp-content\/uploads\/2023\/08\/WhatsApp-Image-2023-08-04-at-11.13.11-4-1024x682.jpeg\" alt=\"\" class=\"wp-image-13917\" srcset=\"https:\/\/conadi.gob.gt\/web\/wp-content\/uploads\/2023\/08\/WhatsApp-Image-2023-08-04-at-11.13.11-4-1024x682.jpeg 1024w, https:\/\/conadi.gob.gt\/web\/wp-content\/uploads\/2023\/08\/WhatsApp-Image-2023-08-04-at-11.13.11-4-300x200.jpeg 300w, https:\/\/conadi.gob.gt\/web\/wp-content\/uploads\/2023\/08\/WhatsApp-Image-2023-08-04-at-11.13.11-4-768x512.jpeg 768w, https:\/\/conadi.gob.gt\/web\/wp-content\/uploads\/2023\/08\/WhatsApp-Image-2023-08-04-at-11.13.11-4-1536x1023.jpeg 1536w, https:\/\/conadi.gob.gt\/web\/wp-content\/uploads\/2023\/08\/WhatsApp-Image-2023-08-04-at-11.13.11-4.jpeg 1600w\" sizes=\"auto, (max-width: 1024px) 100vw, 1024px\" \/><\/figure>\n<\/div>\n\n\n\n<div class=\"wp-block-column is-layout-flow wp-block-column-is-layout-flow\">\n<figure class=\"wp-block-image size-large\"><img loading=\"lazy\" decoding=\"async\" width=\"1024\" height=\"682\" src=\"https:\/\/conadi.gob.gt\/web\/wp-content\/uploads\/2023\/08\/WhatsApp-Image-2023-08-04-at-11.13.11-2-1024x682.jpeg\" alt=\"\" class=\"wp-image-13918\" srcset=\"https:\/\/conadi.gob.gt\/web\/wp-content\/uploads\/2023\/08\/WhatsApp-Image-2023-08-04-at-11.13.11-2-1024x682.jpeg 1024w, https:\/\/conadi.gob.gt\/web\/wp-content\/uploads\/2023\/08\/WhatsApp-Image-2023-08-04-at-11.13.11-2-300x200.jpeg 300w, https:\/\/conadi.gob.gt\/web\/wp-content\/uploads\/2023\/08\/WhatsApp-Image-2023-08-04-at-11.13.11-2-768x512.jpeg 768w, https:\/\/conadi.gob.gt\/web\/wp-content\/uploads\/2023\/08\/WhatsApp-Image-2023-08-04-at-11.13.11-2-1536x1023.jpeg 1536w, https:\/\/conadi.gob.gt\/web\/wp-content\/uploads\/2023\/08\/WhatsApp-Image-2023-08-04-at-11.13.11-2.jpeg 1600w\" sizes=\"auto, (max-width: 1024px) 100vw, 1024px\" \/><\/figure>\n<\/div>\n\n\n\n<div class=\"wp-block-column is-layout-flow wp-block-column-is-layout-flow\">\n<figure class=\"wp-block-image size-large\"><img loading=\"lazy\" decoding=\"async\" width=\"1024\" height=\"682\" src=\"https:\/\/conadi.gob.gt\/web\/wp-content\/uploads\/2023\/08\/WhatsApp-Image-2023-08-04-at-11.13.10-1024x682.jpeg\" alt=\"\" class=\"wp-image-13919\" srcset=\"https:\/\/conadi.gob.gt\/web\/wp-content\/uploads\/2023\/08\/WhatsApp-Image-2023-08-04-at-11.13.10-1024x682.jpeg 1024w, https:\/\/conadi.gob.gt\/web\/wp-content\/uploads\/2023\/08\/WhatsApp-Image-2023-08-04-at-11.13.10-300x200.jpeg 300w, https:\/\/conadi.gob.gt\/web\/wp-content\/uploads\/2023\/08\/WhatsApp-Image-2023-08-04-at-11.13.10-768x512.jpeg 768w, https:\/\/conadi.gob.gt\/web\/wp-content\/uploads\/2023\/08\/WhatsApp-Image-2023-08-04-at-11.13.10-1536x1023.jpeg 1536w, https:\/\/conadi.gob.gt\/web\/wp-content\/uploads\/2023\/08\/WhatsApp-Image-2023-08-04-at-11.13.10.jpeg 1600w\" sizes=\"auto, (max-width: 1024px) 100vw, 1024px\" \/><\/figure>\n<\/div>\n<\/div>\n\n\n\n<div class=\"wp-block-columns is-layout-flex wp-container-core-columns-is-layout-28f84493 wp-block-columns-is-layout-flex\">\n<div class=\"wp-block-column is-layout-flow wp-block-column-is-layout-flow\">\n<figure class=\"wp-block-image size-large\"><img loading=\"lazy\" decoding=\"async\" width=\"1024\" height=\"682\" src=\"https:\/\/conadi.gob.gt\/web\/wp-content\/uploads\/2023\/08\/WhatsApp-Image-2023-08-04-at-11.13.11-1-1024x682.jpeg\" alt=\"\" class=\"wp-image-13923\" srcset=\"https:\/\/conadi.gob.gt\/web\/wp-content\/uploads\/2023\/08\/WhatsApp-Image-2023-08-04-at-11.13.11-1-1024x682.jpeg 1024w, https:\/\/conadi.gob.gt\/web\/wp-content\/uploads\/2023\/08\/WhatsApp-Image-2023-08-04-at-11.13.11-1-300x200.jpeg 300w, https:\/\/conadi.gob.gt\/web\/wp-content\/uploads\/2023\/08\/WhatsApp-Image-2023-08-04-at-11.13.11-1-768x512.jpeg 768w, https:\/\/conadi.gob.gt\/web\/wp-content\/uploads\/2023\/08\/WhatsApp-Image-2023-08-04-at-11.13.11-1-1536x1023.jpeg 1536w, https:\/\/conadi.gob.gt\/web\/wp-content\/uploads\/2023\/08\/WhatsApp-Image-2023-08-04-at-11.13.11-1.jpeg 1600w\" sizes=\"auto, (max-width: 1024px) 100vw, 1024px\" \/><\/figure>\n<\/div>\n<\/div>\n","protected":false},"excerpt":{"rendered":"<p>Productos artesanales, manualidades, comida, chocolates, jaleas, ropa, art\u00edculos de belleza, bisuter\u00eda, pinturas, trabajo de carpinter\u00eda, manteles, servilletas, fueron algunos de los productos promovidos durante el Bazar de Productividad en Quetzaltenango. Este fue organizado por el Consejo Nacional para la Atenci\u00f3n de las Personas con Discapacidad (CONADI). \u201cEstas acciones se realizan para promover el derecho de &hellip; <\/p>\n<p class=\"link-more\"><a href=\"https:\/\/conadi.gob.gt\/web\/el-bazar-de-la-productividad-promueve-el-derecho-laboral-de-las-personas-con-discapacidad\/\" class=\"more-link\">Leer m\u00e1s<span class=\"screen-reader-text\"> \u00abEl Bazar de\u00a0 la Productividad, promueve el derecho laboral de las personas con discapacidad\u00bb<\/span><\/a><\/p>\n","protected":false},"author":12,"featured_media":0,"comment_status":"closed","ping_status":"closed","sticky":false,"template":"","format":"standard","meta":{"footnotes":""},"categories":[1],"tags":[],"class_list":["post-13915","post","type-post","status-publish","format-standard","hentry","category-sin-categoria"],"_links":{"self":[{"href":"https:\/\/conadi.gob.gt\/web\/wp-json\/wp\/v2\/posts\/13915","targetHints":{"allow":["GET"]}}],"collection":[{"href":"https:\/\/conadi.gob.gt\/web\/wp-json\/wp\/v2\/posts"}],"about":[{"href":"https:\/\/conadi.gob.gt\/web\/wp-json\/wp\/v2\/types\/post"}],"author":[{"embeddable":true,"href":"https:\/\/conadi.gob.gt\/web\/wp-json\/wp\/v2\/users\/12"}],"replies":[{"embeddable":true,"href":"https:\/\/conadi.gob.gt\/web\/wp-json\/wp\/v2\/comments?post=13915"}],"version-history":[{"count":3,"href":"https:\/\/conadi.gob.gt\/web\/wp-json\/wp\/v2\/posts\/13915\/revisions"}],"predecessor-version":[{"id":13926,"href":"https:\/\/conadi.gob.gt\/web\/wp-json\/wp\/v2\/posts\/13915\/revisions\/13926"}],"wp:attachment":[{"href":"https:\/\/conadi.gob.gt\/web\/wp-json\/wp\/v2\/media?parent=13915"}],"wp:term":[{"taxonomy":"category","embeddable":true,"href":"https:\/\/conadi.gob.gt\/web\/wp-json\/wp\/v2\/categories?post=13915"},{"taxonomy":"post_tag","embeddable":true,"href":"https:\/\/conadi.gob.gt\/web\/wp-json\/wp\/v2\/tags?post=13915"}],"curies":[{"name":"wp","href":"https:\/\/api.w.org\/{rel}","templated":true}]}}