{"id":13938,"date":"2023-08-10T18:52:38","date_gmt":"2023-08-10T18:52:38","guid":{"rendered":"https:\/\/conadi.gob.gt\/web\/?p=13938"},"modified":"2023-08-10T22:32:33","modified_gmt":"2023-08-10T22:32:33","slug":"taller-para-formulacion-de-la-politica-municipal-de-discapacidad-de-camotan-chiquimula","status":"publish","type":"post","link":"https:\/\/conadi.gob.gt\/web\/taller-para-formulacion-de-la-politica-municipal-de-discapacidad-de-camotan-chiquimula\/","title":{"rendered":"TALLER PARA FORMULACI\u00d3N DE LA POL\u00cdTICA MUNICIPAL DE DISCAPACIDAD DE CAMOT\u00c1N, CHIQUIMULA"},"content":{"rendered":"\n<p>Con el objetivo de formular la Pol\u00edtica Municipal de Discapacidad del municipio de Camot\u00e1n, Chiquimula, el CONADI desarrollo un taller donde se dieron a conocer los derechos de las personas con discapacidad, el enfoque social, definiciones y terminolog\u00eda adecuada, realizando una actividad donde los participantes reconocieron y destacaron la necesidades de las personas con discapacidad para el cumplimiento pleno de los derechos establecidos en la convenci\u00f3n.<\/p>\n\n\n\n<figure class=\"wp-block-gallery has-nested-images columns-default is-cropped wp-block-gallery-1 is-layout-flex wp-block-gallery-is-layout-flex\">\n<figure class=\"wp-block-image size-large\"><img loading=\"lazy\" decoding=\"async\" width=\"1024\" height=\"683\" data-id=\"13941\" src=\"https:\/\/conadi.gob.gt\/web\/wp-content\/uploads\/2023\/08\/IMG_2217-1024x683.jpg\" alt=\"\" class=\"wp-image-13941\" srcset=\"https:\/\/conadi.gob.gt\/web\/wp-content\/uploads\/2023\/08\/IMG_2217-1024x683.jpg 1024w, https:\/\/conadi.gob.gt\/web\/wp-content\/uploads\/2023\/08\/IMG_2217-300x200.jpg 300w, https:\/\/conadi.gob.gt\/web\/wp-content\/uploads\/2023\/08\/IMG_2217-768x512.jpg 768w, https:\/\/conadi.gob.gt\/web\/wp-content\/uploads\/2023\/08\/IMG_2217-1536x1024.jpg 1536w, https:\/\/conadi.gob.gt\/web\/wp-content\/uploads\/2023\/08\/IMG_2217-scaled-2000x1334.jpg 2000w\" sizes=\"auto, (max-width: 1024px) 100vw, 1024px\" \/><\/figure>\n<\/figure>\n\n\n\n<p>Asimismo, Thanali Patruyo, representante de Fondo de Poblaci\u00f3n de las Naciones Unidas (UNFPA) present\u00f3 los instrumentos nacionales e internacionales sobre discapacidad, datos e indicadores para la contextualizaci\u00f3n de la problem\u00e1tica de discapacidad. Juan Jos\u00e9 Carrera, persona con discapacidad visual y encargado de la y de la Oficina Municipal de Discapacidad (OMD), comparti\u00f3 la prevalencia de personas con discapacidad que se tienen identificados por sexo, edades y tipo de deficiencia en el municipio.<\/p>\n\n\n\n<p>Posteriormente, Gerson Mart\u00ednez, consultor de UNFPA, present\u00f3 la metodolog\u00eda a utilizar para la formulaci\u00f3n de referida pol\u00edtica, que contar\u00e1 con la realizaci\u00f3n de talleres que facilitaran informaci\u00f3n mediante la participaci\u00f3n de instituciones del municipio y posteriormente la elaboraci\u00f3n del documento para su aprobaci\u00f3n ante el consejo municipal. Finalmente, se concretaron acuerdos de seguimiento de la formulaci\u00f3n de la pol\u00edtica.<\/p>\n\n\n\n<figure class=\"wp-block-image size-large\"><img loading=\"lazy\" decoding=\"async\" width=\"1024\" height=\"683\" src=\"https:\/\/conadi.gob.gt\/web\/wp-content\/uploads\/2023\/08\/IMG_2415-1024x683.jpg\" alt=\"\" class=\"wp-image-13940\" srcset=\"https:\/\/conadi.gob.gt\/web\/wp-content\/uploads\/2023\/08\/IMG_2415-1024x683.jpg 1024w, https:\/\/conadi.gob.gt\/web\/wp-content\/uploads\/2023\/08\/IMG_2415-300x200.jpg 300w, https:\/\/conadi.gob.gt\/web\/wp-content\/uploads\/2023\/08\/IMG_2415-768x512.jpg 768w, https:\/\/conadi.gob.gt\/web\/wp-content\/uploads\/2023\/08\/IMG_2415-1536x1024.jpg 1536w\" sizes=\"auto, (max-width: 1024px) 100vw, 1024px\" \/><\/figure>\n\n\n\n<p>Se cont\u00f3 con la presencia de la Noe Guerra, alcalde municipal y con la participaci\u00f3n de representantes de Consejos Comunitarios de Desarrollo Urbano y Rural (COCODE), Instituciones del sector p\u00fablico, Organizaciones de y para personas con discapacidad, personas con discapacidad y colaboradores de la municipalidad.<\/p>\n\n\n\n<figure class=\"wp-block-image size-large\"><img loading=\"lazy\" decoding=\"async\" width=\"1024\" height=\"683\" src=\"https:\/\/conadi.gob.gt\/web\/wp-content\/uploads\/2023\/08\/IMG_2427-1024x683.jpg\" alt=\"\" class=\"wp-image-13939\" srcset=\"https:\/\/conadi.gob.gt\/web\/wp-content\/uploads\/2023\/08\/IMG_2427-1024x683.jpg 1024w, https:\/\/conadi.gob.gt\/web\/wp-content\/uploads\/2023\/08\/IMG_2427-300x200.jpg 300w, https:\/\/conadi.gob.gt\/web\/wp-content\/uploads\/2023\/08\/IMG_2427-768x512.jpg 768w, https:\/\/conadi.gob.gt\/web\/wp-content\/uploads\/2023\/08\/IMG_2427-1536x1024.jpg 1536w\" sizes=\"auto, (max-width: 1024px) 100vw, 1024px\" \/><\/figure>\n\n\n\n<div class=\"wp-block-columns is-layout-flex wp-container-core-columns-is-layout-28f84493 wp-block-columns-is-layout-flex\">\n<div class=\"wp-block-column is-layout-flow wp-block-column-is-layout-flow\">\n<figure class=\"wp-block-image size-large\"><img loading=\"lazy\" decoding=\"async\" width=\"1024\" height=\"683\" src=\"https:\/\/conadi.gob.gt\/web\/wp-content\/uploads\/2023\/08\/IMG_2364-1024x683.jpg\" alt=\"\" class=\"wp-image-13942\" srcset=\"https:\/\/conadi.gob.gt\/web\/wp-content\/uploads\/2023\/08\/IMG_2364-1024x683.jpg 1024w, https:\/\/conadi.gob.gt\/web\/wp-content\/uploads\/2023\/08\/IMG_2364-300x200.jpg 300w, https:\/\/conadi.gob.gt\/web\/wp-content\/uploads\/2023\/08\/IMG_2364-768x512.jpg 768w, https:\/\/conadi.gob.gt\/web\/wp-content\/uploads\/2023\/08\/IMG_2364-1536x1024.jpg 1536w\" sizes=\"auto, (max-width: 1024px) 100vw, 1024px\" \/><\/figure>\n<\/div>\n\n\n\n<div class=\"wp-block-column is-layout-flow wp-block-column-is-layout-flow\">\n<figure class=\"wp-block-image size-large\"><img loading=\"lazy\" decoding=\"async\" width=\"1024\" height=\"683\" src=\"https:\/\/conadi.gob.gt\/web\/wp-content\/uploads\/2023\/08\/IMG_2270-1024x683.jpg\" alt=\"\" class=\"wp-image-13943\" srcset=\"https:\/\/conadi.gob.gt\/web\/wp-content\/uploads\/2023\/08\/IMG_2270-1024x683.jpg 1024w, https:\/\/conadi.gob.gt\/web\/wp-content\/uploads\/2023\/08\/IMG_2270-300x200.jpg 300w, https:\/\/conadi.gob.gt\/web\/wp-content\/uploads\/2023\/08\/IMG_2270-768x512.jpg 768w, https:\/\/conadi.gob.gt\/web\/wp-content\/uploads\/2023\/08\/IMG_2270-1536x1024.jpg 1536w\" sizes=\"auto, (max-width: 1024px) 100vw, 1024px\" \/><\/figure>\n<\/div>\n\n\n\n<div class=\"wp-block-column is-layout-flow wp-block-column-is-layout-flow\">\n<figure class=\"wp-block-image size-large\"><img loading=\"lazy\" decoding=\"async\" width=\"1024\" height=\"683\" src=\"https:\/\/conadi.gob.gt\/web\/wp-content\/uploads\/2023\/08\/IMG_2401-1024x683.jpg\" alt=\"\" class=\"wp-image-13944\" srcset=\"https:\/\/conadi.gob.gt\/web\/wp-content\/uploads\/2023\/08\/IMG_2401-1024x683.jpg 1024w, https:\/\/conadi.gob.gt\/web\/wp-content\/uploads\/2023\/08\/IMG_2401-300x200.jpg 300w, https:\/\/conadi.gob.gt\/web\/wp-content\/uploads\/2023\/08\/IMG_2401-768x512.jpg 768w, https:\/\/conadi.gob.gt\/web\/wp-content\/uploads\/2023\/08\/IMG_2401-1536x1024.jpg 1536w\" sizes=\"auto, (max-width: 1024px) 100vw, 1024px\" \/><\/figure>\n<\/div>\n<\/div>\n\n\n\n<div class=\"wp-block-columns is-layout-flex wp-container-core-columns-is-layout-28f84493 wp-block-columns-is-layout-flex\">\n<div class=\"wp-block-column is-layout-flow wp-block-column-is-layout-flow\">\n<figure class=\"wp-block-image size-large\"><img loading=\"lazy\" decoding=\"async\" width=\"1024\" height=\"683\" src=\"https:\/\/conadi.gob.gt\/web\/wp-content\/uploads\/2023\/08\/WhatsApp-Image-2023-08-10-at-16.29.08-1024x683.jpeg\" alt=\"\" class=\"wp-image-13948\" srcset=\"https:\/\/conadi.gob.gt\/web\/wp-content\/uploads\/2023\/08\/WhatsApp-Image-2023-08-10-at-16.29.08-1024x683.jpeg 1024w, https:\/\/conadi.gob.gt\/web\/wp-content\/uploads\/2023\/08\/WhatsApp-Image-2023-08-10-at-16.29.08-300x200.jpeg 300w, https:\/\/conadi.gob.gt\/web\/wp-content\/uploads\/2023\/08\/WhatsApp-Image-2023-08-10-at-16.29.08-768x512.jpeg 768w, https:\/\/conadi.gob.gt\/web\/wp-content\/uploads\/2023\/08\/WhatsApp-Image-2023-08-10-at-16.29.08-1536x1024.jpeg 1536w, https:\/\/conadi.gob.gt\/web\/wp-content\/uploads\/2023\/08\/WhatsApp-Image-2023-08-10-at-16.29.08.jpeg 1599w\" sizes=\"auto, (max-width: 1024px) 100vw, 1024px\" \/><\/figure>\n<\/div>\n\n\n\n<div class=\"wp-block-column is-layout-flow wp-block-column-is-layout-flow\">\n<figure class=\"wp-block-image size-large\"><img loading=\"lazy\" decoding=\"async\" width=\"1024\" height=\"683\" src=\"https:\/\/conadi.gob.gt\/web\/wp-content\/uploads\/2023\/08\/WhatsApp-Image-2023-08-10-at-16.29.08-1-1024x683.jpeg\" alt=\"\" class=\"wp-image-13949\" srcset=\"https:\/\/conadi.gob.gt\/web\/wp-content\/uploads\/2023\/08\/WhatsApp-Image-2023-08-10-at-16.29.08-1-1024x683.jpeg 1024w, https:\/\/conadi.gob.gt\/web\/wp-content\/uploads\/2023\/08\/WhatsApp-Image-2023-08-10-at-16.29.08-1-300x200.jpeg 300w, https:\/\/conadi.gob.gt\/web\/wp-content\/uploads\/2023\/08\/WhatsApp-Image-2023-08-10-at-16.29.08-1-768x512.jpeg 768w, https:\/\/conadi.gob.gt\/web\/wp-content\/uploads\/2023\/08\/WhatsApp-Image-2023-08-10-at-16.29.08-1-1536x1024.jpeg 1536w, https:\/\/conadi.gob.gt\/web\/wp-content\/uploads\/2023\/08\/WhatsApp-Image-2023-08-10-at-16.29.08-1.jpeg 1599w\" sizes=\"auto, (max-width: 1024px) 100vw, 1024px\" \/><\/figure>\n<\/div>\n<\/div>\n","protected":false},"excerpt":{"rendered":"<p>Con el objetivo de formular la Pol\u00edtica Municipal de Discapacidad del municipio de Camot\u00e1n, Chiquimula, el CONADI desarrollo un taller donde se dieron a conocer los derechos de las personas con discapacidad, el enfoque social, definiciones y terminolog\u00eda adecuada, realizando una actividad donde los participantes reconocieron y destacaron la necesidades de las personas con discapacidad &hellip; <\/p>\n<p class=\"link-more\"><a href=\"https:\/\/conadi.gob.gt\/web\/taller-para-formulacion-de-la-politica-municipal-de-discapacidad-de-camotan-chiquimula\/\" class=\"more-link\">Leer m\u00e1s<span class=\"screen-reader-text\"> \u00abTALLER PARA FORMULACI\u00d3N DE LA POL\u00cdTICA MUNICIPAL DE DISCAPACIDAD DE CAMOT\u00c1N, CHIQUIMULA\u00bb<\/span><\/a><\/p>\n","protected":false},"author":12,"featured_media":13941,"comment_status":"closed","ping_status":"closed","sticky":false,"template":"","format":"standard","meta":{"footnotes":""},"categories":[3],"tags":[],"class_list":["post-13938","post","type-post","status-publish","format-standard","has-post-thumbnail","hentry","category-noticias"],"_links":{"self":[{"href":"https:\/\/conadi.gob.gt\/web\/wp-json\/wp\/v2\/posts\/13938","targetHints":{"allow":["GET"]}}],"collection":[{"href":"https:\/\/conadi.gob.gt\/web\/wp-json\/wp\/v2\/posts"}],"about":[{"href":"https:\/\/conadi.gob.gt\/web\/wp-json\/wp\/v2\/types\/post"}],"author":[{"embeddable":true,"href":"https:\/\/conadi.gob.gt\/web\/wp-json\/wp\/v2\/users\/12"}],"replies":[{"embeddable":true,"href":"https:\/\/conadi.gob.gt\/web\/wp-json\/wp\/v2\/comments?post=13938"}],"version-history":[{"count":3,"href":"https:\/\/conadi.gob.gt\/web\/wp-json\/wp\/v2\/posts\/13938\/revisions"}],"predecessor-version":[{"id":13950,"href":"https:\/\/conadi.gob.gt\/web\/wp-json\/wp\/v2\/posts\/13938\/revisions\/13950"}],"wp:featuredmedia":[{"embeddable":true,"href":"https:\/\/conadi.gob.gt\/web\/wp-json\/wp\/v2\/media\/13941"}],"wp:attachment":[{"href":"https:\/\/conadi.gob.gt\/web\/wp-json\/wp\/v2\/media?parent=13938"}],"wp:term":[{"taxonomy":"category","embeddable":true,"href":"https:\/\/conadi.gob.gt\/web\/wp-json\/wp\/v2\/categories?post=13938"},{"taxonomy":"post_tag","embeddable":true,"href":"https:\/\/conadi.gob.gt\/web\/wp-json\/wp\/v2\/tags?post=13938"}],"curies":[{"name":"wp","href":"https:\/\/api.w.org\/{rel}","templated":true}]}}