{"id":13985,"date":"2023-08-24T20:25:24","date_gmt":"2023-08-24T20:25:24","guid":{"rendered":"https:\/\/conadi.gob.gt\/web\/?p=13985"},"modified":"2023-08-24T20:44:04","modified_gmt":"2023-08-24T20:44:04","slug":"capacitacion-tecnicas-de-fotografia","status":"publish","type":"post","link":"https:\/\/conadi.gob.gt\/web\/capacitacion-tecnicas-de-fotografia\/","title":{"rendered":"CAPACITACI\u00d3N T\u00c9CNICAS DE FOTOGRAF\u00cdA"},"content":{"rendered":"\n<p>Fortalecer conocimientos y habilidades al momento de la cobertura de actividades que se realizan a nivel nacional, fue el objetivo de capacitaci\u00f3n sobre \u201cT\u00e9cnicas de fotograf\u00eda\u201d la cual fue impartida a t\u00e9cnicos del CONADI.<\/p>\n\n\n\n<figure class=\"wp-block-image size-large\"><img loading=\"lazy\" decoding=\"async\" width=\"1024\" height=\"683\" src=\"https:\/\/conadi.gob.gt\/web\/wp-content\/uploads\/2023\/08\/IMG_9886-1024x683.jpg\" alt=\"\" class=\"wp-image-13988\" srcset=\"https:\/\/conadi.gob.gt\/web\/wp-content\/uploads\/2023\/08\/IMG_9886-1024x683.jpg 1024w, https:\/\/conadi.gob.gt\/web\/wp-content\/uploads\/2023\/08\/IMG_9886-300x200.jpg 300w, https:\/\/conadi.gob.gt\/web\/wp-content\/uploads\/2023\/08\/IMG_9886-768x512.jpg 768w, https:\/\/conadi.gob.gt\/web\/wp-content\/uploads\/2023\/08\/IMG_9886-1536x1024.jpg 1536w\" sizes=\"auto, (max-width: 1024px) 100vw, 1024px\" \/><\/figure>\n\n\n\n<p>Durante el primer d\u00eda, los t\u00e9cnicos conocieron los conceptos b\u00e1sicos de la fotograf\u00eda, tipos de c\u00e1mara e informaci\u00f3n sobre el uso de las c\u00e1maras del tel\u00e9fono institucional; el segundo d\u00eda se desarroll\u00f3 de forma pr\u00e1ctica, los t\u00e9cnicos recibieron inducci\u00f3n sobre la utilizaci\u00f3n de los modos de fotograf\u00eda que el tel\u00e9fono institucional tiene y las reglas de la fotograf\u00eda, con ello se dio paso a la toma de fotograf\u00edas y v\u00eddeo que les permitir\u00e1n realizar una mejor cobertura en las actividades de las cuales participen; el tercer d\u00eda continu\u00f3 la inducci\u00f3n del uso de las c\u00e1maras de los dispositivos m\u00f3viles. Asimismo, se realiz\u00f3 una evaluaci\u00f3n de las fotograf\u00edas tomadas por los t\u00e9cnicos, posteriormente, se compartieron ejemplos de las reglas de composici\u00f3n. Para finalizar la jornada de capacitaci\u00f3n, recibieron indicaciones sobre la selecci\u00f3n y env\u00edo de fotograf\u00eda a trav\u00e9s de plataformas para que las im\u00e1genes no pierdan calidad.<\/p>\n\n\n\n<figure class=\"wp-block-image size-large\"><img loading=\"lazy\" decoding=\"async\" width=\"1024\" height=\"683\" src=\"https:\/\/conadi.gob.gt\/web\/wp-content\/uploads\/2023\/08\/IMG_9822-1024x683.jpg\" alt=\"\" class=\"wp-image-13989\" srcset=\"https:\/\/conadi.gob.gt\/web\/wp-content\/uploads\/2023\/08\/IMG_9822-1024x683.jpg 1024w, https:\/\/conadi.gob.gt\/web\/wp-content\/uploads\/2023\/08\/IMG_9822-300x200.jpg 300w, https:\/\/conadi.gob.gt\/web\/wp-content\/uploads\/2023\/08\/IMG_9822-768x512.jpg 768w, https:\/\/conadi.gob.gt\/web\/wp-content\/uploads\/2023\/08\/IMG_9822-1536x1024.jpg 1536w\" sizes=\"auto, (max-width: 1024px) 100vw, 1024px\" \/><\/figure>\n\n\n\n<p>Clarivel Castillo, presidenta del CONADI, en su discurso exhort\u00f3 a los t\u00e9cnicos a seguir trabajando en la difusi\u00f3n de la informaci\u00f3n generada en la actividad e indic\u00f3 que aprovechen el conocimiento y apliquen las t\u00e9cnicas compartidas.<\/p>\n\n\n\n<figure class=\"wp-block-image size-large\"><img loading=\"lazy\" decoding=\"async\" width=\"1024\" height=\"683\" src=\"https:\/\/conadi.gob.gt\/web\/wp-content\/uploads\/2023\/08\/IMG_9882-1024x683.jpg\" alt=\"\" class=\"wp-image-13999\" srcset=\"https:\/\/conadi.gob.gt\/web\/wp-content\/uploads\/2023\/08\/IMG_9882-1024x683.jpg 1024w, https:\/\/conadi.gob.gt\/web\/wp-content\/uploads\/2023\/08\/IMG_9882-300x200.jpg 300w, https:\/\/conadi.gob.gt\/web\/wp-content\/uploads\/2023\/08\/IMG_9882-768x512.jpg 768w, https:\/\/conadi.gob.gt\/web\/wp-content\/uploads\/2023\/08\/IMG_9882-1536x1024.jpg 1536w, https:\/\/conadi.gob.gt\/web\/wp-content\/uploads\/2023\/08\/IMG_9882-2048x1365.jpg 2048w, https:\/\/conadi.gob.gt\/web\/wp-content\/uploads\/2023\/08\/IMG_9882-2000x1333.jpg 2000w\" sizes=\"auto, (max-width: 1024px) 100vw, 1024px\" \/><\/figure>\n\n\n\n<p>La capacitaci\u00f3n fue coordinada por el Eje de Fortalecimiento Institucional del CONADI y la Secretar\u00eda de Comunicaci\u00f3n Social de la Presidencia.<\/p>\n\n\n\n<div class=\"wp-block-columns is-layout-flex wp-container-core-columns-is-layout-28f84493 wp-block-columns-is-layout-flex\">\n<div class=\"wp-block-column is-layout-flow wp-block-column-is-layout-flow\">\n<figure class=\"wp-block-image size-large\"><img loading=\"lazy\" decoding=\"async\" width=\"1024\" height=\"683\" src=\"https:\/\/conadi.gob.gt\/web\/wp-content\/uploads\/2023\/08\/IMG_9814-1024x683.jpg\" alt=\"\" class=\"wp-image-13991\" srcset=\"https:\/\/conadi.gob.gt\/web\/wp-content\/uploads\/2023\/08\/IMG_9814-1024x683.jpg 1024w, https:\/\/conadi.gob.gt\/web\/wp-content\/uploads\/2023\/08\/IMG_9814-300x200.jpg 300w, https:\/\/conadi.gob.gt\/web\/wp-content\/uploads\/2023\/08\/IMG_9814-768x512.jpg 768w, https:\/\/conadi.gob.gt\/web\/wp-content\/uploads\/2023\/08\/IMG_9814-1536x1024.jpg 1536w\" sizes=\"auto, (max-width: 1024px) 100vw, 1024px\" \/><\/figure>\n<\/div>\n\n\n\n<div class=\"wp-block-column is-layout-flow wp-block-column-is-layout-flow\">\n<figure class=\"wp-block-image size-large\"><img loading=\"lazy\" decoding=\"async\" width=\"1024\" height=\"683\" src=\"https:\/\/conadi.gob.gt\/web\/wp-content\/uploads\/2023\/08\/IMG_9845-1024x683.jpg\" alt=\"\" class=\"wp-image-13992\" srcset=\"https:\/\/conadi.gob.gt\/web\/wp-content\/uploads\/2023\/08\/IMG_9845-1024x683.jpg 1024w, https:\/\/conadi.gob.gt\/web\/wp-content\/uploads\/2023\/08\/IMG_9845-300x200.jpg 300w, https:\/\/conadi.gob.gt\/web\/wp-content\/uploads\/2023\/08\/IMG_9845-768x512.jpg 768w, https:\/\/conadi.gob.gt\/web\/wp-content\/uploads\/2023\/08\/IMG_9845-1536x1024.jpg 1536w\" sizes=\"auto, (max-width: 1024px) 100vw, 1024px\" \/><\/figure>\n<\/div>\n\n\n\n<div class=\"wp-block-column is-layout-flow wp-block-column-is-layout-flow\">\n<figure class=\"wp-block-image size-large\"><img loading=\"lazy\" decoding=\"async\" width=\"1024\" height=\"683\" src=\"https:\/\/conadi.gob.gt\/web\/wp-content\/uploads\/2023\/08\/IMG_9801-1024x683.jpg\" alt=\"\" class=\"wp-image-13993\" srcset=\"https:\/\/conadi.gob.gt\/web\/wp-content\/uploads\/2023\/08\/IMG_9801-1024x683.jpg 1024w, https:\/\/conadi.gob.gt\/web\/wp-content\/uploads\/2023\/08\/IMG_9801-300x200.jpg 300w, https:\/\/conadi.gob.gt\/web\/wp-content\/uploads\/2023\/08\/IMG_9801-768x512.jpg 768w, https:\/\/conadi.gob.gt\/web\/wp-content\/uploads\/2023\/08\/IMG_9801-1536x1024.jpg 1536w\" sizes=\"auto, (max-width: 1024px) 100vw, 1024px\" \/><\/figure>\n<\/div>\n<\/div>\n\n\n\n<div class=\"wp-block-columns is-layout-flex wp-container-core-columns-is-layout-28f84493 wp-block-columns-is-layout-flex\">\n<div class=\"wp-block-column is-layout-flow wp-block-column-is-layout-flow\">\n<figure class=\"wp-block-image size-large\"><img loading=\"lazy\" decoding=\"async\" width=\"1024\" height=\"683\" src=\"https:\/\/conadi.gob.gt\/web\/wp-content\/uploads\/2023\/08\/IMG_9876-1024x683.jpg\" alt=\"\" class=\"wp-image-13994\" srcset=\"https:\/\/conadi.gob.gt\/web\/wp-content\/uploads\/2023\/08\/IMG_9876-1024x683.jpg 1024w, https:\/\/conadi.gob.gt\/web\/wp-content\/uploads\/2023\/08\/IMG_9876-300x200.jpg 300w, https:\/\/conadi.gob.gt\/web\/wp-content\/uploads\/2023\/08\/IMG_9876-768x512.jpg 768w, https:\/\/conadi.gob.gt\/web\/wp-content\/uploads\/2023\/08\/IMG_9876-1536x1024.jpg 1536w\" sizes=\"auto, (max-width: 1024px) 100vw, 1024px\" \/><\/figure>\n<\/div>\n\n\n\n<div class=\"wp-block-column is-layout-flow wp-block-column-is-layout-flow\">\n<figure class=\"wp-block-image size-full\"><img decoding=\"async\" src=\"https:\/\/conadi.gob.gt\/web\/wp-content\/uploads\/2023\/08\/20230824_093656.jpg\" alt=\"\" class=\"wp-image-13996\"\/><\/figure>\n<\/div>\n\n\n\n<div class=\"wp-block-column is-layout-flow wp-block-column-is-layout-flow\">\n<figure class=\"wp-block-image size-large\"><img loading=\"lazy\" decoding=\"async\" width=\"1024\" height=\"683\" src=\"https:\/\/conadi.gob.gt\/web\/wp-content\/uploads\/2023\/08\/IMG_9918-1024x683.jpg\" alt=\"\" class=\"wp-image-13995\" srcset=\"https:\/\/conadi.gob.gt\/web\/wp-content\/uploads\/2023\/08\/IMG_9918-1024x683.jpg 1024w, https:\/\/conadi.gob.gt\/web\/wp-content\/uploads\/2023\/08\/IMG_9918-300x200.jpg 300w, https:\/\/conadi.gob.gt\/web\/wp-content\/uploads\/2023\/08\/IMG_9918-768x512.jpg 768w, https:\/\/conadi.gob.gt\/web\/wp-content\/uploads\/2023\/08\/IMG_9918-1536x1024.jpg 1536w, https:\/\/conadi.gob.gt\/web\/wp-content\/uploads\/2023\/08\/IMG_9918-scaled-2000x1334.jpg 2000w\" sizes=\"auto, (max-width: 1024px) 100vw, 1024px\" \/><\/figure>\n<\/div>\n<\/div>\n","protected":false},"excerpt":{"rendered":"<p>Fortalecer conocimientos y habilidades al momento de la cobertura de actividades que se realizan a nivel nacional, fue el objetivo de capacitaci\u00f3n sobre \u201cT\u00e9cnicas de fotograf\u00eda\u201d la cual fue impartida a t\u00e9cnicos del CONADI. Durante el primer d\u00eda, los t\u00e9cnicos conocieron los conceptos b\u00e1sicos de la fotograf\u00eda, tipos de c\u00e1mara e informaci\u00f3n sobre el uso &hellip; <\/p>\n<p class=\"link-more\"><a href=\"https:\/\/conadi.gob.gt\/web\/capacitacion-tecnicas-de-fotografia\/\" class=\"more-link\">Leer m\u00e1s<span class=\"screen-reader-text\"> \u00abCAPACITACI\u00d3N T\u00c9CNICAS DE FOTOGRAF\u00cdA\u00bb<\/span><\/a><\/p>\n","protected":false},"author":12,"featured_media":13995,"comment_status":"closed","ping_status":"closed","sticky":false,"template":"","format":"standard","meta":{"footnotes":""},"categories":[3],"tags":[],"class_list":["post-13985","post","type-post","status-publish","format-standard","has-post-thumbnail","hentry","category-noticias"],"_links":{"self":[{"href":"https:\/\/conadi.gob.gt\/web\/wp-json\/wp\/v2\/posts\/13985","targetHints":{"allow":["GET"]}}],"collection":[{"href":"https:\/\/conadi.gob.gt\/web\/wp-json\/wp\/v2\/posts"}],"about":[{"href":"https:\/\/conadi.gob.gt\/web\/wp-json\/wp\/v2\/types\/post"}],"author":[{"embeddable":true,"href":"https:\/\/conadi.gob.gt\/web\/wp-json\/wp\/v2\/users\/12"}],"replies":[{"embeddable":true,"href":"https:\/\/conadi.gob.gt\/web\/wp-json\/wp\/v2\/comments?post=13985"}],"version-history":[{"count":3,"href":"https:\/\/conadi.gob.gt\/web\/wp-json\/wp\/v2\/posts\/13985\/revisions"}],"predecessor-version":[{"id":14000,"href":"https:\/\/conadi.gob.gt\/web\/wp-json\/wp\/v2\/posts\/13985\/revisions\/14000"}],"wp:featuredmedia":[{"embeddable":true,"href":"https:\/\/conadi.gob.gt\/web\/wp-json\/wp\/v2\/media\/13995"}],"wp:attachment":[{"href":"https:\/\/conadi.gob.gt\/web\/wp-json\/wp\/v2\/media?parent=13985"}],"wp:term":[{"taxonomy":"category","embeddable":true,"href":"https:\/\/conadi.gob.gt\/web\/wp-json\/wp\/v2\/categories?post=13985"},{"taxonomy":"post_tag","embeddable":true,"href":"https:\/\/conadi.gob.gt\/web\/wp-json\/wp\/v2\/tags?post=13985"}],"curies":[{"name":"wp","href":"https:\/\/api.w.org\/{rel}","templated":true}]}}