{"id":14096,"date":"2023-09-01T21:37:21","date_gmt":"2023-09-01T21:37:21","guid":{"rendered":"https:\/\/conadi.gob.gt\/web\/?p=14096"},"modified":"2023-09-01T21:37:22","modified_gmt":"2023-09-01T21:37:22","slug":"taller-abriendo-horizontes","status":"publish","type":"post","link":"https:\/\/conadi.gob.gt\/web\/taller-abriendo-horizontes\/","title":{"rendered":"Taller \u201cAbriendo Horizontes\u201d"},"content":{"rendered":"\n<p>Alrededor de 53 personas entre ellas, personal administrativo, servicios generales, docentes y cuerpo estudiantil de la Facultad de Ciencias Qu\u00edmicas y Farmacia de la Tricentenaria Universidad de San Carlos de Guatemala (USAC) participaron de la primera fase del Taller \u201cAbriendo Horizontes\u201d impartido por la Unidad de Comunicaci\u00f3n y Relaciones P\u00fablicas en coordinaci\u00f3n con la Comisi\u00f3n de Discapacidad de dicha facultad.<\/p>\n\n\n\n<figure class=\"wp-block-image size-large\"><img loading=\"lazy\" decoding=\"async\" width=\"1024\" height=\"567\" src=\"https:\/\/conadi.gob.gt\/web\/wp-content\/uploads\/2023\/09\/WhatsApp-Image-2023-09-01-at-15.08.41-1-1024x567.jpeg\" alt=\"\" class=\"wp-image-14097\" srcset=\"https:\/\/conadi.gob.gt\/web\/wp-content\/uploads\/2023\/09\/WhatsApp-Image-2023-09-01-at-15.08.41-1-1024x567.jpeg 1024w, https:\/\/conadi.gob.gt\/web\/wp-content\/uploads\/2023\/09\/WhatsApp-Image-2023-09-01-at-15.08.41-1-300x166.jpeg 300w, https:\/\/conadi.gob.gt\/web\/wp-content\/uploads\/2023\/09\/WhatsApp-Image-2023-09-01-at-15.08.41-1-768x425.jpeg 768w, https:\/\/conadi.gob.gt\/web\/wp-content\/uploads\/2023\/09\/WhatsApp-Image-2023-09-01-at-15.08.41-1-1536x851.jpeg 1536w, https:\/\/conadi.gob.gt\/web\/wp-content\/uploads\/2023\/09\/WhatsApp-Image-2023-09-01-at-15.08.41-1.jpeg 1600w\" sizes=\"auto, (max-width: 1024px) 100vw, 1024px\" \/><\/figure>\n\n\n\n<p>Este tipo de talleres busca la generaci\u00f3n de toma de conciencia en cuanto a la terminolog\u00eda para dirigirse a las personas con discapacidad, relacionamiento con el colectivo y sobre el derecho a la educaci\u00f3n superior.<\/p>\n\n\n\n<figure class=\"wp-block-image size-large\"><img loading=\"lazy\" decoding=\"async\" width=\"1024\" height=\"645\" src=\"https:\/\/conadi.gob.gt\/web\/wp-content\/uploads\/2023\/09\/WhatsApp-Image-2023-09-01-at-15.08.41-1024x645.jpeg\" alt=\"\" class=\"wp-image-14098\" srcset=\"https:\/\/conadi.gob.gt\/web\/wp-content\/uploads\/2023\/09\/WhatsApp-Image-2023-09-01-at-15.08.41-1024x645.jpeg 1024w, https:\/\/conadi.gob.gt\/web\/wp-content\/uploads\/2023\/09\/WhatsApp-Image-2023-09-01-at-15.08.41-300x189.jpeg 300w, https:\/\/conadi.gob.gt\/web\/wp-content\/uploads\/2023\/09\/WhatsApp-Image-2023-09-01-at-15.08.41-768x484.jpeg 768w, https:\/\/conadi.gob.gt\/web\/wp-content\/uploads\/2023\/09\/WhatsApp-Image-2023-09-01-at-15.08.41-1536x968.jpeg 1536w, https:\/\/conadi.gob.gt\/web\/wp-content\/uploads\/2023\/09\/WhatsApp-Image-2023-09-01-at-15.08.41.jpeg 1600w\" sizes=\"auto, (max-width: 1024px) 100vw, 1024px\" \/><\/figure>\n\n\n\n<p>Para la apertura del taller se cont\u00f3 con las palabras de Clarivel Castillo presidenta de CONADI, quien resalt\u00f3 la importancia de generar estos nuevos conocimientos en los futuros profesionales, as\u00ed como al personal de atenci\u00f3n a la poblaci\u00f3n estudiantil y con ello, lograr una inclusi\u00f3n en igualdad de condiciones en dicha casa de estudios. Adem\u00e1s, indic\u00f3 que el Consejo continuar\u00e1 brindado el apoyo y asesor\u00eda en la tem\u00e1tica de discapacidad.<\/p>\n\n\n\n<p>Durante el desarrollo del taller se cont\u00f3 con la ponencia de Jorge Luis L\u00f3pez capacitador del CONADI, persona con discapacidad visual quien abord\u00f3 los temas: introducci\u00f3n de la tem\u00e1tica de discapacidad, conceptos b\u00e1sicos y terminolog\u00eda correcta sobre discapacidad.<\/p>\n\n\n\n<figure class=\"wp-block-image size-large\"><img loading=\"lazy\" decoding=\"async\" width=\"1024\" height=\"564\" src=\"https:\/\/conadi.gob.gt\/web\/wp-content\/uploads\/2023\/09\/WhatsApp-Image-2023-09-01-at-15.08.42-1024x564.jpeg\" alt=\"\" class=\"wp-image-14099\" srcset=\"https:\/\/conadi.gob.gt\/web\/wp-content\/uploads\/2023\/09\/WhatsApp-Image-2023-09-01-at-15.08.42-1024x564.jpeg 1024w, https:\/\/conadi.gob.gt\/web\/wp-content\/uploads\/2023\/09\/WhatsApp-Image-2023-09-01-at-15.08.42-300x165.jpeg 300w, https:\/\/conadi.gob.gt\/web\/wp-content\/uploads\/2023\/09\/WhatsApp-Image-2023-09-01-at-15.08.42-768x423.jpeg 768w, https:\/\/conadi.gob.gt\/web\/wp-content\/uploads\/2023\/09\/WhatsApp-Image-2023-09-01-at-15.08.42-1536x846.jpeg 1536w, https:\/\/conadi.gob.gt\/web\/wp-content\/uploads\/2023\/09\/WhatsApp-Image-2023-09-01-at-15.08.42.jpeg 1600w\" sizes=\"auto, (max-width: 1024px) 100vw, 1024px\" \/><\/figure>\n\n\n\n<p>En tanto, Simkhat Mijangos, t\u00e9cnico de Incidencia Pol\u00edtica, habl\u00f3 sobre los paradigmas de la discapacidad, la inclusi\u00f3n de las personas con discapacidad en la educaci\u00f3n superior, la importancia de promover los ajustes razonables para garantizar la participaci\u00f3n plena y efectiva de la poblaci\u00f3n con discapacidad y la importancia de contar con una adecuaci\u00f3n curricular superior.<\/p>\n\n\n\n<figure class=\"wp-block-image size-large\"><img loading=\"lazy\" decoding=\"async\" width=\"1024\" height=\"591\" src=\"https:\/\/conadi.gob.gt\/web\/wp-content\/uploads\/2023\/09\/WhatsApp-Image-2023-09-01-at-15.08.41-3-1024x591.jpeg\" alt=\"\" class=\"wp-image-14100\" srcset=\"https:\/\/conadi.gob.gt\/web\/wp-content\/uploads\/2023\/09\/WhatsApp-Image-2023-09-01-at-15.08.41-3-1024x591.jpeg 1024w, https:\/\/conadi.gob.gt\/web\/wp-content\/uploads\/2023\/09\/WhatsApp-Image-2023-09-01-at-15.08.41-3-300x173.jpeg 300w, https:\/\/conadi.gob.gt\/web\/wp-content\/uploads\/2023\/09\/WhatsApp-Image-2023-09-01-at-15.08.41-3-768x443.jpeg 768w, https:\/\/conadi.gob.gt\/web\/wp-content\/uploads\/2023\/09\/WhatsApp-Image-2023-09-01-at-15.08.41-3-1536x886.jpeg 1536w, https:\/\/conadi.gob.gt\/web\/wp-content\/uploads\/2023\/09\/WhatsApp-Image-2023-09-01-at-15.08.41-3.jpeg 1600w\" sizes=\"auto, (max-width: 1024px) 100vw, 1024px\" \/><\/figure>\n\n\n\n<div class=\"wp-block-columns is-layout-flex wp-container-core-columns-is-layout-28f84493 wp-block-columns-is-layout-flex\">\n<div class=\"wp-block-column is-layout-flow wp-block-column-is-layout-flow\">\n<figure class=\"wp-block-image size-large\"><img loading=\"lazy\" decoding=\"async\" width=\"1024\" height=\"563\" src=\"https:\/\/conadi.gob.gt\/web\/wp-content\/uploads\/2023\/09\/WhatsApp-Image-2023-09-01-at-15.08.41-4-1024x563.jpeg\" alt=\"\" class=\"wp-image-14103\" srcset=\"https:\/\/conadi.gob.gt\/web\/wp-content\/uploads\/2023\/09\/WhatsApp-Image-2023-09-01-at-15.08.41-4-1024x563.jpeg 1024w, https:\/\/conadi.gob.gt\/web\/wp-content\/uploads\/2023\/09\/WhatsApp-Image-2023-09-01-at-15.08.41-4-300x165.jpeg 300w, https:\/\/conadi.gob.gt\/web\/wp-content\/uploads\/2023\/09\/WhatsApp-Image-2023-09-01-at-15.08.41-4-768x422.jpeg 768w, https:\/\/conadi.gob.gt\/web\/wp-content\/uploads\/2023\/09\/WhatsApp-Image-2023-09-01-at-15.08.41-4-1536x845.jpeg 1536w, https:\/\/conadi.gob.gt\/web\/wp-content\/uploads\/2023\/09\/WhatsApp-Image-2023-09-01-at-15.08.41-4.jpeg 1600w\" sizes=\"auto, (max-width: 1024px) 100vw, 1024px\" \/><\/figure>\n<\/div>\n\n\n\n<div class=\"wp-block-column is-layout-flow wp-block-column-is-layout-flow\">\n<figure class=\"wp-block-image size-large\"><img loading=\"lazy\" decoding=\"async\" width=\"1024\" height=\"682\" src=\"https:\/\/conadi.gob.gt\/web\/wp-content\/uploads\/2023\/09\/WhatsApp-Image-2023-09-01-at-15.13.19-1024x682.jpeg\" alt=\"\" class=\"wp-image-14101\" srcset=\"https:\/\/conadi.gob.gt\/web\/wp-content\/uploads\/2023\/09\/WhatsApp-Image-2023-09-01-at-15.13.19-1024x682.jpeg 1024w, https:\/\/conadi.gob.gt\/web\/wp-content\/uploads\/2023\/09\/WhatsApp-Image-2023-09-01-at-15.13.19-300x200.jpeg 300w, https:\/\/conadi.gob.gt\/web\/wp-content\/uploads\/2023\/09\/WhatsApp-Image-2023-09-01-at-15.13.19-768x512.jpeg 768w, https:\/\/conadi.gob.gt\/web\/wp-content\/uploads\/2023\/09\/WhatsApp-Image-2023-09-01-at-15.13.19-1536x1023.jpeg 1536w, https:\/\/conadi.gob.gt\/web\/wp-content\/uploads\/2023\/09\/WhatsApp-Image-2023-09-01-at-15.13.19.jpeg 1600w\" sizes=\"auto, (max-width: 1024px) 100vw, 1024px\" \/><\/figure>\n<\/div>\n\n\n\n<div class=\"wp-block-column is-layout-flow wp-block-column-is-layout-flow\">\n<figure class=\"wp-block-image size-large\"><img loading=\"lazy\" decoding=\"async\" width=\"1024\" height=\"682\" src=\"https:\/\/conadi.gob.gt\/web\/wp-content\/uploads\/2023\/09\/WhatsApp-Image-2023-09-01-at-15.13.20-1-1024x682.jpeg\" alt=\"\" class=\"wp-image-14102\" srcset=\"https:\/\/conadi.gob.gt\/web\/wp-content\/uploads\/2023\/09\/WhatsApp-Image-2023-09-01-at-15.13.20-1-1024x682.jpeg 1024w, https:\/\/conadi.gob.gt\/web\/wp-content\/uploads\/2023\/09\/WhatsApp-Image-2023-09-01-at-15.13.20-1-300x200.jpeg 300w, https:\/\/conadi.gob.gt\/web\/wp-content\/uploads\/2023\/09\/WhatsApp-Image-2023-09-01-at-15.13.20-1-768x512.jpeg 768w, https:\/\/conadi.gob.gt\/web\/wp-content\/uploads\/2023\/09\/WhatsApp-Image-2023-09-01-at-15.13.20-1-1536x1023.jpeg 1536w, https:\/\/conadi.gob.gt\/web\/wp-content\/uploads\/2023\/09\/WhatsApp-Image-2023-09-01-at-15.13.20-1.jpeg 1600w\" sizes=\"auto, (max-width: 1024px) 100vw, 1024px\" \/><\/figure>\n<\/div>\n<\/div>\n","protected":false},"excerpt":{"rendered":"<p>Alrededor de 53 personas entre ellas, personal administrativo, servicios generales, docentes y cuerpo estudiantil de la Facultad de Ciencias Qu\u00edmicas y Farmacia de la Tricentenaria Universidad de San Carlos de Guatemala (USAC) participaron de la primera fase del Taller \u201cAbriendo Horizontes\u201d impartido por la Unidad de Comunicaci\u00f3n y Relaciones P\u00fablicas en coordinaci\u00f3n con la Comisi\u00f3n &hellip; <\/p>\n<p class=\"link-more\"><a href=\"https:\/\/conadi.gob.gt\/web\/taller-abriendo-horizontes\/\" class=\"more-link\">Leer m\u00e1s<span class=\"screen-reader-text\"> \u00abTaller \u201cAbriendo Horizontes\u201d\u00bb<\/span><\/a><\/p>\n","protected":false},"author":12,"featured_media":14097,"comment_status":"closed","ping_status":"closed","sticky":false,"template":"","format":"standard","meta":{"footnotes":""},"categories":[3],"tags":[],"class_list":["post-14096","post","type-post","status-publish","format-standard","has-post-thumbnail","hentry","category-noticias"],"_links":{"self":[{"href":"https:\/\/conadi.gob.gt\/web\/wp-json\/wp\/v2\/posts\/14096","targetHints":{"allow":["GET"]}}],"collection":[{"href":"https:\/\/conadi.gob.gt\/web\/wp-json\/wp\/v2\/posts"}],"about":[{"href":"https:\/\/conadi.gob.gt\/web\/wp-json\/wp\/v2\/types\/post"}],"author":[{"embeddable":true,"href":"https:\/\/conadi.gob.gt\/web\/wp-json\/wp\/v2\/users\/12"}],"replies":[{"embeddable":true,"href":"https:\/\/conadi.gob.gt\/web\/wp-json\/wp\/v2\/comments?post=14096"}],"version-history":[{"count":1,"href":"https:\/\/conadi.gob.gt\/web\/wp-json\/wp\/v2\/posts\/14096\/revisions"}],"predecessor-version":[{"id":14104,"href":"https:\/\/conadi.gob.gt\/web\/wp-json\/wp\/v2\/posts\/14096\/revisions\/14104"}],"wp:featuredmedia":[{"embeddable":true,"href":"https:\/\/conadi.gob.gt\/web\/wp-json\/wp\/v2\/media\/14097"}],"wp:attachment":[{"href":"https:\/\/conadi.gob.gt\/web\/wp-json\/wp\/v2\/media?parent=14096"}],"wp:term":[{"taxonomy":"category","embeddable":true,"href":"https:\/\/conadi.gob.gt\/web\/wp-json\/wp\/v2\/categories?post=14096"},{"taxonomy":"post_tag","embeddable":true,"href":"https:\/\/conadi.gob.gt\/web\/wp-json\/wp\/v2\/tags?post=14096"}],"curies":[{"name":"wp","href":"https:\/\/api.w.org\/{rel}","templated":true}]}}