{"id":14144,"date":"2023-09-20T20:42:39","date_gmt":"2023-09-20T20:42:39","guid":{"rendered":"https:\/\/conadi.gob.gt\/web\/?p=14144"},"modified":"2023-09-20T20:42:40","modified_gmt":"2023-09-20T20:42:40","slug":"la-lengua-de-senas-mi-identidad","status":"publish","type":"post","link":"https:\/\/conadi.gob.gt\/web\/la-lengua-de-senas-mi-identidad\/","title":{"rendered":"\u00a1La Lengua de Se\u00f1as, mi Identidad!"},"content":{"rendered":"\n<p>\u201cLa Lengua de Se\u00f1as, mi Identidad\u201d, fue el tema abordado en conferencia de prensa realizada en conmemoraci\u00f3n del Tercer Aniversario del D\u00eda Nacional de la Lengua de Se\u00f1as de Guatemala (LENSEGUA). Este pronunciamiento, busca incidir en la poblaci\u00f3n en el reconocimiento de la Lengua de Se\u00f1as de Guatemala LENSEGUA como idioma oficial, la importancia de los ajustes razonables para personas sordas y hacer el llamado para que todas la poblaci\u00f3n aprenda la LENSEGUA, para lograr la inclusi\u00f3n en igualdad de condiciones.<\/p>\n\n\n\n<figure class=\"wp-block-image size-large\"><img loading=\"lazy\" decoding=\"async\" width=\"1024\" height=\"683\" src=\"https:\/\/conadi.gob.gt\/web\/wp-content\/uploads\/2023\/09\/380604635_717380753769103_82179132282438109_n-1024x683.jpg\" alt=\"\" class=\"wp-image-14145\" srcset=\"https:\/\/conadi.gob.gt\/web\/wp-content\/uploads\/2023\/09\/380604635_717380753769103_82179132282438109_n-1024x683.jpg 1024w, https:\/\/conadi.gob.gt\/web\/wp-content\/uploads\/2023\/09\/380604635_717380753769103_82179132282438109_n-300x200.jpg 300w, https:\/\/conadi.gob.gt\/web\/wp-content\/uploads\/2023\/09\/380604635_717380753769103_82179132282438109_n-768x512.jpg 768w, https:\/\/conadi.gob.gt\/web\/wp-content\/uploads\/2023\/09\/380604635_717380753769103_82179132282438109_n-1536x1024.jpg 1536w, https:\/\/conadi.gob.gt\/web\/wp-content\/uploads\/2023\/09\/380604635_717380753769103_82179132282438109_n-2000x1333.jpg 2000w, https:\/\/conadi.gob.gt\/web\/wp-content\/uploads\/2023\/09\/380604635_717380753769103_82179132282438109_n.jpg 2048w\" sizes=\"auto, (max-width: 1024px) 100vw, 1024px\" \/><\/figure>\n\n\n\n<p>Adem\u00e1s, los representantes del Sub Sector de Personas con Discapacidad Auditiva dieron a conocer las actividades que llevaran a cabo en este d\u00eda marco:<\/p>\n\n\n\n<p>\u2022 La Segunda Feria de la Lengua de Se\u00f1as de Guatemala, la cual se realizar\u00e1 en el Parque Erick Barrondo, el pr\u00f3ximo viernes 22 de septiembre de 10:00 a 13:00 horas<\/p>\n\n\n\n<p>\u2022 El d\u00eda s\u00e1bado 23 de septiembre una caminata conmemorativa que inicia a las 7:00 de la ma\u00f1ana en la sexta avenida y 18 calle de la zona 1 y finaliza en el Parque Central.<\/p>\n\n\n\n<figure class=\"wp-block-image size-large\"><img loading=\"lazy\" decoding=\"async\" width=\"1024\" height=\"683\" src=\"https:\/\/conadi.gob.gt\/web\/wp-content\/uploads\/2023\/09\/379859435_717381097102402_7794503897475218502_n-1024x683.jpg\" alt=\"\" class=\"wp-image-14146\" srcset=\"https:\/\/conadi.gob.gt\/web\/wp-content\/uploads\/2023\/09\/379859435_717381097102402_7794503897475218502_n-1024x683.jpg 1024w, https:\/\/conadi.gob.gt\/web\/wp-content\/uploads\/2023\/09\/379859435_717381097102402_7794503897475218502_n-300x200.jpg 300w, https:\/\/conadi.gob.gt\/web\/wp-content\/uploads\/2023\/09\/379859435_717381097102402_7794503897475218502_n-768x512.jpg 768w, https:\/\/conadi.gob.gt\/web\/wp-content\/uploads\/2023\/09\/379859435_717381097102402_7794503897475218502_n-1536x1024.jpg 1536w, https:\/\/conadi.gob.gt\/web\/wp-content\/uploads\/2023\/09\/379859435_717381097102402_7794503897475218502_n-2000x1333.jpg 2000w, https:\/\/conadi.gob.gt\/web\/wp-content\/uploads\/2023\/09\/379859435_717381097102402_7794503897475218502_n.jpg 2048w\" sizes=\"auto, (max-width: 1024px) 100vw, 1024px\" \/><\/figure>\n\n\n\n<p>El se\u00f1or Edgar Tzun, miembro de Junta Directiva del CONADI, en su mensaje institucional agradeci\u00f3 la cobertura de los medios de comunicaci\u00f3n en la conferencia de prensa, as\u00ed como, el apoyo en la difusi\u00f3n de las actividades a toda la poblaci\u00f3n, para que todos se unan en apoyar y proteger la identidad ling\u00fc\u00edstica y la diversidad cultural de toda las personas sordas.<\/p>\n\n\n\n<div class=\"wp-block-columns is-layout-flex wp-container-core-columns-is-layout-28f84493 wp-block-columns-is-layout-flex\">\n<div class=\"wp-block-column is-layout-flow wp-block-column-is-layout-flow\">\n<figure class=\"wp-block-image size-large\"><img loading=\"lazy\" decoding=\"async\" width=\"1024\" height=\"683\" src=\"https:\/\/conadi.gob.gt\/web\/wp-content\/uploads\/2023\/09\/380648924_717380840435761_7315823339333483282_n-1024x683.jpg\" alt=\"\" class=\"wp-image-14147\" srcset=\"https:\/\/conadi.gob.gt\/web\/wp-content\/uploads\/2023\/09\/380648924_717380840435761_7315823339333483282_n-1024x683.jpg 1024w, https:\/\/conadi.gob.gt\/web\/wp-content\/uploads\/2023\/09\/380648924_717380840435761_7315823339333483282_n-300x200.jpg 300w, https:\/\/conadi.gob.gt\/web\/wp-content\/uploads\/2023\/09\/380648924_717380840435761_7315823339333483282_n-768x512.jpg 768w, https:\/\/conadi.gob.gt\/web\/wp-content\/uploads\/2023\/09\/380648924_717380840435761_7315823339333483282_n-1536x1024.jpg 1536w, https:\/\/conadi.gob.gt\/web\/wp-content\/uploads\/2023\/09\/380648924_717380840435761_7315823339333483282_n-2000x1333.jpg 2000w, https:\/\/conadi.gob.gt\/web\/wp-content\/uploads\/2023\/09\/380648924_717380840435761_7315823339333483282_n.jpg 2048w\" sizes=\"auto, (max-width: 1024px) 100vw, 1024px\" \/><\/figure>\n<\/div>\n\n\n\n<div class=\"wp-block-column is-layout-flow wp-block-column-is-layout-flow\">\n<figure class=\"wp-block-image size-large\"><img loading=\"lazy\" decoding=\"async\" width=\"1024\" height=\"683\" src=\"https:\/\/conadi.gob.gt\/web\/wp-content\/uploads\/2023\/09\/381436869_717381483769030_4495450618542668988_n-1024x683.jpg\" alt=\"\" class=\"wp-image-14148\" srcset=\"https:\/\/conadi.gob.gt\/web\/wp-content\/uploads\/2023\/09\/381436869_717381483769030_4495450618542668988_n-1024x683.jpg 1024w, https:\/\/conadi.gob.gt\/web\/wp-content\/uploads\/2023\/09\/381436869_717381483769030_4495450618542668988_n-300x200.jpg 300w, https:\/\/conadi.gob.gt\/web\/wp-content\/uploads\/2023\/09\/381436869_717381483769030_4495450618542668988_n-768x512.jpg 768w, https:\/\/conadi.gob.gt\/web\/wp-content\/uploads\/2023\/09\/381436869_717381483769030_4495450618542668988_n-1536x1024.jpg 1536w, https:\/\/conadi.gob.gt\/web\/wp-content\/uploads\/2023\/09\/381436869_717381483769030_4495450618542668988_n-2000x1333.jpg 2000w, https:\/\/conadi.gob.gt\/web\/wp-content\/uploads\/2023\/09\/381436869_717381483769030_4495450618542668988_n.jpg 2048w\" sizes=\"auto, (max-width: 1024px) 100vw, 1024px\" \/><\/figure>\n<\/div>\n\n\n\n<div class=\"wp-block-column is-layout-flow wp-block-column-is-layout-flow\">\n<figure class=\"wp-block-image size-large\"><img loading=\"lazy\" decoding=\"async\" width=\"1024\" height=\"683\" src=\"https:\/\/conadi.gob.gt\/web\/wp-content\/uploads\/2023\/09\/381458378_717381690435676_8523934357867539085_n-1024x683.jpg\" alt=\"\" class=\"wp-image-14149\" srcset=\"https:\/\/conadi.gob.gt\/web\/wp-content\/uploads\/2023\/09\/381458378_717381690435676_8523934357867539085_n-1024x683.jpg 1024w, https:\/\/conadi.gob.gt\/web\/wp-content\/uploads\/2023\/09\/381458378_717381690435676_8523934357867539085_n-300x200.jpg 300w, https:\/\/conadi.gob.gt\/web\/wp-content\/uploads\/2023\/09\/381458378_717381690435676_8523934357867539085_n-768x512.jpg 768w, https:\/\/conadi.gob.gt\/web\/wp-content\/uploads\/2023\/09\/381458378_717381690435676_8523934357867539085_n-1536x1024.jpg 1536w, https:\/\/conadi.gob.gt\/web\/wp-content\/uploads\/2023\/09\/381458378_717381690435676_8523934357867539085_n-2000x1333.jpg 2000w, https:\/\/conadi.gob.gt\/web\/wp-content\/uploads\/2023\/09\/381458378_717381690435676_8523934357867539085_n.jpg 2048w\" sizes=\"auto, (max-width: 1024px) 100vw, 1024px\" \/><\/figure>\n<\/div>\n<\/div>\n\n\n\n<div class=\"wp-block-columns is-layout-flex wp-container-core-columns-is-layout-28f84493 wp-block-columns-is-layout-flex\">\n<div class=\"wp-block-column is-layout-flow wp-block-column-is-layout-flow\">\n<figure class=\"wp-block-image size-large\"><img loading=\"lazy\" decoding=\"async\" width=\"1024\" height=\"683\" src=\"https:\/\/conadi.gob.gt\/web\/wp-content\/uploads\/2023\/09\/379731812_717381380435707_4171106071062814586_n-1024x683.jpg\" alt=\"\" class=\"wp-image-14150\" srcset=\"https:\/\/conadi.gob.gt\/web\/wp-content\/uploads\/2023\/09\/379731812_717381380435707_4171106071062814586_n-1024x683.jpg 1024w, https:\/\/conadi.gob.gt\/web\/wp-content\/uploads\/2023\/09\/379731812_717381380435707_4171106071062814586_n-300x200.jpg 300w, https:\/\/conadi.gob.gt\/web\/wp-content\/uploads\/2023\/09\/379731812_717381380435707_4171106071062814586_n-768x512.jpg 768w, https:\/\/conadi.gob.gt\/web\/wp-content\/uploads\/2023\/09\/379731812_717381380435707_4171106071062814586_n-1536x1024.jpg 1536w, https:\/\/conadi.gob.gt\/web\/wp-content\/uploads\/2023\/09\/379731812_717381380435707_4171106071062814586_n-2000x1333.jpg 2000w, https:\/\/conadi.gob.gt\/web\/wp-content\/uploads\/2023\/09\/379731812_717381380435707_4171106071062814586_n.jpg 2048w\" sizes=\"auto, (max-width: 1024px) 100vw, 1024px\" \/><\/figure>\n<\/div>\n\n\n\n<div class=\"wp-block-column is-layout-flow wp-block-column-is-layout-flow\">\n<figure class=\"wp-block-image size-large\"><img loading=\"lazy\" decoding=\"async\" width=\"1024\" height=\"683\" src=\"https:\/\/conadi.gob.gt\/web\/wp-content\/uploads\/2023\/09\/380569845_717382203768958_8616073518301659402_n-1024x683.jpg\" alt=\"\" class=\"wp-image-14151\" srcset=\"https:\/\/conadi.gob.gt\/web\/wp-content\/uploads\/2023\/09\/380569845_717382203768958_8616073518301659402_n-1024x683.jpg 1024w, https:\/\/conadi.gob.gt\/web\/wp-content\/uploads\/2023\/09\/380569845_717382203768958_8616073518301659402_n-300x200.jpg 300w, https:\/\/conadi.gob.gt\/web\/wp-content\/uploads\/2023\/09\/380569845_717382203768958_8616073518301659402_n-768x512.jpg 768w, https:\/\/conadi.gob.gt\/web\/wp-content\/uploads\/2023\/09\/380569845_717382203768958_8616073518301659402_n-1536x1024.jpg 1536w, https:\/\/conadi.gob.gt\/web\/wp-content\/uploads\/2023\/09\/380569845_717382203768958_8616073518301659402_n-2000x1333.jpg 2000w, https:\/\/conadi.gob.gt\/web\/wp-content\/uploads\/2023\/09\/380569845_717382203768958_8616073518301659402_n.jpg 2048w\" sizes=\"auto, (max-width: 1024px) 100vw, 1024px\" \/><\/figure>\n<\/div>\n<\/div>\n","protected":false},"excerpt":{"rendered":"<p>\u201cLa Lengua de Se\u00f1as, mi Identidad\u201d, fue el tema abordado en conferencia de prensa realizada en conmemoraci\u00f3n del Tercer Aniversario del D\u00eda Nacional de la Lengua de Se\u00f1as de Guatemala (LENSEGUA). Este pronunciamiento, busca incidir en la poblaci\u00f3n en el reconocimiento de la Lengua de Se\u00f1as de Guatemala LENSEGUA como idioma oficial, la importancia de &hellip; <\/p>\n<p class=\"link-more\"><a href=\"https:\/\/conadi.gob.gt\/web\/la-lengua-de-senas-mi-identidad\/\" class=\"more-link\">Leer m\u00e1s<span class=\"screen-reader-text\"> \u00ab\u00a1La Lengua de Se\u00f1as, mi Identidad!\u00bb<\/span><\/a><\/p>\n","protected":false},"author":12,"featured_media":14145,"comment_status":"closed","ping_status":"closed","sticky":false,"template":"","format":"standard","meta":{"footnotes":""},"categories":[3],"tags":[],"class_list":["post-14144","post","type-post","status-publish","format-standard","has-post-thumbnail","hentry","category-noticias"],"_links":{"self":[{"href":"https:\/\/conadi.gob.gt\/web\/wp-json\/wp\/v2\/posts\/14144","targetHints":{"allow":["GET"]}}],"collection":[{"href":"https:\/\/conadi.gob.gt\/web\/wp-json\/wp\/v2\/posts"}],"about":[{"href":"https:\/\/conadi.gob.gt\/web\/wp-json\/wp\/v2\/types\/post"}],"author":[{"embeddable":true,"href":"https:\/\/conadi.gob.gt\/web\/wp-json\/wp\/v2\/users\/12"}],"replies":[{"embeddable":true,"href":"https:\/\/conadi.gob.gt\/web\/wp-json\/wp\/v2\/comments?post=14144"}],"version-history":[{"count":1,"href":"https:\/\/conadi.gob.gt\/web\/wp-json\/wp\/v2\/posts\/14144\/revisions"}],"predecessor-version":[{"id":14152,"href":"https:\/\/conadi.gob.gt\/web\/wp-json\/wp\/v2\/posts\/14144\/revisions\/14152"}],"wp:featuredmedia":[{"embeddable":true,"href":"https:\/\/conadi.gob.gt\/web\/wp-json\/wp\/v2\/media\/14145"}],"wp:attachment":[{"href":"https:\/\/conadi.gob.gt\/web\/wp-json\/wp\/v2\/media?parent=14144"}],"wp:term":[{"taxonomy":"category","embeddable":true,"href":"https:\/\/conadi.gob.gt\/web\/wp-json\/wp\/v2\/categories?post=14144"},{"taxonomy":"post_tag","embeddable":true,"href":"https:\/\/conadi.gob.gt\/web\/wp-json\/wp\/v2\/tags?post=14144"}],"curies":[{"name":"wp","href":"https:\/\/api.w.org\/{rel}","templated":true}]}}