{"id":14317,"date":"2023-10-26T18:40:49","date_gmt":"2023-10-26T18:40:49","guid":{"rendered":"https:\/\/conadi.gob.gt\/web\/?p=14317"},"modified":"2023-10-26T18:40:50","modified_gmt":"2023-10-26T18:40:50","slug":"el-baston-blanco-es-mi-independencia-confianza-e-inclusion","status":"publish","type":"post","link":"https:\/\/conadi.gob.gt\/web\/el-baston-blanco-es-mi-independencia-confianza-e-inclusion\/","title":{"rendered":"EL BAST\u00d3N BLANCO, ES MI INDEPENDENCIA, CONFIANZA E INCLUSI\u00d3N"},"content":{"rendered":"\n<p>En el marco del D\u00eda Mundial del Bast\u00f3n Blanco, se llev\u00f3 a cabo conferencia de prensa abordando el tema \u201cEl Bast\u00f3n Blanco, es mi independencia, confianza e inclusi\u00f3n\u201d realizada por el Consejo Nacional para la Atenci\u00f3n de las Personas con Discapacidad (CONADI) y representantes del subsector de Organizaciones de Personas con Discapacidad Visual del Consejo.<\/p>\n\n\n\n<figure class=\"wp-block-image size-large\"><img loading=\"lazy\" decoding=\"async\" width=\"1024\" height=\"682\" src=\"https:\/\/conadi.gob.gt\/web\/wp-content\/uploads\/2023\/10\/WhatsApp-Image-2023-10-26-at-11.17.22-1-1024x682.jpeg\" alt=\"\" class=\"wp-image-14318\" srcset=\"https:\/\/conadi.gob.gt\/web\/wp-content\/uploads\/2023\/10\/WhatsApp-Image-2023-10-26-at-11.17.22-1-1024x682.jpeg 1024w, https:\/\/conadi.gob.gt\/web\/wp-content\/uploads\/2023\/10\/WhatsApp-Image-2023-10-26-at-11.17.22-1-300x200.jpeg 300w, https:\/\/conadi.gob.gt\/web\/wp-content\/uploads\/2023\/10\/WhatsApp-Image-2023-10-26-at-11.17.22-1-768x512.jpeg 768w, https:\/\/conadi.gob.gt\/web\/wp-content\/uploads\/2023\/10\/WhatsApp-Image-2023-10-26-at-11.17.22-1-1536x1023.jpeg 1536w, https:\/\/conadi.gob.gt\/web\/wp-content\/uploads\/2023\/10\/WhatsApp-Image-2023-10-26-at-11.17.22-1.jpeg 1600w\" sizes=\"auto, (max-width: 1024px) 100vw, 1024px\" \/><\/figure>\n\n\n\n<p><br \/>Alejandro Garc\u00eda, representante de la Asociaci\u00f3n Central de Ciegos de Guatemala (ACCG), abord\u00f3 el tema sobre la importancia de visibilizar a las personas usuarias del Bast\u00f3n Blanco. Asimismo, Guillermo V\u00e1squez de la Asociaci\u00f3n de Ciegos Unidos para el Desarrollo (ACUDE), comparti\u00f3 cuales son las t\u00e9cnicas que realizan las personas ciegas al utilizar el Bast\u00f3n Blanco.<\/p>\n\n\n\n<div class=\"wp-block-columns is-layout-flex wp-container-core-columns-is-layout-28f84493 wp-block-columns-is-layout-flex\">\n<div class=\"wp-block-column is-layout-flow wp-block-column-is-layout-flow\">\n<figure class=\"wp-block-image size-large\"><img loading=\"lazy\" decoding=\"async\" width=\"1024\" height=\"682\" src=\"https:\/\/conadi.gob.gt\/web\/wp-content\/uploads\/2023\/10\/WhatsApp-Image-2023-10-26-at-11.17.20-1024x682.jpeg\" alt=\"\" class=\"wp-image-14323\" srcset=\"https:\/\/conadi.gob.gt\/web\/wp-content\/uploads\/2023\/10\/WhatsApp-Image-2023-10-26-at-11.17.20-1024x682.jpeg 1024w, https:\/\/conadi.gob.gt\/web\/wp-content\/uploads\/2023\/10\/WhatsApp-Image-2023-10-26-at-11.17.20-300x200.jpeg 300w, https:\/\/conadi.gob.gt\/web\/wp-content\/uploads\/2023\/10\/WhatsApp-Image-2023-10-26-at-11.17.20-768x512.jpeg 768w, https:\/\/conadi.gob.gt\/web\/wp-content\/uploads\/2023\/10\/WhatsApp-Image-2023-10-26-at-11.17.20-1536x1023.jpeg 1536w, https:\/\/conadi.gob.gt\/web\/wp-content\/uploads\/2023\/10\/WhatsApp-Image-2023-10-26-at-11.17.20.jpeg 1600w\" sizes=\"auto, (max-width: 1024px) 100vw, 1024px\" \/><\/figure>\n<\/div>\n\n\n\n<div class=\"wp-block-column is-layout-flow wp-block-column-is-layout-flow\">\n<figure class=\"wp-block-image size-large\"><img loading=\"lazy\" decoding=\"async\" width=\"1024\" height=\"682\" src=\"https:\/\/conadi.gob.gt\/web\/wp-content\/uploads\/2023\/10\/WhatsApp-Image-2023-10-26-at-11.17.20-2-1024x682.jpeg\" alt=\"\" class=\"wp-image-14322\" srcset=\"https:\/\/conadi.gob.gt\/web\/wp-content\/uploads\/2023\/10\/WhatsApp-Image-2023-10-26-at-11.17.20-2-1024x682.jpeg 1024w, https:\/\/conadi.gob.gt\/web\/wp-content\/uploads\/2023\/10\/WhatsApp-Image-2023-10-26-at-11.17.20-2-300x200.jpeg 300w, https:\/\/conadi.gob.gt\/web\/wp-content\/uploads\/2023\/10\/WhatsApp-Image-2023-10-26-at-11.17.20-2-768x512.jpeg 768w, https:\/\/conadi.gob.gt\/web\/wp-content\/uploads\/2023\/10\/WhatsApp-Image-2023-10-26-at-11.17.20-2-1536x1023.jpeg 1536w, https:\/\/conadi.gob.gt\/web\/wp-content\/uploads\/2023\/10\/WhatsApp-Image-2023-10-26-at-11.17.20-2.jpeg 1600w\" sizes=\"auto, (max-width: 1024px) 100vw, 1024px\" \/><\/figure>\n<\/div>\n<\/div>\n\n\n\n<p>En tanto, David Winter, jefe del departamento de Participaci\u00f3n Ciudadana del CONADI, desarroll\u00f3 el tema de la participaci\u00f3n ciudad de las personas con discapacidad visual para el desarrollo del pa\u00eds, en el marco del D\u00eda Internacional del Bast\u00f3n.<\/p>\n\n\n\n<p>Finalmente, Belzar Orellana de la Asociaci\u00f3n de Ciegos Unidos para el Desarrollo (ACUDE), realiz\u00f3 la presentaci\u00f3n de la campa\u00f1a en el marco de la conmemoraci\u00f3n de este d\u00eda, adem\u00e1s comparti\u00f3 los tipos de bastones que utiliza este sector de la poblaci\u00f3n, resaltando que el bast\u00f3n verde o amarillo es para identificar a las personas con baja visi\u00f3n, el bast\u00f3n blanco con punta rojo a las personas con ceguera total y el bast\u00f3n de fondo blanco y rallas rojas a las personas sordo ciegas.<\/p>\n\n\n\n<div class=\"wp-block-columns is-layout-flex wp-container-core-columns-is-layout-28f84493 wp-block-columns-is-layout-flex\">\n<div class=\"wp-block-column is-layout-flow wp-block-column-is-layout-flow\">\n<figure class=\"wp-block-image size-large\"><img loading=\"lazy\" decoding=\"async\" width=\"1024\" height=\"682\" src=\"https:\/\/conadi.gob.gt\/web\/wp-content\/uploads\/2023\/10\/WhatsApp-Image-2023-10-26-at-11.17.22-1024x682.jpeg\" alt=\"\" class=\"wp-image-14321\" srcset=\"https:\/\/conadi.gob.gt\/web\/wp-content\/uploads\/2023\/10\/WhatsApp-Image-2023-10-26-at-11.17.22-1024x682.jpeg 1024w, https:\/\/conadi.gob.gt\/web\/wp-content\/uploads\/2023\/10\/WhatsApp-Image-2023-10-26-at-11.17.22-300x200.jpeg 300w, https:\/\/conadi.gob.gt\/web\/wp-content\/uploads\/2023\/10\/WhatsApp-Image-2023-10-26-at-11.17.22-768x512.jpeg 768w, https:\/\/conadi.gob.gt\/web\/wp-content\/uploads\/2023\/10\/WhatsApp-Image-2023-10-26-at-11.17.22-1536x1023.jpeg 1536w, https:\/\/conadi.gob.gt\/web\/wp-content\/uploads\/2023\/10\/WhatsApp-Image-2023-10-26-at-11.17.22.jpeg 1600w\" sizes=\"auto, (max-width: 1024px) 100vw, 1024px\" \/><\/figure>\n<\/div>\n\n\n\n<div class=\"wp-block-column is-layout-flow wp-block-column-is-layout-flow\">\n<figure class=\"wp-block-image size-large\"><img loading=\"lazy\" decoding=\"async\" width=\"1024\" height=\"682\" src=\"https:\/\/conadi.gob.gt\/web\/wp-content\/uploads\/2023\/10\/WhatsApp-Image-2023-10-26-at-11.17.20-2-1024x682.jpeg\" alt=\"\" class=\"wp-image-14322\" srcset=\"https:\/\/conadi.gob.gt\/web\/wp-content\/uploads\/2023\/10\/WhatsApp-Image-2023-10-26-at-11.17.20-2-1024x682.jpeg 1024w, https:\/\/conadi.gob.gt\/web\/wp-content\/uploads\/2023\/10\/WhatsApp-Image-2023-10-26-at-11.17.20-2-300x200.jpeg 300w, https:\/\/conadi.gob.gt\/web\/wp-content\/uploads\/2023\/10\/WhatsApp-Image-2023-10-26-at-11.17.20-2-768x512.jpeg 768w, https:\/\/conadi.gob.gt\/web\/wp-content\/uploads\/2023\/10\/WhatsApp-Image-2023-10-26-at-11.17.20-2-1536x1023.jpeg 1536w, https:\/\/conadi.gob.gt\/web\/wp-content\/uploads\/2023\/10\/WhatsApp-Image-2023-10-26-at-11.17.20-2.jpeg 1600w\" sizes=\"auto, (max-width: 1024px) 100vw, 1024px\" \/><\/figure>\n<\/div>\n\n\n\n<div class=\"wp-block-column is-layout-flow wp-block-column-is-layout-flow\">\n<figure class=\"wp-block-image size-large\"><img loading=\"lazy\" decoding=\"async\" width=\"1024\" height=\"682\" src=\"https:\/\/conadi.gob.gt\/web\/wp-content\/uploads\/2023\/10\/WhatsApp-Image-2023-10-26-at-11.17.20-1-1024x682.jpeg\" alt=\"\" class=\"wp-image-14320\" srcset=\"https:\/\/conadi.gob.gt\/web\/wp-content\/uploads\/2023\/10\/WhatsApp-Image-2023-10-26-at-11.17.20-1-1024x682.jpeg 1024w, https:\/\/conadi.gob.gt\/web\/wp-content\/uploads\/2023\/10\/WhatsApp-Image-2023-10-26-at-11.17.20-1-300x200.jpeg 300w, https:\/\/conadi.gob.gt\/web\/wp-content\/uploads\/2023\/10\/WhatsApp-Image-2023-10-26-at-11.17.20-1-768x512.jpeg 768w, https:\/\/conadi.gob.gt\/web\/wp-content\/uploads\/2023\/10\/WhatsApp-Image-2023-10-26-at-11.17.20-1-1536x1023.jpeg 1536w, https:\/\/conadi.gob.gt\/web\/wp-content\/uploads\/2023\/10\/WhatsApp-Image-2023-10-26-at-11.17.20-1.jpeg 1600w\" sizes=\"auto, (max-width: 1024px) 100vw, 1024px\" \/><\/figure>\n<\/div>\n<\/div>\n","protected":false},"excerpt":{"rendered":"<p>En el marco del D\u00eda Mundial del Bast\u00f3n Blanco, se llev\u00f3 a cabo conferencia de prensa abordando el tema \u201cEl Bast\u00f3n Blanco, es mi independencia, confianza e inclusi\u00f3n\u201d realizada por el Consejo Nacional para la Atenci\u00f3n de las Personas con Discapacidad (CONADI) y representantes del subsector de Organizaciones de Personas con Discapacidad Visual del Consejo. &hellip; <\/p>\n<p class=\"link-more\"><a href=\"https:\/\/conadi.gob.gt\/web\/el-baston-blanco-es-mi-independencia-confianza-e-inclusion\/\" class=\"more-link\">Leer m\u00e1s<span class=\"screen-reader-text\"> \u00abEL BAST\u00d3N BLANCO, ES MI INDEPENDENCIA, CONFIANZA E INCLUSI\u00d3N\u00bb<\/span><\/a><\/p>\n","protected":false},"author":12,"featured_media":14318,"comment_status":"closed","ping_status":"closed","sticky":false,"template":"","format":"standard","meta":{"footnotes":""},"categories":[3],"tags":[],"class_list":["post-14317","post","type-post","status-publish","format-standard","has-post-thumbnail","hentry","category-noticias"],"_links":{"self":[{"href":"https:\/\/conadi.gob.gt\/web\/wp-json\/wp\/v2\/posts\/14317","targetHints":{"allow":["GET"]}}],"collection":[{"href":"https:\/\/conadi.gob.gt\/web\/wp-json\/wp\/v2\/posts"}],"about":[{"href":"https:\/\/conadi.gob.gt\/web\/wp-json\/wp\/v2\/types\/post"}],"author":[{"embeddable":true,"href":"https:\/\/conadi.gob.gt\/web\/wp-json\/wp\/v2\/users\/12"}],"replies":[{"embeddable":true,"href":"https:\/\/conadi.gob.gt\/web\/wp-json\/wp\/v2\/comments?post=14317"}],"version-history":[{"count":1,"href":"https:\/\/conadi.gob.gt\/web\/wp-json\/wp\/v2\/posts\/14317\/revisions"}],"predecessor-version":[{"id":14324,"href":"https:\/\/conadi.gob.gt\/web\/wp-json\/wp\/v2\/posts\/14317\/revisions\/14324"}],"wp:featuredmedia":[{"embeddable":true,"href":"https:\/\/conadi.gob.gt\/web\/wp-json\/wp\/v2\/media\/14318"}],"wp:attachment":[{"href":"https:\/\/conadi.gob.gt\/web\/wp-json\/wp\/v2\/media?parent=14317"}],"wp:term":[{"taxonomy":"category","embeddable":true,"href":"https:\/\/conadi.gob.gt\/web\/wp-json\/wp\/v2\/categories?post=14317"},{"taxonomy":"post_tag","embeddable":true,"href":"https:\/\/conadi.gob.gt\/web\/wp-json\/wp\/v2\/tags?post=14317"}],"curies":[{"name":"wp","href":"https:\/\/api.w.org\/{rel}","templated":true}]}}