{"id":14448,"date":"2023-11-21T20:14:05","date_gmt":"2023-11-21T20:14:05","guid":{"rendered":"https:\/\/conadi.gob.gt\/web\/?p=14448"},"modified":"2023-11-21T21:22:23","modified_gmt":"2023-11-21T21:22:23","slug":"presentacion-de-informe-historico-de-cooperacion-internacional-2005-2023","status":"publish","type":"post","link":"https:\/\/conadi.gob.gt\/web\/presentacion-de-informe-historico-de-cooperacion-internacional-2005-2023\/","title":{"rendered":"PRESENTACI\u00d3N DE INFORME HIST\u00d3RICO DE COOPERACI\u00d3N INTERNACIONAL 2005-2023"},"content":{"rendered":"\n<p>Con el objetivo de conocer los resultados, proyectos y avances de cooperaci\u00f3n internacional en el pa\u00eds, Clarivel Castillo, presidenta del CONADI, acompa\u00f1ada por Ana Mar\u00eda Alvarado, t\u00e9cnico de Gesti\u00f3n y Cooperaci\u00f3n del consejo, asistieron a la Presentaci\u00f3n del Informe Hist\u00f3rico de Cooperaci\u00f3n Internacional 2005-2023.<\/p>\n\n\n\n<figure class=\"wp-block-image size-large\"><img loading=\"lazy\" decoding=\"async\" width=\"1024\" height=\"683\" src=\"https:\/\/conadi.gob.gt\/web\/wp-content\/uploads\/2023\/11\/IMG_0681-1-1024x683.jpg\" alt=\"\" class=\"wp-image-14459\" srcset=\"https:\/\/conadi.gob.gt\/web\/wp-content\/uploads\/2023\/11\/IMG_0681-1-1024x683.jpg 1024w, https:\/\/conadi.gob.gt\/web\/wp-content\/uploads\/2023\/11\/IMG_0681-1-300x200.jpg 300w, https:\/\/conadi.gob.gt\/web\/wp-content\/uploads\/2023\/11\/IMG_0681-1-768x512.jpg 768w, https:\/\/conadi.gob.gt\/web\/wp-content\/uploads\/2023\/11\/IMG_0681-1-1536x1024.jpg 1536w\" sizes=\"auto, (max-width: 1024px) 100vw, 1024px\" \/><\/figure>\n\n\n\n<p>La presentaci\u00f3n cont\u00f3 con la ponencia de Luz Keila Vilchez, secretaria general de Planificaci\u00f3n y Programaci\u00f3n de la Presidencia, quien dio a conocer el informe de cooperaci\u00f3n que recopila la informaci\u00f3n, an\u00e1lisis, cartera de proyectos, resultados obtenidos durante 10 a\u00f1os para fortalecer el sistema nacional de cooperaci\u00f3n internacional para el desarrollo.<\/p>\n\n\n\n<figure class=\"wp-block-image size-large\"><img loading=\"lazy\" decoding=\"async\" width=\"1024\" height=\"683\" src=\"https:\/\/conadi.gob.gt\/web\/wp-content\/uploads\/2023\/11\/IMG_0705-1024x683.jpg\" alt=\"\" class=\"wp-image-14450\" srcset=\"https:\/\/conadi.gob.gt\/web\/wp-content\/uploads\/2023\/11\/IMG_0705-1024x683.jpg 1024w, https:\/\/conadi.gob.gt\/web\/wp-content\/uploads\/2023\/11\/IMG_0705-300x200.jpg 300w, https:\/\/conadi.gob.gt\/web\/wp-content\/uploads\/2023\/11\/IMG_0705-768x512.jpg 768w, https:\/\/conadi.gob.gt\/web\/wp-content\/uploads\/2023\/11\/IMG_0705-1536x1024.jpg 1536w, https:\/\/conadi.gob.gt\/web\/wp-content\/uploads\/2023\/11\/IMG_0705-scaled-2000x1334.jpg 2000w\" sizes=\"auto, (max-width: 1024px) 100vw, 1024px\" \/><\/figure>\n\n\n\n<p>En tanto, Franco Mart\u00ednez Montt, subsecretario de Cooperaci\u00f3n y Alianzas para el Desarrollo, present\u00f3 los principales resultados del Informe, donde abord\u00f3 los registros de donaciones en estos 18 a\u00f1os.<\/p>\n\n\n\n<p>Jos\u00e9 Miguel Barreto, coordinador residente del Sistema de Naciones Unidas, expuso sobre el impacto de la cooperaci\u00f3n por parte de las fuentes cooperantes en Guatemala, indicando que es necesario respaldar el progreso en el cumplimiento de acuerdos y convenios de las Naciones Unidas. A otro tema que dio \u00e9nfasis, Barreto fue la inclusi\u00f3n de las personas con discapacidad en los programas en conjunto a las alianzas de la ONU sobre los derechos de esta poblaci\u00f3n.<\/p>\n\n\n\n<div class=\"wp-block-columns is-layout-flex wp-container-core-columns-is-layout-28f84493 wp-block-columns-is-layout-flex\">\n<div class=\"wp-block-column is-layout-flow wp-block-column-is-layout-flow\">\n<figure class=\"wp-block-image size-large\"><img loading=\"lazy\" decoding=\"async\" width=\"1024\" height=\"683\" src=\"https:\/\/conadi.gob.gt\/web\/wp-content\/uploads\/2023\/11\/IMG_0620-1024x683.jpg\" alt=\"\" class=\"wp-image-14451\" srcset=\"https:\/\/conadi.gob.gt\/web\/wp-content\/uploads\/2023\/11\/IMG_0620-1024x683.jpg 1024w, https:\/\/conadi.gob.gt\/web\/wp-content\/uploads\/2023\/11\/IMG_0620-300x200.jpg 300w, https:\/\/conadi.gob.gt\/web\/wp-content\/uploads\/2023\/11\/IMG_0620-768x512.jpg 768w, https:\/\/conadi.gob.gt\/web\/wp-content\/uploads\/2023\/11\/IMG_0620-1536x1024.jpg 1536w\" sizes=\"auto, (max-width: 1024px) 100vw, 1024px\" \/><\/figure>\n<\/div>\n\n\n\n<div class=\"wp-block-column is-layout-flow wp-block-column-is-layout-flow\">\n<figure class=\"wp-block-image size-large\"><img loading=\"lazy\" decoding=\"async\" width=\"1024\" height=\"683\" src=\"https:\/\/conadi.gob.gt\/web\/wp-content\/uploads\/2023\/11\/IMG_0625-1024x683.jpg\" alt=\"\" class=\"wp-image-14452\" srcset=\"https:\/\/conadi.gob.gt\/web\/wp-content\/uploads\/2023\/11\/IMG_0625-1024x683.jpg 1024w, https:\/\/conadi.gob.gt\/web\/wp-content\/uploads\/2023\/11\/IMG_0625-300x200.jpg 300w, https:\/\/conadi.gob.gt\/web\/wp-content\/uploads\/2023\/11\/IMG_0625-768x512.jpg 768w, https:\/\/conadi.gob.gt\/web\/wp-content\/uploads\/2023\/11\/IMG_0625-1536x1024.jpg 1536w\" sizes=\"auto, (max-width: 1024px) 100vw, 1024px\" \/><\/figure>\n<\/div>\n\n\n\n<div class=\"wp-block-column is-layout-flow wp-block-column-is-layout-flow\">\n<figure class=\"wp-block-image size-large\"><img loading=\"lazy\" decoding=\"async\" width=\"1024\" height=\"683\" src=\"https:\/\/conadi.gob.gt\/web\/wp-content\/uploads\/2023\/11\/IMG_0665-1024x683.jpg\" alt=\"\" class=\"wp-image-14453\" srcset=\"https:\/\/conadi.gob.gt\/web\/wp-content\/uploads\/2023\/11\/IMG_0665-1024x683.jpg 1024w, https:\/\/conadi.gob.gt\/web\/wp-content\/uploads\/2023\/11\/IMG_0665-300x200.jpg 300w, https:\/\/conadi.gob.gt\/web\/wp-content\/uploads\/2023\/11\/IMG_0665-768x512.jpg 768w, https:\/\/conadi.gob.gt\/web\/wp-content\/uploads\/2023\/11\/IMG_0665-1536x1024.jpg 1536w\" sizes=\"auto, (max-width: 1024px) 100vw, 1024px\" \/><\/figure>\n<\/div>\n<\/div>\n\n\n\n<p>Asimismo, Neftal\u00ed Paredes Oliva, alcalde de Teculut\u00e1n, Zacapa, dio a conocer los desaf\u00edos y oportunidades para la cooperaci\u00f3n internacional en el municipio, mencionando que como Gobiernos Locales, deben implementar y fortalecer los planes de desarrollo en los diferentes ejes en beneficio de la toda la poblaci\u00f3n.<\/p>\n\n\n\n<p>Finalmente, Mar\u00eda Luisa Ram\u00edrez, viceministra de Relaciones Exteriores, desarroll\u00f3 el tema: Guatemala y la Cooperaci\u00f3n Internacional, una alianza perenne para el desarrollo, compartiendo que es de suma importancia que la Cooperaci\u00f3n Internacional trabaje con los planes de desarrollo de cada uno de los pa\u00edses para que todos los esfuerzos est\u00e9n en concordancia y contribuyan a las metas de desarrollo establecidas en el Plan Nacional de Desarrollo: K\u2019atun Nuestra Guatemala 2032.<\/p>\n\n\n\n<figure class=\"wp-block-image size-large\"><img loading=\"lazy\" decoding=\"async\" width=\"1024\" height=\"683\" src=\"https:\/\/conadi.gob.gt\/web\/wp-content\/uploads\/2023\/11\/IMG_0687-1024x683.jpg\" alt=\"\" class=\"wp-image-14457\" srcset=\"https:\/\/conadi.gob.gt\/web\/wp-content\/uploads\/2023\/11\/IMG_0687-1024x683.jpg 1024w, https:\/\/conadi.gob.gt\/web\/wp-content\/uploads\/2023\/11\/IMG_0687-300x200.jpg 300w, https:\/\/conadi.gob.gt\/web\/wp-content\/uploads\/2023\/11\/IMG_0687-768x512.jpg 768w, https:\/\/conadi.gob.gt\/web\/wp-content\/uploads\/2023\/11\/IMG_0687-1536x1024.jpg 1536w\" sizes=\"auto, (max-width: 1024px) 100vw, 1024px\" \/><\/figure>\n\n\n\n<div class=\"wp-block-columns is-layout-flex wp-container-core-columns-is-layout-28f84493 wp-block-columns-is-layout-flex\">\n<div class=\"wp-block-column is-layout-flow wp-block-column-is-layout-flow\">\n<figure class=\"wp-block-image size-large\"><img loading=\"lazy\" decoding=\"async\" width=\"1024\" height=\"683\" src=\"https:\/\/conadi.gob.gt\/web\/wp-content\/uploads\/2023\/11\/IMG_0683-1024x683.jpg\" alt=\"\" class=\"wp-image-14454\" srcset=\"https:\/\/conadi.gob.gt\/web\/wp-content\/uploads\/2023\/11\/IMG_0683-1024x683.jpg 1024w, https:\/\/conadi.gob.gt\/web\/wp-content\/uploads\/2023\/11\/IMG_0683-300x200.jpg 300w, https:\/\/conadi.gob.gt\/web\/wp-content\/uploads\/2023\/11\/IMG_0683-768x512.jpg 768w, https:\/\/conadi.gob.gt\/web\/wp-content\/uploads\/2023\/11\/IMG_0683-1536x1024.jpg 1536w\" sizes=\"auto, (max-width: 1024px) 100vw, 1024px\" \/><\/figure>\n<\/div>\n\n\n\n<div class=\"wp-block-column is-layout-flow wp-block-column-is-layout-flow\">\n<figure class=\"wp-block-image size-large\"><img loading=\"lazy\" decoding=\"async\" width=\"1024\" height=\"683\" src=\"https:\/\/conadi.gob.gt\/web\/wp-content\/uploads\/2023\/11\/IMG_0685-1024x683.jpg\" alt=\"\" class=\"wp-image-14455\" srcset=\"https:\/\/conadi.gob.gt\/web\/wp-content\/uploads\/2023\/11\/IMG_0685-1024x683.jpg 1024w, https:\/\/conadi.gob.gt\/web\/wp-content\/uploads\/2023\/11\/IMG_0685-300x200.jpg 300w, https:\/\/conadi.gob.gt\/web\/wp-content\/uploads\/2023\/11\/IMG_0685-768x512.jpg 768w, https:\/\/conadi.gob.gt\/web\/wp-content\/uploads\/2023\/11\/IMG_0685-1536x1024.jpg 1536w\" sizes=\"auto, (max-width: 1024px) 100vw, 1024px\" \/><\/figure>\n<\/div>\n\n\n\n<div class=\"wp-block-column is-layout-flow wp-block-column-is-layout-flow\">\n<figure class=\"wp-block-image size-large\"><img loading=\"lazy\" decoding=\"async\" width=\"1024\" height=\"683\" src=\"https:\/\/conadi.gob.gt\/web\/wp-content\/uploads\/2023\/11\/IMG_0692-1024x683.jpg\" alt=\"\" class=\"wp-image-14456\" srcset=\"https:\/\/conadi.gob.gt\/web\/wp-content\/uploads\/2023\/11\/IMG_0692-1024x683.jpg 1024w, https:\/\/conadi.gob.gt\/web\/wp-content\/uploads\/2023\/11\/IMG_0692-300x200.jpg 300w, https:\/\/conadi.gob.gt\/web\/wp-content\/uploads\/2023\/11\/IMG_0692-768x512.jpg 768w, https:\/\/conadi.gob.gt\/web\/wp-content\/uploads\/2023\/11\/IMG_0692-1536x1024.jpg 1536w\" sizes=\"auto, (max-width: 1024px) 100vw, 1024px\" \/><\/figure>\n<\/div>\n<\/div>\n","protected":false},"excerpt":{"rendered":"<p>Con el objetivo de conocer los resultados, proyectos y avances de cooperaci\u00f3n internacional en el pa\u00eds, Clarivel Castillo, presidenta del CONADI, acompa\u00f1ada por Ana Mar\u00eda Alvarado, t\u00e9cnico de Gesti\u00f3n y Cooperaci\u00f3n del consejo, asistieron a la Presentaci\u00f3n del Informe Hist\u00f3rico de Cooperaci\u00f3n Internacional 2005-2023. La presentaci\u00f3n cont\u00f3 con la ponencia de Luz Keila Vilchez, secretaria &hellip; <\/p>\n<p class=\"link-more\"><a href=\"https:\/\/conadi.gob.gt\/web\/presentacion-de-informe-historico-de-cooperacion-internacional-2005-2023\/\" class=\"more-link\">Leer m\u00e1s<span class=\"screen-reader-text\"> \u00abPRESENTACI\u00d3N DE INFORME HIST\u00d3RICO DE COOPERACI\u00d3N INTERNACIONAL 2005-2023\u00bb<\/span><\/a><\/p>\n","protected":false},"author":12,"featured_media":14450,"comment_status":"closed","ping_status":"closed","sticky":false,"template":"","format":"standard","meta":{"footnotes":""},"categories":[3],"tags":[],"class_list":["post-14448","post","type-post","status-publish","format-standard","has-post-thumbnail","hentry","category-noticias"],"_links":{"self":[{"href":"https:\/\/conadi.gob.gt\/web\/wp-json\/wp\/v2\/posts\/14448","targetHints":{"allow":["GET"]}}],"collection":[{"href":"https:\/\/conadi.gob.gt\/web\/wp-json\/wp\/v2\/posts"}],"about":[{"href":"https:\/\/conadi.gob.gt\/web\/wp-json\/wp\/v2\/types\/post"}],"author":[{"embeddable":true,"href":"https:\/\/conadi.gob.gt\/web\/wp-json\/wp\/v2\/users\/12"}],"replies":[{"embeddable":true,"href":"https:\/\/conadi.gob.gt\/web\/wp-json\/wp\/v2\/comments?post=14448"}],"version-history":[{"count":3,"href":"https:\/\/conadi.gob.gt\/web\/wp-json\/wp\/v2\/posts\/14448\/revisions"}],"predecessor-version":[{"id":14463,"href":"https:\/\/conadi.gob.gt\/web\/wp-json\/wp\/v2\/posts\/14448\/revisions\/14463"}],"wp:featuredmedia":[{"embeddable":true,"href":"https:\/\/conadi.gob.gt\/web\/wp-json\/wp\/v2\/media\/14450"}],"wp:attachment":[{"href":"https:\/\/conadi.gob.gt\/web\/wp-json\/wp\/v2\/media?parent=14448"}],"wp:term":[{"taxonomy":"category","embeddable":true,"href":"https:\/\/conadi.gob.gt\/web\/wp-json\/wp\/v2\/categories?post=14448"},{"taxonomy":"post_tag","embeddable":true,"href":"https:\/\/conadi.gob.gt\/web\/wp-json\/wp\/v2\/tags?post=14448"}],"curies":[{"name":"wp","href":"https:\/\/api.w.org\/{rel}","templated":true}]}}