{"id":14780,"date":"2024-01-18T21:50:04","date_gmt":"2024-01-18T21:50:04","guid":{"rendered":"https:\/\/conadi.gob.gt\/web\/?p=14780"},"modified":"2024-01-18T22:35:38","modified_gmt":"2024-01-18T22:35:38","slug":"conocen-plan-de-trabajo-2024","status":"publish","type":"post","link":"https:\/\/conadi.gob.gt\/web\/conocen-plan-de-trabajo-2024\/","title":{"rendered":"CONOCEN PLAN DE TRABAJO DE LA ASOCIACI\u00d3N DE SORDOS DE DINAMARCA PARA EL 2024 EN GUATEMALA"},"content":{"rendered":"\n<p>Clarivel Castillo, presidenta del CONADI, acompa\u00f1ada por t\u00e9cnicos del Consejo, sostuvieron una reuni\u00f3n con Kasper Bergmann, representante de la Asociaci\u00f3n de Sordos de Dinamarca y Vicepresidente de la Federaci\u00f3n Mundial de Sordos, con el objetivo de dar a conocer el plan de trabajo de la asociaci\u00f3n para el 2024 en Guatemala.<\/p>\n\n\n\n<figure class=\"wp-block-image size-large\"><img loading=\"lazy\" decoding=\"async\" width=\"1024\" height=\"683\" src=\"https:\/\/conadi.gob.gt\/web\/wp-content\/uploads\/2024\/01\/IMG_2881-1024x683.jpg\" alt=\"\" class=\"wp-image-14781\" srcset=\"https:\/\/conadi.gob.gt\/web\/wp-content\/uploads\/2024\/01\/IMG_2881-1024x683.jpg 1024w, https:\/\/conadi.gob.gt\/web\/wp-content\/uploads\/2024\/01\/IMG_2881-300x200.jpg 300w, https:\/\/conadi.gob.gt\/web\/wp-content\/uploads\/2024\/01\/IMG_2881-768x512.jpg 768w, https:\/\/conadi.gob.gt\/web\/wp-content\/uploads\/2024\/01\/IMG_2881-1536x1024.jpg 1536w, https:\/\/conadi.gob.gt\/web\/wp-content\/uploads\/2024\/01\/IMG_2881-scaled-2000x1334.jpg 2000w\" sizes=\"auto, (max-width: 1024px) 100vw, 1024px\" \/><\/figure>\n\n\n\n<p>Dentro de las acciones presentadas se encuentran la capacitaci\u00f3n y empoderamiento de las organizaciones de personas sordas de Guatemala, para dar <a><\/a>cumplimiento a los derechos de este sector de la poblaci\u00f3n. Asimismo, se socializaron los ejes de trabajo que ser\u00e1n: Derechos de las Personas Sordas, capacitaci\u00f3n a los int\u00e9rpretes de la Lengua de Se\u00f1as de Guatemala (LENSEGUA) e impartir un curso para la ense\u00f1anza de la LENSEGUA.<\/p>\n\n\n\n<div class=\"wp-block-columns is-layout-flex wp-container-core-columns-is-layout-28f84493 wp-block-columns-is-layout-flex\">\n<div class=\"wp-block-column is-layout-flow wp-block-column-is-layout-flow\">\n<figure class=\"wp-block-image size-large\"><img loading=\"lazy\" decoding=\"async\" width=\"1024\" height=\"683\" src=\"https:\/\/conadi.gob.gt\/web\/wp-content\/uploads\/2024\/01\/IMG_2888-1024x683.jpg\" alt=\"\" class=\"wp-image-14782\" srcset=\"https:\/\/conadi.gob.gt\/web\/wp-content\/uploads\/2024\/01\/IMG_2888-1024x683.jpg 1024w, https:\/\/conadi.gob.gt\/web\/wp-content\/uploads\/2024\/01\/IMG_2888-300x200.jpg 300w, https:\/\/conadi.gob.gt\/web\/wp-content\/uploads\/2024\/01\/IMG_2888-768x512.jpg 768w, https:\/\/conadi.gob.gt\/web\/wp-content\/uploads\/2024\/01\/IMG_2888-1536x1024.jpg 1536w\" sizes=\"auto, (max-width: 1024px) 100vw, 1024px\" \/><\/figure>\n<\/div>\n\n\n\n<div class=\"wp-block-column is-layout-flow wp-block-column-is-layout-flow\">\n<figure class=\"wp-block-image size-large\"><img loading=\"lazy\" decoding=\"async\" width=\"1024\" height=\"683\" src=\"https:\/\/conadi.gob.gt\/web\/wp-content\/uploads\/2024\/01\/IMG_2879-1024x683.jpg\" alt=\"\" class=\"wp-image-14783\" srcset=\"https:\/\/conadi.gob.gt\/web\/wp-content\/uploads\/2024\/01\/IMG_2879-1024x683.jpg 1024w, https:\/\/conadi.gob.gt\/web\/wp-content\/uploads\/2024\/01\/IMG_2879-300x200.jpg 300w, https:\/\/conadi.gob.gt\/web\/wp-content\/uploads\/2024\/01\/IMG_2879-768x512.jpg 768w, https:\/\/conadi.gob.gt\/web\/wp-content\/uploads\/2024\/01\/IMG_2879-1536x1024.jpg 1536w\" sizes=\"auto, (max-width: 1024px) 100vw, 1024px\" \/><\/figure>\n<\/div>\n\n\n\n<div class=\"wp-block-column is-layout-flow wp-block-column-is-layout-flow\">\n<figure class=\"wp-block-image size-large\"><img loading=\"lazy\" decoding=\"async\" width=\"1024\" height=\"683\" src=\"https:\/\/conadi.gob.gt\/web\/wp-content\/uploads\/2024\/01\/IMG_2892-1024x683.jpg\" alt=\"\" class=\"wp-image-14784\" srcset=\"https:\/\/conadi.gob.gt\/web\/wp-content\/uploads\/2024\/01\/IMG_2892-1024x683.jpg 1024w, https:\/\/conadi.gob.gt\/web\/wp-content\/uploads\/2024\/01\/IMG_2892-300x200.jpg 300w, https:\/\/conadi.gob.gt\/web\/wp-content\/uploads\/2024\/01\/IMG_2892-768x512.jpg 768w, https:\/\/conadi.gob.gt\/web\/wp-content\/uploads\/2024\/01\/IMG_2892-1536x1024.jpg 1536w\" sizes=\"auto, (max-width: 1024px) 100vw, 1024px\" \/><\/figure>\n<\/div>\n<\/div>\n\n\n\n<p>En dicha reuni\u00f3n, tambi\u00e9n participaron directivos de la Asociaci\u00f3n de Sordos de Guatemala (<a href=\"https:\/\/www.facebook.com\/ASORGUA?__cft__[0]=AZX519hcv_aIJ6C0WBJDM30Fd1HJNbT8g3cOxY7iX7qatTO7NnmbXrdyLhAwKIlRRVZ5wU4pUgTI_S-saDzaYdcupdcMU3HKB-s04Ge1ktM_q0mWQcHvJ1BbExgJLRp2trw0JEi7XYbeHgs9veVAoVgh&amp;__tn__=-]K-R\">ASORGUA<\/a>).<\/p>\n\n\n\n<div class=\"wp-block-columns is-layout-flex wp-container-core-columns-is-layout-28f84493 wp-block-columns-is-layout-flex\">\n<div class=\"wp-block-column is-layout-flow wp-block-column-is-layout-flow\">\n<figure class=\"wp-block-image size-large\"><img loading=\"lazy\" decoding=\"async\" width=\"1024\" height=\"683\" src=\"https:\/\/conadi.gob.gt\/web\/wp-content\/uploads\/2024\/01\/IMG_2887-1024x683.jpg\" alt=\"\" class=\"wp-image-14785\" srcset=\"https:\/\/conadi.gob.gt\/web\/wp-content\/uploads\/2024\/01\/IMG_2887-1024x683.jpg 1024w, https:\/\/conadi.gob.gt\/web\/wp-content\/uploads\/2024\/01\/IMG_2887-300x200.jpg 300w, https:\/\/conadi.gob.gt\/web\/wp-content\/uploads\/2024\/01\/IMG_2887-768x512.jpg 768w, https:\/\/conadi.gob.gt\/web\/wp-content\/uploads\/2024\/01\/IMG_2887-1536x1024.jpg 1536w\" sizes=\"auto, (max-width: 1024px) 100vw, 1024px\" \/><\/figure>\n<\/div>\n\n\n\n<div class=\"wp-block-column is-layout-flow wp-block-column-is-layout-flow\">\n<figure class=\"wp-block-image size-large\"><img loading=\"lazy\" decoding=\"async\" width=\"1024\" height=\"683\" src=\"https:\/\/conadi.gob.gt\/web\/wp-content\/uploads\/2024\/01\/IMG_2874-1024x683.jpg\" alt=\"\" class=\"wp-image-14786\" srcset=\"https:\/\/conadi.gob.gt\/web\/wp-content\/uploads\/2024\/01\/IMG_2874-1024x683.jpg 1024w, https:\/\/conadi.gob.gt\/web\/wp-content\/uploads\/2024\/01\/IMG_2874-300x200.jpg 300w, https:\/\/conadi.gob.gt\/web\/wp-content\/uploads\/2024\/01\/IMG_2874-768x512.jpg 768w, https:\/\/conadi.gob.gt\/web\/wp-content\/uploads\/2024\/01\/IMG_2874-1536x1024.jpg 1536w\" sizes=\"auto, (max-width: 1024px) 100vw, 1024px\" \/><\/figure>\n<\/div>\n<\/div>\n","protected":false},"excerpt":{"rendered":"<p>Clarivel Castillo, presidenta del CONADI, acompa\u00f1ada por t\u00e9cnicos del Consejo, sostuvieron una reuni\u00f3n con Kasper Bergmann, representante de la Asociaci\u00f3n de Sordos de Dinamarca y Vicepresidente de la Federaci\u00f3n Mundial de Sordos, con el objetivo de dar a conocer el plan de trabajo de la asociaci\u00f3n para el 2024 en Guatemala. Dentro de las acciones &hellip; <\/p>\n<p class=\"link-more\"><a href=\"https:\/\/conadi.gob.gt\/web\/conocen-plan-de-trabajo-2024\/\" class=\"more-link\">Leer m\u00e1s<span class=\"screen-reader-text\"> \u00abCONOCEN PLAN DE TRABAJO DE LA ASOCIACI\u00d3N DE SORDOS DE DINAMARCA PARA EL 2024 EN GUATEMALA\u00bb<\/span><\/a><\/p>\n","protected":false},"author":12,"featured_media":14781,"comment_status":"closed","ping_status":"closed","sticky":false,"template":"","format":"standard","meta":{"footnotes":""},"categories":[3],"tags":[],"class_list":["post-14780","post","type-post","status-publish","format-standard","has-post-thumbnail","hentry","category-noticias"],"_links":{"self":[{"href":"https:\/\/conadi.gob.gt\/web\/wp-json\/wp\/v2\/posts\/14780","targetHints":{"allow":["GET"]}}],"collection":[{"href":"https:\/\/conadi.gob.gt\/web\/wp-json\/wp\/v2\/posts"}],"about":[{"href":"https:\/\/conadi.gob.gt\/web\/wp-json\/wp\/v2\/types\/post"}],"author":[{"embeddable":true,"href":"https:\/\/conadi.gob.gt\/web\/wp-json\/wp\/v2\/users\/12"}],"replies":[{"embeddable":true,"href":"https:\/\/conadi.gob.gt\/web\/wp-json\/wp\/v2\/comments?post=14780"}],"version-history":[{"count":3,"href":"https:\/\/conadi.gob.gt\/web\/wp-json\/wp\/v2\/posts\/14780\/revisions"}],"predecessor-version":[{"id":14790,"href":"https:\/\/conadi.gob.gt\/web\/wp-json\/wp\/v2\/posts\/14780\/revisions\/14790"}],"wp:featuredmedia":[{"embeddable":true,"href":"https:\/\/conadi.gob.gt\/web\/wp-json\/wp\/v2\/media\/14781"}],"wp:attachment":[{"href":"https:\/\/conadi.gob.gt\/web\/wp-json\/wp\/v2\/media?parent=14780"}],"wp:term":[{"taxonomy":"category","embeddable":true,"href":"https:\/\/conadi.gob.gt\/web\/wp-json\/wp\/v2\/categories?post=14780"},{"taxonomy":"post_tag","embeddable":true,"href":"https:\/\/conadi.gob.gt\/web\/wp-json\/wp\/v2\/tags?post=14780"}],"curies":[{"name":"wp","href":"https:\/\/api.w.org\/{rel}","templated":true}]}}