{"id":14987,"date":"2024-02-27T16:07:44","date_gmt":"2024-02-27T16:07:44","guid":{"rendered":"https:\/\/conadi.gob.gt\/web\/?p=14987"},"modified":"2024-11-07T16:02:11","modified_gmt":"2024-11-07T16:02:11","slug":"1-estructura-organica-y-funciones-incluyendo-marco-normativos","status":"publish","type":"post","link":"https:\/\/conadi.gob.gt\/web\/1-estructura-organica-y-funciones-incluyendo-marco-normativos\/","title":{"rendered":"1. Estructura org\u00e1nica, funciones y marco normativo"},"content":{"rendered":"\n<p>Estructura Org\u00e1nica y funciones de cada una de las dependencias y departamentos<\/p>\n\n\n\n<figure class=\"wp-block-table\"><table class=\"has-fixed-layout\"><tbody><tr><td><a href=\"https:\/\/conadi.gob.gt\/web\/wp-content\/uploads\/2024\/03\/ARTICULO-10-NUMERAL-1-ORGANIGRAMA-.pdf\" data-type=\"URL\" data-id=\"https:\/\/conadi.gob.gt\/web\/wp-content\/uploads\/2024\/03\/ARTICULO-10-NUMERAL-1-ORGANIGRAMA-.pdf\">Estructura Organizacional<\/a><\/td><td><a href=\"https:\/\/conadi.gob.gt\/web\/wp-content\/uploads\/2024\/01\/Manual-de-Organizacion-y-Funciones-Final-.docx\" data-type=\"URL\" data-id=\"https:\/\/conadi.gob.gt\/web\/wp-content\/uploads\/2024\/01\/Manual-de-Organizacion-y-Funciones-Final-.docx\">Manual de Organizaci\u00f3n y Funciones (MOF)<\/a><\/td><\/tr><tr><td><a href=\"https:\/\/conadi.gob.gt\/web\/wp-content\/uploads\/2019\/10\/REGLAMENTO-ORGANICO-CONADI-1.pdf\">Reglamento Org\u00e1nico Interno<\/a><\/td><td><\/td><\/tr><tr><td><\/td><td><\/td><\/tr><\/tbody><\/table><\/figure>\n\n\n\n<figure class=\"wp-block-table\"><table class=\"has-fixed-layout\"><tbody><tr><td><a href=\"https:\/\/conadi.gob.gt\/web\/wp-content\/uploads\/2023\/12\/Constitucion_Guatemala.pdf\" data-type=\"URL\" data-id=\"https:\/\/conadi.gob.gt\/web\/wp-content\/uploads\/2023\/12\/Constitucion_Guatemala.pdf\">Constituci\u00f3n Pol\u00edtica de la Rep\u00fablica de Guatemala<\/a><\/td><td><a href=\"https:\/\/conadi.gob.gt\/web\/wp-content\/uploads\/2022\/02\/COMPENDIO-Marco-Normativo-de-Discapacidad-CONADI-2021-INTERACTIVO-POR-PAGINAS.pdf\">Compendio Marco Normativo sobre Discapacidad<\/a><\/td><\/tr><tr><td><a href=\"https:\/\/conadi.gob.gt\/web\/wp-content\/uploads\/2023\/12\/CODIGO-DE-TRABAJO.pdf\" data-type=\"URL\" data-id=\"https:\/\/conadi.gob.gt\/web\/wp-content\/uploads\/2023\/12\/CODIGO-DE-TRABAJO.pdf\">C\u00f3digo de Trabajo<\/a><\/td><td><a href=\"https:\/\/drive.google.com\/file\/d\/1TbIToWu3BVEfXDH-KJm-ppMzISgyjjsj\/view?usp=sharing\">LEY DE LENGUA DE SE\u00d1AS (DECRETO 3-2020) EN LENGUA DE SE\u00d1AS<\/a><br \/><a href=\"https:\/\/conadi.gob.gt\/web\/wp-content\/uploads\/2021\/04\/Decreto-3-2020-editable.docx\">LEY DE LENGUA DE SE\u00d1AS (DECRETO 3-2020) EN WORD<\/a><br \/><a href=\"https:\/\/conadi.gob.gt\/web\/wp-content\/uploads\/2021\/06\/ACUERDO-MINISTERIAL-121-2021.pdf\">ACUERDO GUBERNATIVO 121-2021 REGLAMENTO DE LA LEY QUE RECONOCE LA LEY DE LENGUA DE SE\u00d1AS DE GUATEMALA (LENSEGUA)<\/a><br \/><a href=\"https:\/\/conadi.gob.gt\/web\/wp-content\/uploads\/2021\/07\/Acuerdo-Gubernativo-No.121-2021-Reglamento-Lengua-de-Se%C3%B1as.docx\">Acuerdo Gubernativo No.121-2021 Reglamento Lengua de Se\u00f1as<\/a>&nbsp;<\/td><\/tr><tr><td><a href=\"https:\/\/conadi.gob.gt\/web\/wp-content\/uploads\/2023\/12\/LEY-DE-DESARROLLO-SOCIAL.pdf\" data-type=\"URL\" data-id=\"https:\/\/conadi.gob.gt\/web\/wp-content\/uploads\/2023\/12\/LEY-DE-DESARROLLO-SOCIAL.pdf\">Ley de Desarrollo Social<\/a><\/td><td><a href=\"https:\/\/conadi.gob.gt\/web\/wp-content\/uploads\/2023\/12\/12._Ley_del_Organismo_Ejecutivo_Decreto_114_97.pdf\" data-type=\"URL\" data-id=\"https:\/\/conadi.gob.gt\/web\/wp-content\/uploads\/2023\/12\/12._Ley_del_Organismo_Ejecutivo_Decreto_114_97.pdf\">Ley del Organismo Ejecutivo<\/a><\/td><\/tr><tr><td><a href=\"https:\/\/conadi.gob.gt\/web\/wp-content\/uploads\/2022\/06\/PLAN-DE-ACCION-2017-2021-EDITABLE.docx\">Plan de Acci\u00f3n 2017-2021 editable<\/a><\/td><td><a href=\"https:\/\/drive.google.com\/file\/d\/12bpeKOsU3U1OGrz6ksvp7rcXG9q_p7ZP\/view?usp=sharing\">Plan de Acci\u00f3n Guatemala<\/a><\/td><\/tr><tr><td><a href=\"https:\/\/conadi.gob.gt\/web\/wp-content\/uploads\/2020\/02\/Ley-135-96-Atenci%C3%B3n-a-Personas-con-Di-scapacidad.doc\">Ley de Atenci\u00f3n a las Personas con Discapacidad Decreto 135-96 Word<\/a><\/td><td><a href=\"https:\/\/conadi.gob.gt\/web\/wp-content\/uploads\/2024\/10\/Ley-135-96-Atencion-a-Personas-con-Discapacidad.pdf\" data-type=\"link\" data-id=\"https:\/\/conadi.gob.gt\/web\/wp-content\/uploads\/2024\/10\/Ley-135-96-Atencion-a-Personas-con-Discapacidad.pdf\">Reglamento del Decreto 135-96 Ley de Atenci\u00f3n a las Personas con Discapacidad<\/a><\/td><\/tr><tr><td><a href=\"https:\/\/conadi.gob.gt\/web\/wp-content\/uploads\/2024\/02\/PUBLICACION-DCA-REGLAMENTO-135-96.pdf\" data-type=\"URL\" data-id=\"https:\/\/conadi.gob.gt\/web\/wp-content\/uploads\/2024\/02\/PUBLICACION-DCA-REGLAMENTO-135-96.pdf\">Reglamento del Decreto 135-96 Ley de Atenci\u00f3n a las Personas con Discapacidad &#8211; DCA<\/a><\/td><td><a href=\"https:\/\/drive.google.com\/open?id=1a5xXN2RmlEecWQ4lhEV8MrlCNvePmm8w\" target=\"_blank\" rel=\"noreferrer noopener\">Convenci\u00f3n interamericana para la eliminaci\u00f3n de todas las formas de discriminaci\u00f3n contra las personas con discapacidad pdf<\/a><\/td><\/tr><tr><td><a href=\"https:\/\/conadi.gob.gt\/web\/wp-content\/uploads\/2022\/03\/Politica-Nacional.pdf\" target=\"_blank\" rel=\"noreferrer noopener\">Pol\u00edtica Nacional en Discapacidad<\/a><\/td><td><a href=\"https:\/\/drive.google.com\/open?id=0By2RGSlmbU5OWGk5NkNSUjJZZnc\" target=\"_blank\" rel=\"noreferrer noopener\">Pol\u00edtica Nacional en Discapacidad Word<\/a><\/td><\/tr><tr><td><a href=\"https:\/\/conadi.gob.gt\/web\/wp-content\/uploads\/2020\/08\/Decreto-059-2008-Ratificaci%C3%B3n-de-la-Convenci%C3%B3n-sobre-los-Derechos-de-las-Personas-con-Discapacidad-convertido.docx\">Decreto 59-2008 Ratificaci\u00f3n de la Convenci\u00f3n sobre los Derechos de las Personas con Discapacidad word<\/a><\/td><td><a href=\"https:\/\/conadi.gob.gt\/web\/wp-content\/uploads\/2020\/08\/Decreto-059-2008-Ratificaci%C3%B3n-de-la-Convenci%C3%B3n-sobre-los-Derechos-de-las-Personas-con-Discapacidad.pdf\">Decreto 59-2008 Ratificaci\u00f3n de la Convenci\u00f3n sobre los Derechos de las Personas con Discapacidad pdf<\/a><\/td><\/tr><tr><td><a href=\"https:\/\/conadi.gob.gt\/web\/wp-content\/uploads\/2020\/02\/Convencion-59-2008-1.doc\">Convenci\u00f3n sobre los derechos de las personas con discapacidad Word<\/a><\/td><td><a href=\"https:\/\/conadi.gob.gt\/web\/wp-content\/uploads\/2023\/12\/2-LEY-ORGANICA-DE-LA-CONTRALORIA-GENERAL-DE-CUENTAS-Reformado-31-2002.pdf\" data-type=\"URL\" data-id=\"https:\/\/conadi.gob.gt\/web\/wp-content\/uploads\/2023\/12\/2-LEY-ORGANICA-DE-LA-CONTRALORIA-GENERAL-DE-CUENTAS-Reformado-31-2002.pdf\">Ley Org\u00e1nica de la Contralor\u00eda General de Cuentas<\/a><\/td><\/tr><tr><td><a href=\"https:\/\/conadi.gob.gt\/web\/wp-content\/uploads\/2023\/12\/LEY-ORGANICA-DEL-PRESUPUESTO-Y-SUS-REFORMAS-13-2013.pdf\" data-type=\"URL\" data-id=\"https:\/\/conadi.gob.gt\/web\/wp-content\/uploads\/2023\/12\/LEY-ORGANICA-DEL-PRESUPUESTO-Y-SUS-REFORMAS-13-2013.pdf\">Ley Org\u00e1nica del Presupuesto Reformas<\/a><br \/><a href=\"https:\/\/conadi.gob.gt\/web\/wp-content\/uploads\/2023\/12\/LEY-ORGANICA-DEL-PRESUPUESTO.pdf\" data-type=\"URL\" data-id=\"https:\/\/conadi.gob.gt\/web\/wp-content\/uploads\/2023\/12\/LEY-ORGANICA-DEL-PRESUPUESTO.pdf\">Ley Org\u00e1nica del Presupuesto<\/a><\/td><td><a href=\"https:\/\/conadi.gob.gt\/web\/wp-content\/uploads\/2022\/10\/DECRETO-005-2011-1.pdf\">DECRETO 005-2011 REFORMAS AL DECRETO N\u00daMERO 135-96 DEL CONGRESO DE LA REP\u00daBLICA. LEY DE ATENCI\u00d3N A LAS PERSONAS CON DISCAPACIDAD<\/a><\/td><\/tr><tr><td><a href=\"https:\/\/conadi.gob.gt\/web\/wp-content\/uploads\/2022\/08\/CODIGO-ETICA-CONADI.pdf\">C\u00d3DIGO DE \u00c9TICA<\/a><\/td><td><\/td><\/tr><tr><td><\/td><td><\/td><\/tr><\/tbody><\/table><\/figure>\n","protected":false},"excerpt":{"rendered":"<p>Estructura Org\u00e1nica y funciones de cada una de las dependencias y departamentos Estructura Organizacional Manual de Organizaci\u00f3n y Funciones (MOF) Reglamento Org\u00e1nico Interno Constituci\u00f3n Pol\u00edtica de la Rep\u00fablica de Guatemala Compendio Marco Normativo sobre Discapacidad C\u00f3digo de Trabajo LEY DE LENGUA DE SE\u00d1AS (DECRETO 3-2020) EN LENGUA DE SE\u00d1ASLEY DE LENGUA DE SE\u00d1AS (DECRETO 3-2020) &hellip; <\/p>\n<p class=\"link-more\"><a href=\"https:\/\/conadi.gob.gt\/web\/1-estructura-organica-y-funciones-incluyendo-marco-normativos\/\" class=\"more-link\">Leer m\u00e1s<span class=\"screen-reader-text\"> \u00ab1. Estructura org\u00e1nica, funciones y marco normativo\u00bb<\/span><\/a><\/p>\n","protected":false},"author":8,"featured_media":0,"comment_status":"closed","ping_status":"closed","sticky":false,"template":"","format":"standard","meta":{"footnotes":""},"categories":[1],"tags":[],"class_list":["post-14987","post","type-post","status-publish","format-standard","hentry","category-sin-categoria"],"_links":{"self":[{"href":"https:\/\/conadi.gob.gt\/web\/wp-json\/wp\/v2\/posts\/14987","targetHints":{"allow":["GET"]}}],"collection":[{"href":"https:\/\/conadi.gob.gt\/web\/wp-json\/wp\/v2\/posts"}],"about":[{"href":"https:\/\/conadi.gob.gt\/web\/wp-json\/wp\/v2\/types\/post"}],"author":[{"embeddable":true,"href":"https:\/\/conadi.gob.gt\/web\/wp-json\/wp\/v2\/users\/8"}],"replies":[{"embeddable":true,"href":"https:\/\/conadi.gob.gt\/web\/wp-json\/wp\/v2\/comments?post=14987"}],"version-history":[{"count":13,"href":"https:\/\/conadi.gob.gt\/web\/wp-json\/wp\/v2\/posts\/14987\/revisions"}],"predecessor-version":[{"id":16318,"href":"https:\/\/conadi.gob.gt\/web\/wp-json\/wp\/v2\/posts\/14987\/revisions\/16318"}],"wp:attachment":[{"href":"https:\/\/conadi.gob.gt\/web\/wp-json\/wp\/v2\/media?parent=14987"}],"wp:term":[{"taxonomy":"category","embeddable":true,"href":"https:\/\/conadi.gob.gt\/web\/wp-json\/wp\/v2\/categories?post=14987"},{"taxonomy":"post_tag","embeddable":true,"href":"https:\/\/conadi.gob.gt\/web\/wp-json\/wp\/v2\/tags?post=14987"}],"curies":[{"name":"wp","href":"https:\/\/api.w.org\/{rel}","templated":true}]}}