{"id":15062,"date":"2024-02-29T21:19:49","date_gmt":"2024-02-29T21:19:49","guid":{"rendered":"https:\/\/conadi.gob.gt\/web\/?p=15062"},"modified":"2024-03-20T21:26:48","modified_gmt":"2024-03-20T21:26:48","slug":"se-aprueba-ley-de-ceritificacion-de-discapaciad","status":"publish","type":"post","link":"https:\/\/conadi.gob.gt\/web\/se-aprueba-ley-de-ceritificacion-de-discapaciad\/","title":{"rendered":"EL CONGRESO DE LA REP\u00daBLICA DE GUATEMALA APRUEBA LA LEY DE CERTIFICACI\u00d3N BIOPSICOSOCIAL DE LAS PERSONAS CON DISCAPACIDAD"},"content":{"rendered":"\n<p>Con 130 votos el Congreso de la Rep\u00fablica de Guatemala aprueba Ley de Certificaci\u00f3n Biopsicosocial de las Personas con Discapacidad mediante Decreto 6-2024, durante el proceso se realiz\u00f3 la lectura y votaci\u00f3n para la aprobaci\u00f3n de cada uno de los art\u00edculos que contiene la presente ley.<\/p>\n\n\n\n<figure class=\"wp-block-image size-large\"><img loading=\"lazy\" decoding=\"async\" width=\"1024\" height=\"683\" src=\"https:\/\/conadi.gob.gt\/web\/wp-content\/uploads\/2024\/02\/IMG_4941-1024x683.jpg\" alt=\"\" class=\"wp-image-15070\" srcset=\"https:\/\/conadi.gob.gt\/web\/wp-content\/uploads\/2024\/02\/IMG_4941-1024x683.jpg 1024w, https:\/\/conadi.gob.gt\/web\/wp-content\/uploads\/2024\/02\/IMG_4941-300x200.jpg 300w, https:\/\/conadi.gob.gt\/web\/wp-content\/uploads\/2024\/02\/IMG_4941-768x512.jpg 768w, https:\/\/conadi.gob.gt\/web\/wp-content\/uploads\/2024\/02\/IMG_4941-1536x1024.jpg 1536w, https:\/\/conadi.gob.gt\/web\/wp-content\/uploads\/2024\/02\/IMG_4941-scaled-2000x1334.jpg 2000w\" sizes=\"auto, (max-width: 1024px) 100vw, 1024px\" \/><\/figure>\n\n\n\n<p>El Decreto 6-2024, permitir\u00e1 establecer un Sistema Nacional de Certificaci\u00f3n de Discapacidad. Adem\u00e1s, el pa\u00eds podr\u00e1 contar con estad\u00edsticas e informaci\u00f3n precisa sobre este sector de la poblaci\u00f3n para planificar, coordinar, ejecutar pol\u00edticas y programas de apoyo hacia las personas con discapacidad y sus familias.<\/p>\n\n\n\n<div class=\"wp-block-columns is-layout-flex wp-container-core-columns-is-layout-28f84493 wp-block-columns-is-layout-flex\">\n<div class=\"wp-block-column is-layout-flow wp-block-column-is-layout-flow\">\n<figure class=\"wp-block-image size-large\"><img loading=\"lazy\" decoding=\"async\" width=\"1024\" height=\"683\" src=\"https:\/\/conadi.gob.gt\/web\/wp-content\/uploads\/2024\/02\/IMG_4725-1024x683.jpg\" alt=\"\" class=\"wp-image-15064\" srcset=\"https:\/\/conadi.gob.gt\/web\/wp-content\/uploads\/2024\/02\/IMG_4725-1024x683.jpg 1024w, https:\/\/conadi.gob.gt\/web\/wp-content\/uploads\/2024\/02\/IMG_4725-300x200.jpg 300w, https:\/\/conadi.gob.gt\/web\/wp-content\/uploads\/2024\/02\/IMG_4725-768x512.jpg 768w, https:\/\/conadi.gob.gt\/web\/wp-content\/uploads\/2024\/02\/IMG_4725-1536x1024.jpg 1536w, https:\/\/conadi.gob.gt\/web\/wp-content\/uploads\/2024\/02\/IMG_4725-2048x1365.jpg 2048w, https:\/\/conadi.gob.gt\/web\/wp-content\/uploads\/2024\/02\/IMG_4725-2000x1333.jpg 2000w\" sizes=\"auto, (max-width: 1024px) 100vw, 1024px\" \/><\/figure>\n<\/div>\n\n\n\n<div class=\"wp-block-column is-layout-flow wp-block-column-is-layout-flow\">\n<figure class=\"wp-block-image size-large\"><img loading=\"lazy\" decoding=\"async\" width=\"1024\" height=\"683\" src=\"https:\/\/conadi.gob.gt\/web\/wp-content\/uploads\/2024\/02\/IMG_4889-1024x683.jpg\" alt=\"\" class=\"wp-image-15066\" srcset=\"https:\/\/conadi.gob.gt\/web\/wp-content\/uploads\/2024\/02\/IMG_4889-1024x683.jpg 1024w, https:\/\/conadi.gob.gt\/web\/wp-content\/uploads\/2024\/02\/IMG_4889-300x200.jpg 300w, https:\/\/conadi.gob.gt\/web\/wp-content\/uploads\/2024\/02\/IMG_4889-768x512.jpg 768w, https:\/\/conadi.gob.gt\/web\/wp-content\/uploads\/2024\/02\/IMG_4889-1536x1024.jpg 1536w\" sizes=\"auto, (max-width: 1024px) 100vw, 1024px\" \/><\/figure>\n<\/div>\n\n\n\n<div class=\"wp-block-column is-layout-flow wp-block-column-is-layout-flow\">\n<figure class=\"wp-block-image size-large\"><img loading=\"lazy\" decoding=\"async\" width=\"1024\" height=\"683\" src=\"https:\/\/conadi.gob.gt\/web\/wp-content\/uploads\/2024\/02\/IMG_4821-1024x683.jpg\" alt=\"\" class=\"wp-image-15067\" srcset=\"https:\/\/conadi.gob.gt\/web\/wp-content\/uploads\/2024\/02\/IMG_4821-1024x683.jpg 1024w, https:\/\/conadi.gob.gt\/web\/wp-content\/uploads\/2024\/02\/IMG_4821-300x200.jpg 300w, https:\/\/conadi.gob.gt\/web\/wp-content\/uploads\/2024\/02\/IMG_4821-768x512.jpg 768w, https:\/\/conadi.gob.gt\/web\/wp-content\/uploads\/2024\/02\/IMG_4821-1536x1024.jpg 1536w\" sizes=\"auto, (max-width: 1024px) 100vw, 1024px\" \/><\/figure>\n<\/div>\n<\/div>\n\n\n\n<p>Los miembros de la Comisi\u00f3n sobre Asuntos de Discapacidad del Congreso de la Rep\u00fablica, se hicieron presentes ante las autoridades, t\u00e9cnicos y personas con discapacidad de las organizaciones del CONADI, para reiterar su compromiso y seguir trabajando en la creaci\u00f3n de acciones en beneficio de la poblaci\u00f3n con discapacidad.<\/p>\n\n\n\n<div class=\"wp-block-columns is-layout-flex wp-container-core-columns-is-layout-28f84493 wp-block-columns-is-layout-flex\">\n<div class=\"wp-block-column is-layout-flow wp-block-column-is-layout-flow\">\n<figure class=\"wp-block-image size-large\"><img loading=\"lazy\" decoding=\"async\" width=\"1024\" height=\"683\" src=\"https:\/\/conadi.gob.gt\/web\/wp-content\/uploads\/2024\/02\/IMG_4788-1024x683.jpg\" alt=\"\" class=\"wp-image-15065\" srcset=\"https:\/\/conadi.gob.gt\/web\/wp-content\/uploads\/2024\/02\/IMG_4788-1024x683.jpg 1024w, https:\/\/conadi.gob.gt\/web\/wp-content\/uploads\/2024\/02\/IMG_4788-300x200.jpg 300w, https:\/\/conadi.gob.gt\/web\/wp-content\/uploads\/2024\/02\/IMG_4788-768x512.jpg 768w, https:\/\/conadi.gob.gt\/web\/wp-content\/uploads\/2024\/02\/IMG_4788-1536x1024.jpg 1536w\" sizes=\"auto, (max-width: 1024px) 100vw, 1024px\" \/><\/figure>\n<\/div>\n\n\n\n<div class=\"wp-block-column is-layout-flow wp-block-column-is-layout-flow\">\n<figure class=\"wp-block-image size-large\"><img loading=\"lazy\" decoding=\"async\" width=\"1024\" height=\"683\" src=\"https:\/\/conadi.gob.gt\/web\/wp-content\/uploads\/2024\/02\/IMG_4864-1024x683.jpg\" alt=\"\" class=\"wp-image-15068\" srcset=\"https:\/\/conadi.gob.gt\/web\/wp-content\/uploads\/2024\/02\/IMG_4864-1024x683.jpg 1024w, https:\/\/conadi.gob.gt\/web\/wp-content\/uploads\/2024\/02\/IMG_4864-300x200.jpg 300w, https:\/\/conadi.gob.gt\/web\/wp-content\/uploads\/2024\/02\/IMG_4864-768x512.jpg 768w, https:\/\/conadi.gob.gt\/web\/wp-content\/uploads\/2024\/02\/IMG_4864-1536x1024.jpg 1536w\" sizes=\"auto, (max-width: 1024px) 100vw, 1024px\" \/><\/figure>\n<\/div>\n\n\n\n<div class=\"wp-block-column is-layout-flow wp-block-column-is-layout-flow\">\n<figure class=\"wp-block-image size-large\"><img loading=\"lazy\" decoding=\"async\" width=\"1024\" height=\"683\" src=\"https:\/\/conadi.gob.gt\/web\/wp-content\/uploads\/2024\/02\/IMG_4869-1024x683.jpg\" alt=\"\" class=\"wp-image-15069\" srcset=\"https:\/\/conadi.gob.gt\/web\/wp-content\/uploads\/2024\/02\/IMG_4869-1024x683.jpg 1024w, https:\/\/conadi.gob.gt\/web\/wp-content\/uploads\/2024\/02\/IMG_4869-300x200.jpg 300w, https:\/\/conadi.gob.gt\/web\/wp-content\/uploads\/2024\/02\/IMG_4869-768x512.jpg 768w, https:\/\/conadi.gob.gt\/web\/wp-content\/uploads\/2024\/02\/IMG_4869-1536x1024.jpg 1536w\" sizes=\"auto, (max-width: 1024px) 100vw, 1024px\" \/><\/figure>\n<\/div>\n<\/div>\n","protected":false},"excerpt":{"rendered":"<p>Con 130 votos el Congreso de la Rep\u00fablica de Guatemala aprueba Ley de Certificaci\u00f3n Biopsicosocial de las Personas con Discapacidad mediante Decreto 6-2024, durante el proceso se realiz\u00f3 la lectura y votaci\u00f3n para la aprobaci\u00f3n de cada uno de los art\u00edculos que contiene la presente ley. El Decreto 6-2024, permitir\u00e1 establecer un Sistema Nacional de &hellip; <\/p>\n<p class=\"link-more\"><a href=\"https:\/\/conadi.gob.gt\/web\/se-aprueba-ley-de-ceritificacion-de-discapaciad\/\" class=\"more-link\">Leer m\u00e1s<span class=\"screen-reader-text\"> \u00abEL CONGRESO DE LA REP\u00daBLICA DE GUATEMALA APRUEBA LA LEY DE CERTIFICACI\u00d3N BIOPSICOSOCIAL DE LAS PERSONAS CON DISCAPACIDAD\u00bb<\/span><\/a><\/p>\n","protected":false},"author":12,"featured_media":15070,"comment_status":"closed","ping_status":"closed","sticky":false,"template":"","format":"standard","meta":{"footnotes":""},"categories":[3],"tags":[],"class_list":["post-15062","post","type-post","status-publish","format-standard","has-post-thumbnail","hentry","category-noticias"],"_links":{"self":[{"href":"https:\/\/conadi.gob.gt\/web\/wp-json\/wp\/v2\/posts\/15062","targetHints":{"allow":["GET"]}}],"collection":[{"href":"https:\/\/conadi.gob.gt\/web\/wp-json\/wp\/v2\/posts"}],"about":[{"href":"https:\/\/conadi.gob.gt\/web\/wp-json\/wp\/v2\/types\/post"}],"author":[{"embeddable":true,"href":"https:\/\/conadi.gob.gt\/web\/wp-json\/wp\/v2\/users\/12"}],"replies":[{"embeddable":true,"href":"https:\/\/conadi.gob.gt\/web\/wp-json\/wp\/v2\/comments?post=15062"}],"version-history":[{"count":5,"href":"https:\/\/conadi.gob.gt\/web\/wp-json\/wp\/v2\/posts\/15062\/revisions"}],"predecessor-version":[{"id":15220,"href":"https:\/\/conadi.gob.gt\/web\/wp-json\/wp\/v2\/posts\/15062\/revisions\/15220"}],"wp:featuredmedia":[{"embeddable":true,"href":"https:\/\/conadi.gob.gt\/web\/wp-json\/wp\/v2\/media\/15070"}],"wp:attachment":[{"href":"https:\/\/conadi.gob.gt\/web\/wp-json\/wp\/v2\/media?parent=15062"}],"wp:term":[{"taxonomy":"category","embeddable":true,"href":"https:\/\/conadi.gob.gt\/web\/wp-json\/wp\/v2\/categories?post=15062"},{"taxonomy":"post_tag","embeddable":true,"href":"https:\/\/conadi.gob.gt\/web\/wp-json\/wp\/v2\/tags?post=15062"}],"curies":[{"name":"wp","href":"https:\/\/api.w.org\/{rel}","templated":true}]}}