{"id":15225,"date":"2024-03-22T22:03:06","date_gmt":"2024-03-22T22:03:06","guid":{"rendered":"https:\/\/conadi.gob.gt\/web\/?p=15225"},"modified":"2024-03-22T22:18:41","modified_gmt":"2024-03-22T22:18:41","slug":"diplomado-territorio-inclusivo","status":"publish","type":"post","link":"https:\/\/conadi.gob.gt\/web\/diplomado-territorio-inclusivo\/","title":{"rendered":"DIPLOMADO PROMOVIENDO LOS DERECHOS PARA UN TERRITORIO INCLUSIVO"},"content":{"rendered":"\n<p>Comprender la discapacidad desde una perspectiva integral, adquiriendo conocimientos profundos sobre las diferentes dimensiones de la discapacidad, incluyendo aspectos m\u00e9dicos, sociales, educativos y psicol\u00f3gicos es el objetivo, del diplomado \u00abPromoviendo los Derechos para un Territorio Inclusivo\u00bb, que ser\u00e1 impartido para fortalecer los conocimientos de los representantes de las Oficinas Municipales de Discapacidad (OMD\u2019s) y de las Direcciones Municipales de Discapacidad (DMD\u2019s) en todo el pa\u00eds, coordinado por el Departamento de Servicio Nacional de Discapacidad.<\/p>\n\n\n\n<figure class=\"wp-block-image size-large\"><img loading=\"lazy\" decoding=\"async\" width=\"1024\" height=\"682\" src=\"https:\/\/conadi.gob.gt\/web\/wp-content\/uploads\/2024\/03\/WhatsApp-Image-2024-03-22-at-3.17.31-PM-1024x682.jpeg\" alt=\"\" class=\"wp-image-15226\" srcset=\"https:\/\/conadi.gob.gt\/web\/wp-content\/uploads\/2024\/03\/WhatsApp-Image-2024-03-22-at-3.17.31-PM-1024x682.jpeg 1024w, https:\/\/conadi.gob.gt\/web\/wp-content\/uploads\/2024\/03\/WhatsApp-Image-2024-03-22-at-3.17.31-PM-300x200.jpeg 300w, https:\/\/conadi.gob.gt\/web\/wp-content\/uploads\/2024\/03\/WhatsApp-Image-2024-03-22-at-3.17.31-PM-768x512.jpeg 768w, https:\/\/conadi.gob.gt\/web\/wp-content\/uploads\/2024\/03\/WhatsApp-Image-2024-03-22-at-3.17.31-PM-1536x1023.jpeg 1536w, https:\/\/conadi.gob.gt\/web\/wp-content\/uploads\/2024\/03\/WhatsApp-Image-2024-03-22-at-3.17.31-PM.jpeg 1600w\" sizes=\"auto, (max-width: 1024px) 100vw, 1024px\" \/><\/figure>\n\n\n\n<p><br \/>La licenciada Clarivel Castillo, presidenta del CONADI, en el acto protocolario resalt\u00f3 en su discurso la importancia de la representaci\u00f3n de las OMD\u2019s y DMD\u2019s en sus respectivas \u00e1reas, as\u00ed como el trabajo colaborativo con los delegados departamentales del CONADI para impulsar los derechos de las personas con discapacidad a nivel nacional.<br \/><\/p>\n\n\n\n<p>En el m\u00f3dulo introductorio del Diplomado: \u00abPromoviendo los Derechos para un Territorio Inclusivo\u00bb, se cont\u00f3 con la participaci\u00f3n de t\u00e9cnicos del CONADI quienes abordaron temas de beneficio para el manejo de la incidencia en el interior del pa\u00eds.<br \/><\/p>\n\n\n\n<div class=\"wp-block-columns is-layout-flex wp-container-core-columns-is-layout-28f84493 wp-block-columns-is-layout-flex\">\n<div class=\"wp-block-column is-layout-flow wp-block-column-is-layout-flow\">\n<figure class=\"wp-block-image size-full\"><img loading=\"lazy\" decoding=\"async\" width=\"960\" height=\"640\" src=\"https:\/\/conadi.gob.gt\/web\/wp-content\/uploads\/2024\/03\/432870615_835340158639828_7194252892794328763_n.jpg\" alt=\"\" class=\"wp-image-15227\" srcset=\"https:\/\/conadi.gob.gt\/web\/wp-content\/uploads\/2024\/03\/432870615_835340158639828_7194252892794328763_n.jpg 960w, https:\/\/conadi.gob.gt\/web\/wp-content\/uploads\/2024\/03\/432870615_835340158639828_7194252892794328763_n-300x200.jpg 300w, https:\/\/conadi.gob.gt\/web\/wp-content\/uploads\/2024\/03\/432870615_835340158639828_7194252892794328763_n-768x512.jpg 768w\" sizes=\"auto, (max-width: 960px) 100vw, 960px\" \/><\/figure>\n<\/div>\n\n\n\n<div class=\"wp-block-column is-layout-flow wp-block-column-is-layout-flow\">\n<figure class=\"wp-block-image size-full\"><img loading=\"lazy\" decoding=\"async\" width=\"960\" height=\"640\" src=\"https:\/\/conadi.gob.gt\/web\/wp-content\/uploads\/2024\/03\/432922784_835340205306490_2309102941687768468_n.jpg\" alt=\"\" class=\"wp-image-15228\" srcset=\"https:\/\/conadi.gob.gt\/web\/wp-content\/uploads\/2024\/03\/432922784_835340205306490_2309102941687768468_n.jpg 960w, https:\/\/conadi.gob.gt\/web\/wp-content\/uploads\/2024\/03\/432922784_835340205306490_2309102941687768468_n-300x200.jpg 300w, https:\/\/conadi.gob.gt\/web\/wp-content\/uploads\/2024\/03\/432922784_835340205306490_2309102941687768468_n-768x512.jpg 768w\" sizes=\"auto, (max-width: 960px) 100vw, 960px\" \/><\/figure>\n<\/div>\n<\/div>\n\n\n\n<p>Dentro de los temas que se abordaron fueron: la Sensibilizaci\u00f3n a la Inclusi\u00f3n a cargo de Fausto Reyes, director t\u00e9cnico del CONADI, donde adem\u00e1s comparti\u00f3 con los presentes, una presentaci\u00f3n sobre \u00bfQu\u00e9 Conadi y los diferentes ejes que comprenden el trabajo de la direcci\u00f3n t\u00e9cnica; el Rol de los Encargados y Delegados de las OMD\u00b4s y Municipales de Discapacidad brindada por Wuilian Guamuch, coordinador regional; la Importancia de Manejo de Datos Estad\u00edsticos por Alex Tzib, jefe de datos estad\u00edsticos y la Socializaci\u00f3n del Decreto 6-2024 Ley de Certificaci\u00f3n Biopsicosocial que fue expuesto por Gloria Serrano, del Programa de Discapacidad del MSPAS y Aracely Mart\u00ednez, jefa del departamento de Incidencia Pol\u00edtica e Institucional del CONADI.<br \/><\/p>\n\n\n\n<div class=\"wp-block-columns is-layout-flex wp-container-core-columns-is-layout-28f84493 wp-block-columns-is-layout-flex\">\n<div class=\"wp-block-column is-layout-flow wp-block-column-is-layout-flow\">\n<figure class=\"wp-block-image size-large\"><img loading=\"lazy\" decoding=\"async\" width=\"1024\" height=\"682\" src=\"https:\/\/conadi.gob.gt\/web\/wp-content\/uploads\/2024\/03\/WhatsApp-Image-2024-03-22-at-3.17.31-PM-1-1024x682.jpeg\" alt=\"\" class=\"wp-image-15230\" srcset=\"https:\/\/conadi.gob.gt\/web\/wp-content\/uploads\/2024\/03\/WhatsApp-Image-2024-03-22-at-3.17.31-PM-1-1024x682.jpeg 1024w, https:\/\/conadi.gob.gt\/web\/wp-content\/uploads\/2024\/03\/WhatsApp-Image-2024-03-22-at-3.17.31-PM-1-300x200.jpeg 300w, https:\/\/conadi.gob.gt\/web\/wp-content\/uploads\/2024\/03\/WhatsApp-Image-2024-03-22-at-3.17.31-PM-1-768x512.jpeg 768w, https:\/\/conadi.gob.gt\/web\/wp-content\/uploads\/2024\/03\/WhatsApp-Image-2024-03-22-at-3.17.31-PM-1-1536x1023.jpeg 1536w, https:\/\/conadi.gob.gt\/web\/wp-content\/uploads\/2024\/03\/WhatsApp-Image-2024-03-22-at-3.17.31-PM-1.jpeg 1600w\" sizes=\"auto, (max-width: 1024px) 100vw, 1024px\" \/><\/figure>\n<\/div>\n\n\n\n<div class=\"wp-block-column is-layout-flow wp-block-column-is-layout-flow\">\n<figure class=\"wp-block-image size-full\"><img loading=\"lazy\" decoding=\"async\" width=\"960\" height=\"640\" src=\"https:\/\/conadi.gob.gt\/web\/wp-content\/uploads\/2024\/03\/432771533_835340368639807_909904822179199100_n.jpg\" alt=\"\" class=\"wp-image-15231\" srcset=\"https:\/\/conadi.gob.gt\/web\/wp-content\/uploads\/2024\/03\/432771533_835340368639807_909904822179199100_n.jpg 960w, https:\/\/conadi.gob.gt\/web\/wp-content\/uploads\/2024\/03\/432771533_835340368639807_909904822179199100_n-300x200.jpg 300w, https:\/\/conadi.gob.gt\/web\/wp-content\/uploads\/2024\/03\/432771533_835340368639807_909904822179199100_n-768x512.jpg 768w\" sizes=\"auto, (max-width: 960px) 100vw, 960px\" \/><\/figure>\n<\/div>\n\n\n\n<div class=\"wp-block-column is-layout-flow wp-block-column-is-layout-flow\">\n<figure class=\"wp-block-image size-large\"><img loading=\"lazy\" decoding=\"async\" width=\"1024\" height=\"682\" src=\"https:\/\/conadi.gob.gt\/web\/wp-content\/uploads\/2024\/03\/WhatsApp-Image-2024-03-22-at-3.19.02-PM-1024x682.jpeg\" alt=\"\" class=\"wp-image-15236\" srcset=\"https:\/\/conadi.gob.gt\/web\/wp-content\/uploads\/2024\/03\/WhatsApp-Image-2024-03-22-at-3.19.02-PM-1024x682.jpeg 1024w, https:\/\/conadi.gob.gt\/web\/wp-content\/uploads\/2024\/03\/WhatsApp-Image-2024-03-22-at-3.19.02-PM-300x200.jpeg 300w, https:\/\/conadi.gob.gt\/web\/wp-content\/uploads\/2024\/03\/WhatsApp-Image-2024-03-22-at-3.19.02-PM-768x512.jpeg 768w, https:\/\/conadi.gob.gt\/web\/wp-content\/uploads\/2024\/03\/WhatsApp-Image-2024-03-22-at-3.19.02-PM-1536x1023.jpeg 1536w, https:\/\/conadi.gob.gt\/web\/wp-content\/uploads\/2024\/03\/WhatsApp-Image-2024-03-22-at-3.19.02-PM.jpeg 1600w\" sizes=\"auto, (max-width: 1024px) 100vw, 1024px\" \/><\/figure>\n<\/div>\n<\/div>\n\n\n\n<p>Durante cada una de las exposiciones se cont\u00f3 con la participaci\u00f3n de los representantes de las OMD\u00b4s y DMD\u00b4s quienes expusieron sus dudas y consultas. Se finaliz\u00f3 indic\u00e1ndoles a los participantes las directrices para poder acceder virtualmente al diplomado, que dar\u00e1 inicio en el mes de abril y adem\u00e1s se tom\u00f3 la fotograf\u00eda oficial de los participantes.<\/p>\n\n\n\n<div class=\"wp-block-columns is-layout-flex wp-container-core-columns-is-layout-28f84493 wp-block-columns-is-layout-flex\">\n<div class=\"wp-block-column is-layout-flow wp-block-column-is-layout-flow\">\n<figure class=\"wp-block-image size-large\"><img loading=\"lazy\" decoding=\"async\" width=\"1024\" height=\"682\" src=\"https:\/\/conadi.gob.gt\/web\/wp-content\/uploads\/2024\/03\/434059189_835419775298533_3116384883100469256_n-1024x682.jpg\" alt=\"\" class=\"wp-image-15233\" srcset=\"https:\/\/conadi.gob.gt\/web\/wp-content\/uploads\/2024\/03\/434059189_835419775298533_3116384883100469256_n-1024x682.jpg 1024w, https:\/\/conadi.gob.gt\/web\/wp-content\/uploads\/2024\/03\/434059189_835419775298533_3116384883100469256_n-300x200.jpg 300w, https:\/\/conadi.gob.gt\/web\/wp-content\/uploads\/2024\/03\/434059189_835419775298533_3116384883100469256_n-768x512.jpg 768w, https:\/\/conadi.gob.gt\/web\/wp-content\/uploads\/2024\/03\/434059189_835419775298533_3116384883100469256_n-1536x1023.jpg 1536w, https:\/\/conadi.gob.gt\/web\/wp-content\/uploads\/2024\/03\/434059189_835419775298533_3116384883100469256_n.jpg 1600w\" sizes=\"auto, (max-width: 1024px) 100vw, 1024px\" \/><\/figure>\n<\/div>\n\n\n\n<div class=\"wp-block-column is-layout-flow wp-block-column-is-layout-flow\">\n<figure class=\"wp-block-image size-full\"><img loading=\"lazy\" decoding=\"async\" width=\"960\" height=\"640\" src=\"https:\/\/conadi.gob.gt\/web\/wp-content\/uploads\/2024\/03\/432945357_835340288639815_6168160123532692472_n.jpg\" alt=\"\" class=\"wp-image-15234\" srcset=\"https:\/\/conadi.gob.gt\/web\/wp-content\/uploads\/2024\/03\/432945357_835340288639815_6168160123532692472_n.jpg 960w, https:\/\/conadi.gob.gt\/web\/wp-content\/uploads\/2024\/03\/432945357_835340288639815_6168160123532692472_n-300x200.jpg 300w, https:\/\/conadi.gob.gt\/web\/wp-content\/uploads\/2024\/03\/432945357_835340288639815_6168160123532692472_n-768x512.jpg 768w\" sizes=\"auto, (max-width: 960px) 100vw, 960px\" \/><\/figure>\n<\/div>\n\n\n\n<div class=\"wp-block-column is-layout-flow wp-block-column-is-layout-flow\">\n<figure class=\"wp-block-image size-full\"><img loading=\"lazy\" decoding=\"async\" width=\"960\" height=\"640\" src=\"https:\/\/conadi.gob.gt\/web\/wp-content\/uploads\/2024\/03\/433416022_835340335306477_4689637130181255341_n.jpg\" alt=\"\" class=\"wp-image-15235\" srcset=\"https:\/\/conadi.gob.gt\/web\/wp-content\/uploads\/2024\/03\/433416022_835340335306477_4689637130181255341_n.jpg 960w, https:\/\/conadi.gob.gt\/web\/wp-content\/uploads\/2024\/03\/433416022_835340335306477_4689637130181255341_n-300x200.jpg 300w, https:\/\/conadi.gob.gt\/web\/wp-content\/uploads\/2024\/03\/433416022_835340335306477_4689637130181255341_n-768x512.jpg 768w\" sizes=\"auto, (max-width: 960px) 100vw, 960px\" \/><\/figure>\n<\/div>\n<\/div>\n\n\n\n<div class=\"wp-block-columns is-layout-flex wp-container-core-columns-is-layout-28f84493 wp-block-columns-is-layout-flex\">\n<div class=\"wp-block-column is-layout-flow wp-block-column-is-layout-flow\">\n<figure class=\"wp-block-image size-large\"><img loading=\"lazy\" decoding=\"async\" width=\"1024\" height=\"683\" src=\"https:\/\/conadi.gob.gt\/web\/wp-content\/uploads\/2024\/03\/433439920_835492431957934_770738562189265250_n-1024x683.jpg\" alt=\"\" class=\"wp-image-15240\" srcset=\"https:\/\/conadi.gob.gt\/web\/wp-content\/uploads\/2024\/03\/433439920_835492431957934_770738562189265250_n-1024x683.jpg 1024w, https:\/\/conadi.gob.gt\/web\/wp-content\/uploads\/2024\/03\/433439920_835492431957934_770738562189265250_n-300x200.jpg 300w, https:\/\/conadi.gob.gt\/web\/wp-content\/uploads\/2024\/03\/433439920_835492431957934_770738562189265250_n-768x512.jpg 768w, https:\/\/conadi.gob.gt\/web\/wp-content\/uploads\/2024\/03\/433439920_835492431957934_770738562189265250_n-1536x1024.jpg 1536w, https:\/\/conadi.gob.gt\/web\/wp-content\/uploads\/2024\/03\/433439920_835492431957934_770738562189265250_n-2000x1333.jpg 2000w, https:\/\/conadi.gob.gt\/web\/wp-content\/uploads\/2024\/03\/433439920_835492431957934_770738562189265250_n.jpg 2048w\" sizes=\"auto, (max-width: 1024px) 100vw, 1024px\" \/><\/figure>\n<\/div>\n\n\n\n<div class=\"wp-block-column is-layout-flow wp-block-column-is-layout-flow\">\n<figure class=\"wp-block-image size-large\"><img loading=\"lazy\" decoding=\"async\" width=\"1024\" height=\"683\" src=\"https:\/\/conadi.gob.gt\/web\/wp-content\/uploads\/2024\/03\/433465644_835492635291247_6944005507804168987_n-1024x683.jpg\" alt=\"\" class=\"wp-image-15241\" srcset=\"https:\/\/conadi.gob.gt\/web\/wp-content\/uploads\/2024\/03\/433465644_835492635291247_6944005507804168987_n-1024x683.jpg 1024w, https:\/\/conadi.gob.gt\/web\/wp-content\/uploads\/2024\/03\/433465644_835492635291247_6944005507804168987_n-300x200.jpg 300w, https:\/\/conadi.gob.gt\/web\/wp-content\/uploads\/2024\/03\/433465644_835492635291247_6944005507804168987_n-768x512.jpg 768w, https:\/\/conadi.gob.gt\/web\/wp-content\/uploads\/2024\/03\/433465644_835492635291247_6944005507804168987_n-1536x1024.jpg 1536w, https:\/\/conadi.gob.gt\/web\/wp-content\/uploads\/2024\/03\/433465644_835492635291247_6944005507804168987_n-2000x1333.jpg 2000w, https:\/\/conadi.gob.gt\/web\/wp-content\/uploads\/2024\/03\/433465644_835492635291247_6944005507804168987_n.jpg 2048w\" sizes=\"auto, (max-width: 1024px) 100vw, 1024px\" \/><\/figure>\n<\/div>\n\n\n\n<div class=\"wp-block-column is-layout-flow wp-block-column-is-layout-flow\">\n<figure class=\"wp-block-image size-large\"><img loading=\"lazy\" decoding=\"async\" width=\"1024\" height=\"683\" src=\"https:\/\/conadi.gob.gt\/web\/wp-content\/uploads\/2024\/03\/433622656_835495611957616_4483879216967371188_n-1024x683.jpg\" alt=\"\" class=\"wp-image-15244\" srcset=\"https:\/\/conadi.gob.gt\/web\/wp-content\/uploads\/2024\/03\/433622656_835495611957616_4483879216967371188_n-1024x683.jpg 1024w, https:\/\/conadi.gob.gt\/web\/wp-content\/uploads\/2024\/03\/433622656_835495611957616_4483879216967371188_n-300x200.jpg 300w, https:\/\/conadi.gob.gt\/web\/wp-content\/uploads\/2024\/03\/433622656_835495611957616_4483879216967371188_n-768x512.jpg 768w, https:\/\/conadi.gob.gt\/web\/wp-content\/uploads\/2024\/03\/433622656_835495611957616_4483879216967371188_n-1536x1024.jpg 1536w, https:\/\/conadi.gob.gt\/web\/wp-content\/uploads\/2024\/03\/433622656_835495611957616_4483879216967371188_n-2000x1333.jpg 2000w, https:\/\/conadi.gob.gt\/web\/wp-content\/uploads\/2024\/03\/433622656_835495611957616_4483879216967371188_n.jpg 2048w\" sizes=\"auto, (max-width: 1024px) 100vw, 1024px\" \/><\/figure>\n<\/div>\n<\/div>\n\n\n\n<div class=\"wp-block-columns is-layout-flex wp-container-core-columns-is-layout-28f84493 wp-block-columns-is-layout-flex\">\n<div class=\"wp-block-column is-layout-flow wp-block-column-is-layout-flow\">\n<figure class=\"wp-block-image size-large\"><img loading=\"lazy\" decoding=\"async\" width=\"1024\" height=\"683\" src=\"https:\/\/conadi.gob.gt\/web\/wp-content\/uploads\/2024\/03\/433462916_835493715291139_7832678454636139192_n-1024x683.jpg\" alt=\"\" class=\"wp-image-15242\" srcset=\"https:\/\/conadi.gob.gt\/web\/wp-content\/uploads\/2024\/03\/433462916_835493715291139_7832678454636139192_n-1024x683.jpg 1024w, https:\/\/conadi.gob.gt\/web\/wp-content\/uploads\/2024\/03\/433462916_835493715291139_7832678454636139192_n-300x200.jpg 300w, https:\/\/conadi.gob.gt\/web\/wp-content\/uploads\/2024\/03\/433462916_835493715291139_7832678454636139192_n-768x512.jpg 768w, https:\/\/conadi.gob.gt\/web\/wp-content\/uploads\/2024\/03\/433462916_835493715291139_7832678454636139192_n-1536x1024.jpg 1536w, https:\/\/conadi.gob.gt\/web\/wp-content\/uploads\/2024\/03\/433462916_835493715291139_7832678454636139192_n-2000x1333.jpg 2000w, https:\/\/conadi.gob.gt\/web\/wp-content\/uploads\/2024\/03\/433462916_835493715291139_7832678454636139192_n.jpg 2048w\" sizes=\"auto, (max-width: 1024px) 100vw, 1024px\" \/><\/figure>\n<\/div>\n\n\n\n<div class=\"wp-block-column is-layout-flow wp-block-column-is-layout-flow\">\n<figure class=\"wp-block-image size-large\"><img loading=\"lazy\" decoding=\"async\" width=\"1024\" height=\"683\" src=\"https:\/\/conadi.gob.gt\/web\/wp-content\/uploads\/2024\/03\/433464896_835493145291196_6640083612768471405_n-1024x683.jpg\" alt=\"\" class=\"wp-image-15245\" srcset=\"https:\/\/conadi.gob.gt\/web\/wp-content\/uploads\/2024\/03\/433464896_835493145291196_6640083612768471405_n-1024x683.jpg 1024w, https:\/\/conadi.gob.gt\/web\/wp-content\/uploads\/2024\/03\/433464896_835493145291196_6640083612768471405_n-300x200.jpg 300w, https:\/\/conadi.gob.gt\/web\/wp-content\/uploads\/2024\/03\/433464896_835493145291196_6640083612768471405_n-768x512.jpg 768w, https:\/\/conadi.gob.gt\/web\/wp-content\/uploads\/2024\/03\/433464896_835493145291196_6640083612768471405_n-1536x1024.jpg 1536w, https:\/\/conadi.gob.gt\/web\/wp-content\/uploads\/2024\/03\/433464896_835493145291196_6640083612768471405_n-2000x1333.jpg 2000w, https:\/\/conadi.gob.gt\/web\/wp-content\/uploads\/2024\/03\/433464896_835493145291196_6640083612768471405_n.jpg 2048w\" sizes=\"auto, (max-width: 1024px) 100vw, 1024px\" \/><\/figure>\n<\/div>\n<\/div>\n","protected":false},"excerpt":{"rendered":"<p>Comprender la discapacidad desde una perspectiva integral, adquiriendo conocimientos profundos sobre las diferentes dimensiones de la discapacidad, incluyendo aspectos m\u00e9dicos, sociales, educativos y psicol\u00f3gicos es el objetivo, del diplomado \u00abPromoviendo los Derechos para un Territorio Inclusivo\u00bb, que ser\u00e1 impartido para fortalecer los conocimientos de los representantes de las Oficinas Municipales de Discapacidad (OMD\u2019s) y de &hellip; <\/p>\n<p class=\"link-more\"><a href=\"https:\/\/conadi.gob.gt\/web\/diplomado-territorio-inclusivo\/\" class=\"more-link\">Leer m\u00e1s<span class=\"screen-reader-text\"> \u00abDIPLOMADO PROMOVIENDO LOS DERECHOS PARA UN TERRITORIO INCLUSIVO\u00bb<\/span><\/a><\/p>\n","protected":false},"author":12,"featured_media":15226,"comment_status":"closed","ping_status":"closed","sticky":false,"template":"","format":"standard","meta":{"footnotes":""},"categories":[3],"tags":[],"class_list":["post-15225","post","type-post","status-publish","format-standard","has-post-thumbnail","hentry","category-noticias"],"_links":{"self":[{"href":"https:\/\/conadi.gob.gt\/web\/wp-json\/wp\/v2\/posts\/15225","targetHints":{"allow":["GET"]}}],"collection":[{"href":"https:\/\/conadi.gob.gt\/web\/wp-json\/wp\/v2\/posts"}],"about":[{"href":"https:\/\/conadi.gob.gt\/web\/wp-json\/wp\/v2\/types\/post"}],"author":[{"embeddable":true,"href":"https:\/\/conadi.gob.gt\/web\/wp-json\/wp\/v2\/users\/12"}],"replies":[{"embeddable":true,"href":"https:\/\/conadi.gob.gt\/web\/wp-json\/wp\/v2\/comments?post=15225"}],"version-history":[{"count":3,"href":"https:\/\/conadi.gob.gt\/web\/wp-json\/wp\/v2\/posts\/15225\/revisions"}],"predecessor-version":[{"id":15246,"href":"https:\/\/conadi.gob.gt\/web\/wp-json\/wp\/v2\/posts\/15225\/revisions\/15246"}],"wp:featuredmedia":[{"embeddable":true,"href":"https:\/\/conadi.gob.gt\/web\/wp-json\/wp\/v2\/media\/15226"}],"wp:attachment":[{"href":"https:\/\/conadi.gob.gt\/web\/wp-json\/wp\/v2\/media?parent=15225"}],"wp:term":[{"taxonomy":"category","embeddable":true,"href":"https:\/\/conadi.gob.gt\/web\/wp-json\/wp\/v2\/categories?post=15225"},{"taxonomy":"post_tag","embeddable":true,"href":"https:\/\/conadi.gob.gt\/web\/wp-json\/wp\/v2\/tags?post=15225"}],"curies":[{"name":"wp","href":"https:\/\/api.w.org\/{rel}","templated":true}]}}