{"id":15464,"date":"2024-05-16T16:48:07","date_gmt":"2024-05-16T16:48:07","guid":{"rendered":"https:\/\/conadi.gob.gt\/web\/?p=15464"},"modified":"2024-05-16T18:08:35","modified_gmt":"2024-05-16T18:08:35","slug":"encuentro-del-pid-en-montevideo-uruguay","status":"publish","type":"post","link":"https:\/\/conadi.gob.gt\/web\/encuentro-del-pid-en-montevideo-uruguay\/","title":{"rendered":"ENCUENTRO DEL PID EN MONTEVIDEO, URUGUAY"},"content":{"rendered":"\n<p>Clarivel Castillo, Presidenta del Consejo Nacional para la a Atenci\u00f3n de las Personas con Discapacidad (CONADI) y miembro del\u00a0 Consejo Intergubernamental del Programa Iberoamericano de Discapacidad (PID), particip\u00f3 en el encuentro de miembros de la Comisi\u00f3n Consultiva de Sociedad Civil de diferentes pa\u00edses, un espacio donde participan representantes de organizaciones regionales de personas con discapacidad.<\/p>\n\n\n\n<figure class=\"wp-block-image size-full is-resized\"><img loading=\"lazy\" decoding=\"async\" width=\"578\" height=\"452\" src=\"https:\/\/conadi.gob.gt\/web\/wp-content\/uploads\/2024\/05\/WhatsApp-Image-2024-05-16-at-10.25.11-1.jpeg\" alt=\"\" class=\"wp-image-15466\" style=\"width:840px;height:auto\" srcset=\"https:\/\/conadi.gob.gt\/web\/wp-content\/uploads\/2024\/05\/WhatsApp-Image-2024-05-16-at-10.25.11-1.jpeg 578w, https:\/\/conadi.gob.gt\/web\/wp-content\/uploads\/2024\/05\/WhatsApp-Image-2024-05-16-at-10.25.11-1-300x235.jpeg 300w\" sizes=\"auto, (max-width: 578px) 100vw, 578px\" \/><\/figure>\n\n\n\n<p>El 15 de mayo se desarroll\u00f3 el seminario regional de educaci\u00f3n inclusiva. HACIA UNA EDUCACI\u00d3N INCLUSIVA Y DE CALIDAD A LO LARGO DE TODA LA VIDA, a lo largo de esta jornada que reuni\u00f3 a representantes gubernamentales de la regi\u00f3n iberoamericana, miembros de organizaciones de personas con discapacidad y de organizaciones educativas para debatir y construir en conjunto temas como: Pol\u00edticas educativas que transforman la educaci\u00f3n; trayectorias educativas: Como garantizar el acceso, permanencia y egreso de estudiantes con discapacidad en todos los niveles educativos, Apoyos y ajustes razonables en los entornos educativos; Conversatorio: El rol de las agencias de discapacidad y la participaci\u00f3n de las personas con discapacidad en la promoci\u00f3n del derecho a la educaci\u00f3n inclusiva; alianzas estrat\u00e9gicas para alcanzar una educaci\u00f3n inclusiva y de calidad: Desaf\u00edos y oportunidades en Iberoam\u00e9rica.<\/p>\n\n\n\n<div class=\"wp-block-columns is-layout-flex wp-container-core-columns-is-layout-28f84493 wp-block-columns-is-layout-flex\">\n<div class=\"wp-block-column is-layout-flow wp-block-column-is-layout-flow\">\n<figure class=\"wp-block-image size-full\"><img loading=\"lazy\" decoding=\"async\" width=\"984\" height=\"640\" src=\"https:\/\/conadi.gob.gt\/web\/wp-content\/uploads\/2024\/05\/Anotacion-2024-05-15-083450.png\" alt=\"\" class=\"wp-image-15467\" srcset=\"https:\/\/conadi.gob.gt\/web\/wp-content\/uploads\/2024\/05\/Anotacion-2024-05-15-083450.png 984w, https:\/\/conadi.gob.gt\/web\/wp-content\/uploads\/2024\/05\/Anotacion-2024-05-15-083450-300x195.png 300w, https:\/\/conadi.gob.gt\/web\/wp-content\/uploads\/2024\/05\/Anotacion-2024-05-15-083450-768x500.png 768w\" sizes=\"auto, (max-width: 984px) 100vw, 984px\" \/><\/figure>\n<\/div>\n\n\n\n<div class=\"wp-block-column is-layout-flow wp-block-column-is-layout-flow\">\n<figure class=\"wp-block-image size-full\"><img loading=\"lazy\" decoding=\"async\" width=\"992\" height=\"623\" src=\"https:\/\/conadi.gob.gt\/web\/wp-content\/uploads\/2024\/05\/Anotacion-2024-05-15-091438.png\" alt=\"\" class=\"wp-image-15468\" srcset=\"https:\/\/conadi.gob.gt\/web\/wp-content\/uploads\/2024\/05\/Anotacion-2024-05-15-091438.png 992w, https:\/\/conadi.gob.gt\/web\/wp-content\/uploads\/2024\/05\/Anotacion-2024-05-15-091438-300x188.png 300w, https:\/\/conadi.gob.gt\/web\/wp-content\/uploads\/2024\/05\/Anotacion-2024-05-15-091438-768x482.png 768w\" sizes=\"auto, (max-width: 992px) 100vw, 992px\" \/><\/figure>\n<\/div>\n\n\n\n<div class=\"wp-block-column is-layout-flow wp-block-column-is-layout-flow\">\n<figure class=\"wp-block-image size-full\"><img loading=\"lazy\" decoding=\"async\" width=\"993\" height=\"617\" src=\"https:\/\/conadi.gob.gt\/web\/wp-content\/uploads\/2024\/05\/Anotacion-2024-05-15-100136.png\" alt=\"\" class=\"wp-image-15469\" srcset=\"https:\/\/conadi.gob.gt\/web\/wp-content\/uploads\/2024\/05\/Anotacion-2024-05-15-100136.png 993w, https:\/\/conadi.gob.gt\/web\/wp-content\/uploads\/2024\/05\/Anotacion-2024-05-15-100136-300x186.png 300w, https:\/\/conadi.gob.gt\/web\/wp-content\/uploads\/2024\/05\/Anotacion-2024-05-15-100136-768x477.png 768w\" sizes=\"auto, (max-width: 993px) 100vw, 993px\" \/><\/figure>\n<\/div>\n<\/div>\n\n\n\n<p>En el segundo d\u00eda se desarrollo, el tema HACIA LA TARJETA IBEROAMERICANA DE DISCAPACIDAD, en esta jornada se trabajo en el reconocimiento regional de la Tarjeta Iberoamericana de Discapacidad, El objetivo fue consolidar sistemas nacionales de recopilaci\u00f3n y gesti\u00f3n de datos: A trav\u00e9s de la adopci\u00f3n de una metodolog\u00eda com\u00fan para la recopilaci\u00f3n de datos sobre discapacidad que permitir\u00e1 caracterizar a esta poblaci\u00f3n en cada pa\u00eds y realizar an\u00e1lisis comparativos a nivel regional. Adem\u00e1s, se continuar\u00e1 el trabajo para llegar a la Cumbre Iberoamericana con la aprobaci\u00f3n de la tarjeta iberoamericana de discapacidad.<\/p>\n\n\n\n<div class=\"wp-block-columns is-layout-flex wp-container-core-columns-is-layout-28f84493 wp-block-columns-is-layout-flex\">\n<div class=\"wp-block-column is-layout-flow wp-block-column-is-layout-flow\">\n<figure class=\"wp-block-image size-large\"><img loading=\"lazy\" decoding=\"async\" width=\"1024\" height=\"472\" src=\"https:\/\/conadi.gob.gt\/web\/wp-content\/uploads\/2024\/05\/WhatsApp-Image-2024-05-16-at-10.25.11-5-1024x472.jpeg\" alt=\"\" class=\"wp-image-15471\" srcset=\"https:\/\/conadi.gob.gt\/web\/wp-content\/uploads\/2024\/05\/WhatsApp-Image-2024-05-16-at-10.25.11-5-1024x472.jpeg 1024w, https:\/\/conadi.gob.gt\/web\/wp-content\/uploads\/2024\/05\/WhatsApp-Image-2024-05-16-at-10.25.11-5-300x138.jpeg 300w, https:\/\/conadi.gob.gt\/web\/wp-content\/uploads\/2024\/05\/WhatsApp-Image-2024-05-16-at-10.25.11-5-768x354.jpeg 768w, https:\/\/conadi.gob.gt\/web\/wp-content\/uploads\/2024\/05\/WhatsApp-Image-2024-05-16-at-10.25.11-5.jpeg 1280w\" sizes=\"auto, (max-width: 1024px) 100vw, 1024px\" \/><\/figure>\n<\/div>\n\n\n\n<div class=\"wp-block-column is-layout-flow wp-block-column-is-layout-flow\">\n<figure class=\"wp-block-image size-large\"><img loading=\"lazy\" decoding=\"async\" width=\"1024\" height=\"472\" src=\"https:\/\/conadi.gob.gt\/web\/wp-content\/uploads\/2024\/05\/WhatsApp-Image-2024-05-16-at-10.25.11-2-1024x472.jpeg\" alt=\"\" class=\"wp-image-15472\" srcset=\"https:\/\/conadi.gob.gt\/web\/wp-content\/uploads\/2024\/05\/WhatsApp-Image-2024-05-16-at-10.25.11-2-1024x472.jpeg 1024w, https:\/\/conadi.gob.gt\/web\/wp-content\/uploads\/2024\/05\/WhatsApp-Image-2024-05-16-at-10.25.11-2-300x138.jpeg 300w, https:\/\/conadi.gob.gt\/web\/wp-content\/uploads\/2024\/05\/WhatsApp-Image-2024-05-16-at-10.25.11-2-768x354.jpeg 768w, https:\/\/conadi.gob.gt\/web\/wp-content\/uploads\/2024\/05\/WhatsApp-Image-2024-05-16-at-10.25.11-2.jpeg 1280w\" sizes=\"auto, (max-width: 1024px) 100vw, 1024px\" \/><\/figure>\n<\/div>\n\n\n\n<div class=\"wp-block-column is-layout-flow wp-block-column-is-layout-flow\">\n<figure class=\"wp-block-image size-large\"><img loading=\"lazy\" decoding=\"async\" width=\"1024\" height=\"472\" src=\"https:\/\/conadi.gob.gt\/web\/wp-content\/uploads\/2024\/05\/WhatsApp-Image-2024-05-16-at-10.25.11-4-1024x472.jpeg\" alt=\"\" class=\"wp-image-15473\" srcset=\"https:\/\/conadi.gob.gt\/web\/wp-content\/uploads\/2024\/05\/WhatsApp-Image-2024-05-16-at-10.25.11-4-1024x472.jpeg 1024w, https:\/\/conadi.gob.gt\/web\/wp-content\/uploads\/2024\/05\/WhatsApp-Image-2024-05-16-at-10.25.11-4-300x138.jpeg 300w, https:\/\/conadi.gob.gt\/web\/wp-content\/uploads\/2024\/05\/WhatsApp-Image-2024-05-16-at-10.25.11-4-768x354.jpeg 768w, https:\/\/conadi.gob.gt\/web\/wp-content\/uploads\/2024\/05\/WhatsApp-Image-2024-05-16-at-10.25.11-4.jpeg 1280w\" sizes=\"auto, (max-width: 1024px) 100vw, 1024px\" \/><\/figure>\n<\/div>\n<\/div>\n\n\n\n<p>En esta ocasi\u00f3n este encuentro se realiz\u00f3 en la ciudad de Montevideo, Uruguay.<\/p>\n<div class=\"pvc_clear\"><\/div><p id=\"pvc_stats_15464\" class=\"pvc_stats all  \" data-element-id=\"15464\" style=\"\"><i class=\"pvc-stats-icon medium\" aria-hidden=\"true\"><svg aria-hidden=\"true\" focusable=\"false\" data-prefix=\"far\" data-icon=\"chart-bar\" role=\"img\" xmlns=\"http:\/\/www.w3.org\/2000\/svg\" viewBox=\"0 0 512 512\" class=\"svg-inline--fa fa-chart-bar fa-w-16 fa-2x\"><path fill=\"currentColor\" d=\"M396.8 352h22.4c6.4 0 12.8-6.4 12.8-12.8V108.8c0-6.4-6.4-12.8-12.8-12.8h-22.4c-6.4 0-12.8 6.4-12.8 12.8v230.4c0 6.4 6.4 12.8 12.8 12.8zm-192 0h22.4c6.4 0 12.8-6.4 12.8-12.8V140.8c0-6.4-6.4-12.8-12.8-12.8h-22.4c-6.4 0-12.8 6.4-12.8 12.8v198.4c0 6.4 6.4 12.8 12.8 12.8zm96 0h22.4c6.4 0 12.8-6.4 12.8-12.8V204.8c0-6.4-6.4-12.8-12.8-12.8h-22.4c-6.4 0-12.8 6.4-12.8 12.8v134.4c0 6.4 6.4 12.8 12.8 12.8zM496 400H48V80c0-8.84-7.16-16-16-16H16C7.16 64 0 71.16 0 80v336c0 17.67 14.33 32 32 32h464c8.84 0 16-7.16 16-16v-16c0-8.84-7.16-16-16-16zm-387.2-48h22.4c6.4 0 12.8-6.4 12.8-12.8v-70.4c0-6.4-6.4-12.8-12.8-12.8h-22.4c-6.4 0-12.8 6.4-12.8 12.8v70.4c0 6.4 6.4 12.8 12.8 12.8z\" class=\"\"><\/path><\/svg><\/i> <img loading=\"lazy\" decoding=\"async\" width=\"16\" height=\"16\" alt=\"Loading\" src=\"https:\/\/conadi.gob.gt\/web\/wp-content\/plugins\/page-views-count\/ajax-loader-2x.gif\" border=0 \/><\/p><div class=\"pvc_clear\"><\/div>","protected":false},"excerpt":{"rendered":"<p>Clarivel Castillo, Presidenta del Consejo Nacional para la a Atenci\u00f3n de las Personas con Discapacidad (CONADI) y miembro del\u00a0 Consejo Intergubernamental del Programa Iberoamericano de Discapacidad (PID), particip\u00f3 en el encuentro de miembros de la Comisi\u00f3n Consultiva de Sociedad Civil de diferentes pa\u00edses, un espacio donde participan representantes de organizaciones regionales de personas con discapacidad. &hellip; <\/p>\n<p class=\"link-more\"><a href=\"https:\/\/conadi.gob.gt\/web\/encuentro-del-pid-en-montevideo-uruguay\/\" class=\"more-link\">Leer m\u00e1s<span class=\"screen-reader-text\"> \u00abENCUENTRO DEL PID EN MONTEVIDEO, URUGUAY\u00bb<\/span><\/a><\/p>\n<div class=\"pvc_clear\"><\/div>\n<p id=\"pvc_stats_15464\" class=\"pvc_stats all  \" data-element-id=\"15464\" style=\"\"><i class=\"pvc-stats-icon medium\" aria-hidden=\"true\"><svg aria-hidden=\"true\" focusable=\"false\" data-prefix=\"far\" data-icon=\"chart-bar\" role=\"img\" xmlns=\"http:\/\/www.w3.org\/2000\/svg\" viewBox=\"0 0 512 512\" class=\"svg-inline--fa fa-chart-bar fa-w-16 fa-2x\"><path fill=\"currentColor\" d=\"M396.8 352h22.4c6.4 0 12.8-6.4 12.8-12.8V108.8c0-6.4-6.4-12.8-12.8-12.8h-22.4c-6.4 0-12.8 6.4-12.8 12.8v230.4c0 6.4 6.4 12.8 12.8 12.8zm-192 0h22.4c6.4 0 12.8-6.4 12.8-12.8V140.8c0-6.4-6.4-12.8-12.8-12.8h-22.4c-6.4 0-12.8 6.4-12.8 12.8v198.4c0 6.4 6.4 12.8 12.8 12.8zm96 0h22.4c6.4 0 12.8-6.4 12.8-12.8V204.8c0-6.4-6.4-12.8-12.8-12.8h-22.4c-6.4 0-12.8 6.4-12.8 12.8v134.4c0 6.4 6.4 12.8 12.8 12.8zM496 400H48V80c0-8.84-7.16-16-16-16H16C7.16 64 0 71.16 0 80v336c0 17.67 14.33 32 32 32h464c8.84 0 16-7.16 16-16v-16c0-8.84-7.16-16-16-16zm-387.2-48h22.4c6.4 0 12.8-6.4 12.8-12.8v-70.4c0-6.4-6.4-12.8-12.8-12.8h-22.4c-6.4 0-12.8 6.4-12.8 12.8v70.4c0 6.4 6.4 12.8 12.8 12.8z\" class=\"\"><\/path><\/svg><\/i> <img loading=\"lazy\" decoding=\"async\" width=\"16\" height=\"16\" alt=\"Loading\" src=\"https:\/\/conadi.gob.gt\/web\/wp-content\/plugins\/page-views-count\/ajax-loader-2x.gif\" border=0 \/><\/p>\n<div class=\"pvc_clear\"><\/div>\n","protected":false},"author":12,"featured_media":15471,"comment_status":"closed","ping_status":"closed","sticky":false,"template":"","format":"standard","meta":{"footnotes":""},"categories":[3],"tags":[],"class_list":["post-15464","post","type-post","status-publish","format-standard","has-post-thumbnail","hentry","category-noticias"],"_links":{"self":[{"href":"https:\/\/conadi.gob.gt\/web\/wp-json\/wp\/v2\/posts\/15464","targetHints":{"allow":["GET"]}}],"collection":[{"href":"https:\/\/conadi.gob.gt\/web\/wp-json\/wp\/v2\/posts"}],"about":[{"href":"https:\/\/conadi.gob.gt\/web\/wp-json\/wp\/v2\/types\/post"}],"author":[{"embeddable":true,"href":"https:\/\/conadi.gob.gt\/web\/wp-json\/wp\/v2\/users\/12"}],"replies":[{"embeddable":true,"href":"https:\/\/conadi.gob.gt\/web\/wp-json\/wp\/v2\/comments?post=15464"}],"version-history":[{"count":6,"href":"https:\/\/conadi.gob.gt\/web\/wp-json\/wp\/v2\/posts\/15464\/revisions"}],"predecessor-version":[{"id":15481,"href":"https:\/\/conadi.gob.gt\/web\/wp-json\/wp\/v2\/posts\/15464\/revisions\/15481"}],"wp:featuredmedia":[{"embeddable":true,"href":"https:\/\/conadi.gob.gt\/web\/wp-json\/wp\/v2\/media\/15471"}],"wp:attachment":[{"href":"https:\/\/conadi.gob.gt\/web\/wp-json\/wp\/v2\/media?parent=15464"}],"wp:term":[{"taxonomy":"category","embeddable":true,"href":"https:\/\/conadi.gob.gt\/web\/wp-json\/wp\/v2\/categories?post=15464"},{"taxonomy":"post_tag","embeddable":true,"href":"https:\/\/conadi.gob.gt\/web\/wp-json\/wp\/v2\/tags?post=15464"}],"curies":[{"name":"wp","href":"https:\/\/api.w.org\/{rel}","templated":true}]}}