{"id":15588,"date":"2024-05-28T18:11:11","date_gmt":"2024-05-28T18:11:11","guid":{"rendered":"https:\/\/conadi.gob.gt\/web\/?p=15588"},"modified":"2024-05-29T14:50:23","modified_gmt":"2024-05-29T14:50:23","slug":"conadi-27-anos-construyendo-una-sociedad-inclusiva","status":"publish","type":"post","link":"https:\/\/conadi.gob.gt\/web\/conadi-27-anos-construyendo-una-sociedad-inclusiva\/","title":{"rendered":"CONADI, 27 A\u00d1OS CONSTRUYENDO UNA SOCIEDAD INCLUSIVA"},"content":{"rendered":"\n<p>El Consejo Nacional para la Atenci\u00f3n de las Personas con Discapacidad (CONADI) en conmemoraci\u00f3n a su vig\u00e9simo s\u00e9ptimo aniversario realiz\u00f3 Conferencia de Prensa en el departamento de Suchitep\u00e9quez, bajo el lema \u00abConstruyendo una Sociedad Inclusiva\u00bb. El evento, de suma relevancia para el impulso de pol\u00edticas inclusivas en Guatemala, se centr\u00f3 en la promoci\u00f3n del Decreto 6-2024, Ley de Certificaci\u00f3n Biopsicosocial de las Personas con Discapacidad.<\/p>\n\n\n\n<figure class=\"wp-block-image size-large\"><img loading=\"lazy\" decoding=\"async\" width=\"1024\" height=\"682\" src=\"https:\/\/conadi.gob.gt\/web\/wp-content\/uploads\/2024\/05\/WhatsApp-Image-2024-05-28-at-12.07.15-1-1024x682.jpeg\" alt=\"\" class=\"wp-image-15589\" srcset=\"https:\/\/conadi.gob.gt\/web\/wp-content\/uploads\/2024\/05\/WhatsApp-Image-2024-05-28-at-12.07.15-1-1024x682.jpeg 1024w, https:\/\/conadi.gob.gt\/web\/wp-content\/uploads\/2024\/05\/WhatsApp-Image-2024-05-28-at-12.07.15-1-300x200.jpeg 300w, https:\/\/conadi.gob.gt\/web\/wp-content\/uploads\/2024\/05\/WhatsApp-Image-2024-05-28-at-12.07.15-1-768x512.jpeg 768w, https:\/\/conadi.gob.gt\/web\/wp-content\/uploads\/2024\/05\/WhatsApp-Image-2024-05-28-at-12.07.15-1-1536x1023.jpeg 1536w, https:\/\/conadi.gob.gt\/web\/wp-content\/uploads\/2024\/05\/WhatsApp-Image-2024-05-28-at-12.07.15-1.jpeg 1600w\" sizes=\"auto, (max-width: 1024px) 100vw, 1024px\" \/><\/figure>\n\n\n\n<p>La conferencia tuvo lugar el 27 de mayo de 2024 en el Sal\u00f3n de Honor de la Gobernaci\u00f3n Departamental de Suchitep\u00e9quez. Coordinada por el equipo de Comunicaci\u00f3n y Relaciones P\u00fablicas del CONADI, con el apoyo de la Delegada Departamental, la actividad reuni\u00f3 a diversos medios de comunicaci\u00f3n departamentales, quienes son actores clave en el \u00e1mbito de la promoci\u00f3n de los derechos de las personas con discapacidad en Guatemala.<\/p>\n\n\n\n<div class=\"wp-block-columns is-layout-flex wp-container-core-columns-is-layout-28f84493 wp-block-columns-is-layout-flex\">\n<div class=\"wp-block-column is-layout-flow wp-block-column-is-layout-flow\">\n<figure class=\"wp-block-image size-large\"><img loading=\"lazy\" decoding=\"async\" width=\"1024\" height=\"682\" src=\"https:\/\/conadi.gob.gt\/web\/wp-content\/uploads\/2024\/05\/WhatsApp-Image-2024-05-28-at-12.07.16-3-1024x682.jpeg\" alt=\"\" class=\"wp-image-15590\" srcset=\"https:\/\/conadi.gob.gt\/web\/wp-content\/uploads\/2024\/05\/WhatsApp-Image-2024-05-28-at-12.07.16-3-1024x682.jpeg 1024w, https:\/\/conadi.gob.gt\/web\/wp-content\/uploads\/2024\/05\/WhatsApp-Image-2024-05-28-at-12.07.16-3-300x200.jpeg 300w, https:\/\/conadi.gob.gt\/web\/wp-content\/uploads\/2024\/05\/WhatsApp-Image-2024-05-28-at-12.07.16-3-768x512.jpeg 768w, https:\/\/conadi.gob.gt\/web\/wp-content\/uploads\/2024\/05\/WhatsApp-Image-2024-05-28-at-12.07.16-3-1536x1023.jpeg 1536w, https:\/\/conadi.gob.gt\/web\/wp-content\/uploads\/2024\/05\/WhatsApp-Image-2024-05-28-at-12.07.16-3.jpeg 1600w\" sizes=\"auto, (max-width: 1024px) 100vw, 1024px\" \/><\/figure>\n<\/div>\n\n\n\n<div class=\"wp-block-column is-layout-flow wp-block-column-is-layout-flow\">\n<figure class=\"wp-block-image size-large\"><img loading=\"lazy\" decoding=\"async\" width=\"1024\" height=\"682\" src=\"https:\/\/conadi.gob.gt\/web\/wp-content\/uploads\/2024\/05\/WhatsApp-Image-2024-05-28-at-12.07.16-1024x682.jpeg\" alt=\"\" class=\"wp-image-15591\" srcset=\"https:\/\/conadi.gob.gt\/web\/wp-content\/uploads\/2024\/05\/WhatsApp-Image-2024-05-28-at-12.07.16-1024x682.jpeg 1024w, https:\/\/conadi.gob.gt\/web\/wp-content\/uploads\/2024\/05\/WhatsApp-Image-2024-05-28-at-12.07.16-300x200.jpeg 300w, https:\/\/conadi.gob.gt\/web\/wp-content\/uploads\/2024\/05\/WhatsApp-Image-2024-05-28-at-12.07.16-768x512.jpeg 768w, https:\/\/conadi.gob.gt\/web\/wp-content\/uploads\/2024\/05\/WhatsApp-Image-2024-05-28-at-12.07.16-1536x1023.jpeg 1536w, https:\/\/conadi.gob.gt\/web\/wp-content\/uploads\/2024\/05\/WhatsApp-Image-2024-05-28-at-12.07.16.jpeg 1600w\" sizes=\"auto, (max-width: 1024px) 100vw, 1024px\" \/><\/figure>\n<\/div>\n\n\n\n<div class=\"wp-block-column is-layout-flow wp-block-column-is-layout-flow\">\n<figure class=\"wp-block-image size-large\"><img loading=\"lazy\" decoding=\"async\" width=\"1024\" height=\"682\" src=\"https:\/\/conadi.gob.gt\/web\/wp-content\/uploads\/2024\/05\/WhatsApp-Image-2024-05-28-at-12.07.16-5-1024x682.jpeg\" alt=\"\" class=\"wp-image-15592\" srcset=\"https:\/\/conadi.gob.gt\/web\/wp-content\/uploads\/2024\/05\/WhatsApp-Image-2024-05-28-at-12.07.16-5-1024x682.jpeg 1024w, https:\/\/conadi.gob.gt\/web\/wp-content\/uploads\/2024\/05\/WhatsApp-Image-2024-05-28-at-12.07.16-5-300x200.jpeg 300w, https:\/\/conadi.gob.gt\/web\/wp-content\/uploads\/2024\/05\/WhatsApp-Image-2024-05-28-at-12.07.16-5-768x512.jpeg 768w, https:\/\/conadi.gob.gt\/web\/wp-content\/uploads\/2024\/05\/WhatsApp-Image-2024-05-28-at-12.07.16-5-1536x1023.jpeg 1536w, https:\/\/conadi.gob.gt\/web\/wp-content\/uploads\/2024\/05\/WhatsApp-Image-2024-05-28-at-12.07.16-5.jpeg 1600w\" sizes=\"auto, (max-width: 1024px) 100vw, 1024px\" \/><\/figure>\n<\/div>\n<\/div>\n\n\n\n<p>Entre los participantes m\u00e1s destacados, se cont\u00f3 con la presencia del se\u00f1or diputado Gerson Barrag\u00e1n, la se\u00f1ora Aura Marina Enr\u00edquez, gobernadora departamental, y Dubiela D\u00e1vila en representaci\u00f3n del diputado Vasny Maldonado, quienes ofrecieron una reflexi\u00f3n sobre los compromisos del Estado para garantizar los derechos de las personas con discapacidad, adem\u00e1s, brindaron su valioso respaldo y aportes a la actividad.<\/p>\n\n\n\n<div class=\"wp-block-columns is-layout-flex wp-container-core-columns-is-layout-28f84493 wp-block-columns-is-layout-flex\">\n<div class=\"wp-block-column is-layout-flow wp-block-column-is-layout-flow\">\n<figure class=\"wp-block-image size-large\"><img loading=\"lazy\" decoding=\"async\" width=\"1024\" height=\"682\" src=\"https:\/\/conadi.gob.gt\/web\/wp-content\/uploads\/2024\/05\/WhatsApp-Image-2024-05-28-at-12.07.15-1024x682.jpeg\" alt=\"\" class=\"wp-image-15593\" srcset=\"https:\/\/conadi.gob.gt\/web\/wp-content\/uploads\/2024\/05\/WhatsApp-Image-2024-05-28-at-12.07.15-1024x682.jpeg 1024w, https:\/\/conadi.gob.gt\/web\/wp-content\/uploads\/2024\/05\/WhatsApp-Image-2024-05-28-at-12.07.15-300x200.jpeg 300w, https:\/\/conadi.gob.gt\/web\/wp-content\/uploads\/2024\/05\/WhatsApp-Image-2024-05-28-at-12.07.15-768x512.jpeg 768w, https:\/\/conadi.gob.gt\/web\/wp-content\/uploads\/2024\/05\/WhatsApp-Image-2024-05-28-at-12.07.15-1536x1023.jpeg 1536w, https:\/\/conadi.gob.gt\/web\/wp-content\/uploads\/2024\/05\/WhatsApp-Image-2024-05-28-at-12.07.15.jpeg 1600w\" sizes=\"auto, (max-width: 1024px) 100vw, 1024px\" \/><\/figure>\n<\/div>\n\n\n\n<div class=\"wp-block-column is-layout-flow wp-block-column-is-layout-flow\">\n<figure class=\"wp-block-image size-large\"><img loading=\"lazy\" decoding=\"async\" width=\"1024\" height=\"682\" src=\"https:\/\/conadi.gob.gt\/web\/wp-content\/uploads\/2024\/05\/WhatsApp-Image-2024-05-28-at-12.07.16-1-1024x682.jpeg\" alt=\"\" class=\"wp-image-15594\" srcset=\"https:\/\/conadi.gob.gt\/web\/wp-content\/uploads\/2024\/05\/WhatsApp-Image-2024-05-28-at-12.07.16-1-1024x682.jpeg 1024w, https:\/\/conadi.gob.gt\/web\/wp-content\/uploads\/2024\/05\/WhatsApp-Image-2024-05-28-at-12.07.16-1-300x200.jpeg 300w, https:\/\/conadi.gob.gt\/web\/wp-content\/uploads\/2024\/05\/WhatsApp-Image-2024-05-28-at-12.07.16-1-768x512.jpeg 768w, https:\/\/conadi.gob.gt\/web\/wp-content\/uploads\/2024\/05\/WhatsApp-Image-2024-05-28-at-12.07.16-1-1536x1023.jpeg 1536w, https:\/\/conadi.gob.gt\/web\/wp-content\/uploads\/2024\/05\/WhatsApp-Image-2024-05-28-at-12.07.16-1.jpeg 1600w\" sizes=\"auto, (max-width: 1024px) 100vw, 1024px\" \/><\/figure>\n<\/div>\n\n\n\n<div class=\"wp-block-column is-layout-flow wp-block-column-is-layout-flow\">\n<figure class=\"wp-block-image size-large\"><img loading=\"lazy\" decoding=\"async\" width=\"1024\" height=\"682\" src=\"https:\/\/conadi.gob.gt\/web\/wp-content\/uploads\/2024\/05\/WhatsApp-Image-2024-05-28-at-12.07.16-2-1024x682.jpeg\" alt=\"\" class=\"wp-image-15595\" srcset=\"https:\/\/conadi.gob.gt\/web\/wp-content\/uploads\/2024\/05\/WhatsApp-Image-2024-05-28-at-12.07.16-2-1024x682.jpeg 1024w, https:\/\/conadi.gob.gt\/web\/wp-content\/uploads\/2024\/05\/WhatsApp-Image-2024-05-28-at-12.07.16-2-300x200.jpeg 300w, https:\/\/conadi.gob.gt\/web\/wp-content\/uploads\/2024\/05\/WhatsApp-Image-2024-05-28-at-12.07.16-2-768x512.jpeg 768w, https:\/\/conadi.gob.gt\/web\/wp-content\/uploads\/2024\/05\/WhatsApp-Image-2024-05-28-at-12.07.16-2-1536x1023.jpeg 1536w, https:\/\/conadi.gob.gt\/web\/wp-content\/uploads\/2024\/05\/WhatsApp-Image-2024-05-28-at-12.07.16-2.jpeg 1600w\" sizes=\"auto, (max-width: 1024px) 100vw, 1024px\" \/><\/figure>\n<\/div>\n<\/div>\n\n\n\n<p>El mensaje institucional de cierre estuvo a cargo de Clarivel Castillo, presidenta del CONADI, quien subray\u00f3 la importancia de promover una sociedad m\u00e1s inclusiva y justa para todos los guatemaltecos y que esta actividad representa un paso crucial en el camino hacia una Guatemala donde se reconozca y respete plenamente la diversidad y los derechos de las personas con discapacidad. El CONADI reafirma su compromiso continuo de trabajar en colaboraci\u00f3n con diversos sectores para garantizar la plena inclusi\u00f3n y participaci\u00f3n de todas las personas.<\/p>\n\n\n\n<div class=\"wp-block-columns is-layout-flex wp-container-core-columns-is-layout-28f84493 wp-block-columns-is-layout-flex\">\n<div class=\"wp-block-column is-layout-flow wp-block-column-is-layout-flow\">\n<figure class=\"wp-block-image size-large\"><img loading=\"lazy\" decoding=\"async\" width=\"1024\" height=\"682\" src=\"https:\/\/conadi.gob.gt\/web\/wp-content\/uploads\/2024\/05\/WhatsApp-Image-2024-05-28-at-12.07.16-4-1024x682.jpeg\" alt=\"\" class=\"wp-image-15596\" srcset=\"https:\/\/conadi.gob.gt\/web\/wp-content\/uploads\/2024\/05\/WhatsApp-Image-2024-05-28-at-12.07.16-4-1024x682.jpeg 1024w, https:\/\/conadi.gob.gt\/web\/wp-content\/uploads\/2024\/05\/WhatsApp-Image-2024-05-28-at-12.07.16-4-300x200.jpeg 300w, https:\/\/conadi.gob.gt\/web\/wp-content\/uploads\/2024\/05\/WhatsApp-Image-2024-05-28-at-12.07.16-4-768x512.jpeg 768w, https:\/\/conadi.gob.gt\/web\/wp-content\/uploads\/2024\/05\/WhatsApp-Image-2024-05-28-at-12.07.16-4-1536x1023.jpeg 1536w, https:\/\/conadi.gob.gt\/web\/wp-content\/uploads\/2024\/05\/WhatsApp-Image-2024-05-28-at-12.07.16-4.jpeg 1600w\" sizes=\"auto, (max-width: 1024px) 100vw, 1024px\" \/><\/figure>\n<\/div>\n\n\n\n<div class=\"wp-block-column is-layout-flow wp-block-column-is-layout-flow\">\n<figure class=\"wp-block-image size-large\"><img loading=\"lazy\" decoding=\"async\" width=\"1024\" height=\"682\" src=\"https:\/\/conadi.gob.gt\/web\/wp-content\/uploads\/2024\/05\/WhatsApp-Image-2024-05-28-at-12.07.17-1024x682.jpeg\" alt=\"\" class=\"wp-image-15597\" srcset=\"https:\/\/conadi.gob.gt\/web\/wp-content\/uploads\/2024\/05\/WhatsApp-Image-2024-05-28-at-12.07.17-1024x682.jpeg 1024w, https:\/\/conadi.gob.gt\/web\/wp-content\/uploads\/2024\/05\/WhatsApp-Image-2024-05-28-at-12.07.17-300x200.jpeg 300w, https:\/\/conadi.gob.gt\/web\/wp-content\/uploads\/2024\/05\/WhatsApp-Image-2024-05-28-at-12.07.17-768x512.jpeg 768w, https:\/\/conadi.gob.gt\/web\/wp-content\/uploads\/2024\/05\/WhatsApp-Image-2024-05-28-at-12.07.17-1536x1023.jpeg 1536w, https:\/\/conadi.gob.gt\/web\/wp-content\/uploads\/2024\/05\/WhatsApp-Image-2024-05-28-at-12.07.17.jpeg 1600w\" sizes=\"auto, (max-width: 1024px) 100vw, 1024px\" \/><\/figure>\n<\/div>\n\n\n\n<div class=\"wp-block-column is-layout-flow wp-block-column-is-layout-flow\">\n<figure class=\"wp-block-image size-large\"><img loading=\"lazy\" decoding=\"async\" width=\"1024\" height=\"682\" src=\"https:\/\/conadi.gob.gt\/web\/wp-content\/uploads\/2024\/05\/WhatsApp-Image-2024-05-28-at-12.07.17-2-1024x682.jpeg\" alt=\"\" class=\"wp-image-15598\" srcset=\"https:\/\/conadi.gob.gt\/web\/wp-content\/uploads\/2024\/05\/WhatsApp-Image-2024-05-28-at-12.07.17-2-1024x682.jpeg 1024w, https:\/\/conadi.gob.gt\/web\/wp-content\/uploads\/2024\/05\/WhatsApp-Image-2024-05-28-at-12.07.17-2-300x200.jpeg 300w, https:\/\/conadi.gob.gt\/web\/wp-content\/uploads\/2024\/05\/WhatsApp-Image-2024-05-28-at-12.07.17-2-768x512.jpeg 768w, https:\/\/conadi.gob.gt\/web\/wp-content\/uploads\/2024\/05\/WhatsApp-Image-2024-05-28-at-12.07.17-2-1536x1023.jpeg 1536w, https:\/\/conadi.gob.gt\/web\/wp-content\/uploads\/2024\/05\/WhatsApp-Image-2024-05-28-at-12.07.17-2.jpeg 1600w\" sizes=\"auto, (max-width: 1024px) 100vw, 1024px\" \/><\/figure>\n<\/div>\n<\/div>\n","protected":false},"excerpt":{"rendered":"<p>El Consejo Nacional para la Atenci\u00f3n de las Personas con Discapacidad (CONADI) en conmemoraci\u00f3n a su vig\u00e9simo s\u00e9ptimo aniversario realiz\u00f3 Conferencia de Prensa en el departamento de Suchitep\u00e9quez, bajo el lema \u00abConstruyendo una Sociedad Inclusiva\u00bb. El evento, de suma relevancia para el impulso de pol\u00edticas inclusivas en Guatemala, se centr\u00f3 en la promoci\u00f3n del Decreto &hellip; <\/p>\n<p class=\"link-more\"><a href=\"https:\/\/conadi.gob.gt\/web\/conadi-27-anos-construyendo-una-sociedad-inclusiva\/\" class=\"more-link\">Leer m\u00e1s<span class=\"screen-reader-text\"> \u00abCONADI, 27 A\u00d1OS CONSTRUYENDO UNA SOCIEDAD INCLUSIVA\u00bb<\/span><\/a><\/p>\n","protected":false},"author":12,"featured_media":15590,"comment_status":"closed","ping_status":"closed","sticky":false,"template":"","format":"standard","meta":{"footnotes":""},"categories":[3],"tags":[],"class_list":["post-15588","post","type-post","status-publish","format-standard","has-post-thumbnail","hentry","category-noticias"],"_links":{"self":[{"href":"https:\/\/conadi.gob.gt\/web\/wp-json\/wp\/v2\/posts\/15588","targetHints":{"allow":["GET"]}}],"collection":[{"href":"https:\/\/conadi.gob.gt\/web\/wp-json\/wp\/v2\/posts"}],"about":[{"href":"https:\/\/conadi.gob.gt\/web\/wp-json\/wp\/v2\/types\/post"}],"author":[{"embeddable":true,"href":"https:\/\/conadi.gob.gt\/web\/wp-json\/wp\/v2\/users\/12"}],"replies":[{"embeddable":true,"href":"https:\/\/conadi.gob.gt\/web\/wp-json\/wp\/v2\/comments?post=15588"}],"version-history":[{"count":2,"href":"https:\/\/conadi.gob.gt\/web\/wp-json\/wp\/v2\/posts\/15588\/revisions"}],"predecessor-version":[{"id":15603,"href":"https:\/\/conadi.gob.gt\/web\/wp-json\/wp\/v2\/posts\/15588\/revisions\/15603"}],"wp:featuredmedia":[{"embeddable":true,"href":"https:\/\/conadi.gob.gt\/web\/wp-json\/wp\/v2\/media\/15590"}],"wp:attachment":[{"href":"https:\/\/conadi.gob.gt\/web\/wp-json\/wp\/v2\/media?parent=15588"}],"wp:term":[{"taxonomy":"category","embeddable":true,"href":"https:\/\/conadi.gob.gt\/web\/wp-json\/wp\/v2\/categories?post=15588"},{"taxonomy":"post_tag","embeddable":true,"href":"https:\/\/conadi.gob.gt\/web\/wp-json\/wp\/v2\/tags?post=15588"}],"curies":[{"name":"wp","href":"https:\/\/api.w.org\/{rel}","templated":true}]}}