{"id":15607,"date":"2024-05-30T21:20:45","date_gmt":"2024-05-30T21:20:45","guid":{"rendered":"https:\/\/conadi.gob.gt\/web\/?p=15607"},"modified":"2024-05-30T21:22:59","modified_gmt":"2024-05-30T21:22:59","slug":"nada-sobre-nosotros-sin-nosotros","status":"publish","type":"post","link":"https:\/\/conadi.gob.gt\/web\/nada-sobre-nosotros-sin-nosotros\/","title":{"rendered":"\u201cNADA SOBRE NOSOTROS, SIN NOSOTROS\u201d"},"content":{"rendered":"\n<p>El Consejo Nacional para la Atenci\u00f3n de las Personas con Discapacidad (CONADI),\u00a0en el marco de sus 27 a\u00f1os de vida institucional desarroll\u00f3 la capacitaci\u00f3n Fomento en el desarrollo integral de las personas con discapacidad con un enfoque de Desarrollo Humano,\u00a0\u201cNada sobre Nosotros, sin Nosotros\u201d, dirigida a los delegados de las organizaciones de y para personas con discapacidad que conforman el Consejo.<\/p>\n\n\n\n<figure class=\"wp-block-image size-large\"><img loading=\"lazy\" decoding=\"async\" width=\"1024\" height=\"683\" src=\"https:\/\/conadi.gob.gt\/web\/wp-content\/uploads\/2024\/05\/IMG_8230-1024x683.jpg\" alt=\"\" class=\"wp-image-15608\" srcset=\"https:\/\/conadi.gob.gt\/web\/wp-content\/uploads\/2024\/05\/IMG_8230-1024x683.jpg 1024w, https:\/\/conadi.gob.gt\/web\/wp-content\/uploads\/2024\/05\/IMG_8230-300x200.jpg 300w, https:\/\/conadi.gob.gt\/web\/wp-content\/uploads\/2024\/05\/IMG_8230-768x512.jpg 768w, https:\/\/conadi.gob.gt\/web\/wp-content\/uploads\/2024\/05\/IMG_8230-1536x1024.jpg 1536w, https:\/\/conadi.gob.gt\/web\/wp-content\/uploads\/2024\/05\/IMG_8230-2048x1365.jpg 2048w, https:\/\/conadi.gob.gt\/web\/wp-content\/uploads\/2024\/05\/IMG_8230-scaled-2000x1334.jpg 2000w\" sizes=\"auto, (max-width: 1024px) 100vw, 1024px\" \/><\/figure>\n\n\n\n<p>Clarivel Castillo, presidenta del CONADI, en su mensaje institucional &nbsp;resalto la importancia de este tipo de actividades, exhortando a los participantes a replicar la informaci\u00f3n de los temas tratados, con sus organizaciones e instituciones para lograr un &nbsp;trabajo en conjunto con el Consejo y as\u00ed darle cumplimiento a la participaci\u00f3n plena y efectiva de la poblaci\u00f3n con discapacidad de Guatemala. Adem\u00e1s, se\u00f1al\u00f3 los avances obtenidos en su gesti\u00f3n al frente de la Instituci\u00f3n y externo una felicitaci\u00f3n a los presentes por el vig\u00e9simo s\u00e9ptimo aniversario de vida institucional.<\/p>\n\n\n\n<div class=\"wp-block-columns is-layout-flex wp-container-core-columns-is-layout-28f84493 wp-block-columns-is-layout-flex\">\n<div class=\"wp-block-column is-layout-flow wp-block-column-is-layout-flow\">\n<figure class=\"wp-block-image size-large\"><img loading=\"lazy\" decoding=\"async\" width=\"1024\" height=\"683\" src=\"https:\/\/conadi.gob.gt\/web\/wp-content\/uploads\/2024\/05\/IMG_8377-1024x683.jpg\" alt=\"\" class=\"wp-image-15609\" srcset=\"https:\/\/conadi.gob.gt\/web\/wp-content\/uploads\/2024\/05\/IMG_8377-1024x683.jpg 1024w, https:\/\/conadi.gob.gt\/web\/wp-content\/uploads\/2024\/05\/IMG_8377-300x200.jpg 300w, https:\/\/conadi.gob.gt\/web\/wp-content\/uploads\/2024\/05\/IMG_8377-768x512.jpg 768w, https:\/\/conadi.gob.gt\/web\/wp-content\/uploads\/2024\/05\/IMG_8377-1536x1024.jpg 1536w, https:\/\/conadi.gob.gt\/web\/wp-content\/uploads\/2024\/05\/IMG_8377-2048x1365.jpg 2048w\" sizes=\"auto, (max-width: 1024px) 100vw, 1024px\" \/><\/figure>\n<\/div>\n\n\n\n<div class=\"wp-block-column is-layout-flow wp-block-column-is-layout-flow\">\n<figure class=\"wp-block-image size-large\"><img loading=\"lazy\" decoding=\"async\" width=\"1024\" height=\"683\" src=\"https:\/\/conadi.gob.gt\/web\/wp-content\/uploads\/2024\/05\/IMG_8373-1024x683.jpg\" alt=\"\" class=\"wp-image-15610\" srcset=\"https:\/\/conadi.gob.gt\/web\/wp-content\/uploads\/2024\/05\/IMG_8373-1024x683.jpg 1024w, https:\/\/conadi.gob.gt\/web\/wp-content\/uploads\/2024\/05\/IMG_8373-300x200.jpg 300w, https:\/\/conadi.gob.gt\/web\/wp-content\/uploads\/2024\/05\/IMG_8373-768x512.jpg 768w, https:\/\/conadi.gob.gt\/web\/wp-content\/uploads\/2024\/05\/IMG_8373-1536x1024.jpg 1536w, https:\/\/conadi.gob.gt\/web\/wp-content\/uploads\/2024\/05\/IMG_8373-2048x1365.jpg 2048w\" sizes=\"auto, (max-width: 1024px) 100vw, 1024px\" \/><\/figure>\n<\/div>\n\n\n\n<div class=\"wp-block-column is-layout-flow wp-block-column-is-layout-flow\">\n<figure class=\"wp-block-image size-large\"><img loading=\"lazy\" decoding=\"async\" width=\"1024\" height=\"683\" src=\"https:\/\/conadi.gob.gt\/web\/wp-content\/uploads\/2024\/05\/IMG_8381-1024x683.jpg\" alt=\"\" class=\"wp-image-15612\" srcset=\"https:\/\/conadi.gob.gt\/web\/wp-content\/uploads\/2024\/05\/IMG_8381-1024x683.jpg 1024w, https:\/\/conadi.gob.gt\/web\/wp-content\/uploads\/2024\/05\/IMG_8381-300x200.jpg 300w, https:\/\/conadi.gob.gt\/web\/wp-content\/uploads\/2024\/05\/IMG_8381-768x512.jpg 768w, https:\/\/conadi.gob.gt\/web\/wp-content\/uploads\/2024\/05\/IMG_8381-1536x1024.jpg 1536w, https:\/\/conadi.gob.gt\/web\/wp-content\/uploads\/2024\/05\/IMG_8381-2048x1365.jpg 2048w\" sizes=\"auto, (max-width: 1024px) 100vw, 1024px\" \/><\/figure>\n<\/div>\n<\/div>\n\n\n\n<p>Dentro de las ponencias se cont\u00f3 con la participaci\u00f3n de David Winter, jefe del departamento de Fortalecimiento y Fomento de la Participaci\u00f3n Ciudadana, quien abord\u00f3 el tema principal: Fomento en el desarrollo integral de las personas con discapacidad con un enfoque de Desarrollo Humano, mencionando que el CONADI dentro de sus actividades promueve la participaci\u00f3n efectiva de la poblaci\u00f3n con discapacidad en todo \u00e1mbito.<\/p>\n\n\n\n<p>Gloria Serrano, representante&nbsp; del Ministerio de Salud P\u00fablica y Asistencia Social (MSPA), desarrollo el tema Antecedentes de la Certificaci\u00f3n: Decreto 6-2024 del Congreso de la Rep\u00fablica de Guatemala Ley de Certificaci\u00f3n Biopsicosocial de las Personas con Discapacidad, socializando cuales son los avances y la ruta de trabajo del Sistema Nacional de Certificaci\u00f3n de las Personas con Discapacidad.<\/p>\n\n\n\n<div class=\"wp-block-columns is-layout-flex wp-container-core-columns-is-layout-28f84493 wp-block-columns-is-layout-flex\">\n<div class=\"wp-block-column is-layout-flow wp-block-column-is-layout-flow\">\n<figure class=\"wp-block-image size-large\"><img loading=\"lazy\" decoding=\"async\" width=\"1024\" height=\"683\" src=\"https:\/\/conadi.gob.gt\/web\/wp-content\/uploads\/2024\/05\/IMG_8245-1024x683.jpg\" alt=\"\" class=\"wp-image-15614\" srcset=\"https:\/\/conadi.gob.gt\/web\/wp-content\/uploads\/2024\/05\/IMG_8245-1024x683.jpg 1024w, https:\/\/conadi.gob.gt\/web\/wp-content\/uploads\/2024\/05\/IMG_8245-300x200.jpg 300w, https:\/\/conadi.gob.gt\/web\/wp-content\/uploads\/2024\/05\/IMG_8245-768x512.jpg 768w, https:\/\/conadi.gob.gt\/web\/wp-content\/uploads\/2024\/05\/IMG_8245-1536x1024.jpg 1536w, https:\/\/conadi.gob.gt\/web\/wp-content\/uploads\/2024\/05\/IMG_8245-2048x1365.jpg 2048w\" sizes=\"auto, (max-width: 1024px) 100vw, 1024px\" \/><\/figure>\n<\/div>\n\n\n\n<div class=\"wp-block-column is-layout-flow wp-block-column-is-layout-flow\">\n<figure class=\"wp-block-image size-large\"><img loading=\"lazy\" decoding=\"async\" width=\"1024\" height=\"683\" src=\"https:\/\/conadi.gob.gt\/web\/wp-content\/uploads\/2024\/05\/IMG_8274-1024x683.jpg\" alt=\"\" class=\"wp-image-15611\" srcset=\"https:\/\/conadi.gob.gt\/web\/wp-content\/uploads\/2024\/05\/IMG_8274-1024x683.jpg 1024w, https:\/\/conadi.gob.gt\/web\/wp-content\/uploads\/2024\/05\/IMG_8274-300x200.jpg 300w, https:\/\/conadi.gob.gt\/web\/wp-content\/uploads\/2024\/05\/IMG_8274-768x512.jpg 768w, https:\/\/conadi.gob.gt\/web\/wp-content\/uploads\/2024\/05\/IMG_8274-1536x1024.jpg 1536w, https:\/\/conadi.gob.gt\/web\/wp-content\/uploads\/2024\/05\/IMG_8274-2048x1365.jpg 2048w\" sizes=\"auto, (max-width: 1024px) 100vw, 1024px\" \/><\/figure>\n<\/div>\n<\/div>\n\n\n\n<p>Desde Ecuador, Bryan Ben\u00edtez, del Consejo Nacional para la Igualdad de Discapacidades (CONADIS), realiz\u00f3 un intercambio de experiencias sobre c\u00f3mo se desarroll\u00f3 el proceso de la Certificaci\u00f3n de Discapacidad en su pa\u00eds, indicando que el CONADIS, continua con la actualizaci\u00f3n, adaptaci\u00f3n de leyes para una participaci\u00f3n plena y efectiva de la poblaci\u00f3n ecuatoriana con discapacidad.<\/p>\n\n\n\n<p>Para finalizar la jornada de capacitaci\u00f3n, Maite \u00c1vila y Ronald Galindo de la direcci\u00f3n jur\u00eddica del CONADI, dieron a conocer la Ley de Certificaci\u00f3n Biopsicosocial de las Personas con Discapacidad Decreto 6-2024 y su Reforma Decreto 10-2024, desarrollando un dialogo con los asistentes a la actividad para la aprobaci\u00f3n de los avances &nbsp;en la creaci\u00f3n del reglamento de referida Ley.<\/p>\n\n\n\n<div class=\"wp-block-columns is-layout-flex wp-container-core-columns-is-layout-28f84493 wp-block-columns-is-layout-flex\">\n<div class=\"wp-block-column is-layout-flow wp-block-column-is-layout-flow\">\n<figure class=\"wp-block-image size-large\"><img loading=\"lazy\" decoding=\"async\" width=\"1024\" height=\"683\" src=\"https:\/\/conadi.gob.gt\/web\/wp-content\/uploads\/2024\/05\/IMG_8229-1024x683.jpg\" alt=\"\" class=\"wp-image-15616\" srcset=\"https:\/\/conadi.gob.gt\/web\/wp-content\/uploads\/2024\/05\/IMG_8229-1024x683.jpg 1024w, https:\/\/conadi.gob.gt\/web\/wp-content\/uploads\/2024\/05\/IMG_8229-300x200.jpg 300w, https:\/\/conadi.gob.gt\/web\/wp-content\/uploads\/2024\/05\/IMG_8229-768x512.jpg 768w, https:\/\/conadi.gob.gt\/web\/wp-content\/uploads\/2024\/05\/IMG_8229-1536x1024.jpg 1536w, https:\/\/conadi.gob.gt\/web\/wp-content\/uploads\/2024\/05\/IMG_8229-2048x1365.jpg 2048w\" sizes=\"auto, (max-width: 1024px) 100vw, 1024px\" \/><\/figure>\n<\/div>\n\n\n\n<div class=\"wp-block-column is-layout-flow wp-block-column-is-layout-flow\">\n<figure class=\"wp-block-image size-large\"><img loading=\"lazy\" decoding=\"async\" width=\"1024\" height=\"683\" src=\"https:\/\/conadi.gob.gt\/web\/wp-content\/uploads\/2024\/05\/IMG_8276-1024x683.jpg\" alt=\"\" class=\"wp-image-15618\" srcset=\"https:\/\/conadi.gob.gt\/web\/wp-content\/uploads\/2024\/05\/IMG_8276-1024x683.jpg 1024w, https:\/\/conadi.gob.gt\/web\/wp-content\/uploads\/2024\/05\/IMG_8276-300x200.jpg 300w, https:\/\/conadi.gob.gt\/web\/wp-content\/uploads\/2024\/05\/IMG_8276-768x512.jpg 768w, https:\/\/conadi.gob.gt\/web\/wp-content\/uploads\/2024\/05\/IMG_8276-1536x1024.jpg 1536w, https:\/\/conadi.gob.gt\/web\/wp-content\/uploads\/2024\/05\/IMG_8276-2048x1365.jpg 2048w\" sizes=\"auto, (max-width: 1024px) 100vw, 1024px\" \/><\/figure>\n<\/div>\n<\/div>\n\n\n\n<div class=\"wp-block-columns is-layout-flex wp-container-core-columns-is-layout-28f84493 wp-block-columns-is-layout-flex\">\n<div class=\"wp-block-column is-layout-flow wp-block-column-is-layout-flow\">\n<figure class=\"wp-block-image size-large\"><img loading=\"lazy\" decoding=\"async\" width=\"1024\" height=\"683\" src=\"https:\/\/conadi.gob.gt\/web\/wp-content\/uploads\/2024\/05\/IMG_8308-1024x683.jpg\" alt=\"\" class=\"wp-image-15613\" srcset=\"https:\/\/conadi.gob.gt\/web\/wp-content\/uploads\/2024\/05\/IMG_8308-1024x683.jpg 1024w, https:\/\/conadi.gob.gt\/web\/wp-content\/uploads\/2024\/05\/IMG_8308-300x200.jpg 300w, https:\/\/conadi.gob.gt\/web\/wp-content\/uploads\/2024\/05\/IMG_8308-768x512.jpg 768w, https:\/\/conadi.gob.gt\/web\/wp-content\/uploads\/2024\/05\/IMG_8308-1536x1024.jpg 1536w, https:\/\/conadi.gob.gt\/web\/wp-content\/uploads\/2024\/05\/IMG_8308-2048x1365.jpg 2048w, https:\/\/conadi.gob.gt\/web\/wp-content\/uploads\/2024\/05\/IMG_8308-2000x1333.jpg 2000w\" sizes=\"auto, (max-width: 1024px) 100vw, 1024px\" \/><\/figure>\n<\/div>\n\n\n\n<div class=\"wp-block-column is-layout-flow wp-block-column-is-layout-flow\">\n<figure class=\"wp-block-image size-large\"><img loading=\"lazy\" decoding=\"async\" width=\"1024\" height=\"683\" src=\"https:\/\/conadi.gob.gt\/web\/wp-content\/uploads\/2024\/05\/IMG_8491-1024x683.jpg\" alt=\"\" class=\"wp-image-15617\" srcset=\"https:\/\/conadi.gob.gt\/web\/wp-content\/uploads\/2024\/05\/IMG_8491-1024x683.jpg 1024w, https:\/\/conadi.gob.gt\/web\/wp-content\/uploads\/2024\/05\/IMG_8491-300x200.jpg 300w, https:\/\/conadi.gob.gt\/web\/wp-content\/uploads\/2024\/05\/IMG_8491-768x512.jpg 768w, https:\/\/conadi.gob.gt\/web\/wp-content\/uploads\/2024\/05\/IMG_8491-1536x1024.jpg 1536w, https:\/\/conadi.gob.gt\/web\/wp-content\/uploads\/2024\/05\/IMG_8491-2048x1365.jpg 2048w\" sizes=\"auto, (max-width: 1024px) 100vw, 1024px\" \/><\/figure>\n<\/div>\n\n\n\n<div class=\"wp-block-column is-layout-flow wp-block-column-is-layout-flow\">\n<figure class=\"wp-block-image size-large\"><img loading=\"lazy\" decoding=\"async\" width=\"1024\" height=\"683\" src=\"https:\/\/conadi.gob.gt\/web\/wp-content\/uploads\/2024\/05\/IMG_8473-1024x683.jpg\" alt=\"\" class=\"wp-image-15615\" srcset=\"https:\/\/conadi.gob.gt\/web\/wp-content\/uploads\/2024\/05\/IMG_8473-1024x683.jpg 1024w, https:\/\/conadi.gob.gt\/web\/wp-content\/uploads\/2024\/05\/IMG_8473-300x200.jpg 300w, https:\/\/conadi.gob.gt\/web\/wp-content\/uploads\/2024\/05\/IMG_8473-768x512.jpg 768w, https:\/\/conadi.gob.gt\/web\/wp-content\/uploads\/2024\/05\/IMG_8473-1536x1024.jpg 1536w, https:\/\/conadi.gob.gt\/web\/wp-content\/uploads\/2024\/05\/IMG_8473-2048x1365.jpg 2048w, https:\/\/conadi.gob.gt\/web\/wp-content\/uploads\/2024\/05\/IMG_8473-2000x1333.jpg 2000w\" sizes=\"auto, (max-width: 1024px) 100vw, 1024px\" \/><\/figure>\n<\/div>\n<\/div>\n","protected":false},"excerpt":{"rendered":"<p>El Consejo Nacional para la Atenci\u00f3n de las Personas con Discapacidad (CONADI),\u00a0en el marco de sus 27 a\u00f1os de vida institucional desarroll\u00f3 la capacitaci\u00f3n Fomento en el desarrollo integral de las personas con discapacidad con un enfoque de Desarrollo Humano,\u00a0\u201cNada sobre Nosotros, sin Nosotros\u201d, dirigida a los delegados de las organizaciones de y para personas &hellip; <\/p>\n<p class=\"link-more\"><a href=\"https:\/\/conadi.gob.gt\/web\/nada-sobre-nosotros-sin-nosotros\/\" class=\"more-link\">Leer m\u00e1s<span class=\"screen-reader-text\"> \u00ab\u201cNADA SOBRE NOSOTROS, SIN NOSOTROS\u201d\u00bb<\/span><\/a><\/p>\n","protected":false},"author":12,"featured_media":15608,"comment_status":"closed","ping_status":"closed","sticky":false,"template":"","format":"standard","meta":{"footnotes":""},"categories":[3],"tags":[],"class_list":["post-15607","post","type-post","status-publish","format-standard","has-post-thumbnail","hentry","category-noticias"],"_links":{"self":[{"href":"https:\/\/conadi.gob.gt\/web\/wp-json\/wp\/v2\/posts\/15607","targetHints":{"allow":["GET"]}}],"collection":[{"href":"https:\/\/conadi.gob.gt\/web\/wp-json\/wp\/v2\/posts"}],"about":[{"href":"https:\/\/conadi.gob.gt\/web\/wp-json\/wp\/v2\/types\/post"}],"author":[{"embeddable":true,"href":"https:\/\/conadi.gob.gt\/web\/wp-json\/wp\/v2\/users\/12"}],"replies":[{"embeddable":true,"href":"https:\/\/conadi.gob.gt\/web\/wp-json\/wp\/v2\/comments?post=15607"}],"version-history":[{"count":2,"href":"https:\/\/conadi.gob.gt\/web\/wp-json\/wp\/v2\/posts\/15607\/revisions"}],"predecessor-version":[{"id":15620,"href":"https:\/\/conadi.gob.gt\/web\/wp-json\/wp\/v2\/posts\/15607\/revisions\/15620"}],"wp:featuredmedia":[{"embeddable":true,"href":"https:\/\/conadi.gob.gt\/web\/wp-json\/wp\/v2\/media\/15608"}],"wp:attachment":[{"href":"https:\/\/conadi.gob.gt\/web\/wp-json\/wp\/v2\/media?parent=15607"}],"wp:term":[{"taxonomy":"category","embeddable":true,"href":"https:\/\/conadi.gob.gt\/web\/wp-json\/wp\/v2\/categories?post=15607"},{"taxonomy":"post_tag","embeddable":true,"href":"https:\/\/conadi.gob.gt\/web\/wp-json\/wp\/v2\/tags?post=15607"}],"curies":[{"name":"wp","href":"https:\/\/api.w.org\/{rel}","templated":true}]}}