{"id":15824,"date":"2024-07-29T18:06:30","date_gmt":"2024-07-29T18:06:30","guid":{"rendered":"https:\/\/conadi.gob.gt\/web\/?p=15824"},"modified":"2024-08-05T18:46:53","modified_gmt":"2024-08-05T18:46:53","slug":"foro-discapacidad-y-pueblos-originarios","status":"publish","type":"post","link":"https:\/\/conadi.gob.gt\/web\/foro-discapacidad-y-pueblos-originarios\/","title":{"rendered":"ABORDAJE DE LA INCLUSI\u00d3N DE LA DISCAPACIDAD DESDE LA PERSPECTIVA DE LOS PUEBLOS ORIGINARIOS"},"content":{"rendered":"\n<p>El departamento de Acceso a los Derechos de las Personas con Discapacidad del CONADI, realiz\u00f3 en el departamento de Totonicap\u00e1n el Foro Sobre el Abordaje de la Inclusi\u00f3n de la Poblaci\u00f3n con Discapacidad Desde la Perspectiva de los Pueblos Originarios.<\/p>\n\n\n\n<figure class=\"wp-block-image size-large\"><img loading=\"lazy\" decoding=\"async\" width=\"1024\" height=\"683\" src=\"https:\/\/conadi.gob.gt\/web\/wp-content\/uploads\/2024\/07\/WhatsApp-Image-2024-07-29-at-12.00.29-1024x683.jpeg\" alt=\"\" class=\"wp-image-15825\" srcset=\"https:\/\/conadi.gob.gt\/web\/wp-content\/uploads\/2024\/07\/WhatsApp-Image-2024-07-29-at-12.00.29-1024x683.jpeg 1024w, https:\/\/conadi.gob.gt\/web\/wp-content\/uploads\/2024\/07\/WhatsApp-Image-2024-07-29-at-12.00.29-300x200.jpeg 300w, https:\/\/conadi.gob.gt\/web\/wp-content\/uploads\/2024\/07\/WhatsApp-Image-2024-07-29-at-12.00.29-768x512.jpeg 768w, https:\/\/conadi.gob.gt\/web\/wp-content\/uploads\/2024\/07\/WhatsApp-Image-2024-07-29-at-12.00.29-1536x1024.jpeg 1536w, https:\/\/conadi.gob.gt\/web\/wp-content\/uploads\/2024\/07\/WhatsApp-Image-2024-07-29-at-12.00.29.jpeg 1600w\" sizes=\"auto, (max-width: 1024px) 100vw, 1024px\" \/><\/figure>\n\n\n\n<p>El acto de apertura estuvo a cargo de la Unidad de Comunicaci\u00f3n y Relaciones p\u00fablicas con el pronunciamiento institucional ante la promoci\u00f3n y difusi\u00f3n de los avances en el cumplimiento del Decreto 6-2024 y 10-2024 \u201cLey Biopsicosocial de las Personas con Discapacidad de Guatemala\u201d, donde se cont\u00f3 con la participaci\u00f3n de Ximena Flores, representante asignada por el Ministerio de Salud P\u00fablica y Asistencia Social (MSPAS) y especialista en fisioterapia en el Hospital Departamental de Totonicap\u00e1n; Francisco P\u00e9rez, representante de la Academia de lenguas Mayas de Guatemala (ALMG) y por CONADI Nicol\u00e1s Mench\u00fa, delegado departamental en Totonicap\u00e1n y Clarivel Castillo, presidenta de Junta Directiva del Consejo.<\/p>\n\n\n\n<div class=\"wp-block-columns is-layout-flex wp-container-core-columns-is-layout-28f84493 wp-block-columns-is-layout-flex\">\n<div class=\"wp-block-column is-layout-flow wp-block-column-is-layout-flow\">\n<figure class=\"wp-block-image size-large\"><img loading=\"lazy\" decoding=\"async\" width=\"1024\" height=\"683\" src=\"https:\/\/conadi.gob.gt\/web\/wp-content\/uploads\/2024\/07\/WhatsApp-Image-2024-07-29-at-12.00.29-2-1024x683.jpeg\" alt=\"\" class=\"wp-image-15826\" srcset=\"https:\/\/conadi.gob.gt\/web\/wp-content\/uploads\/2024\/07\/WhatsApp-Image-2024-07-29-at-12.00.29-2-1024x683.jpeg 1024w, https:\/\/conadi.gob.gt\/web\/wp-content\/uploads\/2024\/07\/WhatsApp-Image-2024-07-29-at-12.00.29-2-300x200.jpeg 300w, https:\/\/conadi.gob.gt\/web\/wp-content\/uploads\/2024\/07\/WhatsApp-Image-2024-07-29-at-12.00.29-2-768x512.jpeg 768w, https:\/\/conadi.gob.gt\/web\/wp-content\/uploads\/2024\/07\/WhatsApp-Image-2024-07-29-at-12.00.29-2-1536x1024.jpeg 1536w, https:\/\/conadi.gob.gt\/web\/wp-content\/uploads\/2024\/07\/WhatsApp-Image-2024-07-29-at-12.00.29-2.jpeg 1600w\" sizes=\"auto, (max-width: 1024px) 100vw, 1024px\" \/><\/figure>\n<\/div>\n\n\n\n<div class=\"wp-block-column is-layout-flow wp-block-column-is-layout-flow\">\n<figure class=\"wp-block-image size-large\"><img loading=\"lazy\" decoding=\"async\" width=\"1024\" height=\"683\" src=\"https:\/\/conadi.gob.gt\/web\/wp-content\/uploads\/2024\/07\/WhatsApp-Image-2024-07-29-at-12.00.29-1-1024x683.jpeg\" alt=\"\" class=\"wp-image-15827\" srcset=\"https:\/\/conadi.gob.gt\/web\/wp-content\/uploads\/2024\/07\/WhatsApp-Image-2024-07-29-at-12.00.29-1-1024x683.jpeg 1024w, https:\/\/conadi.gob.gt\/web\/wp-content\/uploads\/2024\/07\/WhatsApp-Image-2024-07-29-at-12.00.29-1-300x200.jpeg 300w, https:\/\/conadi.gob.gt\/web\/wp-content\/uploads\/2024\/07\/WhatsApp-Image-2024-07-29-at-12.00.29-1-768x512.jpeg 768w, https:\/\/conadi.gob.gt\/web\/wp-content\/uploads\/2024\/07\/WhatsApp-Image-2024-07-29-at-12.00.29-1-1536x1024.jpeg 1536w, https:\/\/conadi.gob.gt\/web\/wp-content\/uploads\/2024\/07\/WhatsApp-Image-2024-07-29-at-12.00.29-1.jpeg 1600w\" sizes=\"auto, (max-width: 1024px) 100vw, 1024px\" \/><\/figure>\n<\/div>\n\n\n\n<div class=\"wp-block-column is-layout-flow wp-block-column-is-layout-flow\">\n<figure class=\"wp-block-image size-large\"><img loading=\"lazy\" decoding=\"async\" width=\"1024\" height=\"683\" src=\"https:\/\/conadi.gob.gt\/web\/wp-content\/uploads\/2024\/07\/WhatsApp-Image-2024-07-29-at-12.00.30-1024x683.jpeg\" alt=\"\" class=\"wp-image-15828\" srcset=\"https:\/\/conadi.gob.gt\/web\/wp-content\/uploads\/2024\/07\/WhatsApp-Image-2024-07-29-at-12.00.30-1024x683.jpeg 1024w, https:\/\/conadi.gob.gt\/web\/wp-content\/uploads\/2024\/07\/WhatsApp-Image-2024-07-29-at-12.00.30-300x200.jpeg 300w, https:\/\/conadi.gob.gt\/web\/wp-content\/uploads\/2024\/07\/WhatsApp-Image-2024-07-29-at-12.00.30-768x512.jpeg 768w, https:\/\/conadi.gob.gt\/web\/wp-content\/uploads\/2024\/07\/WhatsApp-Image-2024-07-29-at-12.00.30-1536x1024.jpeg 1536w, https:\/\/conadi.gob.gt\/web\/wp-content\/uploads\/2024\/07\/WhatsApp-Image-2024-07-29-at-12.00.30.jpeg 1600w\" sizes=\"auto, (max-width: 1024px) 100vw, 1024px\" \/><\/figure>\n<\/div>\n<\/div>\n\n\n\n<p>Durante el Foro t\u00e9cnicos del departamento de Acceso a los Derechos de las Personas con Discapacidad del CONADI, desarrollaron temas enfocados \u00abEl quehacer del CONADI y la Importancia de la actividad en el marco del eje de interseccionalidad\u201d, por Diana Gonz\u00e1lez; \u00abDerechos de las Personas con Discapacidad pertenecientes a pueblos originarios\u00bb desarrollado por Juan Pablo Arreola. Adem\u00e1s, se cont\u00f3 con la participaci\u00f3n de Alex Tzib, jefe de Planificaci\u00f3n e Investigaci\u00f3n Estad\u00edstica, quien abord\u00f3 el tema \u00abDatos estad\u00edsticos y an\u00e1lisis del abordaje de la discapacidad desde a la cosmovisi\u00f3n de los pueblos originarios\u00bb; la presidenta del CONADI Clarivel Castillo, presento los avances que se ha tenido en la coordinaci\u00f3n entre el MSPAS y el CONADI para la creaci\u00f3n del Reglamento que dar\u00e1 impulso a la Certificaci\u00f3n Biopsicosocial de la discapacidad en Guatemala.<\/p>\n\n\n\n<div class=\"wp-block-columns is-layout-flex wp-container-core-columns-is-layout-28f84493 wp-block-columns-is-layout-flex\">\n<div class=\"wp-block-column is-layout-flow wp-block-column-is-layout-flow\">\n<figure class=\"wp-block-image size-large\"><img loading=\"lazy\" decoding=\"async\" width=\"1024\" height=\"683\" src=\"https:\/\/conadi.gob.gt\/web\/wp-content\/uploads\/2024\/07\/WhatsApp-Image-2024-07-29-at-12.00.30-1-1024x683.jpeg\" alt=\"\" class=\"wp-image-15829\" srcset=\"https:\/\/conadi.gob.gt\/web\/wp-content\/uploads\/2024\/07\/WhatsApp-Image-2024-07-29-at-12.00.30-1-1024x683.jpeg 1024w, https:\/\/conadi.gob.gt\/web\/wp-content\/uploads\/2024\/07\/WhatsApp-Image-2024-07-29-at-12.00.30-1-300x200.jpeg 300w, https:\/\/conadi.gob.gt\/web\/wp-content\/uploads\/2024\/07\/WhatsApp-Image-2024-07-29-at-12.00.30-1-768x512.jpeg 768w, https:\/\/conadi.gob.gt\/web\/wp-content\/uploads\/2024\/07\/WhatsApp-Image-2024-07-29-at-12.00.30-1-1536x1024.jpeg 1536w, https:\/\/conadi.gob.gt\/web\/wp-content\/uploads\/2024\/07\/WhatsApp-Image-2024-07-29-at-12.00.30-1.jpeg 1600w\" sizes=\"auto, (max-width: 1024px) 100vw, 1024px\" \/><\/figure>\n<\/div>\n\n\n\n<div class=\"wp-block-column is-layout-flow wp-block-column-is-layout-flow\">\n<figure class=\"wp-block-image size-large\"><img loading=\"lazy\" decoding=\"async\" width=\"1024\" height=\"683\" src=\"https:\/\/conadi.gob.gt\/web\/wp-content\/uploads\/2024\/07\/WhatsApp-Image-2024-07-29-at-12.00.31-1024x683.jpeg\" alt=\"\" class=\"wp-image-15830\" srcset=\"https:\/\/conadi.gob.gt\/web\/wp-content\/uploads\/2024\/07\/WhatsApp-Image-2024-07-29-at-12.00.31-1024x683.jpeg 1024w, https:\/\/conadi.gob.gt\/web\/wp-content\/uploads\/2024\/07\/WhatsApp-Image-2024-07-29-at-12.00.31-300x200.jpeg 300w, https:\/\/conadi.gob.gt\/web\/wp-content\/uploads\/2024\/07\/WhatsApp-Image-2024-07-29-at-12.00.31-768x512.jpeg 768w, https:\/\/conadi.gob.gt\/web\/wp-content\/uploads\/2024\/07\/WhatsApp-Image-2024-07-29-at-12.00.31-1536x1024.jpeg 1536w, https:\/\/conadi.gob.gt\/web\/wp-content\/uploads\/2024\/07\/WhatsApp-Image-2024-07-29-at-12.00.31.jpeg 1600w\" sizes=\"auto, (max-width: 1024px) 100vw, 1024px\" \/><\/figure>\n<\/div>\n\n\n\n<div class=\"wp-block-column is-layout-flow wp-block-column-is-layout-flow\">\n<figure class=\"wp-block-image size-large\"><img loading=\"lazy\" decoding=\"async\" width=\"1024\" height=\"682\" src=\"https:\/\/conadi.gob.gt\/web\/wp-content\/uploads\/2024\/07\/WhatsApp-Image-2024-07-30-at-20.01.44-1024x682.jpeg\" alt=\"\" class=\"wp-image-15858\" srcset=\"https:\/\/conadi.gob.gt\/web\/wp-content\/uploads\/2024\/07\/WhatsApp-Image-2024-07-30-at-20.01.44-1024x682.jpeg 1024w, https:\/\/conadi.gob.gt\/web\/wp-content\/uploads\/2024\/07\/WhatsApp-Image-2024-07-30-at-20.01.44-300x200.jpeg 300w, https:\/\/conadi.gob.gt\/web\/wp-content\/uploads\/2024\/07\/WhatsApp-Image-2024-07-30-at-20.01.44-768x512.jpeg 768w, https:\/\/conadi.gob.gt\/web\/wp-content\/uploads\/2024\/07\/WhatsApp-Image-2024-07-30-at-20.01.44.jpeg 1280w\" sizes=\"auto, (max-width: 1024px) 100vw, 1024px\" \/><\/figure>\n<\/div>\n<\/div>\n\n\n\n<div class=\"wp-block-columns is-layout-flex wp-container-core-columns-is-layout-28f84493 wp-block-columns-is-layout-flex\">\n<div class=\"wp-block-column is-layout-flow wp-block-column-is-layout-flow\">\n<figure class=\"wp-block-image size-large\"><img loading=\"lazy\" decoding=\"async\" width=\"1024\" height=\"683\" src=\"https:\/\/conadi.gob.gt\/web\/wp-content\/uploads\/2024\/07\/WhatsApp-Image-2024-07-29-at-12.00.32-1024x683.jpeg\" alt=\"\" class=\"wp-image-15832\" srcset=\"https:\/\/conadi.gob.gt\/web\/wp-content\/uploads\/2024\/07\/WhatsApp-Image-2024-07-29-at-12.00.32-1024x683.jpeg 1024w, https:\/\/conadi.gob.gt\/web\/wp-content\/uploads\/2024\/07\/WhatsApp-Image-2024-07-29-at-12.00.32-300x200.jpeg 300w, https:\/\/conadi.gob.gt\/web\/wp-content\/uploads\/2024\/07\/WhatsApp-Image-2024-07-29-at-12.00.32-768x512.jpeg 768w, https:\/\/conadi.gob.gt\/web\/wp-content\/uploads\/2024\/07\/WhatsApp-Image-2024-07-29-at-12.00.32-1536x1024.jpeg 1536w, https:\/\/conadi.gob.gt\/web\/wp-content\/uploads\/2024\/07\/WhatsApp-Image-2024-07-29-at-12.00.32.jpeg 1600w\" sizes=\"auto, (max-width: 1024px) 100vw, 1024px\" \/><\/figure>\n<\/div>\n\n\n\n<div class=\"wp-block-column is-layout-flow wp-block-column-is-layout-flow\">\n<figure class=\"wp-block-image size-large\"><img loading=\"lazy\" decoding=\"async\" width=\"1024\" height=\"683\" src=\"https:\/\/conadi.gob.gt\/web\/wp-content\/uploads\/2024\/07\/WhatsApp-Image-2024-07-29-at-12.01.58-1024x683.jpeg\" alt=\"\" class=\"wp-image-15838\" srcset=\"https:\/\/conadi.gob.gt\/web\/wp-content\/uploads\/2024\/07\/WhatsApp-Image-2024-07-29-at-12.01.58-1024x683.jpeg 1024w, https:\/\/conadi.gob.gt\/web\/wp-content\/uploads\/2024\/07\/WhatsApp-Image-2024-07-29-at-12.01.58-300x200.jpeg 300w, https:\/\/conadi.gob.gt\/web\/wp-content\/uploads\/2024\/07\/WhatsApp-Image-2024-07-29-at-12.01.58-768x512.jpeg 768w, https:\/\/conadi.gob.gt\/web\/wp-content\/uploads\/2024\/07\/WhatsApp-Image-2024-07-29-at-12.01.58-1536x1024.jpeg 1536w, https:\/\/conadi.gob.gt\/web\/wp-content\/uploads\/2024\/07\/WhatsApp-Image-2024-07-29-at-12.01.58.jpeg 1600w\" sizes=\"auto, (max-width: 1024px) 100vw, 1024px\" \/><\/figure>\n<\/div>\n\n\n\n<div class=\"wp-block-column is-layout-flow wp-block-column-is-layout-flow\">\n<figure class=\"wp-block-image size-large\"><img loading=\"lazy\" decoding=\"async\" width=\"1024\" height=\"682\" src=\"https:\/\/conadi.gob.gt\/web\/wp-content\/uploads\/2024\/07\/WhatsApp-Image-2024-07-30-at-20.01.29-1024x682.jpeg\" alt=\"\" class=\"wp-image-15859\" srcset=\"https:\/\/conadi.gob.gt\/web\/wp-content\/uploads\/2024\/07\/WhatsApp-Image-2024-07-30-at-20.01.29-1024x682.jpeg 1024w, https:\/\/conadi.gob.gt\/web\/wp-content\/uploads\/2024\/07\/WhatsApp-Image-2024-07-30-at-20.01.29-300x200.jpeg 300w, https:\/\/conadi.gob.gt\/web\/wp-content\/uploads\/2024\/07\/WhatsApp-Image-2024-07-30-at-20.01.29-768x512.jpeg 768w, https:\/\/conadi.gob.gt\/web\/wp-content\/uploads\/2024\/07\/WhatsApp-Image-2024-07-30-at-20.01.29.jpeg 1280w\" sizes=\"auto, (max-width: 1024px) 100vw, 1024px\" \/><\/figure>\n<\/div>\n<\/div>\n\n\n\n<p>En la segunda aparte del evento se desarroll\u00f3 el tema \u00abEl rol de la institucionalidad P\u00fablica para promover y garantizar los derechos de las personas con y sin discapacidad, pertenecientes a pueblos originarios\u201c este bloque fue desarrollado por Edyn Miranda delegado de la Comisi\u00f3n Presidencial Contra la Discriminaci\u00f3n y el Racismo (CODISRA) y Francisco P\u00e9rez, de la ALMG. Durante la actividad se cont\u00f3 con la participaci\u00f3n de representantes del Ministerio de Trabajo y Previsi\u00f3n Social (MINTRAB); Centro Universitario de Totonicap\u00e1n de la Universidad de San Carlos de Guatemala (USAC); Municipalidad de Totonicap\u00e1n; Gobernaci\u00f3n Departamental de Totonicap\u00e1n; Academia de lenguas Mayas de Guatemala (ALMG); &nbsp;Ministerio de Salud y Asistencia Social pertenecientes al Hospital Departamental de Totonicap\u00e1n; Asociaci\u00f3n Civil no Lucrativa de Desarrollo de Sordos (ADSQ); Asociaci\u00f3n Civil \u00abAy\u00fadame a Escuchar\u00bb (ACAE);<strong> <\/strong>Asociaci\u00f3n de Cooperaci\u00f3n para el Desarrollo Rural de Occidente (CDRO).<\/p>\n\n\n\n<div class=\"wp-block-columns is-layout-flex wp-container-core-columns-is-layout-28f84493 wp-block-columns-is-layout-flex\">\n<div class=\"wp-block-column is-layout-flow wp-block-column-is-layout-flow\">\n<figure class=\"wp-block-image size-large\"><img loading=\"lazy\" decoding=\"async\" width=\"1024\" height=\"683\" src=\"https:\/\/conadi.gob.gt\/web\/wp-content\/uploads\/2024\/07\/WhatsApp-Image-2024-07-29-at-12.00.33-1024x683.jpeg\" alt=\"\" class=\"wp-image-15835\" srcset=\"https:\/\/conadi.gob.gt\/web\/wp-content\/uploads\/2024\/07\/WhatsApp-Image-2024-07-29-at-12.00.33-1024x683.jpeg 1024w, https:\/\/conadi.gob.gt\/web\/wp-content\/uploads\/2024\/07\/WhatsApp-Image-2024-07-29-at-12.00.33-300x200.jpeg 300w, https:\/\/conadi.gob.gt\/web\/wp-content\/uploads\/2024\/07\/WhatsApp-Image-2024-07-29-at-12.00.33-768x512.jpeg 768w, https:\/\/conadi.gob.gt\/web\/wp-content\/uploads\/2024\/07\/WhatsApp-Image-2024-07-29-at-12.00.33-1536x1024.jpeg 1536w, https:\/\/conadi.gob.gt\/web\/wp-content\/uploads\/2024\/07\/WhatsApp-Image-2024-07-29-at-12.00.33.jpeg 1600w\" sizes=\"auto, (max-width: 1024px) 100vw, 1024px\" \/><\/figure>\n<\/div>\n\n\n\n<div class=\"wp-block-column is-layout-flow wp-block-column-is-layout-flow\">\n<figure class=\"wp-block-image size-large\"><img loading=\"lazy\" decoding=\"async\" width=\"1024\" height=\"683\" src=\"https:\/\/conadi.gob.gt\/web\/wp-content\/uploads\/2024\/07\/WhatsApp-Image-2024-07-29-at-12.00.33-1-1024x683.jpeg\" alt=\"\" class=\"wp-image-15836\" srcset=\"https:\/\/conadi.gob.gt\/web\/wp-content\/uploads\/2024\/07\/WhatsApp-Image-2024-07-29-at-12.00.33-1-1024x683.jpeg 1024w, https:\/\/conadi.gob.gt\/web\/wp-content\/uploads\/2024\/07\/WhatsApp-Image-2024-07-29-at-12.00.33-1-300x200.jpeg 300w, https:\/\/conadi.gob.gt\/web\/wp-content\/uploads\/2024\/07\/WhatsApp-Image-2024-07-29-at-12.00.33-1-768x512.jpeg 768w, https:\/\/conadi.gob.gt\/web\/wp-content\/uploads\/2024\/07\/WhatsApp-Image-2024-07-29-at-12.00.33-1-1536x1024.jpeg 1536w, https:\/\/conadi.gob.gt\/web\/wp-content\/uploads\/2024\/07\/WhatsApp-Image-2024-07-29-at-12.00.33-1.jpeg 1600w\" sizes=\"auto, (max-width: 1024px) 100vw, 1024px\" \/><\/figure>\n<\/div>\n\n\n\n<div class=\"wp-block-column is-layout-flow wp-block-column-is-layout-flow\">\n<figure class=\"wp-block-image size-large\"><img loading=\"lazy\" decoding=\"async\" width=\"1024\" height=\"683\" src=\"https:\/\/conadi.gob.gt\/web\/wp-content\/uploads\/2024\/07\/WhatsApp-Image-2024-07-29-at-12.01.59-1-1024x683.jpeg\" alt=\"\" class=\"wp-image-15837\" srcset=\"https:\/\/conadi.gob.gt\/web\/wp-content\/uploads\/2024\/07\/WhatsApp-Image-2024-07-29-at-12.01.59-1-1024x683.jpeg 1024w, https:\/\/conadi.gob.gt\/web\/wp-content\/uploads\/2024\/07\/WhatsApp-Image-2024-07-29-at-12.01.59-1-300x200.jpeg 300w, https:\/\/conadi.gob.gt\/web\/wp-content\/uploads\/2024\/07\/WhatsApp-Image-2024-07-29-at-12.01.59-1-768x512.jpeg 768w, https:\/\/conadi.gob.gt\/web\/wp-content\/uploads\/2024\/07\/WhatsApp-Image-2024-07-29-at-12.01.59-1-1536x1024.jpeg 1536w, https:\/\/conadi.gob.gt\/web\/wp-content\/uploads\/2024\/07\/WhatsApp-Image-2024-07-29-at-12.01.59-1.jpeg 1600w\" sizes=\"auto, (max-width: 1024px) 100vw, 1024px\" \/><\/figure>\n<\/div>\n<\/div>\n","protected":false},"excerpt":{"rendered":"<p>El departamento de Acceso a los Derechos de las Personas con Discapacidad del CONADI, realiz\u00f3 en el departamento de Totonicap\u00e1n el Foro Sobre el Abordaje de la Inclusi\u00f3n de la Poblaci\u00f3n con Discapacidad Desde la Perspectiva de los Pueblos Originarios. El acto de apertura estuvo a cargo de la Unidad de Comunicaci\u00f3n y Relaciones p\u00fablicas &hellip; <\/p>\n<p class=\"link-more\"><a href=\"https:\/\/conadi.gob.gt\/web\/foro-discapacidad-y-pueblos-originarios\/\" class=\"more-link\">Leer m\u00e1s<span class=\"screen-reader-text\"> \u00abABORDAJE DE LA INCLUSI\u00d3N DE LA DISCAPACIDAD DESDE LA PERSPECTIVA DE LOS PUEBLOS ORIGINARIOS\u00bb<\/span><\/a><\/p>\n","protected":false},"author":12,"featured_media":15825,"comment_status":"closed","ping_status":"closed","sticky":false,"template":"","format":"standard","meta":{"footnotes":""},"categories":[3],"tags":[],"class_list":["post-15824","post","type-post","status-publish","format-standard","has-post-thumbnail","hentry","category-noticias"],"_links":{"self":[{"href":"https:\/\/conadi.gob.gt\/web\/wp-json\/wp\/v2\/posts\/15824","targetHints":{"allow":["GET"]}}],"collection":[{"href":"https:\/\/conadi.gob.gt\/web\/wp-json\/wp\/v2\/posts"}],"about":[{"href":"https:\/\/conadi.gob.gt\/web\/wp-json\/wp\/v2\/types\/post"}],"author":[{"embeddable":true,"href":"https:\/\/conadi.gob.gt\/web\/wp-json\/wp\/v2\/users\/12"}],"replies":[{"embeddable":true,"href":"https:\/\/conadi.gob.gt\/web\/wp-json\/wp\/v2\/comments?post=15824"}],"version-history":[{"count":2,"href":"https:\/\/conadi.gob.gt\/web\/wp-json\/wp\/v2\/posts\/15824\/revisions"}],"predecessor-version":[{"id":15860,"href":"https:\/\/conadi.gob.gt\/web\/wp-json\/wp\/v2\/posts\/15824\/revisions\/15860"}],"wp:featuredmedia":[{"embeddable":true,"href":"https:\/\/conadi.gob.gt\/web\/wp-json\/wp\/v2\/media\/15825"}],"wp:attachment":[{"href":"https:\/\/conadi.gob.gt\/web\/wp-json\/wp\/v2\/media?parent=15824"}],"wp:term":[{"taxonomy":"category","embeddable":true,"href":"https:\/\/conadi.gob.gt\/web\/wp-json\/wp\/v2\/categories?post=15824"},{"taxonomy":"post_tag","embeddable":true,"href":"https:\/\/conadi.gob.gt\/web\/wp-json\/wp\/v2\/tags?post=15824"}],"curies":[{"name":"wp","href":"https:\/\/api.w.org\/{rel}","templated":true}]}}