{"id":15845,"date":"2024-07-29T21:00:45","date_gmt":"2024-07-29T21:00:45","guid":{"rendered":"https:\/\/conadi.gob.gt\/web\/?p=15845"},"modified":"2024-07-29T21:00:45","modified_gmt":"2024-07-29T21:00:45","slug":"identidad-cultural-y-pertenencia-para-personas-con-discapacidad","status":"publish","type":"post","link":"https:\/\/conadi.gob.gt\/web\/identidad-cultural-y-pertenencia-para-personas-con-discapacidad\/","title":{"rendered":"IDENTIDAD CULTURAL Y PERTENENCIA PARA PERSONAS CON DISCAPACIDAD"},"content":{"rendered":"\n<p>El pasado 25 de julio, en el municipio de Panajachel, departamento de Solol\u00e1, se llev\u00f3 a cabo la capacitaci\u00f3n titulada \u00abIdentidad Cultural y Pertenencia de las Personas con Discapacidad para su Desarrollo\u00bb. Esta iniciativa fue organizada y coordinada por el Departamento de Fortalecimiento y Fomento de la Participaci\u00f3n Ciudadana del Consejo Nacional para la Atenci\u00f3n de las Personas con Discapacidad (CONADI).<\/p>\n\n\n\n<figure class=\"wp-block-image size-large\"><img loading=\"lazy\" decoding=\"async\" width=\"1024\" height=\"682\" src=\"https:\/\/conadi.gob.gt\/web\/wp-content\/uploads\/2024\/07\/WhatsApp-Image-2024-07-29-at-14.32.03-1024x682.jpeg\" alt=\"\" class=\"wp-image-15846\" srcset=\"https:\/\/conadi.gob.gt\/web\/wp-content\/uploads\/2024\/07\/WhatsApp-Image-2024-07-29-at-14.32.03-1024x682.jpeg 1024w, https:\/\/conadi.gob.gt\/web\/wp-content\/uploads\/2024\/07\/WhatsApp-Image-2024-07-29-at-14.32.03-300x200.jpeg 300w, https:\/\/conadi.gob.gt\/web\/wp-content\/uploads\/2024\/07\/WhatsApp-Image-2024-07-29-at-14.32.03-768x512.jpeg 768w, https:\/\/conadi.gob.gt\/web\/wp-content\/uploads\/2024\/07\/WhatsApp-Image-2024-07-29-at-14.32.03-1536x1023.jpeg 1536w, https:\/\/conadi.gob.gt\/web\/wp-content\/uploads\/2024\/07\/WhatsApp-Image-2024-07-29-at-14.32.03.jpeg 1600w\" sizes=\"auto, (max-width: 1024px) 100vw, 1024px\" \/><\/figure>\n\n\n\n<p>La disertaci\u00f3n del tema estuvo a cargo de David Winter, jefe de referido departamento, quien organiz\u00f3 grupos de trabajo conformados por diversas organizaciones dedicadas a la inclusi\u00f3n y el desarrollo de personas con discapacidad. Las organizaciones participantes fueron las siguientes:<\/p>\n\n\n\n<div class=\"wp-block-columns is-layout-flex wp-container-core-columns-is-layout-28f84493 wp-block-columns-is-layout-flex\">\n<div class=\"wp-block-column is-layout-flow wp-block-column-is-layout-flow\">\n<figure class=\"wp-block-image size-large\"><img loading=\"lazy\" decoding=\"async\" width=\"1024\" height=\"682\" src=\"https:\/\/conadi.gob.gt\/web\/wp-content\/uploads\/2024\/07\/WhatsApp-Image-2024-07-29-at-14.32.03-2-1024x682.jpeg\" alt=\"\" class=\"wp-image-15847\" srcset=\"https:\/\/conadi.gob.gt\/web\/wp-content\/uploads\/2024\/07\/WhatsApp-Image-2024-07-29-at-14.32.03-2-1024x682.jpeg 1024w, https:\/\/conadi.gob.gt\/web\/wp-content\/uploads\/2024\/07\/WhatsApp-Image-2024-07-29-at-14.32.03-2-300x200.jpeg 300w, https:\/\/conadi.gob.gt\/web\/wp-content\/uploads\/2024\/07\/WhatsApp-Image-2024-07-29-at-14.32.03-2-768x512.jpeg 768w, https:\/\/conadi.gob.gt\/web\/wp-content\/uploads\/2024\/07\/WhatsApp-Image-2024-07-29-at-14.32.03-2-1536x1023.jpeg 1536w, https:\/\/conadi.gob.gt\/web\/wp-content\/uploads\/2024\/07\/WhatsApp-Image-2024-07-29-at-14.32.03-2.jpeg 1600w\" sizes=\"auto, (max-width: 1024px) 100vw, 1024px\" \/><\/figure>\n<\/div>\n\n\n\n<div class=\"wp-block-column is-layout-flow wp-block-column-is-layout-flow\">\n<figure class=\"wp-block-image size-large\"><img loading=\"lazy\" decoding=\"async\" width=\"1024\" height=\"682\" src=\"https:\/\/conadi.gob.gt\/web\/wp-content\/uploads\/2024\/07\/WhatsApp-Image-2024-07-29-at-14.32.04-1024x682.jpeg\" alt=\"\" class=\"wp-image-15848\" srcset=\"https:\/\/conadi.gob.gt\/web\/wp-content\/uploads\/2024\/07\/WhatsApp-Image-2024-07-29-at-14.32.04-1024x682.jpeg 1024w, https:\/\/conadi.gob.gt\/web\/wp-content\/uploads\/2024\/07\/WhatsApp-Image-2024-07-29-at-14.32.04-300x200.jpeg 300w, https:\/\/conadi.gob.gt\/web\/wp-content\/uploads\/2024\/07\/WhatsApp-Image-2024-07-29-at-14.32.04-768x512.jpeg 768w, https:\/\/conadi.gob.gt\/web\/wp-content\/uploads\/2024\/07\/WhatsApp-Image-2024-07-29-at-14.32.04-1536x1023.jpeg 1536w, https:\/\/conadi.gob.gt\/web\/wp-content\/uploads\/2024\/07\/WhatsApp-Image-2024-07-29-at-14.32.04.jpeg 1600w\" sizes=\"auto, (max-width: 1024px) 100vw, 1024px\" \/><\/figure>\n<\/div>\n\n\n\n<div class=\"wp-block-column is-layout-flow wp-block-column-is-layout-flow\">\n<figure class=\"wp-block-image size-large\"><img loading=\"lazy\" decoding=\"async\" width=\"1024\" height=\"682\" src=\"https:\/\/conadi.gob.gt\/web\/wp-content\/uploads\/2024\/07\/WhatsApp-Image-2024-07-29-at-14.32.03-3-1024x682.jpeg\" alt=\"\" class=\"wp-image-15849\" srcset=\"https:\/\/conadi.gob.gt\/web\/wp-content\/uploads\/2024\/07\/WhatsApp-Image-2024-07-29-at-14.32.03-3-1024x682.jpeg 1024w, https:\/\/conadi.gob.gt\/web\/wp-content\/uploads\/2024\/07\/WhatsApp-Image-2024-07-29-at-14.32.03-3-300x200.jpeg 300w, https:\/\/conadi.gob.gt\/web\/wp-content\/uploads\/2024\/07\/WhatsApp-Image-2024-07-29-at-14.32.03-3-768x512.jpeg 768w, https:\/\/conadi.gob.gt\/web\/wp-content\/uploads\/2024\/07\/WhatsApp-Image-2024-07-29-at-14.32.03-3-1536x1023.jpeg 1536w, https:\/\/conadi.gob.gt\/web\/wp-content\/uploads\/2024\/07\/WhatsApp-Image-2024-07-29-at-14.32.03-3.jpeg 1600w\" sizes=\"auto, (max-width: 1024px) 100vw, 1024px\" \/><\/figure>\n<\/div>\n<\/div>\n\n\n\n<div class=\"wp-block-columns is-layout-flex wp-container-core-columns-is-layout-28f84493 wp-block-columns-is-layout-flex\">\n<div class=\"wp-block-column is-layout-flow wp-block-column-is-layout-flow\">\n<figure class=\"wp-block-image size-large\"><img loading=\"lazy\" decoding=\"async\" width=\"1024\" height=\"682\" src=\"https:\/\/conadi.gob.gt\/web\/wp-content\/uploads\/2024\/07\/WhatsApp-Image-2024-07-29-at-14.32.04-1-1024x682.jpeg\" alt=\"\" class=\"wp-image-15850\" srcset=\"https:\/\/conadi.gob.gt\/web\/wp-content\/uploads\/2024\/07\/WhatsApp-Image-2024-07-29-at-14.32.04-1-1024x682.jpeg 1024w, https:\/\/conadi.gob.gt\/web\/wp-content\/uploads\/2024\/07\/WhatsApp-Image-2024-07-29-at-14.32.04-1-300x200.jpeg 300w, https:\/\/conadi.gob.gt\/web\/wp-content\/uploads\/2024\/07\/WhatsApp-Image-2024-07-29-at-14.32.04-1-768x512.jpeg 768w, https:\/\/conadi.gob.gt\/web\/wp-content\/uploads\/2024\/07\/WhatsApp-Image-2024-07-29-at-14.32.04-1-1536x1023.jpeg 1536w, https:\/\/conadi.gob.gt\/web\/wp-content\/uploads\/2024\/07\/WhatsApp-Image-2024-07-29-at-14.32.04-1.jpeg 1600w\" sizes=\"auto, (max-width: 1024px) 100vw, 1024px\" \/><\/figure>\n<\/div>\n\n\n\n<div class=\"wp-block-column is-layout-flow wp-block-column-is-layout-flow\">\n<figure class=\"wp-block-image size-large\"><img loading=\"lazy\" decoding=\"async\" width=\"1024\" height=\"682\" src=\"https:\/\/conadi.gob.gt\/web\/wp-content\/uploads\/2024\/07\/WhatsApp-Image-2024-07-29-at-14.32.05-1024x682.jpeg\" alt=\"\" class=\"wp-image-15851\" srcset=\"https:\/\/conadi.gob.gt\/web\/wp-content\/uploads\/2024\/07\/WhatsApp-Image-2024-07-29-at-14.32.05-1024x682.jpeg 1024w, https:\/\/conadi.gob.gt\/web\/wp-content\/uploads\/2024\/07\/WhatsApp-Image-2024-07-29-at-14.32.05-300x200.jpeg 300w, https:\/\/conadi.gob.gt\/web\/wp-content\/uploads\/2024\/07\/WhatsApp-Image-2024-07-29-at-14.32.05-768x512.jpeg 768w, https:\/\/conadi.gob.gt\/web\/wp-content\/uploads\/2024\/07\/WhatsApp-Image-2024-07-29-at-14.32.05-1536x1023.jpeg 1536w, https:\/\/conadi.gob.gt\/web\/wp-content\/uploads\/2024\/07\/WhatsApp-Image-2024-07-29-at-14.32.05.jpeg 1600w\" sizes=\"auto, (max-width: 1024px) 100vw, 1024px\" \/><\/figure>\n<\/div>\n\n\n\n<div class=\"wp-block-column is-layout-flow wp-block-column-is-layout-flow\">\n<figure class=\"wp-block-image size-large\"><img loading=\"lazy\" decoding=\"async\" width=\"1024\" height=\"682\" src=\"https:\/\/conadi.gob.gt\/web\/wp-content\/uploads\/2024\/07\/WhatsApp-Image-2024-07-29-at-14.32.05-2-1024x682.jpeg\" alt=\"\" class=\"wp-image-15852\" srcset=\"https:\/\/conadi.gob.gt\/web\/wp-content\/uploads\/2024\/07\/WhatsApp-Image-2024-07-29-at-14.32.05-2-1024x682.jpeg 1024w, https:\/\/conadi.gob.gt\/web\/wp-content\/uploads\/2024\/07\/WhatsApp-Image-2024-07-29-at-14.32.05-2-300x200.jpeg 300w, https:\/\/conadi.gob.gt\/web\/wp-content\/uploads\/2024\/07\/WhatsApp-Image-2024-07-29-at-14.32.05-2-768x512.jpeg 768w, https:\/\/conadi.gob.gt\/web\/wp-content\/uploads\/2024\/07\/WhatsApp-Image-2024-07-29-at-14.32.05-2-1536x1023.jpeg 1536w, https:\/\/conadi.gob.gt\/web\/wp-content\/uploads\/2024\/07\/WhatsApp-Image-2024-07-29-at-14.32.05-2.jpeg 1600w\" sizes=\"auto, (max-width: 1024px) 100vw, 1024px\" \/><\/figure>\n<\/div>\n<\/div>\n\n\n\n<ul class=\"wp-block-list\">\n<li>Asociaci\u00f3n de Personas con Discapacidad \u00abJareb Francisco\u00bb (ASOJEF)<\/li>\n\n\n\n<li>Asociaci\u00f3n de Madres con Hijos con Discapacidad de Quetzaltenango (ASOMHIDIQ)<\/li>\n\n\n\n<li>Asociaci\u00f3n Ens\u00e9\u00f1ame a Volar (AEVO)<\/li>\n\n\n\n<li>Asociaci\u00f3n Civil \u00abAy\u00fadame a Escuchar\u00bb (ACAE)<\/li>\n\n\n\n<li>Asociaci\u00f3n Somos Hijos del Lago de San Juan La Laguna, Solol\u00e1 (SOHILAGO)<\/li>\n\n\n\n<li>Asociaci\u00f3n de Mujeres con Discapacidad de Quetzaltenango (AMUDIQ)<\/li>\n\n\n\n<li>Asociaci\u00f3n Civil no lucrativa de Desarrollo de Sordos de Quetzaltenango (ADSQ)<\/li>\n\n\n\n<li>Asociaci\u00f3n Integral de Personas con Discapacidad en El Palmar (ASIDEP)<\/li>\n<\/ul>\n\n\n\n<div class=\"wp-block-columns is-layout-flex wp-container-core-columns-is-layout-28f84493 wp-block-columns-is-layout-flex\">\n<div class=\"wp-block-column is-layout-flow wp-block-column-is-layout-flow\">\n<figure class=\"wp-block-image size-large\"><img loading=\"lazy\" decoding=\"async\" width=\"1024\" height=\"682\" src=\"https:\/\/conadi.gob.gt\/web\/wp-content\/uploads\/2024\/07\/WhatsApp-Image-2024-07-29-at-14.32.05-4-1024x682.jpeg\" alt=\"\" class=\"wp-image-15854\" srcset=\"https:\/\/conadi.gob.gt\/web\/wp-content\/uploads\/2024\/07\/WhatsApp-Image-2024-07-29-at-14.32.05-4-1024x682.jpeg 1024w, https:\/\/conadi.gob.gt\/web\/wp-content\/uploads\/2024\/07\/WhatsApp-Image-2024-07-29-at-14.32.05-4-300x200.jpeg 300w, https:\/\/conadi.gob.gt\/web\/wp-content\/uploads\/2024\/07\/WhatsApp-Image-2024-07-29-at-14.32.05-4-768x512.jpeg 768w, https:\/\/conadi.gob.gt\/web\/wp-content\/uploads\/2024\/07\/WhatsApp-Image-2024-07-29-at-14.32.05-4-1536x1023.jpeg 1536w, https:\/\/conadi.gob.gt\/web\/wp-content\/uploads\/2024\/07\/WhatsApp-Image-2024-07-29-at-14.32.05-4.jpeg 1600w\" sizes=\"auto, (max-width: 1024px) 100vw, 1024px\" \/><\/figure>\n<\/div>\n\n\n\n<div class=\"wp-block-column is-layout-flow wp-block-column-is-layout-flow\">\n<figure class=\"wp-block-image size-large\"><img loading=\"lazy\" decoding=\"async\" width=\"1024\" height=\"682\" src=\"https:\/\/conadi.gob.gt\/web\/wp-content\/uploads\/2024\/07\/WhatsApp-Image-2024-07-29-at-14.32.05-5-1024x682.jpeg\" alt=\"\" class=\"wp-image-15855\" srcset=\"https:\/\/conadi.gob.gt\/web\/wp-content\/uploads\/2024\/07\/WhatsApp-Image-2024-07-29-at-14.32.05-5-1024x682.jpeg 1024w, https:\/\/conadi.gob.gt\/web\/wp-content\/uploads\/2024\/07\/WhatsApp-Image-2024-07-29-at-14.32.05-5-300x200.jpeg 300w, https:\/\/conadi.gob.gt\/web\/wp-content\/uploads\/2024\/07\/WhatsApp-Image-2024-07-29-at-14.32.05-5-768x512.jpeg 768w, https:\/\/conadi.gob.gt\/web\/wp-content\/uploads\/2024\/07\/WhatsApp-Image-2024-07-29-at-14.32.05-5-1536x1023.jpeg 1536w, https:\/\/conadi.gob.gt\/web\/wp-content\/uploads\/2024\/07\/WhatsApp-Image-2024-07-29-at-14.32.05-5.jpeg 1600w\" sizes=\"auto, (max-width: 1024px) 100vw, 1024px\" \/><\/figure>\n<\/div>\n\n\n\n<div class=\"wp-block-column is-layout-flow wp-block-column-is-layout-flow\">\n<figure class=\"wp-block-image size-large\"><img loading=\"lazy\" decoding=\"async\" width=\"1024\" height=\"682\" src=\"https:\/\/conadi.gob.gt\/web\/wp-content\/uploads\/2024\/07\/WhatsApp-Image-2024-07-29-at-14.32.05-6-1024x682.jpeg\" alt=\"\" class=\"wp-image-15856\" srcset=\"https:\/\/conadi.gob.gt\/web\/wp-content\/uploads\/2024\/07\/WhatsApp-Image-2024-07-29-at-14.32.05-6-1024x682.jpeg 1024w, https:\/\/conadi.gob.gt\/web\/wp-content\/uploads\/2024\/07\/WhatsApp-Image-2024-07-29-at-14.32.05-6-300x200.jpeg 300w, https:\/\/conadi.gob.gt\/web\/wp-content\/uploads\/2024\/07\/WhatsApp-Image-2024-07-29-at-14.32.05-6-768x512.jpeg 768w, https:\/\/conadi.gob.gt\/web\/wp-content\/uploads\/2024\/07\/WhatsApp-Image-2024-07-29-at-14.32.05-6-1536x1023.jpeg 1536w, https:\/\/conadi.gob.gt\/web\/wp-content\/uploads\/2024\/07\/WhatsApp-Image-2024-07-29-at-14.32.05-6.jpeg 1600w\" sizes=\"auto, (max-width: 1024px) 100vw, 1024px\" \/><\/figure>\n<\/div>\n<\/div>\n\n\n\n<p>La capacitaci\u00f3n se desarroll\u00f3 utilizando charlas informativas y material audiovisual para facilitar la comprensi\u00f3n de los temas abordados. Al cierre de la jornada, las organizaciones participantes generaron conclusiones basadas en su experiencia y vivencias. Las conclusiones fueron presentadas en un foro, donde se discutieron estrategias y recomendaciones para seguir promoviendo la inclusi\u00f3n y el respeto por la diversidad cultural en la comunidad.<\/p>\n","protected":false},"excerpt":{"rendered":"<p>El pasado 25 de julio, en el municipio de Panajachel, departamento de Solol\u00e1, se llev\u00f3 a cabo la capacitaci\u00f3n titulada \u00abIdentidad Cultural y Pertenencia de las Personas con Discapacidad para su Desarrollo\u00bb. Esta iniciativa fue organizada y coordinada por el Departamento de Fortalecimiento y Fomento de la Participaci\u00f3n Ciudadana del Consejo Nacional para la Atenci\u00f3n &hellip; <\/p>\n<p class=\"link-more\"><a href=\"https:\/\/conadi.gob.gt\/web\/identidad-cultural-y-pertenencia-para-personas-con-discapacidad\/\" class=\"more-link\">Leer m\u00e1s<span class=\"screen-reader-text\"> \u00abIDENTIDAD CULTURAL Y PERTENENCIA PARA PERSONAS CON DISCAPACIDAD\u00bb<\/span><\/a><\/p>\n","protected":false},"author":12,"featured_media":15846,"comment_status":"closed","ping_status":"closed","sticky":false,"template":"","format":"standard","meta":{"footnotes":""},"categories":[3],"tags":[],"class_list":["post-15845","post","type-post","status-publish","format-standard","has-post-thumbnail","hentry","category-noticias"],"_links":{"self":[{"href":"https:\/\/conadi.gob.gt\/web\/wp-json\/wp\/v2\/posts\/15845","targetHints":{"allow":["GET"]}}],"collection":[{"href":"https:\/\/conadi.gob.gt\/web\/wp-json\/wp\/v2\/posts"}],"about":[{"href":"https:\/\/conadi.gob.gt\/web\/wp-json\/wp\/v2\/types\/post"}],"author":[{"embeddable":true,"href":"https:\/\/conadi.gob.gt\/web\/wp-json\/wp\/v2\/users\/12"}],"replies":[{"embeddable":true,"href":"https:\/\/conadi.gob.gt\/web\/wp-json\/wp\/v2\/comments?post=15845"}],"version-history":[{"count":1,"href":"https:\/\/conadi.gob.gt\/web\/wp-json\/wp\/v2\/posts\/15845\/revisions"}],"predecessor-version":[{"id":15857,"href":"https:\/\/conadi.gob.gt\/web\/wp-json\/wp\/v2\/posts\/15845\/revisions\/15857"}],"wp:featuredmedia":[{"embeddable":true,"href":"https:\/\/conadi.gob.gt\/web\/wp-json\/wp\/v2\/media\/15846"}],"wp:attachment":[{"href":"https:\/\/conadi.gob.gt\/web\/wp-json\/wp\/v2\/media?parent=15845"}],"wp:term":[{"taxonomy":"category","embeddable":true,"href":"https:\/\/conadi.gob.gt\/web\/wp-json\/wp\/v2\/categories?post=15845"},{"taxonomy":"post_tag","embeddable":true,"href":"https:\/\/conadi.gob.gt\/web\/wp-json\/wp\/v2\/tags?post=15845"}],"curies":[{"name":"wp","href":"https:\/\/api.w.org\/{rel}","templated":true}]}}