{"id":15866,"date":"2024-08-01T22:14:10","date_gmt":"2024-08-01T22:14:10","guid":{"rendered":"https:\/\/conadi.gob.gt\/web\/?p=15866"},"modified":"2024-08-02T14:15:15","modified_gmt":"2024-08-02T14:15:15","slug":"inauguracion-de-dos-omds-en-sacatepequez","status":"publish","type":"post","link":"https:\/\/conadi.gob.gt\/web\/inauguracion-de-dos-omds-en-sacatepequez\/","title":{"rendered":"INAUGURACI\u00d3N DE DOS OMD&#8217;s EN SACATEPEQUEZ"},"content":{"rendered":"\n<p>El pasado 31 de julio se celebr\u00f3 un avance significativo en el departamento de Sacatep\u00e9quez con la inauguraci\u00f3n de dos nuevas Oficinas Municipales de Discapacidad (OMD): una en el municipio de Pastores y otra en Jocotenango. Con estas adiciones, el departamento cuenta ahora con un total de cinco oficinas a nivel departamental y 127 a nivel nacional.<\/p>\n\n\n\n<div class=\"wp-block-columns is-layout-flex wp-container-core-columns-is-layout-28f84493 wp-block-columns-is-layout-flex\">\n<div class=\"wp-block-column is-layout-flow wp-block-column-is-layout-flow\">\n<figure class=\"wp-block-image size-large\"><img loading=\"lazy\" decoding=\"async\" width=\"1024\" height=\"829\" src=\"https:\/\/conadi.gob.gt\/web\/wp-content\/uploads\/2024\/08\/WhatsApp-Image-2024-08-01-at-15.58.57-1-1024x829.jpeg\" alt=\"\" class=\"wp-image-15883\" srcset=\"https:\/\/conadi.gob.gt\/web\/wp-content\/uploads\/2024\/08\/WhatsApp-Image-2024-08-01-at-15.58.57-1-1024x829.jpeg 1024w, https:\/\/conadi.gob.gt\/web\/wp-content\/uploads\/2024\/08\/WhatsApp-Image-2024-08-01-at-15.58.57-1-300x243.jpeg 300w, https:\/\/conadi.gob.gt\/web\/wp-content\/uploads\/2024\/08\/WhatsApp-Image-2024-08-01-at-15.58.57-1-768x622.jpeg 768w, https:\/\/conadi.gob.gt\/web\/wp-content\/uploads\/2024\/08\/WhatsApp-Image-2024-08-01-at-15.58.57-1-1536x1244.jpeg 1536w, https:\/\/conadi.gob.gt\/web\/wp-content\/uploads\/2024\/08\/WhatsApp-Image-2024-08-01-at-15.58.57-1.jpeg 1600w\" sizes=\"auto, (max-width: 1024px) 100vw, 1024px\" \/><\/figure>\n<\/div>\n\n\n\n<div class=\"wp-block-column is-layout-flow wp-block-column-is-layout-flow\">\n<figure class=\"wp-block-image size-large\"><img loading=\"lazy\" decoding=\"async\" width=\"1024\" height=\"848\" src=\"https:\/\/conadi.gob.gt\/web\/wp-content\/uploads\/2024\/08\/WhatsApp-Image-2024-08-01-at-15.59.05-1024x848.jpeg\" alt=\"\" class=\"wp-image-15884\" srcset=\"https:\/\/conadi.gob.gt\/web\/wp-content\/uploads\/2024\/08\/WhatsApp-Image-2024-08-01-at-15.59.05-1024x848.jpeg 1024w, https:\/\/conadi.gob.gt\/web\/wp-content\/uploads\/2024\/08\/WhatsApp-Image-2024-08-01-at-15.59.05-300x248.jpeg 300w, https:\/\/conadi.gob.gt\/web\/wp-content\/uploads\/2024\/08\/WhatsApp-Image-2024-08-01-at-15.59.05-768x636.jpeg 768w, https:\/\/conadi.gob.gt\/web\/wp-content\/uploads\/2024\/08\/WhatsApp-Image-2024-08-01-at-15.59.05-1536x1272.jpeg 1536w, https:\/\/conadi.gob.gt\/web\/wp-content\/uploads\/2024\/08\/WhatsApp-Image-2024-08-01-at-15.59.05.jpeg 1600w\" sizes=\"auto, (max-width: 1024px) 100vw, 1024px\" \/><\/figure>\n<\/div>\n<\/div>\n\n\n\n<p>El logro de estas dos nuevas oficinas es el resultado de la incidencia del delegado departamental del CONADI en Sacatep\u00e9quez, Manuel Vel\u00e1squez; quien en conjunto con organizaciones de y para personas con discapacidad lograron el apoyo de los l\u00edderes ediles y sus consejos municipales, quienes oficializaron la creaci\u00f3n de las OMD\u2019s por medio de&nbsp; acuerdos municipales.<\/p>\n\n\n\n<div class=\"wp-block-columns is-layout-flex wp-container-core-columns-is-layout-28f84493 wp-block-columns-is-layout-flex\">\n<div class=\"wp-block-column is-layout-flow wp-block-column-is-layout-flow\">\n<figure class=\"wp-block-image size-large\"><img loading=\"lazy\" decoding=\"async\" width=\"1024\" height=\"683\" src=\"https:\/\/conadi.gob.gt\/web\/wp-content\/uploads\/2024\/08\/WhatsApp-Image-2024-08-01-at-15.58.59-1024x683.jpeg\" alt=\"\" class=\"wp-image-15880\" srcset=\"https:\/\/conadi.gob.gt\/web\/wp-content\/uploads\/2024\/08\/WhatsApp-Image-2024-08-01-at-15.58.59-1024x683.jpeg 1024w, https:\/\/conadi.gob.gt\/web\/wp-content\/uploads\/2024\/08\/WhatsApp-Image-2024-08-01-at-15.58.59-300x200.jpeg 300w, https:\/\/conadi.gob.gt\/web\/wp-content\/uploads\/2024\/08\/WhatsApp-Image-2024-08-01-at-15.58.59-768x512.jpeg 768w, https:\/\/conadi.gob.gt\/web\/wp-content\/uploads\/2024\/08\/WhatsApp-Image-2024-08-01-at-15.58.59-1536x1024.jpeg 1536w, https:\/\/conadi.gob.gt\/web\/wp-content\/uploads\/2024\/08\/WhatsApp-Image-2024-08-01-at-15.58.59.jpeg 1600w\" sizes=\"auto, (max-width: 1024px) 100vw, 1024px\" \/><\/figure>\n<\/div>\n\n\n\n<div class=\"wp-block-column is-layout-flow wp-block-column-is-layout-flow\">\n<figure class=\"wp-block-image size-large\"><img loading=\"lazy\" decoding=\"async\" width=\"1024\" height=\"683\" src=\"https:\/\/conadi.gob.gt\/web\/wp-content\/uploads\/2024\/08\/WhatsApp-Image-2024-08-01-at-15.59.06-1024x683.jpeg\" alt=\"\" class=\"wp-image-15881\" srcset=\"https:\/\/conadi.gob.gt\/web\/wp-content\/uploads\/2024\/08\/WhatsApp-Image-2024-08-01-at-15.59.06-1024x683.jpeg 1024w, https:\/\/conadi.gob.gt\/web\/wp-content\/uploads\/2024\/08\/WhatsApp-Image-2024-08-01-at-15.59.06-300x200.jpeg 300w, https:\/\/conadi.gob.gt\/web\/wp-content\/uploads\/2024\/08\/WhatsApp-Image-2024-08-01-at-15.59.06-768x512.jpeg 768w, https:\/\/conadi.gob.gt\/web\/wp-content\/uploads\/2024\/08\/WhatsApp-Image-2024-08-01-at-15.59.06-1536x1024.jpeg 1536w, https:\/\/conadi.gob.gt\/web\/wp-content\/uploads\/2024\/08\/WhatsApp-Image-2024-08-01-at-15.59.06.jpeg 1600w\" sizes=\"auto, (max-width: 1024px) 100vw, 1024px\" \/><\/figure>\n<\/div>\n<\/div>\n\n\n\n<p><strong>El Rol de las OMD<\/strong><\/p>\n\n\n\n<p>Las Oficinas Municipales de Discapacidad tienen como objetivo principal promover la igualdad de oportunidades, la inclusi\u00f3n social, la participaci\u00f3n y la accesibilidad de las personas con discapacidad en el \u00e1mbito local. Cada municipalidad elegir\u00e1 un coordinador (a) para servir como enlace directo entre el municipio y las personas con discapacidad y sus familias. Este coordinador (a) tendr\u00e1 la responsabilidad de fomentar una estructura municipal participativa y de desarrollar proyectos, programas y pol\u00edticas que beneficien a estas personas y sus familias.<\/p>\n\n\n\n<div class=\"wp-block-columns is-layout-flex wp-container-core-columns-is-layout-28f84493 wp-block-columns-is-layout-flex\">\n<div class=\"wp-block-column is-layout-flow wp-block-column-is-layout-flow\">\n<figure class=\"wp-block-image size-large\"><img loading=\"lazy\" decoding=\"async\" width=\"1024\" height=\"683\" src=\"https:\/\/conadi.gob.gt\/web\/wp-content\/uploads\/2024\/08\/WhatsApp-Image-2024-08-01-at-15.58.55-1024x683.jpeg\" alt=\"\" class=\"wp-image-15886\" srcset=\"https:\/\/conadi.gob.gt\/web\/wp-content\/uploads\/2024\/08\/WhatsApp-Image-2024-08-01-at-15.58.55-1024x683.jpeg 1024w, https:\/\/conadi.gob.gt\/web\/wp-content\/uploads\/2024\/08\/WhatsApp-Image-2024-08-01-at-15.58.55-300x200.jpeg 300w, https:\/\/conadi.gob.gt\/web\/wp-content\/uploads\/2024\/08\/WhatsApp-Image-2024-08-01-at-15.58.55-768x512.jpeg 768w, https:\/\/conadi.gob.gt\/web\/wp-content\/uploads\/2024\/08\/WhatsApp-Image-2024-08-01-at-15.58.55-1536x1024.jpeg 1536w, https:\/\/conadi.gob.gt\/web\/wp-content\/uploads\/2024\/08\/WhatsApp-Image-2024-08-01-at-15.58.55.jpeg 1600w\" sizes=\"auto, (max-width: 1024px) 100vw, 1024px\" \/><\/figure>\n<\/div>\n\n\n\n<div class=\"wp-block-column is-layout-flow wp-block-column-is-layout-flow\">\n<figure class=\"wp-block-image size-large\"><img loading=\"lazy\" decoding=\"async\" width=\"1024\" height=\"683\" src=\"https:\/\/conadi.gob.gt\/web\/wp-content\/uploads\/2024\/08\/WhatsApp-Image-2024-08-01-at-15.58.57-1024x683.jpeg\" alt=\"\" class=\"wp-image-15888\" srcset=\"https:\/\/conadi.gob.gt\/web\/wp-content\/uploads\/2024\/08\/WhatsApp-Image-2024-08-01-at-15.58.57-1024x683.jpeg 1024w, https:\/\/conadi.gob.gt\/web\/wp-content\/uploads\/2024\/08\/WhatsApp-Image-2024-08-01-at-15.58.57-300x200.jpeg 300w, https:\/\/conadi.gob.gt\/web\/wp-content\/uploads\/2024\/08\/WhatsApp-Image-2024-08-01-at-15.58.57-768x512.jpeg 768w, https:\/\/conadi.gob.gt\/web\/wp-content\/uploads\/2024\/08\/WhatsApp-Image-2024-08-01-at-15.58.57-1536x1024.jpeg 1536w, https:\/\/conadi.gob.gt\/web\/wp-content\/uploads\/2024\/08\/WhatsApp-Image-2024-08-01-at-15.58.57.jpeg 1600w\" sizes=\"auto, (max-width: 1024px) 100vw, 1024px\" \/><\/figure>\n<\/div>\n<\/div>\n\n\n\n<p><strong>Inauguraci\u00f3n en el Municipio de Pastores<\/strong><\/p>\n\n\n\n<p>La Oficina Municipal de Discapacidad en Pastores se ha instalado en el Tecnol\u00f3gico Municipal. Este municipio tiene una poblaci\u00f3n de aproximadamente 2,526 personas con alguna discapacidad. Virginia Alejandra Andrade \u00c1lvarez, una mujer con discapacidad f\u00edsica, ser\u00e1 la coordinadora de la OMD en Pastores. En su discurso inaugural, Andrade \u00c1lvarez destac\u00f3: \u201cLa discapacidad no es un l\u00edmite, solo es una condici\u00f3n; vean m\u00e1s all\u00e1 de una discapacidad, vean realmente de qu\u00e9 estamos hechos y les aseguro que se van a sorprender\u201d. El alcalde Lisandro Zamora, acompa\u00f1ado por su esposa, formaliz\u00f3 la creaci\u00f3n de la OMD con la entrega del acuerdo municipal correspondiente.<\/p>\n\n\n\n<div class=\"wp-block-columns is-layout-flex wp-container-core-columns-is-layout-28f84493 wp-block-columns-is-layout-flex\">\n<div class=\"wp-block-column is-layout-flow wp-block-column-is-layout-flow\">\n<figure class=\"wp-block-image size-large\"><img loading=\"lazy\" decoding=\"async\" width=\"1024\" height=\"683\" src=\"https:\/\/conadi.gob.gt\/web\/wp-content\/uploads\/2024\/08\/WhatsApp-Image-2024-08-01-at-15.58.54-1-1024x683.jpeg\" alt=\"\" class=\"wp-image-15890\" srcset=\"https:\/\/conadi.gob.gt\/web\/wp-content\/uploads\/2024\/08\/WhatsApp-Image-2024-08-01-at-15.58.54-1-1024x683.jpeg 1024w, https:\/\/conadi.gob.gt\/web\/wp-content\/uploads\/2024\/08\/WhatsApp-Image-2024-08-01-at-15.58.54-1-300x200.jpeg 300w, https:\/\/conadi.gob.gt\/web\/wp-content\/uploads\/2024\/08\/WhatsApp-Image-2024-08-01-at-15.58.54-1-768x512.jpeg 768w, https:\/\/conadi.gob.gt\/web\/wp-content\/uploads\/2024\/08\/WhatsApp-Image-2024-08-01-at-15.58.54-1-1536x1024.jpeg 1536w, https:\/\/conadi.gob.gt\/web\/wp-content\/uploads\/2024\/08\/WhatsApp-Image-2024-08-01-at-15.58.54-1.jpeg 1600w\" sizes=\"auto, (max-width: 1024px) 100vw, 1024px\" \/><\/figure>\n<\/div>\n\n\n\n<div class=\"wp-block-column is-layout-flow wp-block-column-is-layout-flow\">\n<figure class=\"wp-block-image size-large\"><img loading=\"lazy\" decoding=\"async\" width=\"1024\" height=\"683\" src=\"https:\/\/conadi.gob.gt\/web\/wp-content\/uploads\/2024\/08\/WhatsApp-Image-2024-08-01-at-15.58.56-1-1024x683.jpeg\" alt=\"\" class=\"wp-image-15891\" srcset=\"https:\/\/conadi.gob.gt\/web\/wp-content\/uploads\/2024\/08\/WhatsApp-Image-2024-08-01-at-15.58.56-1-1024x683.jpeg 1024w, https:\/\/conadi.gob.gt\/web\/wp-content\/uploads\/2024\/08\/WhatsApp-Image-2024-08-01-at-15.58.56-1-300x200.jpeg 300w, https:\/\/conadi.gob.gt\/web\/wp-content\/uploads\/2024\/08\/WhatsApp-Image-2024-08-01-at-15.58.56-1-768x512.jpeg 768w, https:\/\/conadi.gob.gt\/web\/wp-content\/uploads\/2024\/08\/WhatsApp-Image-2024-08-01-at-15.58.56-1-1536x1024.jpeg 1536w, https:\/\/conadi.gob.gt\/web\/wp-content\/uploads\/2024\/08\/WhatsApp-Image-2024-08-01-at-15.58.56-1.jpeg 1600w\" sizes=\"auto, (max-width: 1024px) 100vw, 1024px\" \/><\/figure>\n<\/div>\n\n\n\n<div class=\"wp-block-column is-layout-flow wp-block-column-is-layout-flow\">\n<figure class=\"wp-block-image size-large\"><img loading=\"lazy\" decoding=\"async\" width=\"1024\" height=\"683\" src=\"https:\/\/conadi.gob.gt\/web\/wp-content\/uploads\/2024\/08\/WhatsApp-Image-2024-08-01-at-15.58.58-1024x683.jpeg\" alt=\"\" class=\"wp-image-15892\" srcset=\"https:\/\/conadi.gob.gt\/web\/wp-content\/uploads\/2024\/08\/WhatsApp-Image-2024-08-01-at-15.58.58-1024x683.jpeg 1024w, https:\/\/conadi.gob.gt\/web\/wp-content\/uploads\/2024\/08\/WhatsApp-Image-2024-08-01-at-15.58.58-300x200.jpeg 300w, https:\/\/conadi.gob.gt\/web\/wp-content\/uploads\/2024\/08\/WhatsApp-Image-2024-08-01-at-15.58.58-768x512.jpeg 768w, https:\/\/conadi.gob.gt\/web\/wp-content\/uploads\/2024\/08\/WhatsApp-Image-2024-08-01-at-15.58.58-1536x1024.jpeg 1536w, https:\/\/conadi.gob.gt\/web\/wp-content\/uploads\/2024\/08\/WhatsApp-Image-2024-08-01-at-15.58.58.jpeg 1600w\" sizes=\"auto, (max-width: 1024px) 100vw, 1024px\" \/><\/figure>\n<\/div>\n<\/div>\n\n\n\n<p><strong>Inauguraci\u00f3n en el Municipio de Jocotenango<\/strong><\/p>\n\n\n\n<p>En la tarde del mismo d\u00eda, se realiz\u00f3 la inauguraci\u00f3n de la Oficina Municipal de Discapacidad en Jocotenango, en las instalaciones de las Obras Sociales de la Esposa del Alcalde (SOSEA). El alcalde Iv\u00e1n Meo\u00f1o entreg\u00f3 el acuerdo municipal que oficializa el compromiso de Jocotenango para convertirse en un municipio inclusivo. Este municipio cuenta con una poblaci\u00f3n aproximada de 3,641 personas con discapacidad. El delegado del CONADI, junto con Bibian Guerra, encargada de la oficina, y Kenia Santiago, una persona con discapacidad f\u00edsica, asumir\u00e1n la responsabilidad de integrar la tem\u00e1tica de discapacidad en las actividades, programas, planes y pol\u00edticas municipales.<\/p>\n\n\n\n<div class=\"wp-block-columns is-layout-flex wp-container-core-columns-is-layout-28f84493 wp-block-columns-is-layout-flex\">\n<div class=\"wp-block-column is-layout-flow wp-block-column-is-layout-flow\">\n<figure class=\"wp-block-image size-large\"><img loading=\"lazy\" decoding=\"async\" width=\"1024\" height=\"683\" src=\"https:\/\/conadi.gob.gt\/web\/wp-content\/uploads\/2024\/08\/WhatsApp-Image-2024-08-01-at-15.59.03-1024x683.jpeg\" alt=\"\" class=\"wp-image-15894\" srcset=\"https:\/\/conadi.gob.gt\/web\/wp-content\/uploads\/2024\/08\/WhatsApp-Image-2024-08-01-at-15.59.03-1024x683.jpeg 1024w, https:\/\/conadi.gob.gt\/web\/wp-content\/uploads\/2024\/08\/WhatsApp-Image-2024-08-01-at-15.59.03-300x200.jpeg 300w, https:\/\/conadi.gob.gt\/web\/wp-content\/uploads\/2024\/08\/WhatsApp-Image-2024-08-01-at-15.59.03-768x512.jpeg 768w, https:\/\/conadi.gob.gt\/web\/wp-content\/uploads\/2024\/08\/WhatsApp-Image-2024-08-01-at-15.59.03-1536x1024.jpeg 1536w, https:\/\/conadi.gob.gt\/web\/wp-content\/uploads\/2024\/08\/WhatsApp-Image-2024-08-01-at-15.59.03.jpeg 1600w\" sizes=\"auto, (max-width: 1024px) 100vw, 1024px\" \/><\/figure>\n<\/div>\n\n\n\n<div class=\"wp-block-column is-layout-flow wp-block-column-is-layout-flow\">\n<figure class=\"wp-block-image size-large\"><img loading=\"lazy\" decoding=\"async\" width=\"1024\" height=\"683\" src=\"https:\/\/conadi.gob.gt\/web\/wp-content\/uploads\/2024\/08\/WhatsApp-Image-2024-08-01-at-15.59.04-1024x683.jpeg\" alt=\"\" class=\"wp-image-15895\" srcset=\"https:\/\/conadi.gob.gt\/web\/wp-content\/uploads\/2024\/08\/WhatsApp-Image-2024-08-01-at-15.59.04-1024x683.jpeg 1024w, https:\/\/conadi.gob.gt\/web\/wp-content\/uploads\/2024\/08\/WhatsApp-Image-2024-08-01-at-15.59.04-300x200.jpeg 300w, https:\/\/conadi.gob.gt\/web\/wp-content\/uploads\/2024\/08\/WhatsApp-Image-2024-08-01-at-15.59.04-768x512.jpeg 768w, https:\/\/conadi.gob.gt\/web\/wp-content\/uploads\/2024\/08\/WhatsApp-Image-2024-08-01-at-15.59.04-1536x1024.jpeg 1536w, https:\/\/conadi.gob.gt\/web\/wp-content\/uploads\/2024\/08\/WhatsApp-Image-2024-08-01-at-15.59.04.jpeg 1600w\" sizes=\"auto, (max-width: 1024px) 100vw, 1024px\" \/><\/figure>\n<\/div>\n\n\n\n<div class=\"wp-block-column is-layout-flow wp-block-column-is-layout-flow\">\n<figure class=\"wp-block-image size-large\"><img loading=\"lazy\" decoding=\"async\" width=\"1024\" height=\"683\" src=\"https:\/\/conadi.gob.gt\/web\/wp-content\/uploads\/2024\/08\/WhatsApp-Image-2024-08-01-at-15.59.07-1-1024x683.jpeg\" alt=\"\" class=\"wp-image-15896\" srcset=\"https:\/\/conadi.gob.gt\/web\/wp-content\/uploads\/2024\/08\/WhatsApp-Image-2024-08-01-at-15.59.07-1-1024x683.jpeg 1024w, https:\/\/conadi.gob.gt\/web\/wp-content\/uploads\/2024\/08\/WhatsApp-Image-2024-08-01-at-15.59.07-1-300x200.jpeg 300w, https:\/\/conadi.gob.gt\/web\/wp-content\/uploads\/2024\/08\/WhatsApp-Image-2024-08-01-at-15.59.07-1-768x512.jpeg 768w, https:\/\/conadi.gob.gt\/web\/wp-content\/uploads\/2024\/08\/WhatsApp-Image-2024-08-01-at-15.59.07-1-1536x1024.jpeg 1536w, https:\/\/conadi.gob.gt\/web\/wp-content\/uploads\/2024\/08\/WhatsApp-Image-2024-08-01-at-15.59.07-1.jpeg 1600w\" sizes=\"auto, (max-width: 1024px) 100vw, 1024px\" \/><\/figure>\n<\/div>\n<\/div>\n\n\n\n<p><strong>Participaci\u00f3n de Autoridades<\/strong><\/p>\n\n\n\n<p>Ambos eventos contaron con la presencia de Clarivel Castillo, Presidenta del CONADI, y Alida Vicente, Comisionada Presidencial de Asuntos Municipales. En sus discursos, ambas autoridades subrayaron el compromiso de trabajar de manera coordinada para priorizar acciones en favor de las personas con discapacidad y promover que las 340 municipalidades del pa\u00eds se sumen a la atenci\u00f3n y apoyo de esta poblaci\u00f3n.<\/p>\n\n\n\n<p>Este logro marca un paso importante hacia una mayor inclusi\u00f3n y apoyo a las personas con discapacidad en Sacatep\u00e9quez y en todo el pa\u00eds.<\/p>\n\n\n\n<div class=\"wp-block-columns is-layout-flex wp-container-core-columns-is-layout-28f84493 wp-block-columns-is-layout-flex\">\n<div class=\"wp-block-column is-layout-flow wp-block-column-is-layout-flow\">\n<figure class=\"wp-block-image size-large\"><img loading=\"lazy\" decoding=\"async\" width=\"1024\" height=\"683\" src=\"https:\/\/conadi.gob.gt\/web\/wp-content\/uploads\/2024\/08\/WhatsApp-Image-2024-08-01-at-15.58.56-1024x683.jpeg\" alt=\"\" class=\"wp-image-15901\" srcset=\"https:\/\/conadi.gob.gt\/web\/wp-content\/uploads\/2024\/08\/WhatsApp-Image-2024-08-01-at-15.58.56-1024x683.jpeg 1024w, https:\/\/conadi.gob.gt\/web\/wp-content\/uploads\/2024\/08\/WhatsApp-Image-2024-08-01-at-15.58.56-300x200.jpeg 300w, https:\/\/conadi.gob.gt\/web\/wp-content\/uploads\/2024\/08\/WhatsApp-Image-2024-08-01-at-15.58.56-768x512.jpeg 768w, https:\/\/conadi.gob.gt\/web\/wp-content\/uploads\/2024\/08\/WhatsApp-Image-2024-08-01-at-15.58.56-1536x1024.jpeg 1536w, https:\/\/conadi.gob.gt\/web\/wp-content\/uploads\/2024\/08\/WhatsApp-Image-2024-08-01-at-15.58.56.jpeg 1600w\" sizes=\"auto, (max-width: 1024px) 100vw, 1024px\" \/><\/figure>\n<\/div>\n\n\n\n<div class=\"wp-block-column is-layout-flow wp-block-column-is-layout-flow\">\n<figure class=\"wp-block-image size-large\"><img loading=\"lazy\" decoding=\"async\" width=\"1024\" height=\"683\" src=\"https:\/\/conadi.gob.gt\/web\/wp-content\/uploads\/2024\/08\/WhatsApp-Image-2024-08-01-at-15.58.55-1-1024x683.jpeg\" alt=\"\" class=\"wp-image-15902\" srcset=\"https:\/\/conadi.gob.gt\/web\/wp-content\/uploads\/2024\/08\/WhatsApp-Image-2024-08-01-at-15.58.55-1-1024x683.jpeg 1024w, https:\/\/conadi.gob.gt\/web\/wp-content\/uploads\/2024\/08\/WhatsApp-Image-2024-08-01-at-15.58.55-1-300x200.jpeg 300w, https:\/\/conadi.gob.gt\/web\/wp-content\/uploads\/2024\/08\/WhatsApp-Image-2024-08-01-at-15.58.55-1-768x512.jpeg 768w, https:\/\/conadi.gob.gt\/web\/wp-content\/uploads\/2024\/08\/WhatsApp-Image-2024-08-01-at-15.58.55-1-1536x1024.jpeg 1536w, https:\/\/conadi.gob.gt\/web\/wp-content\/uploads\/2024\/08\/WhatsApp-Image-2024-08-01-at-15.58.55-1.jpeg 1600w\" sizes=\"auto, (max-width: 1024px) 100vw, 1024px\" \/><\/figure>\n<\/div>\n<\/div>\n\n\n\n<div class=\"wp-block-columns is-layout-flex wp-container-core-columns-is-layout-28f84493 wp-block-columns-is-layout-flex\">\n<div class=\"wp-block-column is-layout-flow wp-block-column-is-layout-flow\">\n<figure class=\"wp-block-image size-large\"><img loading=\"lazy\" decoding=\"async\" width=\"1024\" height=\"683\" src=\"https:\/\/conadi.gob.gt\/web\/wp-content\/uploads\/2024\/08\/WhatsApp-Image-2024-08-01-at-15.59.03-1-1024x683.jpeg\" alt=\"\" class=\"wp-image-15904\" srcset=\"https:\/\/conadi.gob.gt\/web\/wp-content\/uploads\/2024\/08\/WhatsApp-Image-2024-08-01-at-15.59.03-1-1024x683.jpeg 1024w, https:\/\/conadi.gob.gt\/web\/wp-content\/uploads\/2024\/08\/WhatsApp-Image-2024-08-01-at-15.59.03-1-300x200.jpeg 300w, https:\/\/conadi.gob.gt\/web\/wp-content\/uploads\/2024\/08\/WhatsApp-Image-2024-08-01-at-15.59.03-1-768x512.jpeg 768w, https:\/\/conadi.gob.gt\/web\/wp-content\/uploads\/2024\/08\/WhatsApp-Image-2024-08-01-at-15.59.03-1-1536x1024.jpeg 1536w, https:\/\/conadi.gob.gt\/web\/wp-content\/uploads\/2024\/08\/WhatsApp-Image-2024-08-01-at-15.59.03-1.jpeg 1600w\" sizes=\"auto, (max-width: 1024px) 100vw, 1024px\" \/><\/figure>\n<\/div>\n\n\n\n<div class=\"wp-block-column is-layout-flow wp-block-column-is-layout-flow\">\n<figure class=\"wp-block-image size-large\"><img loading=\"lazy\" decoding=\"async\" width=\"1024\" height=\"683\" src=\"https:\/\/conadi.gob.gt\/web\/wp-content\/uploads\/2024\/08\/WhatsApp-Image-2024-08-01-at-15.59.02-1024x683.jpeg\" alt=\"\" class=\"wp-image-15905\" srcset=\"https:\/\/conadi.gob.gt\/web\/wp-content\/uploads\/2024\/08\/WhatsApp-Image-2024-08-01-at-15.59.02-1024x683.jpeg 1024w, https:\/\/conadi.gob.gt\/web\/wp-content\/uploads\/2024\/08\/WhatsApp-Image-2024-08-01-at-15.59.02-300x200.jpeg 300w, https:\/\/conadi.gob.gt\/web\/wp-content\/uploads\/2024\/08\/WhatsApp-Image-2024-08-01-at-15.59.02-768x512.jpeg 768w, https:\/\/conadi.gob.gt\/web\/wp-content\/uploads\/2024\/08\/WhatsApp-Image-2024-08-01-at-15.59.02-1536x1024.jpeg 1536w, https:\/\/conadi.gob.gt\/web\/wp-content\/uploads\/2024\/08\/WhatsApp-Image-2024-08-01-at-15.59.02.jpeg 1600w\" sizes=\"auto, (max-width: 1024px) 100vw, 1024px\" \/><\/figure>\n<\/div>\n<\/div>\n","protected":false},"excerpt":{"rendered":"<p>El pasado 31 de julio se celebr\u00f3 un avance significativo en el departamento de Sacatep\u00e9quez con la inauguraci\u00f3n de dos nuevas Oficinas Municipales de Discapacidad (OMD): una en el municipio de Pastores y otra en Jocotenango. Con estas adiciones, el departamento cuenta ahora con un total de cinco oficinas a nivel departamental y 127 a &hellip; <\/p>\n<p class=\"link-more\"><a href=\"https:\/\/conadi.gob.gt\/web\/inauguracion-de-dos-omds-en-sacatepequez\/\" class=\"more-link\">Leer m\u00e1s<span class=\"screen-reader-text\"> \u00abINAUGURACI\u00d3N DE DOS OMD&#8217;s EN SACATEPEQUEZ\u00bb<\/span><\/a><\/p>\n","protected":false},"author":12,"featured_media":15880,"comment_status":"closed","ping_status":"closed","sticky":false,"template":"","format":"standard","meta":{"footnotes":""},"categories":[3],"tags":[],"class_list":["post-15866","post","type-post","status-publish","format-standard","has-post-thumbnail","hentry","category-noticias"],"_links":{"self":[{"href":"https:\/\/conadi.gob.gt\/web\/wp-json\/wp\/v2\/posts\/15866","targetHints":{"allow":["GET"]}}],"collection":[{"href":"https:\/\/conadi.gob.gt\/web\/wp-json\/wp\/v2\/posts"}],"about":[{"href":"https:\/\/conadi.gob.gt\/web\/wp-json\/wp\/v2\/types\/post"}],"author":[{"embeddable":true,"href":"https:\/\/conadi.gob.gt\/web\/wp-json\/wp\/v2\/users\/12"}],"replies":[{"embeddable":true,"href":"https:\/\/conadi.gob.gt\/web\/wp-json\/wp\/v2\/comments?post=15866"}],"version-history":[{"count":2,"href":"https:\/\/conadi.gob.gt\/web\/wp-json\/wp\/v2\/posts\/15866\/revisions"}],"predecessor-version":[{"id":15914,"href":"https:\/\/conadi.gob.gt\/web\/wp-json\/wp\/v2\/posts\/15866\/revisions\/15914"}],"wp:featuredmedia":[{"embeddable":true,"href":"https:\/\/conadi.gob.gt\/web\/wp-json\/wp\/v2\/media\/15880"}],"wp:attachment":[{"href":"https:\/\/conadi.gob.gt\/web\/wp-json\/wp\/v2\/media?parent=15866"}],"wp:term":[{"taxonomy":"category","embeddable":true,"href":"https:\/\/conadi.gob.gt\/web\/wp-json\/wp\/v2\/categories?post=15866"},{"taxonomy":"post_tag","embeddable":true,"href":"https:\/\/conadi.gob.gt\/web\/wp-json\/wp\/v2\/tags?post=15866"}],"curies":[{"name":"wp","href":"https:\/\/api.w.org\/{rel}","templated":true}]}}