{"id":15977,"date":"2024-08-20T20:38:45","date_gmt":"2024-08-20T20:38:45","guid":{"rendered":"https:\/\/conadi.gob.gt\/web\/?p=15977"},"modified":"2024-08-22T21:43:22","modified_gmt":"2024-08-22T21:43:22","slug":"juramenta-junta-electoral-para-proceso-de-elecciones-de-autoridades-del-periodo-2025-2027","status":"publish","type":"post","link":"https:\/\/conadi.gob.gt\/web\/juramenta-junta-electoral-para-proceso-de-elecciones-de-autoridades-del-periodo-2025-2027\/","title":{"rendered":"JURAMENTAN JUNTA ELECTORAL PARA PROCESO DE ELECCI\u00d3N DE AUTORIDADES DEL PERIODO 2025-2027"},"content":{"rendered":"\n<p>El Consejo de Delegados del Consejo Nacional para la Atenci\u00f3n de las Personas con Discapacidad (CONADI), presidido por Clarivel Castillo, Presidenta del Consejo; juramento a la nueva Junta Electoral quien ser\u00e1 la encargada de realizar las actividades del proceso electoral para la elecci\u00f3n del Consejo de Delegados y la Junta Directiva para el per\u00edodo 2025-2027.<\/p>\n\n\n\n<figure class=\"wp-block-image size-large\"><img loading=\"lazy\" decoding=\"async\" width=\"1024\" height=\"683\" src=\"https:\/\/conadi.gob.gt\/web\/wp-content\/uploads\/2024\/08\/456252929_939194891587687_6841062031005558209_n-1024x683.jpg\" alt=\"\" class=\"wp-image-15978\" srcset=\"https:\/\/conadi.gob.gt\/web\/wp-content\/uploads\/2024\/08\/456252929_939194891587687_6841062031005558209_n-1024x683.jpg 1024w, https:\/\/conadi.gob.gt\/web\/wp-content\/uploads\/2024\/08\/456252929_939194891587687_6841062031005558209_n-300x200.jpg 300w, https:\/\/conadi.gob.gt\/web\/wp-content\/uploads\/2024\/08\/456252929_939194891587687_6841062031005558209_n-768x512.jpg 768w, https:\/\/conadi.gob.gt\/web\/wp-content\/uploads\/2024\/08\/456252929_939194891587687_6841062031005558209_n-1536x1024.jpg 1536w, https:\/\/conadi.gob.gt\/web\/wp-content\/uploads\/2024\/08\/456252929_939194891587687_6841062031005558209_n-2000x1333.jpg 2000w, https:\/\/conadi.gob.gt\/web\/wp-content\/uploads\/2024\/08\/456252929_939194891587687_6841062031005558209_n.jpg 2048w\" sizes=\"auto, (max-width: 1024px) 100vw, 1024px\" \/><\/figure>\n\n\n\n<p>La Junta Electoral quedo conformada por: <\/p>\n\n\n\n<ol class=\"wp-block-list\">\n<li>Johana Stefany Sandoval Reyes, del Tribunal Supremo Electoral (TSE), quien fungir\u00e1 como Presidenta.<\/li>\n\n\n\n<li>Ra\u00fal Ren\u00e9 Robles de Le\u00f3n, del Instituto de la Defensa Publica Penal (IDPP), ser\u00e1 el Secretario.<\/li>\n\n\n\n<li>Ra\u00fal Humberto Rosenberg Monz\u00f3n, del Organismo Judicial (OJ), actuar\u00e1 como Vocal 1.<\/li>\n\n\n\n<li>H\u00e9ctor Augusto Dionicio God\u00ednez, del Consejo Nacional de Adopciones (CNA), ser\u00e1 Vocal 2.<\/li>\n\n\n\n<li> Mar\u00eda Jos\u00e9 P\u00e9rez, de la Secretar\u00eda Presidencial de la Mujer (Seprem), ocupar\u00e1 el cargo de Vocal 3.<\/li>\n<\/ol>\n\n\n\n<div class=\"wp-block-columns is-layout-flex wp-container-core-columns-is-layout-28f84493 wp-block-columns-is-layout-flex\">\n<div class=\"wp-block-column is-layout-flow wp-block-column-is-layout-flow\">\n<figure class=\"wp-block-image size-large\"><img loading=\"lazy\" decoding=\"async\" width=\"1024\" height=\"683\" src=\"https:\/\/conadi.gob.gt\/web\/wp-content\/uploads\/2024\/08\/456224049_939194771587699_5972834387056531033_n-1024x683.jpg\" alt=\"\" class=\"wp-image-15979\" srcset=\"https:\/\/conadi.gob.gt\/web\/wp-content\/uploads\/2024\/08\/456224049_939194771587699_5972834387056531033_n-1024x683.jpg 1024w, https:\/\/conadi.gob.gt\/web\/wp-content\/uploads\/2024\/08\/456224049_939194771587699_5972834387056531033_n-300x200.jpg 300w, https:\/\/conadi.gob.gt\/web\/wp-content\/uploads\/2024\/08\/456224049_939194771587699_5972834387056531033_n-768x512.jpg 768w, https:\/\/conadi.gob.gt\/web\/wp-content\/uploads\/2024\/08\/456224049_939194771587699_5972834387056531033_n-1536x1024.jpg 1536w, https:\/\/conadi.gob.gt\/web\/wp-content\/uploads\/2024\/08\/456224049_939194771587699_5972834387056531033_n-2000x1333.jpg 2000w, https:\/\/conadi.gob.gt\/web\/wp-content\/uploads\/2024\/08\/456224049_939194771587699_5972834387056531033_n.jpg 2048w\" sizes=\"auto, (max-width: 1024px) 100vw, 1024px\" \/><\/figure>\n<\/div>\n\n\n\n<div class=\"wp-block-column is-layout-flow wp-block-column-is-layout-flow\">\n<figure class=\"wp-block-image size-large\"><img loading=\"lazy\" decoding=\"async\" width=\"1024\" height=\"683\" src=\"https:\/\/conadi.gob.gt\/web\/wp-content\/uploads\/2024\/08\/455995987_939194494921060_449832435302789456_n-1024x683.jpg\" alt=\"\" class=\"wp-image-15981\" srcset=\"https:\/\/conadi.gob.gt\/web\/wp-content\/uploads\/2024\/08\/455995987_939194494921060_449832435302789456_n-1024x683.jpg 1024w, https:\/\/conadi.gob.gt\/web\/wp-content\/uploads\/2024\/08\/455995987_939194494921060_449832435302789456_n-300x200.jpg 300w, https:\/\/conadi.gob.gt\/web\/wp-content\/uploads\/2024\/08\/455995987_939194494921060_449832435302789456_n-768x512.jpg 768w, https:\/\/conadi.gob.gt\/web\/wp-content\/uploads\/2024\/08\/455995987_939194494921060_449832435302789456_n-1536x1024.jpg 1536w, https:\/\/conadi.gob.gt\/web\/wp-content\/uploads\/2024\/08\/455995987_939194494921060_449832435302789456_n-2000x1333.jpg 2000w, https:\/\/conadi.gob.gt\/web\/wp-content\/uploads\/2024\/08\/455995987_939194494921060_449832435302789456_n.jpg 2048w\" sizes=\"auto, (max-width: 1024px) 100vw, 1024px\" \/><\/figure>\n<\/div>\n\n\n\n<div class=\"wp-block-column is-layout-flow wp-block-column-is-layout-flow\">\n<figure class=\"wp-block-image size-large\"><img loading=\"lazy\" decoding=\"async\" width=\"1024\" height=\"683\" src=\"https:\/\/conadi.gob.gt\/web\/wp-content\/uploads\/2024\/08\/456050278_939194638254379_5327073236413976079_n-1024x683.jpg\" alt=\"\" class=\"wp-image-15982\" srcset=\"https:\/\/conadi.gob.gt\/web\/wp-content\/uploads\/2024\/08\/456050278_939194638254379_5327073236413976079_n-1024x683.jpg 1024w, https:\/\/conadi.gob.gt\/web\/wp-content\/uploads\/2024\/08\/456050278_939194638254379_5327073236413976079_n-300x200.jpg 300w, https:\/\/conadi.gob.gt\/web\/wp-content\/uploads\/2024\/08\/456050278_939194638254379_5327073236413976079_n-768x512.jpg 768w, https:\/\/conadi.gob.gt\/web\/wp-content\/uploads\/2024\/08\/456050278_939194638254379_5327073236413976079_n-1536x1024.jpg 1536w, https:\/\/conadi.gob.gt\/web\/wp-content\/uploads\/2024\/08\/456050278_939194638254379_5327073236413976079_n-2000x1333.jpg 2000w, https:\/\/conadi.gob.gt\/web\/wp-content\/uploads\/2024\/08\/456050278_939194638254379_5327073236413976079_n.jpg 2048w\" sizes=\"auto, (max-width: 1024px) 100vw, 1024px\" \/><\/figure>\n<\/div>\n<\/div>\n\n\n\n<figure class=\"wp-block-image size-large\"><img loading=\"lazy\" decoding=\"async\" width=\"1024\" height=\"683\" src=\"https:\/\/conadi.gob.gt\/web\/wp-content\/uploads\/2024\/08\/456085877_939194371587739_3334709079485444987_n-1024x683.jpg\" alt=\"\" class=\"wp-image-15980\" srcset=\"https:\/\/conadi.gob.gt\/web\/wp-content\/uploads\/2024\/08\/456085877_939194371587739_3334709079485444987_n-1024x683.jpg 1024w, https:\/\/conadi.gob.gt\/web\/wp-content\/uploads\/2024\/08\/456085877_939194371587739_3334709079485444987_n-300x200.jpg 300w, https:\/\/conadi.gob.gt\/web\/wp-content\/uploads\/2024\/08\/456085877_939194371587739_3334709079485444987_n-768x512.jpg 768w, https:\/\/conadi.gob.gt\/web\/wp-content\/uploads\/2024\/08\/456085877_939194371587739_3334709079485444987_n-1536x1024.jpg 1536w, https:\/\/conadi.gob.gt\/web\/wp-content\/uploads\/2024\/08\/456085877_939194371587739_3334709079485444987_n-2000x1333.jpg 2000w, https:\/\/conadi.gob.gt\/web\/wp-content\/uploads\/2024\/08\/456085877_939194371587739_3334709079485444987_n.jpg 2048w\" sizes=\"auto, (max-width: 1024px) 100vw, 1024px\" \/><\/figure>\n","protected":false},"excerpt":{"rendered":"<p>El Consejo de Delegados del Consejo Nacional para la Atenci\u00f3n de las Personas con Discapacidad (CONADI), presidido por Clarivel Castillo, Presidenta del Consejo; juramento a la nueva Junta Electoral quien ser\u00e1 la encargada de realizar las actividades del proceso electoral para la elecci\u00f3n del Consejo de Delegados y la Junta Directiva para el per\u00edodo 2025-2027. &hellip; <\/p>\n<p class=\"link-more\"><a href=\"https:\/\/conadi.gob.gt\/web\/juramenta-junta-electoral-para-proceso-de-elecciones-de-autoridades-del-periodo-2025-2027\/\" class=\"more-link\">Leer m\u00e1s<span class=\"screen-reader-text\"> \u00abJURAMENTAN JUNTA ELECTORAL PARA PROCESO DE ELECCI\u00d3N DE AUTORIDADES DEL PERIODO 2025-2027\u00bb<\/span><\/a><\/p>\n","protected":false},"author":12,"featured_media":15978,"comment_status":"closed","ping_status":"closed","sticky":false,"template":"","format":"standard","meta":{"footnotes":""},"categories":[3],"tags":[],"class_list":["post-15977","post","type-post","status-publish","format-standard","has-post-thumbnail","hentry","category-noticias"],"_links":{"self":[{"href":"https:\/\/conadi.gob.gt\/web\/wp-json\/wp\/v2\/posts\/15977","targetHints":{"allow":["GET"]}}],"collection":[{"href":"https:\/\/conadi.gob.gt\/web\/wp-json\/wp\/v2\/posts"}],"about":[{"href":"https:\/\/conadi.gob.gt\/web\/wp-json\/wp\/v2\/types\/post"}],"author":[{"embeddable":true,"href":"https:\/\/conadi.gob.gt\/web\/wp-json\/wp\/v2\/users\/12"}],"replies":[{"embeddable":true,"href":"https:\/\/conadi.gob.gt\/web\/wp-json\/wp\/v2\/comments?post=15977"}],"version-history":[{"count":6,"href":"https:\/\/conadi.gob.gt\/web\/wp-json\/wp\/v2\/posts\/15977\/revisions"}],"predecessor-version":[{"id":16015,"href":"https:\/\/conadi.gob.gt\/web\/wp-json\/wp\/v2\/posts\/15977\/revisions\/16015"}],"wp:featuredmedia":[{"embeddable":true,"href":"https:\/\/conadi.gob.gt\/web\/wp-json\/wp\/v2\/media\/15978"}],"wp:attachment":[{"href":"https:\/\/conadi.gob.gt\/web\/wp-json\/wp\/v2\/media?parent=15977"}],"wp:term":[{"taxonomy":"category","embeddable":true,"href":"https:\/\/conadi.gob.gt\/web\/wp-json\/wp\/v2\/categories?post=15977"},{"taxonomy":"post_tag","embeddable":true,"href":"https:\/\/conadi.gob.gt\/web\/wp-json\/wp\/v2\/tags?post=15977"}],"curies":[{"name":"wp","href":"https:\/\/api.w.org\/{rel}","templated":true}]}}