{"id":16004,"date":"2024-08-22T20:05:44","date_gmt":"2024-08-22T20:05:44","guid":{"rendered":"https:\/\/conadi.gob.gt\/web\/?p=16004"},"modified":"2024-08-23T16:22:10","modified_gmt":"2024-08-23T16:22:10","slug":"los-retos-de-la-participacion-laboral-de-la-juventud-con-discapacidad","status":"publish","type":"post","link":"https:\/\/conadi.gob.gt\/web\/los-retos-de-la-participacion-laboral-de-la-juventud-con-discapacidad\/","title":{"rendered":"\u201cLos Retos de la Participaci\u00f3n Laboral de la Juventud con Discapacidad\u201d"},"content":{"rendered":"\n<p>En b\u00fasqueda de la concientizaci\u00f3n a representantes de las institucionalidad p\u00fablica, el Consejo Nacional para la Atenci\u00f3n de las Personas con Discapacidad (CONADI) a trav\u00e9s del departamento de Promoci\u00f3n de Acceso a los Derechos de las Personas con Discapacidad, imparti\u00f3 la capacitaci\u00f3n \u201cLos Retos de la Participaci\u00f3n Laboral de la Juventud con Discapacidad\u201d dirigida a Instituciones que conforman la Mesa T\u00e9cnica de la Juventud, quienes est\u00e1n comprometidos en mejorar las buenas pr\u00e1cticas en la inclusi\u00f3n laboral de Personas con Discapacidad dentro de cada instituci\u00f3n.<\/p>\n\n\n\n<figure class=\"wp-block-image size-large\"><img loading=\"lazy\" decoding=\"async\" width=\"1024\" height=\"460\" src=\"https:\/\/conadi.gob.gt\/web\/wp-content\/uploads\/2024\/08\/WhatsApp-Image-2024-08-21-at-16.39.40-1024x460.jpeg\" alt=\"\" class=\"wp-image-16006\" srcset=\"https:\/\/conadi.gob.gt\/web\/wp-content\/uploads\/2024\/08\/WhatsApp-Image-2024-08-21-at-16.39.40-1024x460.jpeg 1024w, https:\/\/conadi.gob.gt\/web\/wp-content\/uploads\/2024\/08\/WhatsApp-Image-2024-08-21-at-16.39.40-300x135.jpeg 300w, https:\/\/conadi.gob.gt\/web\/wp-content\/uploads\/2024\/08\/WhatsApp-Image-2024-08-21-at-16.39.40-768x345.jpeg 768w, https:\/\/conadi.gob.gt\/web\/wp-content\/uploads\/2024\/08\/WhatsApp-Image-2024-08-21-at-16.39.40.jpeg 1152w\" sizes=\"auto, (max-width: 1024px) 100vw, 1024px\" \/><\/figure>\n\n\n\n<p>Esta fue desarrollada de manera h\u00edbrida en 4 m\u00f3dulos, en el m\u00f3dulo 1 se dio la introducci\u00f3n a los nuevos conceptos de discapacidad; m\u00f3dulo 2 se desarroll\u00f3 la accesibilidad universal, tecnolog\u00eda accesible y dise\u00f1o para todos; m\u00f3dulo 3 se abord\u00f3 el marco legal de la discapacidad y buenas pr\u00e1cticas para la inclusi\u00f3n laboral de personas con discapacidad, realizados de manera virtual.<\/p>\n\n\n\n<p>Finalmente, en el m\u00f3dulo 4 Los Retos de la Participaci\u00f3n Laboral de la Juventud con Discapacidad, se llev\u00f3 a cabo de forma presencial y se cont\u00f3 con la participaci\u00f3n de Melissa Andreina Morales Hern\u00e1ndez, mujer sorda que particip\u00f3 en el concurso Miss Universe Guatemala 2024, quien comparti\u00f3 su experiencia vida sobre c\u00f3mo ha logrado romper barreras actitudinales y de comunicaci\u00f3n para lograr sus metas acad\u00e9mico, laborales y su sue\u00f1o de ser una reina de belleza, adem\u00e1s de la participaci\u00f3n de personas con discapacidad.<\/p>\n\n\n\n<div class=\"wp-block-columns is-layout-flex wp-container-core-columns-is-layout-28f84493 wp-block-columns-is-layout-flex\">\n<div class=\"wp-block-column is-layout-flow wp-block-column-is-layout-flow\">\n<figure class=\"wp-block-image size-large\"><img loading=\"lazy\" decoding=\"async\" width=\"1024\" height=\"460\" src=\"https:\/\/conadi.gob.gt\/web\/wp-content\/uploads\/2024\/08\/WhatsApp-Image-2024-08-21-at-16.39.43-1024x460.jpeg\" alt=\"\" class=\"wp-image-16007\" srcset=\"https:\/\/conadi.gob.gt\/web\/wp-content\/uploads\/2024\/08\/WhatsApp-Image-2024-08-21-at-16.39.43-1024x460.jpeg 1024w, https:\/\/conadi.gob.gt\/web\/wp-content\/uploads\/2024\/08\/WhatsApp-Image-2024-08-21-at-16.39.43-300x135.jpeg 300w, https:\/\/conadi.gob.gt\/web\/wp-content\/uploads\/2024\/08\/WhatsApp-Image-2024-08-21-at-16.39.43-768x345.jpeg 768w, https:\/\/conadi.gob.gt\/web\/wp-content\/uploads\/2024\/08\/WhatsApp-Image-2024-08-21-at-16.39.43.jpeg 1152w\" sizes=\"auto, (max-width: 1024px) 100vw, 1024px\" \/><\/figure>\n<\/div>\n\n\n\n<div class=\"wp-block-column is-layout-flow wp-block-column-is-layout-flow\">\n<figure class=\"wp-block-image size-large\"><img loading=\"lazy\" decoding=\"async\" width=\"1024\" height=\"460\" src=\"https:\/\/conadi.gob.gt\/web\/wp-content\/uploads\/2024\/08\/WhatsApp-Image-2024-08-21-at-16.39.37-1024x460.jpeg\" alt=\"\" class=\"wp-image-16008\" srcset=\"https:\/\/conadi.gob.gt\/web\/wp-content\/uploads\/2024\/08\/WhatsApp-Image-2024-08-21-at-16.39.37-1024x460.jpeg 1024w, https:\/\/conadi.gob.gt\/web\/wp-content\/uploads\/2024\/08\/WhatsApp-Image-2024-08-21-at-16.39.37-300x135.jpeg 300w, https:\/\/conadi.gob.gt\/web\/wp-content\/uploads\/2024\/08\/WhatsApp-Image-2024-08-21-at-16.39.37-768x345.jpeg 768w, https:\/\/conadi.gob.gt\/web\/wp-content\/uploads\/2024\/08\/WhatsApp-Image-2024-08-21-at-16.39.37.jpeg 1152w\" sizes=\"auto, (max-width: 1024px) 100vw, 1024px\" \/><\/figure>\n<\/div>\n\n\n\n<div class=\"wp-block-column is-layout-flow wp-block-column-is-layout-flow\">\n<figure class=\"wp-block-image size-large\"><img loading=\"lazy\" decoding=\"async\" width=\"1024\" height=\"460\" src=\"https:\/\/conadi.gob.gt\/web\/wp-content\/uploads\/2024\/08\/WhatsApp-Image-2024-08-21-at-16.39.42-1024x460.jpeg\" alt=\"\" class=\"wp-image-16009\" srcset=\"https:\/\/conadi.gob.gt\/web\/wp-content\/uploads\/2024\/08\/WhatsApp-Image-2024-08-21-at-16.39.42-1024x460.jpeg 1024w, https:\/\/conadi.gob.gt\/web\/wp-content\/uploads\/2024\/08\/WhatsApp-Image-2024-08-21-at-16.39.42-300x135.jpeg 300w, https:\/\/conadi.gob.gt\/web\/wp-content\/uploads\/2024\/08\/WhatsApp-Image-2024-08-21-at-16.39.42-768x345.jpeg 768w, https:\/\/conadi.gob.gt\/web\/wp-content\/uploads\/2024\/08\/WhatsApp-Image-2024-08-21-at-16.39.42.jpeg 1152w\" sizes=\"auto, (max-width: 1024px) 100vw, 1024px\" \/><\/figure>\n<\/div>\n<\/div>\n","protected":false},"excerpt":{"rendered":"<p>En b\u00fasqueda de la concientizaci\u00f3n a representantes de las institucionalidad p\u00fablica, el Consejo Nacional para la Atenci\u00f3n de las Personas con Discapacidad (CONADI) a trav\u00e9s del departamento de Promoci\u00f3n de Acceso a los Derechos de las Personas con Discapacidad, imparti\u00f3 la capacitaci\u00f3n \u201cLos Retos de la Participaci\u00f3n Laboral de la Juventud con Discapacidad\u201d dirigida a &hellip; <\/p>\n<p class=\"link-more\"><a href=\"https:\/\/conadi.gob.gt\/web\/los-retos-de-la-participacion-laboral-de-la-juventud-con-discapacidad\/\" class=\"more-link\">Leer m\u00e1s<span class=\"screen-reader-text\"> \u00ab\u201cLos Retos de la Participaci\u00f3n Laboral de la Juventud con Discapacidad\u201d\u00bb<\/span><\/a><\/p>\n","protected":false},"author":12,"featured_media":16006,"comment_status":"closed","ping_status":"closed","sticky":false,"template":"","format":"standard","meta":{"footnotes":""},"categories":[3],"tags":[],"class_list":["post-16004","post","type-post","status-publish","format-standard","has-post-thumbnail","hentry","category-noticias"],"_links":{"self":[{"href":"https:\/\/conadi.gob.gt\/web\/wp-json\/wp\/v2\/posts\/16004","targetHints":{"allow":["GET"]}}],"collection":[{"href":"https:\/\/conadi.gob.gt\/web\/wp-json\/wp\/v2\/posts"}],"about":[{"href":"https:\/\/conadi.gob.gt\/web\/wp-json\/wp\/v2\/types\/post"}],"author":[{"embeddable":true,"href":"https:\/\/conadi.gob.gt\/web\/wp-json\/wp\/v2\/users\/12"}],"replies":[{"embeddable":true,"href":"https:\/\/conadi.gob.gt\/web\/wp-json\/wp\/v2\/comments?post=16004"}],"version-history":[{"count":3,"href":"https:\/\/conadi.gob.gt\/web\/wp-json\/wp\/v2\/posts\/16004\/revisions"}],"predecessor-version":[{"id":16018,"href":"https:\/\/conadi.gob.gt\/web\/wp-json\/wp\/v2\/posts\/16004\/revisions\/16018"}],"wp:featuredmedia":[{"embeddable":true,"href":"https:\/\/conadi.gob.gt\/web\/wp-json\/wp\/v2\/media\/16006"}],"wp:attachment":[{"href":"https:\/\/conadi.gob.gt\/web\/wp-json\/wp\/v2\/media?parent=16004"}],"wp:term":[{"taxonomy":"category","embeddable":true,"href":"https:\/\/conadi.gob.gt\/web\/wp-json\/wp\/v2\/categories?post=16004"},{"taxonomy":"post_tag","embeddable":true,"href":"https:\/\/conadi.gob.gt\/web\/wp-json\/wp\/v2\/tags?post=16004"}],"curies":[{"name":"wp","href":"https:\/\/api.w.org\/{rel}","templated":true}]}}