{"id":16100,"date":"2024-09-06T21:41:29","date_gmt":"2024-09-06T21:41:29","guid":{"rendered":"https:\/\/conadi.gob.gt\/web\/?p=16100"},"modified":"2024-09-06T21:42:07","modified_gmt":"2024-09-06T21:42:07","slug":"conadi-socializa-su-particacion-en-los-codedes","status":"publish","type":"post","link":"https:\/\/conadi.gob.gt\/web\/conadi-socializa-su-particacion-en-los-codedes\/","title":{"rendered":"CONADI SOCIALIZA SU PARTICACI\u00d3N EN LOS CODEDES,TRAS LA DEL ACUERDO GUBERTANIVO 137-2024"},"content":{"rendered":"\n<p>El Consejo Nacional para la Atenci\u00f3n de las Personas con Discapacidad (CONADI) realiz\u00f3 una conferencia de prensa para socializar la aprobaci\u00f3n del Acuerdo Gubernativo 137-2024, que establece la participaci\u00f3n de la instituci\u00f3n en los Consejos Departamentales de Desarrollo Urbano y Rural (CODEDE) a nivel nacional. Esta medida busca promover acciones en beneficio de las personas con discapacidad en Guatemala.<\/p>\n\n\n\n<figure class=\"wp-block-image size-large\"><img loading=\"lazy\" decoding=\"async\" width=\"1024\" height=\"683\" src=\"https:\/\/conadi.gob.gt\/web\/wp-content\/uploads\/2024\/09\/IMG_9771-1024x683.jpg\" alt=\"\" class=\"wp-image-16101\" srcset=\"https:\/\/conadi.gob.gt\/web\/wp-content\/uploads\/2024\/09\/IMG_9771-1024x683.jpg 1024w, https:\/\/conadi.gob.gt\/web\/wp-content\/uploads\/2024\/09\/IMG_9771-300x200.jpg 300w, https:\/\/conadi.gob.gt\/web\/wp-content\/uploads\/2024\/09\/IMG_9771-768x512.jpg 768w, https:\/\/conadi.gob.gt\/web\/wp-content\/uploads\/2024\/09\/IMG_9771-1536x1024.jpg 1536w, https:\/\/conadi.gob.gt\/web\/wp-content\/uploads\/2024\/09\/IMG_9771-2048x1365.jpg 2048w, https:\/\/conadi.gob.gt\/web\/wp-content\/uploads\/2024\/09\/IMG_9771-2000x1333.jpg 2000w\" sizes=\"auto, (max-width: 1024px) 100vw, 1024px\" \/><\/figure>\n\n\n\n<p>Durante la conferencia, Ricardo Echeverr\u00eda, delegado departamental de CONADI, explic\u00f3 el rol de los delegados a nivel departamental y regional, destacando su labor en cada uno de los departamentos para contribuir a una Guatemala m\u00e1s inclusiva. Por su parte, Maite Avila, Asesora Jur\u00eddica del CONADI, present\u00f3 la visi\u00f3n legal de la representaci\u00f3n del Consejo en los CODEDES. Beatriz Orantes, jefa del Servicio Nacional de Discapacidad, resalt\u00f3 la importancia de esta incidencia para una inclusi\u00f3n integral de las personas con discapacidad.<\/p>\n\n\n\n<div class=\"wp-block-columns is-layout-flex wp-container-core-columns-is-layout-28f84493 wp-block-columns-is-layout-flex\">\n<div class=\"wp-block-column is-layout-flow wp-block-column-is-layout-flow\">\n<figure class=\"wp-block-image size-large\"><img loading=\"lazy\" decoding=\"async\" width=\"1024\" height=\"683\" src=\"https:\/\/conadi.gob.gt\/web\/wp-content\/uploads\/2024\/09\/IMG_9727-1024x683.jpg\" alt=\"\" class=\"wp-image-16102\" srcset=\"https:\/\/conadi.gob.gt\/web\/wp-content\/uploads\/2024\/09\/IMG_9727-1024x683.jpg 1024w, https:\/\/conadi.gob.gt\/web\/wp-content\/uploads\/2024\/09\/IMG_9727-300x200.jpg 300w, https:\/\/conadi.gob.gt\/web\/wp-content\/uploads\/2024\/09\/IMG_9727-768x512.jpg 768w, https:\/\/conadi.gob.gt\/web\/wp-content\/uploads\/2024\/09\/IMG_9727-1536x1024.jpg 1536w, https:\/\/conadi.gob.gt\/web\/wp-content\/uploads\/2024\/09\/IMG_9727-2048x1365.jpg 2048w\" sizes=\"auto, (max-width: 1024px) 100vw, 1024px\" \/><\/figure>\n<\/div>\n\n\n\n<div class=\"wp-block-column is-layout-flow wp-block-column-is-layout-flow\">\n<figure class=\"wp-block-image size-large\"><img loading=\"lazy\" decoding=\"async\" width=\"1024\" height=\"886\" src=\"https:\/\/conadi.gob.gt\/web\/wp-content\/uploads\/2024\/09\/IMG_9676-copia-1024x886.jpg\" alt=\"\" class=\"wp-image-16103\" srcset=\"https:\/\/conadi.gob.gt\/web\/wp-content\/uploads\/2024\/09\/IMG_9676-copia-1024x886.jpg 1024w, https:\/\/conadi.gob.gt\/web\/wp-content\/uploads\/2024\/09\/IMG_9676-copia-300x260.jpg 300w, https:\/\/conadi.gob.gt\/web\/wp-content\/uploads\/2024\/09\/IMG_9676-copia-768x665.jpg 768w, https:\/\/conadi.gob.gt\/web\/wp-content\/uploads\/2024\/09\/IMG_9676-copia.jpg 1487w\" sizes=\"auto, (max-width: 1024px) 100vw, 1024px\" \/><\/figure>\n<\/div>\n\n\n\n<div class=\"wp-block-column is-layout-flow wp-block-column-is-layout-flow\">\n<figure class=\"wp-block-image size-large\"><img loading=\"lazy\" decoding=\"async\" width=\"1024\" height=\"668\" src=\"https:\/\/conadi.gob.gt\/web\/wp-content\/uploads\/2024\/09\/IMG_9664-1024x668.jpg\" alt=\"\" class=\"wp-image-16104\" srcset=\"https:\/\/conadi.gob.gt\/web\/wp-content\/uploads\/2024\/09\/IMG_9664-1024x668.jpg 1024w, https:\/\/conadi.gob.gt\/web\/wp-content\/uploads\/2024\/09\/IMG_9664-300x196.jpg 300w, https:\/\/conadi.gob.gt\/web\/wp-content\/uploads\/2024\/09\/IMG_9664-768x501.jpg 768w, https:\/\/conadi.gob.gt\/web\/wp-content\/uploads\/2024\/09\/IMG_9664-1536x1003.jpg 1536w, https:\/\/conadi.gob.gt\/web\/wp-content\/uploads\/2024\/09\/IMG_9664-2048x1337.jpg 2048w, https:\/\/conadi.gob.gt\/web\/wp-content\/uploads\/2024\/09\/IMG_9664-2000x1306.jpg 2000w\" sizes=\"auto, (max-width: 1024px) 100vw, 1024px\" \/><\/figure>\n<\/div>\n<\/div>\n\n\n\n<p>Asimismo, Benjam\u00edn Letona, representante de la direcci\u00f3n del Consejo de Desarrollo de la Secretar\u00eda de Coordinaci\u00f3n Ejecutiva de la Presidencia (SCEP), enfatiz\u00f3 la necesidad de incluir a todos los sectores de la poblaci\u00f3n en los Consejos para atender las demandas de la ciudadan\u00eda.<\/p>\n\n\n\n<p>Por \u00faltimo, Clarivel Castillo, presidenta de la Junta Directiva del CONADI, agradeci\u00f3 al presidente Bernardo Ar\u00e9valo por la aprobaci\u00f3n del Acuerdo, se\u00f1alando que el CONADI participar\u00e1 en todas las reuniones de los CODEDES a trav\u00e9s de sus delegados departamentales, con el objetivo de generar acciones concretas en beneficio de la poblaci\u00f3n con discapacidad en todo el pa\u00eds.<\/p>\n\n\n\n<div class=\"wp-block-columns is-layout-flex wp-container-core-columns-is-layout-28f84493 wp-block-columns-is-layout-flex\">\n<div class=\"wp-block-column is-layout-flow wp-block-column-is-layout-flow\"><\/div>\n\n\n\n<div class=\"wp-block-column is-layout-flow wp-block-column-is-layout-flow\"><\/div>\n<\/div>\n","protected":false},"excerpt":{"rendered":"<p>El Consejo Nacional para la Atenci\u00f3n de las Personas con Discapacidad (CONADI) realiz\u00f3 una conferencia de prensa para socializar la aprobaci\u00f3n del Acuerdo Gubernativo 137-2024, que establece la participaci\u00f3n de la instituci\u00f3n en los Consejos Departamentales de Desarrollo Urbano y Rural (CODEDE) a nivel nacional. Esta medida busca promover acciones en beneficio de las personas &hellip; <\/p>\n<p class=\"link-more\"><a href=\"https:\/\/conadi.gob.gt\/web\/conadi-socializa-su-particacion-en-los-codedes\/\" class=\"more-link\">Leer m\u00e1s<span class=\"screen-reader-text\"> \u00abCONADI SOCIALIZA SU PARTICACI\u00d3N EN LOS CODEDES,TRAS LA DEL ACUERDO GUBERTANIVO 137-2024\u00bb<\/span><\/a><\/p>\n","protected":false},"author":12,"featured_media":16101,"comment_status":"closed","ping_status":"closed","sticky":false,"template":"","format":"standard","meta":{"footnotes":""},"categories":[3],"tags":[],"class_list":["post-16100","post","type-post","status-publish","format-standard","has-post-thumbnail","hentry","category-noticias"],"_links":{"self":[{"href":"https:\/\/conadi.gob.gt\/web\/wp-json\/wp\/v2\/posts\/16100","targetHints":{"allow":["GET"]}}],"collection":[{"href":"https:\/\/conadi.gob.gt\/web\/wp-json\/wp\/v2\/posts"}],"about":[{"href":"https:\/\/conadi.gob.gt\/web\/wp-json\/wp\/v2\/types\/post"}],"author":[{"embeddable":true,"href":"https:\/\/conadi.gob.gt\/web\/wp-json\/wp\/v2\/users\/12"}],"replies":[{"embeddable":true,"href":"https:\/\/conadi.gob.gt\/web\/wp-json\/wp\/v2\/comments?post=16100"}],"version-history":[{"count":1,"href":"https:\/\/conadi.gob.gt\/web\/wp-json\/wp\/v2\/posts\/16100\/revisions"}],"predecessor-version":[{"id":16107,"href":"https:\/\/conadi.gob.gt\/web\/wp-json\/wp\/v2\/posts\/16100\/revisions\/16107"}],"wp:featuredmedia":[{"embeddable":true,"href":"https:\/\/conadi.gob.gt\/web\/wp-json\/wp\/v2\/media\/16101"}],"wp:attachment":[{"href":"https:\/\/conadi.gob.gt\/web\/wp-json\/wp\/v2\/media?parent=16100"}],"wp:term":[{"taxonomy":"category","embeddable":true,"href":"https:\/\/conadi.gob.gt\/web\/wp-json\/wp\/v2\/categories?post=16100"},{"taxonomy":"post_tag","embeddable":true,"href":"https:\/\/conadi.gob.gt\/web\/wp-json\/wp\/v2\/tags?post=16100"}],"curies":[{"name":"wp","href":"https:\/\/api.w.org\/{rel}","templated":true}]}}