{"id":16111,"date":"2024-09-06T22:29:28","date_gmt":"2024-09-06T22:29:28","guid":{"rendered":"https:\/\/conadi.gob.gt\/web\/?p=16111"},"modified":"2024-09-06T22:29:29","modified_gmt":"2024-09-06T22:29:29","slug":"socializacion-de-la-2da-edicion-de-la-revista-de-datos-estadisticos-de-personas-con-discapacidad","status":"publish","type":"post","link":"https:\/\/conadi.gob.gt\/web\/socializacion-de-la-2da-edicion-de-la-revista-de-datos-estadisticos-de-personas-con-discapacidad\/","title":{"rendered":"SOCIALIZACI\u00d3N DE LA 2DA EDICI\u00d3N DE LA REVISTA DE DATOS ESTAD\u00cdSTICOS DE PERSONAS CON DISCAPACIDAD"},"content":{"rendered":"\n<p>El Consejo Nacional para la Atenci\u00f3n de las Personas con Discapacidad (CONADI) realiz\u00f3 la presentaci\u00f3n de la segunda edici\u00f3n de la Revista de Datos Estad\u00edsticos de Personas con Discapacidad, un documento que contiene proyecciones basadas en el XIII Censo de Poblaci\u00f3n y VII de Vivienda a nivel nacional. El evento cont\u00f3 con la participaci\u00f3n de especialistas en el tema de recolecci\u00f3n de datos y planificaci\u00f3n.<\/p>\n\n\n\n<figure class=\"wp-block-image size-large\"><img loading=\"lazy\" decoding=\"async\" width=\"1024\" height=\"683\" src=\"https:\/\/conadi.gob.gt\/web\/wp-content\/uploads\/2024\/09\/IMG_7483-1024x683.jpg\" alt=\"\" class=\"wp-image-16112\" srcset=\"https:\/\/conadi.gob.gt\/web\/wp-content\/uploads\/2024\/09\/IMG_7483-1024x683.jpg 1024w, https:\/\/conadi.gob.gt\/web\/wp-content\/uploads\/2024\/09\/IMG_7483-300x200.jpg 300w, https:\/\/conadi.gob.gt\/web\/wp-content\/uploads\/2024\/09\/IMG_7483-768x512.jpg 768w, https:\/\/conadi.gob.gt\/web\/wp-content\/uploads\/2024\/09\/IMG_7483-1536x1024.jpg 1536w, https:\/\/conadi.gob.gt\/web\/wp-content\/uploads\/2024\/09\/IMG_7483-scaled-2000x1334.jpg 2000w\" sizes=\"auto, (max-width: 1024px) 100vw, 1024px\" \/><\/figure>\n\n\n\n<p>Durante la socializaci\u00f3n, Junior Alca Torres, t\u00e9cnico de An\u00e1lisis y Datos Estad\u00edsticos del CONADI, expuso sobre el marco normativo que rige al Consejo, destacando la importancia de las pol\u00edticas p\u00fablicas orientadas a este sector de la poblaci\u00f3n. Por su parte, Thanali Patruyo, Oficial de no dejar a nadie atr\u00e1s del Fondo de Poblaci\u00f3n de las Naciones Unidas (UNFPA), abord\u00f3 la relevancia del uso del set corto del Washington Group, una herramienta clave para la obtenci\u00f3n de datos estad\u00edsticos precisos sobre personas con discapacidad.<\/p>\n\n\n\n<div class=\"wp-block-columns is-layout-flex wp-container-core-columns-is-layout-28f84493 wp-block-columns-is-layout-flex\">\n<div class=\"wp-block-column is-layout-flow wp-block-column-is-layout-flow\">\n<figure class=\"wp-block-image size-large\"><img loading=\"lazy\" decoding=\"async\" width=\"1024\" height=\"683\" src=\"https:\/\/conadi.gob.gt\/web\/wp-content\/uploads\/2024\/09\/IMG_7564-1024x683.jpg\" alt=\"\" class=\"wp-image-16113\" srcset=\"https:\/\/conadi.gob.gt\/web\/wp-content\/uploads\/2024\/09\/IMG_7564-1024x683.jpg 1024w, https:\/\/conadi.gob.gt\/web\/wp-content\/uploads\/2024\/09\/IMG_7564-300x200.jpg 300w, https:\/\/conadi.gob.gt\/web\/wp-content\/uploads\/2024\/09\/IMG_7564-768x512.jpg 768w, https:\/\/conadi.gob.gt\/web\/wp-content\/uploads\/2024\/09\/IMG_7564-1536x1024.jpg 1536w\" sizes=\"auto, (max-width: 1024px) 100vw, 1024px\" \/><\/figure>\n<\/div>\n\n\n\n<div class=\"wp-block-column is-layout-flow wp-block-column-is-layout-flow\">\n<figure class=\"wp-block-image size-large\"><img loading=\"lazy\" decoding=\"async\" width=\"1024\" height=\"683\" src=\"https:\/\/conadi.gob.gt\/web\/wp-content\/uploads\/2024\/09\/IMG_7589-1024x683.jpg\" alt=\"\" class=\"wp-image-16114\" srcset=\"https:\/\/conadi.gob.gt\/web\/wp-content\/uploads\/2024\/09\/IMG_7589-1024x683.jpg 1024w, https:\/\/conadi.gob.gt\/web\/wp-content\/uploads\/2024\/09\/IMG_7589-300x200.jpg 300w, https:\/\/conadi.gob.gt\/web\/wp-content\/uploads\/2024\/09\/IMG_7589-768x512.jpg 768w, https:\/\/conadi.gob.gt\/web\/wp-content\/uploads\/2024\/09\/IMG_7589-1536x1024.jpg 1536w\" sizes=\"auto, (max-width: 1024px) 100vw, 1024px\" \/><\/figure>\n<\/div>\n<\/div>\n\n\n\n<p>Adem\u00e1s, Alex Tzib, jefe de Planificaci\u00f3n e Investigaci\u00f3n estad\u00edstica de CONADI, destac\u00f3 el proceso detr\u00e1s de la elaboraci\u00f3n de esta segunda edici\u00f3n de la revista y subray\u00f3 la importancia de generar estad\u00edsticas que permitan desarrollar acciones espec\u00edficas en beneficio de las personas con discapacidad en Guatemala. Como parte de la actividad, se presentaron videos accesibles que explicaban el contenido de la revista. En su intervenci\u00f3n, la presidenta de CONADI, Clarivel Castillo, reafirm\u00f3 la importancia de contar con datos estad\u00edsticos actualizados sobre personas con discapacidad. Adem\u00e1s, expres\u00f3 su agradecimiento a las agencias de las Naciones Unidas por su apoyo en la elaboraci\u00f3n del documento, resaltando que esta informaci\u00f3n es clave para dise\u00f1ar e implementar pol\u00edticas inclusivas a nivel nacional.<\/p>\n\n\n\n<div class=\"wp-block-columns is-layout-flex wp-container-core-columns-is-layout-28f84493 wp-block-columns-is-layout-flex\">\n<div class=\"wp-block-column is-layout-flow wp-block-column-is-layout-flow\">\n<figure class=\"wp-block-image size-large\"><img loading=\"lazy\" decoding=\"async\" width=\"1024\" height=\"683\" src=\"https:\/\/conadi.gob.gt\/web\/wp-content\/uploads\/2024\/09\/IMG_7675-1024x683.jpg\" alt=\"\" class=\"wp-image-16115\" srcset=\"https:\/\/conadi.gob.gt\/web\/wp-content\/uploads\/2024\/09\/IMG_7675-1024x683.jpg 1024w, https:\/\/conadi.gob.gt\/web\/wp-content\/uploads\/2024\/09\/IMG_7675-300x200.jpg 300w, https:\/\/conadi.gob.gt\/web\/wp-content\/uploads\/2024\/09\/IMG_7675-768x512.jpg 768w, https:\/\/conadi.gob.gt\/web\/wp-content\/uploads\/2024\/09\/IMG_7675-1536x1024.jpg 1536w\" sizes=\"auto, (max-width: 1024px) 100vw, 1024px\" \/><\/figure>\n<\/div>\n\n\n\n<div class=\"wp-block-column is-layout-flow wp-block-column-is-layout-flow\">\n<figure class=\"wp-block-image size-large\"><img loading=\"lazy\" decoding=\"async\" width=\"1024\" height=\"683\" src=\"https:\/\/conadi.gob.gt\/web\/wp-content\/uploads\/2024\/09\/IMG_7708-1024x683.jpg\" alt=\"\" class=\"wp-image-16116\" srcset=\"https:\/\/conadi.gob.gt\/web\/wp-content\/uploads\/2024\/09\/IMG_7708-1024x683.jpg 1024w, https:\/\/conadi.gob.gt\/web\/wp-content\/uploads\/2024\/09\/IMG_7708-300x200.jpg 300w, https:\/\/conadi.gob.gt\/web\/wp-content\/uploads\/2024\/09\/IMG_7708-768x512.jpg 768w, https:\/\/conadi.gob.gt\/web\/wp-content\/uploads\/2024\/09\/IMG_7708-1536x1024.jpg 1536w\" sizes=\"auto, (max-width: 1024px) 100vw, 1024px\" \/><\/figure>\n<\/div>\n\n\n\n<div class=\"wp-block-column is-layout-flow wp-block-column-is-layout-flow\">\n<figure class=\"wp-block-image size-large\"><img loading=\"lazy\" decoding=\"async\" width=\"1024\" height=\"683\" src=\"https:\/\/conadi.gob.gt\/web\/wp-content\/uploads\/2024\/09\/IMG_7702-1024x683.jpg\" alt=\"\" class=\"wp-image-16117\" srcset=\"https:\/\/conadi.gob.gt\/web\/wp-content\/uploads\/2024\/09\/IMG_7702-1024x683.jpg 1024w, https:\/\/conadi.gob.gt\/web\/wp-content\/uploads\/2024\/09\/IMG_7702-300x200.jpg 300w, https:\/\/conadi.gob.gt\/web\/wp-content\/uploads\/2024\/09\/IMG_7702-768x512.jpg 768w, https:\/\/conadi.gob.gt\/web\/wp-content\/uploads\/2024\/09\/IMG_7702-1536x1024.jpg 1536w\" sizes=\"auto, (max-width: 1024px) 100vw, 1024px\" \/><\/figure>\n<\/div>\n<\/div>\n\n\n\n<p>Este evento es el inicio de una gira que de socializaci\u00f3n por el interior del pa\u00eds que incluir\u00e1 a los departamentos de Jalapa. Quetzaltenango, Chimaltenango y Puerto Barrios generando as\u00ed concientizaci\u00f3n en el dise\u00f1o de estrategias inclusivas en Guatemala, permitiendo que las personas con discapacidad sean consideradas de manera integral en los planes de desarrollo\u00a0del\u00a0pa\u00eds.<\/p>\n\n\n\n<div class=\"wp-block-columns is-layout-flex wp-container-core-columns-is-layout-28f84493 wp-block-columns-is-layout-flex\">\n<div class=\"wp-block-column is-layout-flow wp-block-column-is-layout-flow\">\n<figure class=\"wp-block-image size-large\"><img loading=\"lazy\" decoding=\"async\" width=\"1024\" height=\"683\" src=\"https:\/\/conadi.gob.gt\/web\/wp-content\/uploads\/2024\/09\/IMG_7630-1024x683.jpg\" alt=\"\" class=\"wp-image-16118\" srcset=\"https:\/\/conadi.gob.gt\/web\/wp-content\/uploads\/2024\/09\/IMG_7630-1024x683.jpg 1024w, https:\/\/conadi.gob.gt\/web\/wp-content\/uploads\/2024\/09\/IMG_7630-300x200.jpg 300w, https:\/\/conadi.gob.gt\/web\/wp-content\/uploads\/2024\/09\/IMG_7630-768x512.jpg 768w, https:\/\/conadi.gob.gt\/web\/wp-content\/uploads\/2024\/09\/IMG_7630-1536x1024.jpg 1536w\" sizes=\"auto, (max-width: 1024px) 100vw, 1024px\" \/><\/figure>\n<\/div>\n\n\n\n<div class=\"wp-block-column is-layout-flow wp-block-column-is-layout-flow\">\n<figure class=\"wp-block-image size-large\"><img loading=\"lazy\" decoding=\"async\" width=\"1024\" height=\"683\" src=\"https:\/\/conadi.gob.gt\/web\/wp-content\/uploads\/2024\/09\/IMG_7667-1024x683.jpg\" alt=\"\" class=\"wp-image-16119\" srcset=\"https:\/\/conadi.gob.gt\/web\/wp-content\/uploads\/2024\/09\/IMG_7667-1024x683.jpg 1024w, https:\/\/conadi.gob.gt\/web\/wp-content\/uploads\/2024\/09\/IMG_7667-300x200.jpg 300w, https:\/\/conadi.gob.gt\/web\/wp-content\/uploads\/2024\/09\/IMG_7667-768x512.jpg 768w, https:\/\/conadi.gob.gt\/web\/wp-content\/uploads\/2024\/09\/IMG_7667-1536x1024.jpg 1536w\" sizes=\"auto, (max-width: 1024px) 100vw, 1024px\" \/><\/figure>\n<\/div>\n\n\n\n<div class=\"wp-block-column is-layout-flow wp-block-column-is-layout-flow\">\n<figure class=\"wp-block-image size-large\"><img loading=\"lazy\" decoding=\"async\" width=\"1024\" height=\"683\" src=\"https:\/\/conadi.gob.gt\/web\/wp-content\/uploads\/2024\/09\/IMG_7669-1024x683.jpg\" alt=\"\" class=\"wp-image-16120\" srcset=\"https:\/\/conadi.gob.gt\/web\/wp-content\/uploads\/2024\/09\/IMG_7669-1024x683.jpg 1024w, https:\/\/conadi.gob.gt\/web\/wp-content\/uploads\/2024\/09\/IMG_7669-300x200.jpg 300w, https:\/\/conadi.gob.gt\/web\/wp-content\/uploads\/2024\/09\/IMG_7669-768x512.jpg 768w, https:\/\/conadi.gob.gt\/web\/wp-content\/uploads\/2024\/09\/IMG_7669-1536x1024.jpg 1536w\" sizes=\"auto, (max-width: 1024px) 100vw, 1024px\" \/><\/figure>\n<\/div>\n<\/div>\n","protected":false},"excerpt":{"rendered":"<p>El Consejo Nacional para la Atenci\u00f3n de las Personas con Discapacidad (CONADI) realiz\u00f3 la presentaci\u00f3n de la segunda edici\u00f3n de la Revista de Datos Estad\u00edsticos de Personas con Discapacidad, un documento que contiene proyecciones basadas en el XIII Censo de Poblaci\u00f3n y VII de Vivienda a nivel nacional. El evento cont\u00f3 con la participaci\u00f3n de &hellip; <\/p>\n<p class=\"link-more\"><a href=\"https:\/\/conadi.gob.gt\/web\/socializacion-de-la-2da-edicion-de-la-revista-de-datos-estadisticos-de-personas-con-discapacidad\/\" class=\"more-link\">Leer m\u00e1s<span class=\"screen-reader-text\"> \u00abSOCIALIZACI\u00d3N DE LA 2DA EDICI\u00d3N DE LA REVISTA DE DATOS ESTAD\u00cdSTICOS DE PERSONAS CON DISCAPACIDAD\u00bb<\/span><\/a><\/p>\n","protected":false},"author":12,"featured_media":16112,"comment_status":"closed","ping_status":"closed","sticky":false,"template":"","format":"standard","meta":{"footnotes":""},"categories":[3],"tags":[],"class_list":["post-16111","post","type-post","status-publish","format-standard","has-post-thumbnail","hentry","category-noticias"],"_links":{"self":[{"href":"https:\/\/conadi.gob.gt\/web\/wp-json\/wp\/v2\/posts\/16111","targetHints":{"allow":["GET"]}}],"collection":[{"href":"https:\/\/conadi.gob.gt\/web\/wp-json\/wp\/v2\/posts"}],"about":[{"href":"https:\/\/conadi.gob.gt\/web\/wp-json\/wp\/v2\/types\/post"}],"author":[{"embeddable":true,"href":"https:\/\/conadi.gob.gt\/web\/wp-json\/wp\/v2\/users\/12"}],"replies":[{"embeddable":true,"href":"https:\/\/conadi.gob.gt\/web\/wp-json\/wp\/v2\/comments?post=16111"}],"version-history":[{"count":1,"href":"https:\/\/conadi.gob.gt\/web\/wp-json\/wp\/v2\/posts\/16111\/revisions"}],"predecessor-version":[{"id":16121,"href":"https:\/\/conadi.gob.gt\/web\/wp-json\/wp\/v2\/posts\/16111\/revisions\/16121"}],"wp:featuredmedia":[{"embeddable":true,"href":"https:\/\/conadi.gob.gt\/web\/wp-json\/wp\/v2\/media\/16112"}],"wp:attachment":[{"href":"https:\/\/conadi.gob.gt\/web\/wp-json\/wp\/v2\/media?parent=16111"}],"wp:term":[{"taxonomy":"category","embeddable":true,"href":"https:\/\/conadi.gob.gt\/web\/wp-json\/wp\/v2\/categories?post=16111"},{"taxonomy":"post_tag","embeddable":true,"href":"https:\/\/conadi.gob.gt\/web\/wp-json\/wp\/v2\/tags?post=16111"}],"curies":[{"name":"wp","href":"https:\/\/api.w.org\/{rel}","templated":true}]}}