{"id":16183,"date":"2024-10-08T15:58:17","date_gmt":"2024-10-08T15:58:17","guid":{"rendered":"https:\/\/conadi.gob.gt\/web\/?p=16183"},"modified":"2024-10-08T18:10:46","modified_gmt":"2024-10-08T18:10:46","slug":"feria-del-empleo-conectando-capacidades","status":"publish","type":"post","link":"https:\/\/conadi.gob.gt\/web\/feria-del-empleo-conectando-capacidades\/","title":{"rendered":"Feria del Empleo \u201cConectando Capacidades\u201c: Un Paso hacia una Guatemala M\u00e1s Inclusiva"},"content":{"rendered":"\n<p>Nestl\u00e9 Guatemala, en colaboraci\u00f3n con el Ministerio de Trabajo y Asistencia Social (MINTRAB), el Consejo Nacional para la Atenci\u00f3n de las Personas con Discapacidad (CONADI), CentraRSE por Guatemala y Open Marketing Corp., llev\u00f3 a cabo con \u00e9xito la Feria de Empleo para Personas con Discapacidad \u201cConectando Capacidades\u201c. Este evento, que reuni\u00f3 a decenas de personas con discapacidad en busca de oportunidades laborales, se convirti\u00f3 en un hito en la promoci\u00f3n de la inclusi\u00f3n laboral y la diversidad en el \u00e1mbito profesional guatemalteco.<\/p>\n\n\n\n<figure class=\"wp-block-image size-large\"><img loading=\"lazy\" decoding=\"async\" width=\"1024\" height=\"683\" src=\"https:\/\/conadi.gob.gt\/web\/wp-content\/uploads\/2024\/10\/WhatsApp-Image-2024-10-08-at-09.44.37-1024x683.jpeg\" alt=\"\" class=\"wp-image-16197\" srcset=\"https:\/\/conadi.gob.gt\/web\/wp-content\/uploads\/2024\/10\/WhatsApp-Image-2024-10-08-at-09.44.37-1024x683.jpeg 1024w, https:\/\/conadi.gob.gt\/web\/wp-content\/uploads\/2024\/10\/WhatsApp-Image-2024-10-08-at-09.44.37-300x200.jpeg 300w, https:\/\/conadi.gob.gt\/web\/wp-content\/uploads\/2024\/10\/WhatsApp-Image-2024-10-08-at-09.44.37-768x512.jpeg 768w, https:\/\/conadi.gob.gt\/web\/wp-content\/uploads\/2024\/10\/WhatsApp-Image-2024-10-08-at-09.44.37-1536x1024.jpeg 1536w, https:\/\/conadi.gob.gt\/web\/wp-content\/uploads\/2024\/10\/WhatsApp-Image-2024-10-08-at-09.44.37.jpeg 1600w\" sizes=\"auto, (max-width: 1024px) 100vw, 1024px\" \/><\/figure>\n\n\n\n<div class=\"wp-block-columns is-layout-flex wp-container-core-columns-is-layout-28f84493 wp-block-columns-is-layout-flex\">\n<div class=\"wp-block-column is-layout-flow wp-block-column-is-layout-flow\">\n<figure class=\"wp-block-image size-large\"><img loading=\"lazy\" decoding=\"async\" width=\"1024\" height=\"683\" src=\"https:\/\/conadi.gob.gt\/web\/wp-content\/uploads\/2024\/10\/WhatsApp-Image-2024-10-08-at-09.44.47-1-1024x683.jpeg\" alt=\"\" class=\"wp-image-16195\" srcset=\"https:\/\/conadi.gob.gt\/web\/wp-content\/uploads\/2024\/10\/WhatsApp-Image-2024-10-08-at-09.44.47-1-1024x683.jpeg 1024w, https:\/\/conadi.gob.gt\/web\/wp-content\/uploads\/2024\/10\/WhatsApp-Image-2024-10-08-at-09.44.47-1-300x200.jpeg 300w, https:\/\/conadi.gob.gt\/web\/wp-content\/uploads\/2024\/10\/WhatsApp-Image-2024-10-08-at-09.44.47-1-768x512.jpeg 768w, https:\/\/conadi.gob.gt\/web\/wp-content\/uploads\/2024\/10\/WhatsApp-Image-2024-10-08-at-09.44.47-1-1536x1024.jpeg 1536w, https:\/\/conadi.gob.gt\/web\/wp-content\/uploads\/2024\/10\/WhatsApp-Image-2024-10-08-at-09.44.47-1.jpeg 1600w\" sizes=\"auto, (max-width: 1024px) 100vw, 1024px\" \/><\/figure>\n<\/div>\n\n\n\n<div class=\"wp-block-column is-layout-flow wp-block-column-is-layout-flow\">\n<figure class=\"wp-block-image size-large\"><img loading=\"lazy\" decoding=\"async\" width=\"1024\" height=\"682\" src=\"https:\/\/conadi.gob.gt\/web\/wp-content\/uploads\/2024\/10\/WhatsApp-Image-2024-10-08-at-11.44.32-1024x682.jpeg\" alt=\"\" class=\"wp-image-16209\" srcset=\"https:\/\/conadi.gob.gt\/web\/wp-content\/uploads\/2024\/10\/WhatsApp-Image-2024-10-08-at-11.44.32-1024x682.jpeg 1024w, https:\/\/conadi.gob.gt\/web\/wp-content\/uploads\/2024\/10\/WhatsApp-Image-2024-10-08-at-11.44.32-300x200.jpeg 300w, https:\/\/conadi.gob.gt\/web\/wp-content\/uploads\/2024\/10\/WhatsApp-Image-2024-10-08-at-11.44.32-768x512.jpeg 768w, https:\/\/conadi.gob.gt\/web\/wp-content\/uploads\/2024\/10\/WhatsApp-Image-2024-10-08-at-11.44.32-1536x1023.jpeg 1536w, https:\/\/conadi.gob.gt\/web\/wp-content\/uploads\/2024\/10\/WhatsApp-Image-2024-10-08-at-11.44.32.jpeg 1600w\" sizes=\"auto, (max-width: 1024px) 100vw, 1024px\" \/><\/figure>\n<\/div>\n<\/div>\n\n\n\n<p>Previo a la feria, se realiz\u00f3 un acto inaugural que cont\u00f3 con la participaci\u00f3n de destacadas personalidades del sector empresarial, gubernamental y de la sociedad civil. Patricio Astolfi, Director General de Nestl\u00e9 Guatemala, enfatiz\u00f3 la importancia de la diversidad como motor de crecimiento para las empresas y la sociedad en su conjunto. \u201cEstamos convencidos de que la diversidad es la fuente de fortaleza para cualquier empresa y cualquier sociedad. Hoy queremos dar un paso firme hacia una Guatemala m\u00e1s inclusiva, donde las barreras se derriben para permitir que todas las personas aporten su talento y sus capacidades\u201c, afirm\u00f3 Astolfi.<\/p>\n\n\n\n<figure class=\"wp-block-image size-large\"><img loading=\"lazy\" decoding=\"async\" width=\"1024\" height=\"683\" src=\"https:\/\/conadi.gob.gt\/web\/wp-content\/uploads\/2024\/10\/WhatsApp-Image-2024-10-08-at-09.44.35-1-1024x683.jpeg\" alt=\"\" class=\"wp-image-16186\" srcset=\"https:\/\/conadi.gob.gt\/web\/wp-content\/uploads\/2024\/10\/WhatsApp-Image-2024-10-08-at-09.44.35-1-1024x683.jpeg 1024w, https:\/\/conadi.gob.gt\/web\/wp-content\/uploads\/2024\/10\/WhatsApp-Image-2024-10-08-at-09.44.35-1-300x200.jpeg 300w, https:\/\/conadi.gob.gt\/web\/wp-content\/uploads\/2024\/10\/WhatsApp-Image-2024-10-08-at-09.44.35-1-768x512.jpeg 768w, https:\/\/conadi.gob.gt\/web\/wp-content\/uploads\/2024\/10\/WhatsApp-Image-2024-10-08-at-09.44.35-1-1536x1024.jpeg 1536w, https:\/\/conadi.gob.gt\/web\/wp-content\/uploads\/2024\/10\/WhatsApp-Image-2024-10-08-at-09.44.35-1.jpeg 1600w\" sizes=\"auto, (max-width: 1024px) 100vw, 1024px\" \/><\/figure>\n\n\n\n<p>Por su parte, Juan Pablo Morataya, Director Ejecutivo de CentraRSE, destac\u00f3 el compromiso de la organizaci\u00f3n con la creaci\u00f3n de espacios donde las personas con discapacidad puedan desarrollarse plenamente. \u201cLa inclusi\u00f3n laboral es un esfuerzo colectivo. Estamos comprometidos en abrir espacios que les permitan desarrollarse plenamente, ya que cada persona tiene un valor \u00fanico que aporta\u201c, expres\u00f3 Morataya.<\/p>\n\n\n\n<figure class=\"wp-block-image size-large\"><img loading=\"lazy\" decoding=\"async\" width=\"1024\" height=\"683\" src=\"https:\/\/conadi.gob.gt\/web\/wp-content\/uploads\/2024\/10\/WhatsApp-Image-2024-10-08-at-09.44.35-1024x683.jpeg\" alt=\"\" class=\"wp-image-16187\" srcset=\"https:\/\/conadi.gob.gt\/web\/wp-content\/uploads\/2024\/10\/WhatsApp-Image-2024-10-08-at-09.44.35-1024x683.jpeg 1024w, https:\/\/conadi.gob.gt\/web\/wp-content\/uploads\/2024\/10\/WhatsApp-Image-2024-10-08-at-09.44.35-300x200.jpeg 300w, https:\/\/conadi.gob.gt\/web\/wp-content\/uploads\/2024\/10\/WhatsApp-Image-2024-10-08-at-09.44.35-768x512.jpeg 768w, https:\/\/conadi.gob.gt\/web\/wp-content\/uploads\/2024\/10\/WhatsApp-Image-2024-10-08-at-09.44.35-1536x1024.jpeg 1536w, https:\/\/conadi.gob.gt\/web\/wp-content\/uploads\/2024\/10\/WhatsApp-Image-2024-10-08-at-09.44.35.jpeg 1600w\" sizes=\"auto, (max-width: 1024px) 100vw, 1024px\" \/><\/figure>\n\n\n\n<p>Mar\u00eda Victoria Claudia Nineth Peneleu, Viceministra de Previsi\u00f3n Social y Empleo, resalt\u00f3 la importancia de esta iniciativa en el cumplimiento de los compromisos internacionales de Guatemala en materia de derechos de las personas con discapacidad. \u201cEsta feria permite generar espacios de interacci\u00f3n y socializaci\u00f3n para promover las buenas pr\u00e1cticas empresariales que permitan la contrataci\u00f3n inclusiva\u201c, afirm\u00f3 Peneleu.<\/p>\n\n\n\n<figure class=\"wp-block-image size-large\"><img loading=\"lazy\" decoding=\"async\" width=\"1024\" height=\"683\" src=\"https:\/\/conadi.gob.gt\/web\/wp-content\/uploads\/2024\/10\/WhatsApp-Image-2024-10-08-at-09.44.36-1024x683.jpeg\" alt=\"\" class=\"wp-image-16188\" srcset=\"https:\/\/conadi.gob.gt\/web\/wp-content\/uploads\/2024\/10\/WhatsApp-Image-2024-10-08-at-09.44.36-1024x683.jpeg 1024w, https:\/\/conadi.gob.gt\/web\/wp-content\/uploads\/2024\/10\/WhatsApp-Image-2024-10-08-at-09.44.36-300x200.jpeg 300w, https:\/\/conadi.gob.gt\/web\/wp-content\/uploads\/2024\/10\/WhatsApp-Image-2024-10-08-at-09.44.36-768x512.jpeg 768w, https:\/\/conadi.gob.gt\/web\/wp-content\/uploads\/2024\/10\/WhatsApp-Image-2024-10-08-at-09.44.36-1536x1024.jpeg 1536w, https:\/\/conadi.gob.gt\/web\/wp-content\/uploads\/2024\/10\/WhatsApp-Image-2024-10-08-at-09.44.36.jpeg 1600w\" sizes=\"auto, (max-width: 1024px) 100vw, 1024px\" \/><\/figure>\n\n\n\n<p><strong><u>Un compromiso\u00a0Conjunto por la Empleabilidad Inclusiva<\/u><\/strong><\/p>\n\n\n\n<p>La ceremonia de inauguraci\u00f3n culmin\u00f3 con el corte de cinta y la firma de un compromiso de empleabilidad inclusiva por parte de m\u00e1s de 20 empresas y 7 organizaciones de la sociedad civil. Este acto reafirm\u00f3 el compromiso de todos los actores involucrados en construir una Guatemala donde el talento no tenga l\u00edmites ni barreras.<\/p>\n\n\n\n<div class=\"wp-block-columns is-layout-flex wp-container-core-columns-is-layout-28f84493 wp-block-columns-is-layout-flex\">\n<div class=\"wp-block-column is-layout-flow wp-block-column-is-layout-flow\">\n<figure class=\"wp-block-image size-large\"><img loading=\"lazy\" decoding=\"async\" width=\"1024\" height=\"683\" src=\"https:\/\/conadi.gob.gt\/web\/wp-content\/uploads\/2024\/10\/WhatsApp-Image-2024-10-08-at-09.44.37-1-1024x683.jpeg\" alt=\"\" class=\"wp-image-16189\" srcset=\"https:\/\/conadi.gob.gt\/web\/wp-content\/uploads\/2024\/10\/WhatsApp-Image-2024-10-08-at-09.44.37-1-1024x683.jpeg 1024w, https:\/\/conadi.gob.gt\/web\/wp-content\/uploads\/2024\/10\/WhatsApp-Image-2024-10-08-at-09.44.37-1-300x200.jpeg 300w, https:\/\/conadi.gob.gt\/web\/wp-content\/uploads\/2024\/10\/WhatsApp-Image-2024-10-08-at-09.44.37-1-768x512.jpeg 768w, https:\/\/conadi.gob.gt\/web\/wp-content\/uploads\/2024\/10\/WhatsApp-Image-2024-10-08-at-09.44.37-1-1536x1024.jpeg 1536w, https:\/\/conadi.gob.gt\/web\/wp-content\/uploads\/2024\/10\/WhatsApp-Image-2024-10-08-at-09.44.37-1.jpeg 1600w\" sizes=\"auto, (max-width: 1024px) 100vw, 1024px\" \/><\/figure>\n<\/div>\n\n\n\n<div class=\"wp-block-column is-layout-flow wp-block-column-is-layout-flow\">\n<figure class=\"wp-block-image size-large\"><img loading=\"lazy\" decoding=\"async\" width=\"1024\" height=\"683\" src=\"https:\/\/conadi.gob.gt\/web\/wp-content\/uploads\/2024\/10\/WhatsApp-Image-2024-10-08-at-09.44.41-1024x683.jpeg\" alt=\"\" class=\"wp-image-16190\" srcset=\"https:\/\/conadi.gob.gt\/web\/wp-content\/uploads\/2024\/10\/WhatsApp-Image-2024-10-08-at-09.44.41-1024x683.jpeg 1024w, https:\/\/conadi.gob.gt\/web\/wp-content\/uploads\/2024\/10\/WhatsApp-Image-2024-10-08-at-09.44.41-300x200.jpeg 300w, https:\/\/conadi.gob.gt\/web\/wp-content\/uploads\/2024\/10\/WhatsApp-Image-2024-10-08-at-09.44.41-768x512.jpeg 768w, https:\/\/conadi.gob.gt\/web\/wp-content\/uploads\/2024\/10\/WhatsApp-Image-2024-10-08-at-09.44.41-1536x1024.jpeg 1536w, https:\/\/conadi.gob.gt\/web\/wp-content\/uploads\/2024\/10\/WhatsApp-Image-2024-10-08-at-09.44.41.jpeg 1600w\" sizes=\"auto, (max-width: 1024px) 100vw, 1024px\" \/><\/figure>\n<\/div>\n\n\n\n<div class=\"wp-block-column is-layout-flow wp-block-column-is-layout-flow\">\n<figure class=\"wp-block-image size-large\"><img loading=\"lazy\" decoding=\"async\" width=\"1024\" height=\"683\" src=\"https:\/\/conadi.gob.gt\/web\/wp-content\/uploads\/2024\/10\/WhatsApp-Image-2024-10-08-at-09.44.43-1024x683.jpeg\" alt=\"\" class=\"wp-image-16191\" srcset=\"https:\/\/conadi.gob.gt\/web\/wp-content\/uploads\/2024\/10\/WhatsApp-Image-2024-10-08-at-09.44.43-1024x683.jpeg 1024w, https:\/\/conadi.gob.gt\/web\/wp-content\/uploads\/2024\/10\/WhatsApp-Image-2024-10-08-at-09.44.43-300x200.jpeg 300w, https:\/\/conadi.gob.gt\/web\/wp-content\/uploads\/2024\/10\/WhatsApp-Image-2024-10-08-at-09.44.43-768x512.jpeg 768w, https:\/\/conadi.gob.gt\/web\/wp-content\/uploads\/2024\/10\/WhatsApp-Image-2024-10-08-at-09.44.43-1536x1024.jpeg 1536w, https:\/\/conadi.gob.gt\/web\/wp-content\/uploads\/2024\/10\/WhatsApp-Image-2024-10-08-at-09.44.43.jpeg 1600w\" sizes=\"auto, (max-width: 1024px) 100vw, 1024px\" \/><\/figure>\n<\/div>\n<\/div>\n\n\n\n<div class=\"wp-block-columns is-layout-flex wp-container-core-columns-is-layout-28f84493 wp-block-columns-is-layout-flex\">\n<div class=\"wp-block-column is-layout-flow wp-block-column-is-layout-flow\">\n<figure class=\"wp-block-image size-large\"><img loading=\"lazy\" decoding=\"async\" width=\"1024\" height=\"683\" src=\"https:\/\/conadi.gob.gt\/web\/wp-content\/uploads\/2024\/10\/WhatsApp-Image-2024-10-08-at-09.44.46-1024x683.jpeg\" alt=\"\" class=\"wp-image-16192\" srcset=\"https:\/\/conadi.gob.gt\/web\/wp-content\/uploads\/2024\/10\/WhatsApp-Image-2024-10-08-at-09.44.46-1024x683.jpeg 1024w, https:\/\/conadi.gob.gt\/web\/wp-content\/uploads\/2024\/10\/WhatsApp-Image-2024-10-08-at-09.44.46-300x200.jpeg 300w, https:\/\/conadi.gob.gt\/web\/wp-content\/uploads\/2024\/10\/WhatsApp-Image-2024-10-08-at-09.44.46-768x512.jpeg 768w, https:\/\/conadi.gob.gt\/web\/wp-content\/uploads\/2024\/10\/WhatsApp-Image-2024-10-08-at-09.44.46-1536x1024.jpeg 1536w, https:\/\/conadi.gob.gt\/web\/wp-content\/uploads\/2024\/10\/WhatsApp-Image-2024-10-08-at-09.44.46.jpeg 1600w\" sizes=\"auto, (max-width: 1024px) 100vw, 1024px\" \/><\/figure>\n<\/div>\n\n\n\n<div class=\"wp-block-column is-layout-flow wp-block-column-is-layout-flow\">\n<figure class=\"wp-block-image size-large\"><img loading=\"lazy\" decoding=\"async\" width=\"1024\" height=\"683\" src=\"https:\/\/conadi.gob.gt\/web\/wp-content\/uploads\/2024\/10\/WhatsApp-Image-2024-10-08-at-09.44.45-1-1024x683.jpeg\" alt=\"\" class=\"wp-image-16193\" srcset=\"https:\/\/conadi.gob.gt\/web\/wp-content\/uploads\/2024\/10\/WhatsApp-Image-2024-10-08-at-09.44.45-1-1024x683.jpeg 1024w, https:\/\/conadi.gob.gt\/web\/wp-content\/uploads\/2024\/10\/WhatsApp-Image-2024-10-08-at-09.44.45-1-300x200.jpeg 300w, https:\/\/conadi.gob.gt\/web\/wp-content\/uploads\/2024\/10\/WhatsApp-Image-2024-10-08-at-09.44.45-1-768x512.jpeg 768w, https:\/\/conadi.gob.gt\/web\/wp-content\/uploads\/2024\/10\/WhatsApp-Image-2024-10-08-at-09.44.45-1-1536x1024.jpeg 1536w, https:\/\/conadi.gob.gt\/web\/wp-content\/uploads\/2024\/10\/WhatsApp-Image-2024-10-08-at-09.44.45-1.jpeg 1600w\" sizes=\"auto, (max-width: 1024px) 100vw, 1024px\" \/><\/figure>\n<\/div>\n\n\n\n<div class=\"wp-block-column is-layout-flow wp-block-column-is-layout-flow\">\n<figure class=\"wp-block-image size-large\"><img loading=\"lazy\" decoding=\"async\" width=\"1024\" height=\"683\" src=\"https:\/\/conadi.gob.gt\/web\/wp-content\/uploads\/2024\/10\/WhatsApp-Image-2024-10-08-at-09.44.45-1024x683.jpeg\" alt=\"\" class=\"wp-image-16194\" srcset=\"https:\/\/conadi.gob.gt\/web\/wp-content\/uploads\/2024\/10\/WhatsApp-Image-2024-10-08-at-09.44.45-1024x683.jpeg 1024w, https:\/\/conadi.gob.gt\/web\/wp-content\/uploads\/2024\/10\/WhatsApp-Image-2024-10-08-at-09.44.45-300x200.jpeg 300w, https:\/\/conadi.gob.gt\/web\/wp-content\/uploads\/2024\/10\/WhatsApp-Image-2024-10-08-at-09.44.45-768x512.jpeg 768w, https:\/\/conadi.gob.gt\/web\/wp-content\/uploads\/2024\/10\/WhatsApp-Image-2024-10-08-at-09.44.45-1536x1024.jpeg 1536w, https:\/\/conadi.gob.gt\/web\/wp-content\/uploads\/2024\/10\/WhatsApp-Image-2024-10-08-at-09.44.45.jpeg 1600w\" sizes=\"auto, (max-width: 1024px) 100vw, 1024px\" \/><\/figure>\n<\/div>\n<\/div>\n\n\n\n<p><strong><u>Una Oportunidad \u00danica para Conectar Talentos<\/u><\/strong><\/p>\n\n\n\n<p>Durante la feria, los asistentes tuvieron la oportunidad de visitar los stands informativos de las empresas participantes, entregar sus curr\u00edculums y conocer las oportunidades laborales disponibles. La iniciativa \u201cConectando Capacidades\u201c represent\u00f3 un paso significativo hacia un futuro laboral m\u00e1s inclusivo y diverso para todas las personas.<\/p>\n\n\n\n<div class=\"wp-block-columns is-layout-flex wp-container-core-columns-is-layout-28f84493 wp-block-columns-is-layout-flex\">\n<div class=\"wp-block-column is-layout-flow wp-block-column-is-layout-flow\">\n<figure class=\"wp-block-image size-large\"><img loading=\"lazy\" decoding=\"async\" width=\"1024\" height=\"683\" src=\"https:\/\/conadi.gob.gt\/web\/wp-content\/uploads\/2024\/10\/WhatsApp-Image-2024-10-08-at-09.44.43-1-1024x683.jpeg\" alt=\"\" class=\"wp-image-16198\" srcset=\"https:\/\/conadi.gob.gt\/web\/wp-content\/uploads\/2024\/10\/WhatsApp-Image-2024-10-08-at-09.44.43-1-1024x683.jpeg 1024w, https:\/\/conadi.gob.gt\/web\/wp-content\/uploads\/2024\/10\/WhatsApp-Image-2024-10-08-at-09.44.43-1-300x200.jpeg 300w, https:\/\/conadi.gob.gt\/web\/wp-content\/uploads\/2024\/10\/WhatsApp-Image-2024-10-08-at-09.44.43-1-768x512.jpeg 768w, https:\/\/conadi.gob.gt\/web\/wp-content\/uploads\/2024\/10\/WhatsApp-Image-2024-10-08-at-09.44.43-1-1536x1024.jpeg 1536w, https:\/\/conadi.gob.gt\/web\/wp-content\/uploads\/2024\/10\/WhatsApp-Image-2024-10-08-at-09.44.43-1.jpeg 1600w\" sizes=\"auto, (max-width: 1024px) 100vw, 1024px\" \/><\/figure>\n<\/div>\n\n\n\n<div class=\"wp-block-column is-layout-flow wp-block-column-is-layout-flow\">\n<figure class=\"wp-block-image size-large\"><img loading=\"lazy\" decoding=\"async\" width=\"1024\" height=\"683\" src=\"https:\/\/conadi.gob.gt\/web\/wp-content\/uploads\/2024\/10\/WhatsApp-Image-2024-10-08-at-09.44.42-1-1024x683.jpeg\" alt=\"\" class=\"wp-image-16199\" srcset=\"https:\/\/conadi.gob.gt\/web\/wp-content\/uploads\/2024\/10\/WhatsApp-Image-2024-10-08-at-09.44.42-1-1024x683.jpeg 1024w, https:\/\/conadi.gob.gt\/web\/wp-content\/uploads\/2024\/10\/WhatsApp-Image-2024-10-08-at-09.44.42-1-300x200.jpeg 300w, https:\/\/conadi.gob.gt\/web\/wp-content\/uploads\/2024\/10\/WhatsApp-Image-2024-10-08-at-09.44.42-1-768x512.jpeg 768w, https:\/\/conadi.gob.gt\/web\/wp-content\/uploads\/2024\/10\/WhatsApp-Image-2024-10-08-at-09.44.42-1-1536x1024.jpeg 1536w, https:\/\/conadi.gob.gt\/web\/wp-content\/uploads\/2024\/10\/WhatsApp-Image-2024-10-08-at-09.44.42-1.jpeg 1600w\" sizes=\"auto, (max-width: 1024px) 100vw, 1024px\" \/><\/figure>\n<\/div>\n\n\n\n<div class=\"wp-block-column is-layout-flow wp-block-column-is-layout-flow\">\n<figure class=\"wp-block-image size-large\"><img loading=\"lazy\" decoding=\"async\" width=\"1024\" height=\"683\" src=\"https:\/\/conadi.gob.gt\/web\/wp-content\/uploads\/2024\/10\/WhatsApp-Image-2024-10-08-at-09.44.41-2-1024x683.jpeg\" alt=\"\" class=\"wp-image-16200\" srcset=\"https:\/\/conadi.gob.gt\/web\/wp-content\/uploads\/2024\/10\/WhatsApp-Image-2024-10-08-at-09.44.41-2-1024x683.jpeg 1024w, https:\/\/conadi.gob.gt\/web\/wp-content\/uploads\/2024\/10\/WhatsApp-Image-2024-10-08-at-09.44.41-2-300x200.jpeg 300w, https:\/\/conadi.gob.gt\/web\/wp-content\/uploads\/2024\/10\/WhatsApp-Image-2024-10-08-at-09.44.41-2-768x512.jpeg 768w, https:\/\/conadi.gob.gt\/web\/wp-content\/uploads\/2024\/10\/WhatsApp-Image-2024-10-08-at-09.44.41-2-1536x1024.jpeg 1536w, https:\/\/conadi.gob.gt\/web\/wp-content\/uploads\/2024\/10\/WhatsApp-Image-2024-10-08-at-09.44.41-2.jpeg 1600w\" sizes=\"auto, (max-width: 1024px) 100vw, 1024px\" \/><\/figure>\n<\/div>\n<\/div>\n\n\n\n<div class=\"wp-block-columns is-layout-flex wp-container-core-columns-is-layout-28f84493 wp-block-columns-is-layout-flex\">\n<div class=\"wp-block-column is-layout-flow wp-block-column-is-layout-flow\">\n<figure class=\"wp-block-image size-large\"><img loading=\"lazy\" decoding=\"async\" width=\"1024\" height=\"683\" src=\"https:\/\/conadi.gob.gt\/web\/wp-content\/uploads\/2024\/10\/WhatsApp-Image-2024-10-08-at-09.44.40-1-1024x683.jpeg\" alt=\"\" class=\"wp-image-16201\" srcset=\"https:\/\/conadi.gob.gt\/web\/wp-content\/uploads\/2024\/10\/WhatsApp-Image-2024-10-08-at-09.44.40-1-1024x683.jpeg 1024w, https:\/\/conadi.gob.gt\/web\/wp-content\/uploads\/2024\/10\/WhatsApp-Image-2024-10-08-at-09.44.40-1-300x200.jpeg 300w, https:\/\/conadi.gob.gt\/web\/wp-content\/uploads\/2024\/10\/WhatsApp-Image-2024-10-08-at-09.44.40-1-768x512.jpeg 768w, https:\/\/conadi.gob.gt\/web\/wp-content\/uploads\/2024\/10\/WhatsApp-Image-2024-10-08-at-09.44.40-1-1536x1024.jpeg 1536w, https:\/\/conadi.gob.gt\/web\/wp-content\/uploads\/2024\/10\/WhatsApp-Image-2024-10-08-at-09.44.40-1.jpeg 1600w\" sizes=\"auto, (max-width: 1024px) 100vw, 1024px\" \/><\/figure>\n<\/div>\n\n\n\n<div class=\"wp-block-column is-layout-flow wp-block-column-is-layout-flow\">\n<figure class=\"wp-block-image size-large\"><img loading=\"lazy\" decoding=\"async\" width=\"1024\" height=\"683\" src=\"https:\/\/conadi.gob.gt\/web\/wp-content\/uploads\/2024\/10\/WhatsApp-Image-2024-10-08-at-09.44.40-1024x683.jpeg\" alt=\"\" class=\"wp-image-16202\" srcset=\"https:\/\/conadi.gob.gt\/web\/wp-content\/uploads\/2024\/10\/WhatsApp-Image-2024-10-08-at-09.44.40-1024x683.jpeg 1024w, https:\/\/conadi.gob.gt\/web\/wp-content\/uploads\/2024\/10\/WhatsApp-Image-2024-10-08-at-09.44.40-300x200.jpeg 300w, https:\/\/conadi.gob.gt\/web\/wp-content\/uploads\/2024\/10\/WhatsApp-Image-2024-10-08-at-09.44.40-768x512.jpeg 768w, https:\/\/conadi.gob.gt\/web\/wp-content\/uploads\/2024\/10\/WhatsApp-Image-2024-10-08-at-09.44.40-1536x1024.jpeg 1536w, https:\/\/conadi.gob.gt\/web\/wp-content\/uploads\/2024\/10\/WhatsApp-Image-2024-10-08-at-09.44.40.jpeg 1600w\" sizes=\"auto, (max-width: 1024px) 100vw, 1024px\" \/><\/figure>\n<\/div>\n\n\n\n<div class=\"wp-block-column is-layout-flow wp-block-column-is-layout-flow\">\n<figure class=\"wp-block-image size-large\"><img loading=\"lazy\" decoding=\"async\" width=\"1024\" height=\"683\" src=\"https:\/\/conadi.gob.gt\/web\/wp-content\/uploads\/2024\/10\/WhatsApp-Image-2024-10-08-at-09.44.39-1-1024x683.jpeg\" alt=\"\" class=\"wp-image-16203\" srcset=\"https:\/\/conadi.gob.gt\/web\/wp-content\/uploads\/2024\/10\/WhatsApp-Image-2024-10-08-at-09.44.39-1-1024x683.jpeg 1024w, https:\/\/conadi.gob.gt\/web\/wp-content\/uploads\/2024\/10\/WhatsApp-Image-2024-10-08-at-09.44.39-1-300x200.jpeg 300w, https:\/\/conadi.gob.gt\/web\/wp-content\/uploads\/2024\/10\/WhatsApp-Image-2024-10-08-at-09.44.39-1-768x512.jpeg 768w, https:\/\/conadi.gob.gt\/web\/wp-content\/uploads\/2024\/10\/WhatsApp-Image-2024-10-08-at-09.44.39-1-1536x1024.jpeg 1536w, https:\/\/conadi.gob.gt\/web\/wp-content\/uploads\/2024\/10\/WhatsApp-Image-2024-10-08-at-09.44.39-1.jpeg 1600w\" sizes=\"auto, (max-width: 1024px) 100vw, 1024px\" \/><\/figure>\n<\/div>\n<\/div>\n\n\n\n<p><\/p>\n\n\n\n<div class=\"wp-block-columns is-layout-flex wp-container-core-columns-is-layout-28f84493 wp-block-columns-is-layout-flex\">\n<div class=\"wp-block-column is-layout-flow wp-block-column-is-layout-flow\">\n<figure class=\"wp-block-image size-large\"><img loading=\"lazy\" decoding=\"async\" width=\"1024\" height=\"683\" src=\"https:\/\/conadi.gob.gt\/web\/wp-content\/uploads\/2024\/10\/WhatsApp-Image-2024-10-08-at-09.44.42-1024x683.jpeg\" alt=\"\" class=\"wp-image-16204\" srcset=\"https:\/\/conadi.gob.gt\/web\/wp-content\/uploads\/2024\/10\/WhatsApp-Image-2024-10-08-at-09.44.42-1024x683.jpeg 1024w, https:\/\/conadi.gob.gt\/web\/wp-content\/uploads\/2024\/10\/WhatsApp-Image-2024-10-08-at-09.44.42-300x200.jpeg 300w, https:\/\/conadi.gob.gt\/web\/wp-content\/uploads\/2024\/10\/WhatsApp-Image-2024-10-08-at-09.44.42-768x512.jpeg 768w, https:\/\/conadi.gob.gt\/web\/wp-content\/uploads\/2024\/10\/WhatsApp-Image-2024-10-08-at-09.44.42-1536x1024.jpeg 1536w, https:\/\/conadi.gob.gt\/web\/wp-content\/uploads\/2024\/10\/WhatsApp-Image-2024-10-08-at-09.44.42.jpeg 1600w\" sizes=\"auto, (max-width: 1024px) 100vw, 1024px\" \/><\/figure>\n<\/div>\n\n\n\n<div class=\"wp-block-column is-layout-flow wp-block-column-is-layout-flow\">\n<figure class=\"wp-block-image size-large\"><img loading=\"lazy\" decoding=\"async\" width=\"1024\" height=\"683\" src=\"https:\/\/conadi.gob.gt\/web\/wp-content\/uploads\/2024\/10\/WhatsApp-Image-2024-10-08-at-09.44.36-1-1024x683.jpeg\" alt=\"\" class=\"wp-image-16205\" srcset=\"https:\/\/conadi.gob.gt\/web\/wp-content\/uploads\/2024\/10\/WhatsApp-Image-2024-10-08-at-09.44.36-1-1024x683.jpeg 1024w, https:\/\/conadi.gob.gt\/web\/wp-content\/uploads\/2024\/10\/WhatsApp-Image-2024-10-08-at-09.44.36-1-300x200.jpeg 300w, https:\/\/conadi.gob.gt\/web\/wp-content\/uploads\/2024\/10\/WhatsApp-Image-2024-10-08-at-09.44.36-1-768x512.jpeg 768w, https:\/\/conadi.gob.gt\/web\/wp-content\/uploads\/2024\/10\/WhatsApp-Image-2024-10-08-at-09.44.36-1-1536x1024.jpeg 1536w, https:\/\/conadi.gob.gt\/web\/wp-content\/uploads\/2024\/10\/WhatsApp-Image-2024-10-08-at-09.44.36-1.jpeg 1600w\" sizes=\"auto, (max-width: 1024px) 100vw, 1024px\" \/><\/figure>\n<\/div>\n<\/div>\n\n\n\n<p>Entre las empresas y organizaciones participantes se encuentran:<\/p>\n\n\n\n<ul class=\"wp-block-list\">\n<li>Walmart\u00a0de\u00a0M\u00e9xico y Centroam\u00e9rica<\/li>\n\n\n\n<li>Cementos Progreso <\/li>\n\n\n\n<li>McDonald&#8217;s Mesoam\u00e9rica<\/li>\n\n\n\n<li>Coca-Cola FEMSA<\/li>\n\n\n\n<li>DHL<\/li>\n\n\n\n<li> Pizza Hut Guatemala<\/li>\n\n\n\n<li>InterBanco Guatemala<\/li>\n\n\n\n<li>Banco de los Trabajadores (BANTRAB) <\/li>\n\n\n\n<li>Intcomex de Guatemala<\/li>\n\n\n\n<li>Ambev Centroam\u00e9rica<\/li>\n\n\n\n<li>CIBUS Holdings<\/li>\n\n\n\n<li>Empresas P\u00fablicas de Medell\u00edn (EPM &#8211; EGSSA)<\/li>\n\n\n\n<li>ConTacto Humano<\/li>\n\n\n\n<li>Cin\u00e9polis Guatemala<\/li>\n\n\n\n<li>Banco G&amp;T Continental<\/li>\n\n\n\n<li>PersoPro<\/li>\n\n\n\n<li>Potenciare<\/li>\n\n\n\n<li>CB Center Guatemala<\/li>\n\n\n\n<li>Telus International<\/li>\n\n\n\n<li>Asociaci\u00f3n Educativa para el Sordo (ASEDES)<\/li>\n\n\n\n<li>Benem\u00e9rito Comit\u00e9 Pro Ciegos y Sordos de Guatemala<\/li>\n\n\n\n<li>Asociaci\u00f3n de Sordos de Guatemala (ASORGA)<\/li>\n\n\n\n<li>En-Se\u00f1as Guatemala<\/li>\n\n\n\n<li>Asociaci\u00f3n de Capacitaci\u00f3n y Asistencia T\u00e9cnica en Educaci\u00f3n y Discapacidad (ASCATED)<\/li>\n\n\n\n<li>FUNDAL<\/li>\n\n\n\n<li>Colectivo de Discapacidad<\/li>\n<\/ul>\n","protected":false},"excerpt":{"rendered":"<p>Nestl\u00e9 Guatemala, en colaboraci\u00f3n con el Ministerio de Trabajo y Asistencia Social (MINTRAB), el Consejo Nacional para la Atenci\u00f3n de las Personas con Discapacidad (CONADI), CentraRSE por Guatemala y Open Marketing Corp., llev\u00f3 a cabo con \u00e9xito la Feria de Empleo para Personas con Discapacidad \u201cConectando Capacidades\u201c. Este evento, que reuni\u00f3 a decenas de personas &hellip; <\/p>\n<p class=\"link-more\"><a href=\"https:\/\/conadi.gob.gt\/web\/feria-del-empleo-conectando-capacidades\/\" class=\"more-link\">Leer m\u00e1s<span class=\"screen-reader-text\"> \u00abFeria del Empleo \u201cConectando Capacidades\u201c: Un Paso hacia una Guatemala M\u00e1s Inclusiva\u00bb<\/span><\/a><\/p>\n","protected":false},"author":12,"featured_media":16209,"comment_status":"closed","ping_status":"closed","sticky":false,"template":"","format":"standard","meta":{"footnotes":""},"categories":[3],"tags":[],"class_list":["post-16183","post","type-post","status-publish","format-standard","has-post-thumbnail","hentry","category-noticias"],"_links":{"self":[{"href":"https:\/\/conadi.gob.gt\/web\/wp-json\/wp\/v2\/posts\/16183","targetHints":{"allow":["GET"]}}],"collection":[{"href":"https:\/\/conadi.gob.gt\/web\/wp-json\/wp\/v2\/posts"}],"about":[{"href":"https:\/\/conadi.gob.gt\/web\/wp-json\/wp\/v2\/types\/post"}],"author":[{"embeddable":true,"href":"https:\/\/conadi.gob.gt\/web\/wp-json\/wp\/v2\/users\/12"}],"replies":[{"embeddable":true,"href":"https:\/\/conadi.gob.gt\/web\/wp-json\/wp\/v2\/comments?post=16183"}],"version-history":[{"count":10,"href":"https:\/\/conadi.gob.gt\/web\/wp-json\/wp\/v2\/posts\/16183\/revisions"}],"predecessor-version":[{"id":16218,"href":"https:\/\/conadi.gob.gt\/web\/wp-json\/wp\/v2\/posts\/16183\/revisions\/16218"}],"wp:featuredmedia":[{"embeddable":true,"href":"https:\/\/conadi.gob.gt\/web\/wp-json\/wp\/v2\/media\/16209"}],"wp:attachment":[{"href":"https:\/\/conadi.gob.gt\/web\/wp-json\/wp\/v2\/media?parent=16183"}],"wp:term":[{"taxonomy":"category","embeddable":true,"href":"https:\/\/conadi.gob.gt\/web\/wp-json\/wp\/v2\/categories?post=16183"},{"taxonomy":"post_tag","embeddable":true,"href":"https:\/\/conadi.gob.gt\/web\/wp-json\/wp\/v2\/tags?post=16183"}],"curies":[{"name":"wp","href":"https:\/\/api.w.org\/{rel}","templated":true}]}}