{"id":16319,"date":"2024-11-08T04:45:38","date_gmt":"2024-11-08T04:45:38","guid":{"rendered":"https:\/\/conadi.gob.gt\/web\/?p=16319"},"modified":"2024-11-12T17:01:59","modified_gmt":"2024-11-12T17:01:59","slug":"convocatoria-para-eleccion-de-representante-titular-y-suplente-de-subsectores-de-conadi","status":"publish","type":"post","link":"https:\/\/conadi.gob.gt\/web\/convocatoria-para-eleccion-de-representante-titular-y-suplente-de-subsectores-de-conadi\/","title":{"rendered":"CONVOCATORIA PARA ELECCI\u00d3N Y ACREDITAMIENTO DE REPRESENTANTE TITULAR Y SUPLENTE DE SUBSECTORES DE CONADI."},"content":{"rendered":"\n<p>La Comisi\u00f3n Electoral CONVOCA a Asamblea de los Subsectores de la Sociedad Civil, para elecci\u00f3n de su representante TITULAR y SUPLENTE. En fechas y horarios que se detallan a continuaci\u00f3n:<\/p>\n\n\n\n<h3 class=\"wp-block-heading\">Subsector de organizaciones de personas con discapacidad visual<\/h3>\n\n\n\n<div class=\"wp-block-columns is-layout-flex wp-container-core-columns-is-layout-28f84493 wp-block-columns-is-layout-flex\">\n<div class=\"wp-block-column is-vertically-aligned-center is-layout-flow wp-block-column-is-layout-flow\">\n<p>Fecha: 25\/11\/2024<\/p>\n<\/div>\n\n\n\n<div class=\"wp-block-column is-vertically-aligned-center is-layout-flow wp-block-column-is-layout-flow\">\n<p>Horario: 08:00 horas<\/p>\n<\/div>\n\n\n\n<div class=\"wp-block-column is-vertically-aligned-center is-layout-flow wp-block-column-is-layout-flow\">\n<p>Lugar: Hotel Conquistador zona 4, Ciudad de Guatemala.<\/p>\n<\/div>\n<\/div>\n\n\n\n<h3 class=\"wp-block-heading\">Subsector de organizaciones de personas con discapacidad auditiva<\/h3>\n\n\n\n<div class=\"wp-block-columns is-layout-flex wp-container-core-columns-is-layout-28f84493 wp-block-columns-is-layout-flex\">\n<div class=\"wp-block-column is-vertically-aligned-center is-layout-flow wp-block-column-is-layout-flow\">\n<p>Fecha: 25\/11\/2024<\/p>\n<\/div>\n\n\n\n<div class=\"wp-block-column is-vertically-aligned-center is-layout-flow wp-block-column-is-layout-flow\">\n<p>Horario: 11:00 horas<\/p>\n<\/div>\n\n\n\n<div class=\"wp-block-column is-layout-flow wp-block-column-is-layout-flow\">\n<p>Lugar: Hotel Conquistador zona 4, Ciudad de Guatemala.<\/p>\n<\/div>\n<\/div>\n\n\n\n<h3 class=\"wp-block-heading\">Subsector de organizaciones de personas con discapacidad f\u00edsica<\/h3>\n\n\n\n<div class=\"wp-block-columns is-layout-flex wp-container-core-columns-is-layout-28f84493 wp-block-columns-is-layout-flex\">\n<div class=\"wp-block-column is-vertically-aligned-center is-layout-flow wp-block-column-is-layout-flow\">\n<p>Fecha: 25\/11\/2024<\/p>\n<\/div>\n\n\n\n<div class=\"wp-block-column is-vertically-aligned-center is-layout-flow wp-block-column-is-layout-flow\">\n<p>Horario: 14:00 horas<\/p>\n<\/div>\n\n\n\n<div class=\"wp-block-column is-layout-flow wp-block-column-is-layout-flow\">\n<p>Lugar: Hotel Conquistador zona 4, Ciudad de Guatemala.<\/p>\n<\/div>\n<\/div>\n\n\n\n<h3 class=\"wp-block-heading\">Subsector de organizaciones de personas con discapacidad por causa del conflicto armado<\/h3>\n\n\n\n<div class=\"wp-block-columns is-layout-flex wp-container-core-columns-is-layout-28f84493 wp-block-columns-is-layout-flex\">\n<div class=\"wp-block-column is-vertically-aligned-center is-layout-flow wp-block-column-is-layout-flow\">\n<p>Fecha: 26\/11\/2024<\/p>\n<\/div>\n\n\n\n<div class=\"wp-block-column is-vertically-aligned-center is-layout-flow wp-block-column-is-layout-flow\">\n<p>Horario: 08:00 horas<\/p>\n<\/div>\n\n\n\n<div class=\"wp-block-column is-layout-flow wp-block-column-is-layout-flow\">\n<p>Lugar: Hotel Conquistador zona 4, Ciudad de Guatemala.<\/p>\n<\/div>\n<\/div>\n\n\n\n<h3 class=\"wp-block-heading\">Subsector de organizaciones de padres, madres y familiares de personas con discapacidad<\/h3>\n\n\n\n<div class=\"wp-block-columns is-layout-flex wp-container-core-columns-is-layout-28f84493 wp-block-columns-is-layout-flex\">\n<div class=\"wp-block-column is-vertically-aligned-center is-layout-flow wp-block-column-is-layout-flow\">\n<p>Fecha: 26\/11\/2024<\/p>\n<\/div>\n\n\n\n<div class=\"wp-block-column is-vertically-aligned-center is-layout-flow wp-block-column-is-layout-flow\">\n<p>Horario: 11:00 horas<\/p>\n<\/div>\n\n\n\n<div class=\"wp-block-column is-layout-flow wp-block-column-is-layout-flow\">\n<p>Lugar: Hotel Conquistador zona 4, Ciudad de Guatemala.<\/p>\n<\/div>\n<\/div>\n\n\n\n<h3 class=\"wp-block-heading\">Subsector de organismos e instituciones que prestan atenci\u00f3n directa a las personas con discapacidad<\/h3>\n\n\n\n<div class=\"wp-block-columns is-layout-flex wp-container-core-columns-is-layout-28f84493 wp-block-columns-is-layout-flex\">\n<div class=\"wp-block-column is-vertically-aligned-center is-layout-flow wp-block-column-is-layout-flow\">\n<p>Fecha: 26\/11\/2024<\/p>\n<\/div>\n\n\n\n<div class=\"wp-block-column is-vertically-aligned-center is-layout-flow wp-block-column-is-layout-flow\">\n<p>Horario: 13:00 horas<\/p>\n<\/div>\n\n\n\n<div class=\"wp-block-column is-layout-flow wp-block-column-is-layout-flow\">\n<p>Lugar: Hotel Conquistador zona 4, Ciudad de Guatemala.<\/p>\n<\/div>\n<\/div>\n\n\n\n<h3 class=\"wp-block-heading\">Subsector de &nbsp;organismos e instituciones que promueven acciones a favor de las personas con discapacidad<\/h3>\n\n\n\n<div class=\"wp-block-columns is-layout-flex wp-container-core-columns-is-layout-28f84493 wp-block-columns-is-layout-flex\">\n<div class=\"wp-block-column is-vertically-aligned-center is-layout-flow wp-block-column-is-layout-flow\">\n<p>Fecha: 26\/11\/2024<\/p>\n<\/div>\n\n\n\n<div class=\"wp-block-column is-vertically-aligned-center is-layout-flow wp-block-column-is-layout-flow\">\n<p>Horario: 15:00 horas<\/p>\n<\/div>\n\n\n\n<div class=\"wp-block-column is-layout-flow wp-block-column-is-layout-flow\">\n<p>Lugar: Hotel Conquistador zona 4, Ciudad de Guatemala.<\/p>\n<\/div>\n<\/div>\n\n\n\n<h2 class=\"wp-block-heading\">CONVOCATORIA PARA ELECCI\u00d3N Y ACREDITAMIENTO DE REPRESENTANTE TITULAR Y SUPLENTE DE SUBSECTORES DE CONADI.<\/h2>\n\n\n\n<p>Se insta a las organizaciones civiles que integran los Subsectores a enviar su documentaci\u00f3n necesaria a partir del 13 de octubre del 2024 hasta UNA HORA antes en el lugar donde se realice la asamblea seg\u00fan fecha y hora asignada para cada Subsector.<\/p>\n\n\n\n<p>La documentaci\u00f3n que deben enviar o presentar seg\u00fan los art\u00edculos 15 y 16 del Reglamento General de Elecciones:<\/p>\n\n\n\n<h3 class=\"wp-block-heading\">Art\u00edculo 15. Requisitos para ser acreditado como candidato al cargo de Delegado titular o suplente de los subsectores:<\/h3>\n\n\n\n<p>a. Ser delegado titular de una organizaci\u00f3n adscrita al CONADI y estar activa en el subsector respectivo.<\/p>\n\n\n\n<p>b. Fotocopia simple de estatutos de la organizaci\u00f3n y copia simple de la representaci\u00f3n legal vigente.<\/p>\n\n\n\n<p>c. Nombramiento de organizaci\u00f3n que representa, emitido por el representante legal, de conformidad con sus estatutos.<\/p>\n\n\n\n<p>d. Finiquito administrativo y financiero tanto de la organizaci\u00f3n&nbsp; como del delegado, el mismo ser\u00e1 extendido por el CONADI a requerimiento del interesado, con no m\u00e1s de 30 d\u00edas calendario de anticipaci\u00f3n a la elecci\u00f3n.<\/p>\n\n\n\n<p>e. Constancia Transitoria de Inexistencia de Reclamaci\u00f3n de Cargos extendida por la Contralor\u00eda General de Cuentas vigente, del delegado.<\/p>\n\n\n\n<p>f. Fotocopia del Documento Personal de Identificaci\u00f3n del delegado, vigente.<\/p>\n\n\n\n<p>g. Constancia de registro tributario unificado \u2013RTU- vigente del delegado y de la organizaci\u00f3n que representa.<\/p>\n\n\n\n<p>h. Solvencia Fiscal vigente, del delegado.<\/p>\n\n\n\n<h3 class=\"wp-block-heading\">Art\u00edculo 16. Requisitos para acreditar la participaci\u00f3n como elector, en el proceso de elecci\u00f3n de delegado titular y suplente de los subsectores:<\/h3>\n\n\n\n<p>a. Ser delegado titular de una organizaci\u00f3n adscrita al CONADI y estar activa en el subsector respectivo.<\/p>\n\n\n\n<p>b. Fotocopia simple de estatutos de la organizaci\u00f3n y copia simple de la representaci\u00f3n legal vigente.<\/p>\n\n\n\n<p>c. Nombramiento de organizaci\u00f3n que representa, emitido por el representante legal, de conformidad con sus estatutos.<\/p>\n\n\n\n<p>d. Finiquito administrativo y financiero tanto de la organizaci\u00f3n&nbsp; como del delegado, el mismo ser\u00e1 extendido por el CONADI a requerimiento del interesado, con no m\u00e1s de 30 d\u00edas calendario de anticipaci\u00f3n a la elecci\u00f3n.<\/p>\n\n\n\n<p>f. Fotocopia del Documento Personal de Identificaci\u00f3n del delegado, vigente.<\/p>\n\n\n\n<p>g. Constancia de registro tributario unificado \u2013RTU- vigente del delegado y de la organizaci\u00f3n que representa.<\/p>\n\n\n\n<p>Direcci\u00f3n f\u00edsica para recibir documentaci\u00f3n: 1 avenida 4-18 zona 1, Ciudad de Guatemala.<\/p>\n\n\n\n<div class=\"wp-block-columns is-layout-flex wp-container-core-columns-is-layout-28f84493 wp-block-columns-is-layout-flex\">\n<div class=\"wp-block-column is-layout-flow wp-block-column-is-layout-flow\">\n<figure class=\"wp-block-image size-large\"><img loading=\"lazy\" decoding=\"async\" width=\"819\" height=\"1024\" src=\"https:\/\/conadi.gob.gt\/web\/wp-content\/uploads\/2024\/11\/Comision-electoral-post_Mesa-de-trabajo-1-copia-2-819x1024.jpg\" alt=\"\" class=\"wp-image-16321\" srcset=\"https:\/\/conadi.gob.gt\/web\/wp-content\/uploads\/2024\/11\/Comision-electoral-post_Mesa-de-trabajo-1-copia-2-819x1024.jpg 819w, https:\/\/conadi.gob.gt\/web\/wp-content\/uploads\/2024\/11\/Comision-electoral-post_Mesa-de-trabajo-1-copia-2-240x300.jpg 240w, https:\/\/conadi.gob.gt\/web\/wp-content\/uploads\/2024\/11\/Comision-electoral-post_Mesa-de-trabajo-1-copia-2-768x960.jpg 768w, https:\/\/conadi.gob.gt\/web\/wp-content\/uploads\/2024\/11\/Comision-electoral-post_Mesa-de-trabajo-1-copia-2-1229x1536.jpg 1229w, https:\/\/conadi.gob.gt\/web\/wp-content\/uploads\/2024\/11\/Comision-electoral-post_Mesa-de-trabajo-1-copia-2-scaled-2000x2500.jpg 2000w, https:\/\/conadi.gob.gt\/web\/wp-content\/uploads\/2024\/11\/Comision-electoral-post_Mesa-de-trabajo-1-copia-2-scaled.jpg 2048w\" sizes=\"auto, (max-width: 819px) 100vw, 819px\" \/><\/figure>\n<\/div>\n\n\n\n<div class=\"wp-block-column is-layout-flow wp-block-column-is-layout-flow\">\n<figure class=\"wp-block-image size-large\"><img loading=\"lazy\" decoding=\"async\" width=\"819\" height=\"1024\" src=\"https:\/\/conadi.gob.gt\/web\/wp-content\/uploads\/2024\/11\/Comision-electoral-post_Mesa-de-trabajo-1-819x1024.jpg\" alt=\"\" class=\"wp-image-16320\" srcset=\"https:\/\/conadi.gob.gt\/web\/wp-content\/uploads\/2024\/11\/Comision-electoral-post_Mesa-de-trabajo-1-819x1024.jpg 819w, https:\/\/conadi.gob.gt\/web\/wp-content\/uploads\/2024\/11\/Comision-electoral-post_Mesa-de-trabajo-1-240x300.jpg 240w, https:\/\/conadi.gob.gt\/web\/wp-content\/uploads\/2024\/11\/Comision-electoral-post_Mesa-de-trabajo-1-768x960.jpg 768w, https:\/\/conadi.gob.gt\/web\/wp-content\/uploads\/2024\/11\/Comision-electoral-post_Mesa-de-trabajo-1-1229x1536.jpg 1229w, https:\/\/conadi.gob.gt\/web\/wp-content\/uploads\/2024\/11\/Comision-electoral-post_Mesa-de-trabajo-1-scaled.jpg 2048w\" sizes=\"auto, (max-width: 819px) 100vw, 819px\" \/><\/figure>\n<\/div>\n\n\n\n<div class=\"wp-block-column is-layout-flow wp-block-column-is-layout-flow\">\n<figure class=\"wp-block-image size-large\"><img loading=\"lazy\" decoding=\"async\" width=\"819\" height=\"1024\" src=\"https:\/\/conadi.gob.gt\/web\/wp-content\/uploads\/2024\/11\/Comision-electoral-post_Mesa-de-trabajo-1-copia-819x1024.jpg\" alt=\"\" class=\"wp-image-16322\" srcset=\"https:\/\/conadi.gob.gt\/web\/wp-content\/uploads\/2024\/11\/Comision-electoral-post_Mesa-de-trabajo-1-copia-819x1024.jpg 819w, https:\/\/conadi.gob.gt\/web\/wp-content\/uploads\/2024\/11\/Comision-electoral-post_Mesa-de-trabajo-1-copia-240x300.jpg 240w, https:\/\/conadi.gob.gt\/web\/wp-content\/uploads\/2024\/11\/Comision-electoral-post_Mesa-de-trabajo-1-copia-768x960.jpg 768w, https:\/\/conadi.gob.gt\/web\/wp-content\/uploads\/2024\/11\/Comision-electoral-post_Mesa-de-trabajo-1-copia-1229x1536.jpg 1229w, https:\/\/conadi.gob.gt\/web\/wp-content\/uploads\/2024\/11\/Comision-electoral-post_Mesa-de-trabajo-1-copia-scaled.jpg 2048w\" sizes=\"auto, (max-width: 819px) 100vw, 819px\" \/><\/figure>\n<\/div>\n<\/div>\n","protected":false},"excerpt":{"rendered":"<p>La Comisi\u00f3n Electoral CONVOCA a Asamblea de los Subsectores de la Sociedad Civil, para elecci\u00f3n de su representante TITULAR y SUPLENTE. En fechas y horarios que se detallan a continuaci\u00f3n: Subsector de organizaciones de personas con discapacidad visual Fecha: 25\/11\/2024 Horario: 08:00 horas Lugar: Hotel Conquistador zona 4, Ciudad de Guatemala. Subsector de organizaciones de &hellip; <\/p>\n<p class=\"link-more\"><a href=\"https:\/\/conadi.gob.gt\/web\/convocatoria-para-eleccion-de-representante-titular-y-suplente-de-subsectores-de-conadi\/\" class=\"more-link\">Leer m\u00e1s<span class=\"screen-reader-text\"> \u00abCONVOCATORIA PARA ELECCI\u00d3N Y ACREDITAMIENTO DE REPRESENTANTE TITULAR Y SUPLENTE DE SUBSECTORES DE CONADI.\u00bb<\/span><\/a><\/p>\n","protected":false},"author":12,"featured_media":16321,"comment_status":"closed","ping_status":"closed","sticky":false,"template":"","format":"standard","meta":{"footnotes":""},"categories":[3],"tags":[],"class_list":["post-16319","post","type-post","status-publish","format-standard","has-post-thumbnail","hentry","category-noticias"],"_links":{"self":[{"href":"https:\/\/conadi.gob.gt\/web\/wp-json\/wp\/v2\/posts\/16319","targetHints":{"allow":["GET"]}}],"collection":[{"href":"https:\/\/conadi.gob.gt\/web\/wp-json\/wp\/v2\/posts"}],"about":[{"href":"https:\/\/conadi.gob.gt\/web\/wp-json\/wp\/v2\/types\/post"}],"author":[{"embeddable":true,"href":"https:\/\/conadi.gob.gt\/web\/wp-json\/wp\/v2\/users\/12"}],"replies":[{"embeddable":true,"href":"https:\/\/conadi.gob.gt\/web\/wp-json\/wp\/v2\/comments?post=16319"}],"version-history":[{"count":4,"href":"https:\/\/conadi.gob.gt\/web\/wp-json\/wp\/v2\/posts\/16319\/revisions"}],"predecessor-version":[{"id":16334,"href":"https:\/\/conadi.gob.gt\/web\/wp-json\/wp\/v2\/posts\/16319\/revisions\/16334"}],"wp:featuredmedia":[{"embeddable":true,"href":"https:\/\/conadi.gob.gt\/web\/wp-json\/wp\/v2\/media\/16321"}],"wp:attachment":[{"href":"https:\/\/conadi.gob.gt\/web\/wp-json\/wp\/v2\/media?parent=16319"}],"wp:term":[{"taxonomy":"category","embeddable":true,"href":"https:\/\/conadi.gob.gt\/web\/wp-json\/wp\/v2\/categories?post=16319"},{"taxonomy":"post_tag","embeddable":true,"href":"https:\/\/conadi.gob.gt\/web\/wp-json\/wp\/v2\/tags?post=16319"}],"curies":[{"name":"wp","href":"https:\/\/api.w.org\/{rel}","templated":true}]}}