{"id":16463,"date":"2024-11-24T14:59:13","date_gmt":"2024-11-24T14:59:13","guid":{"rendered":"https:\/\/conadi.gob.gt\/web\/?p=16463"},"modified":"2024-11-24T14:59:13","modified_gmt":"2024-11-24T14:59:13","slug":"conadi-y-banco-mundial-socializan-manual-de-accesilidad-universal","status":"publish","type":"post","link":"https:\/\/conadi.gob.gt\/web\/conadi-y-banco-mundial-socializan-manual-de-accesilidad-universal\/","title":{"rendered":"CONADI Y BANCO MUNDIAL SOCIALIZAN MANUAL DE ACCESILIDAD UNIVERSAL"},"content":{"rendered":"\n<p>El Consejo Nacional para la Atenci\u00f3n de las Personas con Discapacidad (CONADI) y el Banco Mundial, llevaron a cabo una jornada de socializaci\u00f3n del Manual de Accesibilidad, mismo que surge de trabajo en conjunto entre ambas instituciones. El Manual tiene como objetivo, ser una herramienta de consulta, que oriente al cumplimiento del Art\u00edculo 9 de la Convenci\u00f3n Internacional de las Naciones Unidas sobre los Derechos de las Personas con Discapacidad, referente a la Accesibilidad.<\/p>\n\n\n\n<div class=\"wp-block-columns is-layout-flex wp-container-core-columns-is-layout-28f84493 wp-block-columns-is-layout-flex\">\n<div class=\"wp-block-column is-layout-flow wp-block-column-is-layout-flow\">\n<figure class=\"wp-block-image size-large\"><img loading=\"lazy\" decoding=\"async\" width=\"1024\" height=\"683\" src=\"https:\/\/conadi.gob.gt\/web\/wp-content\/uploads\/2024\/11\/IMG_1227-1024x683.jpg\" alt=\"\" class=\"wp-image-16464\" srcset=\"https:\/\/conadi.gob.gt\/web\/wp-content\/uploads\/2024\/11\/IMG_1227-1024x683.jpg 1024w, https:\/\/conadi.gob.gt\/web\/wp-content\/uploads\/2024\/11\/IMG_1227-300x200.jpg 300w, https:\/\/conadi.gob.gt\/web\/wp-content\/uploads\/2024\/11\/IMG_1227-768x512.jpg 768w, https:\/\/conadi.gob.gt\/web\/wp-content\/uploads\/2024\/11\/IMG_1227-1536x1024.jpg 1536w\" sizes=\"auto, (max-width: 1024px) 100vw, 1024px\" \/><\/figure>\n<\/div>\n\n\n\n<div class=\"wp-block-column is-layout-flow wp-block-column-is-layout-flow\">\n<figure class=\"wp-block-image size-large\"><img loading=\"lazy\" decoding=\"async\" width=\"1024\" height=\"683\" src=\"https:\/\/conadi.gob.gt\/web\/wp-content\/uploads\/2024\/11\/IMG_1371-1024x683.jpg\" alt=\"\" class=\"wp-image-16466\" srcset=\"https:\/\/conadi.gob.gt\/web\/wp-content\/uploads\/2024\/11\/IMG_1371-1024x683.jpg 1024w, https:\/\/conadi.gob.gt\/web\/wp-content\/uploads\/2024\/11\/IMG_1371-300x200.jpg 300w, https:\/\/conadi.gob.gt\/web\/wp-content\/uploads\/2024\/11\/IMG_1371-768x512.jpg 768w, https:\/\/conadi.gob.gt\/web\/wp-content\/uploads\/2024\/11\/IMG_1371-1536x1024.jpg 1536w\" sizes=\"auto, (max-width: 1024px) 100vw, 1024px\" \/><\/figure>\n<\/div>\n\n\n\n<div class=\"wp-block-column is-layout-flow wp-block-column-is-layout-flow\">\n<figure class=\"wp-block-image size-full\"><img decoding=\"async\" src=\"https:\/\/conadi.gob.gt\/web\/wp-content\/uploads\/2024\/11\/IMG_1392.jpg\" alt=\"\" class=\"wp-image-16468\"\/><\/figure>\n<\/div>\n<\/div>\n\n\n\n<p>Dentro de las ponencias se cont\u00f3 con la disertaci\u00f3n de Eliana de Souza, Consultora del Banco Mundial, quien abord\u00f3 los temas: Principios y \u00e1mbitos del Acceso Universal y la Cadena de Accesibilidad; Par\u00e1metros t\u00e9cnicos del Manual de Accesibilidad de Guatemala y la lista de verificaci\u00f3n para dict\u00e1menes t\u00e9cnicos (ICARUS), compartiendo su experiencia como experta en Accesibilidad Universal.<\/p>\n\n\n\n<div class=\"wp-block-columns is-layout-flex wp-container-core-columns-is-layout-28f84493 wp-block-columns-is-layout-flex\">\n<div class=\"wp-block-column is-layout-flow wp-block-column-is-layout-flow\">\n<figure class=\"wp-block-image size-large\"><img loading=\"lazy\" decoding=\"async\" width=\"1024\" height=\"683\" src=\"https:\/\/conadi.gob.gt\/web\/wp-content\/uploads\/2024\/11\/IMG_1392-1024x683.jpg\" alt=\"\" class=\"wp-image-16468\" srcset=\"https:\/\/conadi.gob.gt\/web\/wp-content\/uploads\/2024\/11\/IMG_1392-1024x683.jpg 1024w, https:\/\/conadi.gob.gt\/web\/wp-content\/uploads\/2024\/11\/IMG_1392-300x200.jpg 300w, https:\/\/conadi.gob.gt\/web\/wp-content\/uploads\/2024\/11\/IMG_1392-768x512.jpg 768w, https:\/\/conadi.gob.gt\/web\/wp-content\/uploads\/2024\/11\/IMG_1392-1536x1024.jpg 1536w\" sizes=\"auto, (max-width: 1024px) 100vw, 1024px\" \/><\/figure>\n<\/div>\n\n\n\n<div class=\"wp-block-column is-layout-flow wp-block-column-is-layout-flow\">\n<figure class=\"wp-block-image size-large\"><img loading=\"lazy\" decoding=\"async\" width=\"1024\" height=\"683\" src=\"https:\/\/conadi.gob.gt\/web\/wp-content\/uploads\/2024\/11\/IMG_1739-1024x683.jpg\" alt=\"\" class=\"wp-image-16469\" srcset=\"https:\/\/conadi.gob.gt\/web\/wp-content\/uploads\/2024\/11\/IMG_1739-1024x683.jpg 1024w, https:\/\/conadi.gob.gt\/web\/wp-content\/uploads\/2024\/11\/IMG_1739-300x200.jpg 300w, https:\/\/conadi.gob.gt\/web\/wp-content\/uploads\/2024\/11\/IMG_1739-768x512.jpg 768w, https:\/\/conadi.gob.gt\/web\/wp-content\/uploads\/2024\/11\/IMG_1739-1536x1024.jpg 1536w\" sizes=\"auto, (max-width: 1024px) 100vw, 1024px\" \/><\/figure>\n<\/div>\n\n\n\n<div class=\"wp-block-column is-layout-flow wp-block-column-is-layout-flow\">\n<figure class=\"wp-block-image size-large\"><img loading=\"lazy\" decoding=\"async\" width=\"1024\" height=\"683\" src=\"https:\/\/conadi.gob.gt\/web\/wp-content\/uploads\/2024\/11\/IMG_1996-1024x683.jpg\" alt=\"\" class=\"wp-image-16470\" srcset=\"https:\/\/conadi.gob.gt\/web\/wp-content\/uploads\/2024\/11\/IMG_1996-1024x683.jpg 1024w, https:\/\/conadi.gob.gt\/web\/wp-content\/uploads\/2024\/11\/IMG_1996-300x200.jpg 300w, https:\/\/conadi.gob.gt\/web\/wp-content\/uploads\/2024\/11\/IMG_1996-768x512.jpg 768w, https:\/\/conadi.gob.gt\/web\/wp-content\/uploads\/2024\/11\/IMG_1996-1536x1024.jpg 1536w\" sizes=\"auto, (max-width: 1024px) 100vw, 1024px\" \/><\/figure>\n<\/div>\n<\/div>\n\n\n\n<p>Asimismo, Lorena L\u00e9vano, Especialista Social del Banco Mundial, desarrollo las&nbsp; Intersecciones de violencia de g\u00e9nero y discapacidad: Hacia una inclusi\u00f3n segura y accesible y Violencia de g\u00e9nero y movilidad humana: Accesibilidad a servicios de apoyo en Centroam\u00e9rica (SAFE).<\/p>\n\n\n\n<div class=\"wp-block-columns is-layout-flex wp-container-core-columns-is-layout-28f84493 wp-block-columns-is-layout-flex\">\n<div class=\"wp-block-column is-layout-flow wp-block-column-is-layout-flow\">\n<figure class=\"wp-block-image size-large\"><img loading=\"lazy\" decoding=\"async\" width=\"1024\" height=\"683\" src=\"https:\/\/conadi.gob.gt\/web\/wp-content\/uploads\/2024\/11\/IMG_1612-1024x683.jpg\" alt=\"\" class=\"wp-image-16471\" srcset=\"https:\/\/conadi.gob.gt\/web\/wp-content\/uploads\/2024\/11\/IMG_1612-1024x683.jpg 1024w, https:\/\/conadi.gob.gt\/web\/wp-content\/uploads\/2024\/11\/IMG_1612-300x200.jpg 300w, https:\/\/conadi.gob.gt\/web\/wp-content\/uploads\/2024\/11\/IMG_1612-768x512.jpg 768w, https:\/\/conadi.gob.gt\/web\/wp-content\/uploads\/2024\/11\/IMG_1612-1536x1024.jpg 1536w\" sizes=\"auto, (max-width: 1024px) 100vw, 1024px\" \/><\/figure>\n<\/div>\n\n\n\n<div class=\"wp-block-column is-layout-flow wp-block-column-is-layout-flow\">\n<figure class=\"wp-block-image size-large\"><img loading=\"lazy\" decoding=\"async\" width=\"1024\" height=\"683\" src=\"https:\/\/conadi.gob.gt\/web\/wp-content\/uploads\/2024\/11\/IMG_1870-1024x683.jpg\" alt=\"\" class=\"wp-image-16472\" srcset=\"https:\/\/conadi.gob.gt\/web\/wp-content\/uploads\/2024\/11\/IMG_1870-1024x683.jpg 1024w, https:\/\/conadi.gob.gt\/web\/wp-content\/uploads\/2024\/11\/IMG_1870-300x200.jpg 300w, https:\/\/conadi.gob.gt\/web\/wp-content\/uploads\/2024\/11\/IMG_1870-768x512.jpg 768w, https:\/\/conadi.gob.gt\/web\/wp-content\/uploads\/2024\/11\/IMG_1870-1536x1024.jpg 1536w\" sizes=\"auto, (max-width: 1024px) 100vw, 1024px\" \/><\/figure>\n<\/div>\n<\/div>\n\n\n\n<p><strong>La jornada de socializaci\u00f3n, se desarroll\u00f3 en tres fechas:<\/strong><\/p>\n\n\n\n<ul class=\"wp-block-list\">\n<li>La primera fecha fue dirigida a Representantes de Oficinas Municipales de Discapacidad (OMD\u2019s), Coordinadores Regionales y Delegados Departamentales del Consejo Nacional para la Atenci\u00f3n de las Personas con Discapacidad (CONADI), se espera sean replicadores de la informaci\u00f3n contenida en el documento en sus departamentos y municipios.<\/li>\n<\/ul>\n\n\n\n<div class=\"wp-block-columns is-layout-flex wp-container-core-columns-is-layout-28f84493 wp-block-columns-is-layout-flex\">\n<div class=\"wp-block-column is-layout-flow wp-block-column-is-layout-flow\">\n<figure class=\"wp-block-image size-large\"><img loading=\"lazy\" decoding=\"async\" width=\"1024\" height=\"683\" src=\"https:\/\/conadi.gob.gt\/web\/wp-content\/uploads\/2024\/11\/IMG_1316-1024x683.jpg\" alt=\"\" class=\"wp-image-16473\" srcset=\"https:\/\/conadi.gob.gt\/web\/wp-content\/uploads\/2024\/11\/IMG_1316-1024x683.jpg 1024w, https:\/\/conadi.gob.gt\/web\/wp-content\/uploads\/2024\/11\/IMG_1316-300x200.jpg 300w, https:\/\/conadi.gob.gt\/web\/wp-content\/uploads\/2024\/11\/IMG_1316-768x512.jpg 768w, https:\/\/conadi.gob.gt\/web\/wp-content\/uploads\/2024\/11\/IMG_1316-1536x1024.jpg 1536w\" sizes=\"auto, (max-width: 1024px) 100vw, 1024px\" \/><\/figure>\n<\/div>\n\n\n\n<div class=\"wp-block-column is-layout-flow wp-block-column-is-layout-flow\">\n<figure class=\"wp-block-image size-large\"><img loading=\"lazy\" decoding=\"async\" width=\"1024\" height=\"683\" src=\"https:\/\/conadi.gob.gt\/web\/wp-content\/uploads\/2024\/11\/IMG_1597-1024x683.jpg\" alt=\"\" class=\"wp-image-16474\" srcset=\"https:\/\/conadi.gob.gt\/web\/wp-content\/uploads\/2024\/11\/IMG_1597-1024x683.jpg 1024w, https:\/\/conadi.gob.gt\/web\/wp-content\/uploads\/2024\/11\/IMG_1597-300x200.jpg 300w, https:\/\/conadi.gob.gt\/web\/wp-content\/uploads\/2024\/11\/IMG_1597-768x512.jpg 768w, https:\/\/conadi.gob.gt\/web\/wp-content\/uploads\/2024\/11\/IMG_1597-1536x1024.jpg 1536w, https:\/\/conadi.gob.gt\/web\/wp-content\/uploads\/2024\/11\/IMG_1597-scaled-2000x1334.jpg 2000w\" sizes=\"auto, (max-width: 1024px) 100vw, 1024px\" \/><\/figure>\n<\/div>\n<\/div>\n\n\n\n<ul class=\"wp-block-list\">\n<li>El segundo d\u00eda se comparti\u00f3 el contenido del manual con representantes de Ministerios, Municipalidades y otras instituciones del sector p\u00fablico, Universidades, representantes de la iniciativa privada, con lo cual se espera que dichas entidades realicen ajustes razonables y en futuras edificaciones o proyectos de infraestructura puedan aplicar estas gu\u00edas para crear espacios accesibles para la poblaci\u00f3n con discapacidad.<\/li>\n<\/ul>\n\n\n\n<div class=\"wp-block-columns is-layout-flex wp-container-core-columns-is-layout-28f84493 wp-block-columns-is-layout-flex\">\n<div class=\"wp-block-column is-layout-flow wp-block-column-is-layout-flow\">\n<figure class=\"wp-block-image size-large\"><img loading=\"lazy\" decoding=\"async\" width=\"1024\" height=\"683\" src=\"https:\/\/conadi.gob.gt\/web\/wp-content\/uploads\/2024\/11\/IMG_1793-1024x683.jpg\" alt=\"\" class=\"wp-image-16475\" srcset=\"https:\/\/conadi.gob.gt\/web\/wp-content\/uploads\/2024\/11\/IMG_1793-1024x683.jpg 1024w, https:\/\/conadi.gob.gt\/web\/wp-content\/uploads\/2024\/11\/IMG_1793-300x200.jpg 300w, https:\/\/conadi.gob.gt\/web\/wp-content\/uploads\/2024\/11\/IMG_1793-768x512.jpg 768w, https:\/\/conadi.gob.gt\/web\/wp-content\/uploads\/2024\/11\/IMG_1793-1536x1024.jpg 1536w\" sizes=\"auto, (max-width: 1024px) 100vw, 1024px\" \/><\/figure>\n<\/div>\n\n\n\n<div class=\"wp-block-column is-layout-flow wp-block-column-is-layout-flow\">\n<figure class=\"wp-block-image size-large\"><img loading=\"lazy\" decoding=\"async\" width=\"1024\" height=\"683\" src=\"https:\/\/conadi.gob.gt\/web\/wp-content\/uploads\/2024\/11\/IMG_1858-1024x683.jpg\" alt=\"\" class=\"wp-image-16476\" srcset=\"https:\/\/conadi.gob.gt\/web\/wp-content\/uploads\/2024\/11\/IMG_1858-1024x683.jpg 1024w, https:\/\/conadi.gob.gt\/web\/wp-content\/uploads\/2024\/11\/IMG_1858-300x200.jpg 300w, https:\/\/conadi.gob.gt\/web\/wp-content\/uploads\/2024\/11\/IMG_1858-768x512.jpg 768w, https:\/\/conadi.gob.gt\/web\/wp-content\/uploads\/2024\/11\/IMG_1858-1536x1024.jpg 1536w\" sizes=\"auto, (max-width: 1024px) 100vw, 1024px\" \/><\/figure>\n<\/div>\n<\/div>\n\n\n\n<ul class=\"wp-block-list\">\n<li>Y en la tercera fecha Autoridades, colaboradores y miembros del Consejo de Delegados del Consejo Nacional para la Atenci\u00f3n de Personas con Discapacidad (CONADI), pudieron constatar todos los aportes que realizaron para poder tener un documento en el cual se reflejan las necesidades de accesibilidad para las personas con discapacidad.<\/li>\n<\/ul>\n\n\n\n<div class=\"wp-block-columns is-layout-flex wp-container-core-columns-is-layout-28f84493 wp-block-columns-is-layout-flex\">\n<div class=\"wp-block-column is-layout-flow wp-block-column-is-layout-flow\">\n<figure class=\"wp-block-image size-large\"><img loading=\"lazy\" decoding=\"async\" width=\"1024\" height=\"683\" src=\"https:\/\/conadi.gob.gt\/web\/wp-content\/uploads\/2024\/11\/IMG_2016-1024x683.jpg\" alt=\"\" class=\"wp-image-16477\" srcset=\"https:\/\/conadi.gob.gt\/web\/wp-content\/uploads\/2024\/11\/IMG_2016-1024x683.jpg 1024w, https:\/\/conadi.gob.gt\/web\/wp-content\/uploads\/2024\/11\/IMG_2016-300x200.jpg 300w, https:\/\/conadi.gob.gt\/web\/wp-content\/uploads\/2024\/11\/IMG_2016-768x512.jpg 768w, https:\/\/conadi.gob.gt\/web\/wp-content\/uploads\/2024\/11\/IMG_2016-1536x1024.jpg 1536w\" sizes=\"auto, (max-width: 1024px) 100vw, 1024px\" \/><\/figure>\n<\/div>\n\n\n\n<div class=\"wp-block-column is-layout-flow wp-block-column-is-layout-flow\">\n<figure class=\"wp-block-image size-large\"><img loading=\"lazy\" decoding=\"async\" width=\"1024\" height=\"683\" src=\"https:\/\/conadi.gob.gt\/web\/wp-content\/uploads\/2024\/11\/IMG_2047-1024x683.jpg\" alt=\"\" class=\"wp-image-16478\" srcset=\"https:\/\/conadi.gob.gt\/web\/wp-content\/uploads\/2024\/11\/IMG_2047-1024x683.jpg 1024w, https:\/\/conadi.gob.gt\/web\/wp-content\/uploads\/2024\/11\/IMG_2047-300x200.jpg 300w, https:\/\/conadi.gob.gt\/web\/wp-content\/uploads\/2024\/11\/IMG_2047-768x512.jpg 768w, https:\/\/conadi.gob.gt\/web\/wp-content\/uploads\/2024\/11\/IMG_2047-1536x1024.jpg 1536w\" sizes=\"auto, (max-width: 1024px) 100vw, 1024px\" \/><\/figure>\n<\/div>\n<\/div>\n\n\n\n<p>A partir de esta socializaci\u00f3n se espera que todos los delegados puedan llevar este nuevo conocimiento y gestionar con otras organizaciones la mejora en cuanto a la accesibilidad universal que se debe de implementar en el pa\u00eds.<\/p>\n\n\n\n<figure class=\"wp-block-image size-large\"><img loading=\"lazy\" decoding=\"async\" width=\"1024\" height=\"683\" src=\"https:\/\/conadi.gob.gt\/web\/wp-content\/uploads\/2024\/11\/IMG_1258-1024x683.jpg\" alt=\"\" class=\"wp-image-16479\" srcset=\"https:\/\/conadi.gob.gt\/web\/wp-content\/uploads\/2024\/11\/IMG_1258-1024x683.jpg 1024w, https:\/\/conadi.gob.gt\/web\/wp-content\/uploads\/2024\/11\/IMG_1258-300x200.jpg 300w, https:\/\/conadi.gob.gt\/web\/wp-content\/uploads\/2024\/11\/IMG_1258-768x512.jpg 768w, https:\/\/conadi.gob.gt\/web\/wp-content\/uploads\/2024\/11\/IMG_1258-1536x1024.jpg 1536w\" sizes=\"auto, (max-width: 1024px) 100vw, 1024px\" \/><\/figure>\n\n\n\n<div class=\"wp-block-columns is-layout-flex wp-container-core-columns-is-layout-28f84493 wp-block-columns-is-layout-flex\">\n<div class=\"wp-block-column is-layout-flow wp-block-column-is-layout-flow\"><\/div>\n\n\n\n<div class=\"wp-block-column is-layout-flow wp-block-column-is-layout-flow\"><\/div>\n<\/div>\n\n\n\n<p>La socializaci\u00f3n cont\u00f3 con la presencia de Clarivel Castillo, presidenta de Junta Directiva del CONADI; Pierre Graftieaux, representante Residente del Banco Mundial, Ingrid Schreuel de la Unidad de Sostenibilidad Social e Inclusi\u00f3n (SSI) del Banco Mundial. Tambi\u00e9n se cont\u00f3 con la participaci\u00f3n Anair Gutierrez y Antonio Galiano, representantes de la Iniciativa de la Uni\u00f3n Europea para la protecci\u00f3n social, el trabajo y el empleo SOCIEUX+. Adem\u00e1s de la visita del diputado Erick Tzun, presidente de la Comisi\u00f3n de Asuntos Sobre Discapacidad del Congreso de la Rep\u00fablica de Guatemala.<\/p>\n\n\n\n<div class=\"wp-block-columns is-layout-flex wp-container-core-columns-is-layout-28f84493 wp-block-columns-is-layout-flex\">\n<div class=\"wp-block-column is-layout-flow wp-block-column-is-layout-flow\">\n<figure class=\"wp-block-image size-full\"><img decoding=\"async\" src=\"https:\/\/conadi.gob.gt\/web\/wp-content\/uploads\/2024\/11\/IMG_1892.jpg\" alt=\"\" class=\"wp-image-16484\"\/><\/figure>\n<\/div>\n\n\n\n<div class=\"wp-block-column is-layout-flow wp-block-column-is-layout-flow\">\n<figure class=\"wp-block-image size-large\"><img loading=\"lazy\" decoding=\"async\" width=\"1024\" height=\"683\" src=\"https:\/\/conadi.gob.gt\/web\/wp-content\/uploads\/2024\/11\/IMG_1745-1024x683.jpg\" alt=\"\" class=\"wp-image-16483\" srcset=\"https:\/\/conadi.gob.gt\/web\/wp-content\/uploads\/2024\/11\/IMG_1745-1024x683.jpg 1024w, https:\/\/conadi.gob.gt\/web\/wp-content\/uploads\/2024\/11\/IMG_1745-300x200.jpg 300w, https:\/\/conadi.gob.gt\/web\/wp-content\/uploads\/2024\/11\/IMG_1745-768x512.jpg 768w, https:\/\/conadi.gob.gt\/web\/wp-content\/uploads\/2024\/11\/IMG_1745-1536x1024.jpg 1536w\" sizes=\"auto, (max-width: 1024px) 100vw, 1024px\" \/><\/figure>\n<\/div>\n\n\n\n<div class=\"wp-block-column is-layout-flow wp-block-column-is-layout-flow\">\n<figure class=\"wp-block-image size-large\"><img loading=\"lazy\" decoding=\"async\" width=\"1024\" height=\"683\" src=\"https:\/\/conadi.gob.gt\/web\/wp-content\/uploads\/2024\/11\/IMG_2044-1024x683.jpg\" alt=\"\" class=\"wp-image-16482\" srcset=\"https:\/\/conadi.gob.gt\/web\/wp-content\/uploads\/2024\/11\/IMG_2044-1024x683.jpg 1024w, https:\/\/conadi.gob.gt\/web\/wp-content\/uploads\/2024\/11\/IMG_2044-300x200.jpg 300w, https:\/\/conadi.gob.gt\/web\/wp-content\/uploads\/2024\/11\/IMG_2044-768x512.jpg 768w, https:\/\/conadi.gob.gt\/web\/wp-content\/uploads\/2024\/11\/IMG_2044-1536x1024.jpg 1536w\" sizes=\"auto, (max-width: 1024px) 100vw, 1024px\" \/><\/figure>\n<\/div>\n<\/div>\n\n\n\n<div class=\"wp-block-columns is-layout-flex wp-container-core-columns-is-layout-28f84493 wp-block-columns-is-layout-flex\">\n<div class=\"wp-block-column is-layout-flow wp-block-column-is-layout-flow\">\n<figure class=\"wp-block-image size-large\"><img loading=\"lazy\" decoding=\"async\" width=\"1024\" height=\"683\" src=\"https:\/\/conadi.gob.gt\/web\/wp-content\/uploads\/2024\/11\/IMG_1307-1024x683.jpg\" alt=\"\" class=\"wp-image-16480\" srcset=\"https:\/\/conadi.gob.gt\/web\/wp-content\/uploads\/2024\/11\/IMG_1307-1024x683.jpg 1024w, https:\/\/conadi.gob.gt\/web\/wp-content\/uploads\/2024\/11\/IMG_1307-300x200.jpg 300w, https:\/\/conadi.gob.gt\/web\/wp-content\/uploads\/2024\/11\/IMG_1307-768x512.jpg 768w, https:\/\/conadi.gob.gt\/web\/wp-content\/uploads\/2024\/11\/IMG_1307-1536x1024.jpg 1536w\" sizes=\"auto, (max-width: 1024px) 100vw, 1024px\" \/><\/figure>\n<\/div>\n\n\n\n<div class=\"wp-block-column is-layout-flow wp-block-column-is-layout-flow\">\n<figure class=\"wp-block-image size-large\"><img loading=\"lazy\" decoding=\"async\" width=\"1024\" height=\"683\" src=\"https:\/\/conadi.gob.gt\/web\/wp-content\/uploads\/2024\/11\/IMG_1730-1024x683.jpg\" alt=\"\" class=\"wp-image-16481\" srcset=\"https:\/\/conadi.gob.gt\/web\/wp-content\/uploads\/2024\/11\/IMG_1730-1024x683.jpg 1024w, https:\/\/conadi.gob.gt\/web\/wp-content\/uploads\/2024\/11\/IMG_1730-300x200.jpg 300w, https:\/\/conadi.gob.gt\/web\/wp-content\/uploads\/2024\/11\/IMG_1730-768x512.jpg 768w, https:\/\/conadi.gob.gt\/web\/wp-content\/uploads\/2024\/11\/IMG_1730-1536x1024.jpg 1536w\" sizes=\"auto, (max-width: 1024px) 100vw, 1024px\" \/><\/figure>\n<\/div>\n<\/div>\n","protected":false},"excerpt":{"rendered":"<p>El Consejo Nacional para la Atenci\u00f3n de las Personas con Discapacidad (CONADI) y el Banco Mundial, llevaron a cabo una jornada de socializaci\u00f3n del Manual de Accesibilidad, mismo que surge de trabajo en conjunto entre ambas instituciones. El Manual tiene como objetivo, ser una herramienta de consulta, que oriente al cumplimiento del Art\u00edculo 9 de &hellip; <\/p>\n<p class=\"link-more\"><a href=\"https:\/\/conadi.gob.gt\/web\/conadi-y-banco-mundial-socializan-manual-de-accesilidad-universal\/\" class=\"more-link\">Leer m\u00e1s<span class=\"screen-reader-text\"> \u00abCONADI Y BANCO MUNDIAL SOCIALIZAN MANUAL DE ACCESILIDAD UNIVERSAL\u00bb<\/span><\/a><\/p>\n","protected":false},"author":12,"featured_media":16474,"comment_status":"closed","ping_status":"closed","sticky":false,"template":"","format":"standard","meta":{"footnotes":""},"categories":[3],"tags":[],"class_list":["post-16463","post","type-post","status-publish","format-standard","has-post-thumbnail","hentry","category-noticias"],"_links":{"self":[{"href":"https:\/\/conadi.gob.gt\/web\/wp-json\/wp\/v2\/posts\/16463","targetHints":{"allow":["GET"]}}],"collection":[{"href":"https:\/\/conadi.gob.gt\/web\/wp-json\/wp\/v2\/posts"}],"about":[{"href":"https:\/\/conadi.gob.gt\/web\/wp-json\/wp\/v2\/types\/post"}],"author":[{"embeddable":true,"href":"https:\/\/conadi.gob.gt\/web\/wp-json\/wp\/v2\/users\/12"}],"replies":[{"embeddable":true,"href":"https:\/\/conadi.gob.gt\/web\/wp-json\/wp\/v2\/comments?post=16463"}],"version-history":[{"count":2,"href":"https:\/\/conadi.gob.gt\/web\/wp-json\/wp\/v2\/posts\/16463\/revisions"}],"predecessor-version":[{"id":16485,"href":"https:\/\/conadi.gob.gt\/web\/wp-json\/wp\/v2\/posts\/16463\/revisions\/16485"}],"wp:featuredmedia":[{"embeddable":true,"href":"https:\/\/conadi.gob.gt\/web\/wp-json\/wp\/v2\/media\/16474"}],"wp:attachment":[{"href":"https:\/\/conadi.gob.gt\/web\/wp-json\/wp\/v2\/media?parent=16463"}],"wp:term":[{"taxonomy":"category","embeddable":true,"href":"https:\/\/conadi.gob.gt\/web\/wp-json\/wp\/v2\/categories?post=16463"},{"taxonomy":"post_tag","embeddable":true,"href":"https:\/\/conadi.gob.gt\/web\/wp-json\/wp\/v2\/tags?post=16463"}],"curies":[{"name":"wp","href":"https:\/\/api.w.org\/{rel}","templated":true}]}}