{"id":16487,"date":"2024-11-26T14:05:53","date_gmt":"2024-11-26T14:05:53","guid":{"rendered":"https:\/\/conadi.gob.gt\/web\/?p=16487"},"modified":"2024-11-26T14:05:53","modified_gmt":"2024-11-26T14:05:53","slug":"yo-soy-sujeto-de-derechos-que-mi-discapacidad-no-defina-lo-que-soy","status":"publish","type":"post","link":"https:\/\/conadi.gob.gt\/web\/yo-soy-sujeto-de-derechos-que-mi-discapacidad-no-defina-lo-que-soy\/","title":{"rendered":"YO SOY SUJETO DE DERECHOS: QUE MI DISCAPACIDAD NO DEFINA LO QUE SOY"},"content":{"rendered":"\n<p>La Unidad de Comunicaci\u00f3n y Relaciones del CONADI, junto al delegado departamental de Sacatep\u00e9quez, Manuel Vel\u00e1squez, present\u00f3 ante medios de comunicaci\u00f3n el pronunciamiento \u00abYo soy Sujeto de Derecho: Que mi Discapacidad no Defina lo que Soy\u00bb.<\/p>\n\n\n\n<figure class=\"wp-block-image size-large\"><img loading=\"lazy\" decoding=\"async\" width=\"1024\" height=\"683\" src=\"https:\/\/conadi.gob.gt\/web\/wp-content\/uploads\/2024\/11\/WhatsApp-Image-2024-11-25-at-16.34.31-1024x683.jpeg\" alt=\"\" class=\"wp-image-16488\" srcset=\"https:\/\/conadi.gob.gt\/web\/wp-content\/uploads\/2024\/11\/WhatsApp-Image-2024-11-25-at-16.34.31-1024x683.jpeg 1024w, https:\/\/conadi.gob.gt\/web\/wp-content\/uploads\/2024\/11\/WhatsApp-Image-2024-11-25-at-16.34.31-300x200.jpeg 300w, https:\/\/conadi.gob.gt\/web\/wp-content\/uploads\/2024\/11\/WhatsApp-Image-2024-11-25-at-16.34.31-768x512.jpeg 768w, https:\/\/conadi.gob.gt\/web\/wp-content\/uploads\/2024\/11\/WhatsApp-Image-2024-11-25-at-16.34.31-1536x1024.jpeg 1536w, https:\/\/conadi.gob.gt\/web\/wp-content\/uploads\/2024\/11\/WhatsApp-Image-2024-11-25-at-16.34.31.jpeg 1600w\" sizes=\"auto, (max-width: 1024px) 100vw, 1024px\" \/><\/figure>\n\n\n\n<p>Durante la actividad realizada en Jocotenango, Kenia Santiago, representante de la Oficina Municipal de Discapacidad (OMD), dio a conocer las actividades programadas en el municipio para conmemorar el D\u00eda Internacional de las Personas con Discapacidad el pr\u00f3ximo 28 de noviembre.<\/p>\n\n\n\n<p>Por su parte, Alma Leticia L\u00f3pez, representante de la Comisi\u00f3n Departamental de Discapacidad (CODEDIS), destac\u00f3 el compromiso de las organizaciones locales en la visibilizaci\u00f3n de los derechos de las personas con discapacidad. Adem\u00e1s, resalt\u00f3 los esfuerzos de incidencia que realizan la CODEDIS y el CONADI para construir un Sacatep\u00e9quez m\u00e1s inclusivo.<\/p>\n\n\n\n<div class=\"wp-block-columns is-layout-flex wp-container-core-columns-is-layout-28f84493 wp-block-columns-is-layout-flex\">\n<div class=\"wp-block-column is-layout-flow wp-block-column-is-layout-flow\">\n<figure class=\"wp-block-image size-large\"><img loading=\"lazy\" decoding=\"async\" width=\"1024\" height=\"683\" src=\"https:\/\/conadi.gob.gt\/web\/wp-content\/uploads\/2024\/11\/WhatsApp-Image-2024-11-25-at-16.34.32-1024x683.jpeg\" alt=\"\" class=\"wp-image-16489\" srcset=\"https:\/\/conadi.gob.gt\/web\/wp-content\/uploads\/2024\/11\/WhatsApp-Image-2024-11-25-at-16.34.32-1024x683.jpeg 1024w, https:\/\/conadi.gob.gt\/web\/wp-content\/uploads\/2024\/11\/WhatsApp-Image-2024-11-25-at-16.34.32-300x200.jpeg 300w, https:\/\/conadi.gob.gt\/web\/wp-content\/uploads\/2024\/11\/WhatsApp-Image-2024-11-25-at-16.34.32-768x512.jpeg 768w, https:\/\/conadi.gob.gt\/web\/wp-content\/uploads\/2024\/11\/WhatsApp-Image-2024-11-25-at-16.34.32-1536x1024.jpeg 1536w, https:\/\/conadi.gob.gt\/web\/wp-content\/uploads\/2024\/11\/WhatsApp-Image-2024-11-25-at-16.34.32.jpeg 1600w\" sizes=\"auto, (max-width: 1024px) 100vw, 1024px\" \/><\/figure>\n<\/div>\n\n\n\n<div class=\"wp-block-column is-layout-flow wp-block-column-is-layout-flow\">\n<figure class=\"wp-block-image size-large\"><img loading=\"lazy\" decoding=\"async\" width=\"1024\" height=\"683\" src=\"https:\/\/conadi.gob.gt\/web\/wp-content\/uploads\/2024\/11\/WhatsApp-Image-2024-11-25-at-16.34.32-1-1024x683.jpeg\" alt=\"\" class=\"wp-image-16490\" srcset=\"https:\/\/conadi.gob.gt\/web\/wp-content\/uploads\/2024\/11\/WhatsApp-Image-2024-11-25-at-16.34.32-1-1024x683.jpeg 1024w, https:\/\/conadi.gob.gt\/web\/wp-content\/uploads\/2024\/11\/WhatsApp-Image-2024-11-25-at-16.34.32-1-300x200.jpeg 300w, https:\/\/conadi.gob.gt\/web\/wp-content\/uploads\/2024\/11\/WhatsApp-Image-2024-11-25-at-16.34.32-1-768x512.jpeg 768w, https:\/\/conadi.gob.gt\/web\/wp-content\/uploads\/2024\/11\/WhatsApp-Image-2024-11-25-at-16.34.32-1-1536x1024.jpeg 1536w, https:\/\/conadi.gob.gt\/web\/wp-content\/uploads\/2024\/11\/WhatsApp-Image-2024-11-25-at-16.34.32-1.jpeg 1600w\" sizes=\"auto, (max-width: 1024px) 100vw, 1024px\" \/><\/figure>\n<\/div>\n\n\n\n<div class=\"wp-block-column is-layout-flow wp-block-column-is-layout-flow\">\n<figure class=\"wp-block-image size-large\"><img loading=\"lazy\" decoding=\"async\" width=\"1024\" height=\"683\" src=\"https:\/\/conadi.gob.gt\/web\/wp-content\/uploads\/2024\/11\/WhatsApp-Image-2024-11-25-at-16.34.33-1024x683.jpeg\" alt=\"\" class=\"wp-image-16491\" srcset=\"https:\/\/conadi.gob.gt\/web\/wp-content\/uploads\/2024\/11\/WhatsApp-Image-2024-11-25-at-16.34.33-1024x683.jpeg 1024w, https:\/\/conadi.gob.gt\/web\/wp-content\/uploads\/2024\/11\/WhatsApp-Image-2024-11-25-at-16.34.33-300x200.jpeg 300w, https:\/\/conadi.gob.gt\/web\/wp-content\/uploads\/2024\/11\/WhatsApp-Image-2024-11-25-at-16.34.33-768x512.jpeg 768w, https:\/\/conadi.gob.gt\/web\/wp-content\/uploads\/2024\/11\/WhatsApp-Image-2024-11-25-at-16.34.33-1536x1024.jpeg 1536w, https:\/\/conadi.gob.gt\/web\/wp-content\/uploads\/2024\/11\/WhatsApp-Image-2024-11-25-at-16.34.33.jpeg 1600w\" sizes=\"auto, (max-width: 1024px) 100vw, 1024px\" \/><\/figure>\n<\/div>\n<\/div>\n\n\n\n<p>Donis Guti\u00e9rrez, en representaci\u00f3n de la Gobernaci\u00f3n Departamental, subray\u00f3 la importancia de la inclusi\u00f3n como herramienta para fomentar la interacci\u00f3n social y fortalecer la cohesi\u00f3n comunitaria.<\/p>\n\n\n\n<p>Finalmente, William Zapeta, jefe del Departamento de Promoci\u00f3n de los Derechos de las Personas con Discapacidad del CONADI, reiter\u00f3 el compromiso del Estado de Guatemala para garantizar que las personas con discapacidad sean reconocidas como sujetos de derecho. Tambi\u00e9n inst\u00f3 a las instituciones p\u00fablicas y privadas a conmemorar el pr\u00f3ximo 3 de diciembre, D\u00eda Internacional de las Personas con Discapacidad, promoviendo espacios que visibilicen el potencial de todas las personas, sin importar su condici\u00f3n, para construir una sociedad m\u00e1s justa y sin exclusi\u00f3n.<\/p>\n\n\n\n<div class=\"wp-block-columns is-layout-flex wp-container-core-columns-is-layout-28f84493 wp-block-columns-is-layout-flex\">\n<div class=\"wp-block-column is-layout-flow wp-block-column-is-layout-flow\">\n<figure class=\"wp-block-image size-large\"><img loading=\"lazy\" decoding=\"async\" width=\"1024\" height=\"683\" src=\"https:\/\/conadi.gob.gt\/web\/wp-content\/uploads\/2024\/11\/WhatsApp-Image-2024-11-25-at-16.34.33-1-1024x683.jpeg\" alt=\"\" class=\"wp-image-16492\" srcset=\"https:\/\/conadi.gob.gt\/web\/wp-content\/uploads\/2024\/11\/WhatsApp-Image-2024-11-25-at-16.34.33-1-1024x683.jpeg 1024w, https:\/\/conadi.gob.gt\/web\/wp-content\/uploads\/2024\/11\/WhatsApp-Image-2024-11-25-at-16.34.33-1-300x200.jpeg 300w, https:\/\/conadi.gob.gt\/web\/wp-content\/uploads\/2024\/11\/WhatsApp-Image-2024-11-25-at-16.34.33-1-768x512.jpeg 768w, https:\/\/conadi.gob.gt\/web\/wp-content\/uploads\/2024\/11\/WhatsApp-Image-2024-11-25-at-16.34.33-1-1536x1024.jpeg 1536w, https:\/\/conadi.gob.gt\/web\/wp-content\/uploads\/2024\/11\/WhatsApp-Image-2024-11-25-at-16.34.33-1.jpeg 1600w\" sizes=\"auto, (max-width: 1024px) 100vw, 1024px\" \/><\/figure>\n<\/div>\n\n\n\n<div class=\"wp-block-column is-layout-flow wp-block-column-is-layout-flow\">\n<figure class=\"wp-block-image size-large\"><img loading=\"lazy\" decoding=\"async\" width=\"1024\" height=\"683\" src=\"https:\/\/conadi.gob.gt\/web\/wp-content\/uploads\/2024\/11\/WhatsApp-Image-2024-11-25-at-16.34.34-1024x683.jpeg\" alt=\"\" class=\"wp-image-16493\" srcset=\"https:\/\/conadi.gob.gt\/web\/wp-content\/uploads\/2024\/11\/WhatsApp-Image-2024-11-25-at-16.34.34-1024x683.jpeg 1024w, https:\/\/conadi.gob.gt\/web\/wp-content\/uploads\/2024\/11\/WhatsApp-Image-2024-11-25-at-16.34.34-300x200.jpeg 300w, https:\/\/conadi.gob.gt\/web\/wp-content\/uploads\/2024\/11\/WhatsApp-Image-2024-11-25-at-16.34.34-768x512.jpeg 768w, https:\/\/conadi.gob.gt\/web\/wp-content\/uploads\/2024\/11\/WhatsApp-Image-2024-11-25-at-16.34.34-1536x1024.jpeg 1536w, https:\/\/conadi.gob.gt\/web\/wp-content\/uploads\/2024\/11\/WhatsApp-Image-2024-11-25-at-16.34.34.jpeg 1600w\" sizes=\"auto, (max-width: 1024px) 100vw, 1024px\" \/><\/figure>\n<\/div>\n\n\n\n<div class=\"wp-block-column is-layout-flow wp-block-column-is-layout-flow\">\n<figure class=\"wp-block-image size-large\"><img loading=\"lazy\" decoding=\"async\" width=\"1024\" height=\"683\" src=\"https:\/\/conadi.gob.gt\/web\/wp-content\/uploads\/2024\/11\/WhatsApp-Image-2024-11-25-at-16.34.34-1-1024x683.jpeg\" alt=\"\" class=\"wp-image-16494\" srcset=\"https:\/\/conadi.gob.gt\/web\/wp-content\/uploads\/2024\/11\/WhatsApp-Image-2024-11-25-at-16.34.34-1-1024x683.jpeg 1024w, https:\/\/conadi.gob.gt\/web\/wp-content\/uploads\/2024\/11\/WhatsApp-Image-2024-11-25-at-16.34.34-1-300x200.jpeg 300w, https:\/\/conadi.gob.gt\/web\/wp-content\/uploads\/2024\/11\/WhatsApp-Image-2024-11-25-at-16.34.34-1-768x512.jpeg 768w, https:\/\/conadi.gob.gt\/web\/wp-content\/uploads\/2024\/11\/WhatsApp-Image-2024-11-25-at-16.34.34-1-1536x1024.jpeg 1536w, https:\/\/conadi.gob.gt\/web\/wp-content\/uploads\/2024\/11\/WhatsApp-Image-2024-11-25-at-16.34.34-1.jpeg 1600w\" sizes=\"auto, (max-width: 1024px) 100vw, 1024px\" \/><\/figure>\n<\/div>\n<\/div>\n\n\n\n<div class=\"wp-block-columns is-layout-flex wp-container-core-columns-is-layout-28f84493 wp-block-columns-is-layout-flex\">\n<div class=\"wp-block-column is-layout-flow wp-block-column-is-layout-flow\">\n<figure class=\"wp-block-image size-large\"><img loading=\"lazy\" decoding=\"async\" width=\"1024\" height=\"683\" src=\"https:\/\/conadi.gob.gt\/web\/wp-content\/uploads\/2024\/11\/WhatsApp-Image-2024-11-25-at-16.34.35-1024x683.jpeg\" alt=\"\" class=\"wp-image-16495\" srcset=\"https:\/\/conadi.gob.gt\/web\/wp-content\/uploads\/2024\/11\/WhatsApp-Image-2024-11-25-at-16.34.35-1024x683.jpeg 1024w, https:\/\/conadi.gob.gt\/web\/wp-content\/uploads\/2024\/11\/WhatsApp-Image-2024-11-25-at-16.34.35-300x200.jpeg 300w, https:\/\/conadi.gob.gt\/web\/wp-content\/uploads\/2024\/11\/WhatsApp-Image-2024-11-25-at-16.34.35-768x512.jpeg 768w, https:\/\/conadi.gob.gt\/web\/wp-content\/uploads\/2024\/11\/WhatsApp-Image-2024-11-25-at-16.34.35-1536x1024.jpeg 1536w, https:\/\/conadi.gob.gt\/web\/wp-content\/uploads\/2024\/11\/WhatsApp-Image-2024-11-25-at-16.34.35.jpeg 1600w\" sizes=\"auto, (max-width: 1024px) 100vw, 1024px\" \/><\/figure>\n<\/div>\n\n\n\n<div class=\"wp-block-column is-layout-flow wp-block-column-is-layout-flow\">\n<figure class=\"wp-block-image size-large\"><img loading=\"lazy\" decoding=\"async\" width=\"1024\" height=\"683\" src=\"https:\/\/conadi.gob.gt\/web\/wp-content\/uploads\/2024\/11\/WhatsApp-Image-2024-11-25-at-16.34.35-1-1024x683.jpeg\" alt=\"\" class=\"wp-image-16496\" srcset=\"https:\/\/conadi.gob.gt\/web\/wp-content\/uploads\/2024\/11\/WhatsApp-Image-2024-11-25-at-16.34.35-1-1024x683.jpeg 1024w, https:\/\/conadi.gob.gt\/web\/wp-content\/uploads\/2024\/11\/WhatsApp-Image-2024-11-25-at-16.34.35-1-300x200.jpeg 300w, https:\/\/conadi.gob.gt\/web\/wp-content\/uploads\/2024\/11\/WhatsApp-Image-2024-11-25-at-16.34.35-1-768x512.jpeg 768w, https:\/\/conadi.gob.gt\/web\/wp-content\/uploads\/2024\/11\/WhatsApp-Image-2024-11-25-at-16.34.35-1-1536x1024.jpeg 1536w, https:\/\/conadi.gob.gt\/web\/wp-content\/uploads\/2024\/11\/WhatsApp-Image-2024-11-25-at-16.34.35-1.jpeg 1600w\" sizes=\"auto, (max-width: 1024px) 100vw, 1024px\" \/><\/figure>\n<\/div>\n<\/div>\n","protected":false},"excerpt":{"rendered":"<p>La Unidad de Comunicaci\u00f3n y Relaciones del CONADI, junto al delegado departamental de Sacatep\u00e9quez, Manuel Vel\u00e1squez, present\u00f3 ante medios de comunicaci\u00f3n el pronunciamiento \u00abYo soy Sujeto de Derecho: Que mi Discapacidad no Defina lo que Soy\u00bb. Durante la actividad realizada en Jocotenango, Kenia Santiago, representante de la Oficina Municipal de Discapacidad (OMD), dio a conocer &hellip; <\/p>\n<p class=\"link-more\"><a href=\"https:\/\/conadi.gob.gt\/web\/yo-soy-sujeto-de-derechos-que-mi-discapacidad-no-defina-lo-que-soy\/\" class=\"more-link\">Leer m\u00e1s<span class=\"screen-reader-text\"> \u00abYO SOY SUJETO DE DERECHOS: QUE MI DISCAPACIDAD NO DEFINA LO QUE SOY\u00bb<\/span><\/a><\/p>\n","protected":false},"author":12,"featured_media":16488,"comment_status":"closed","ping_status":"closed","sticky":false,"template":"","format":"standard","meta":{"footnotes":""},"categories":[3],"tags":[],"class_list":["post-16487","post","type-post","status-publish","format-standard","has-post-thumbnail","hentry","category-noticias"],"_links":{"self":[{"href":"https:\/\/conadi.gob.gt\/web\/wp-json\/wp\/v2\/posts\/16487","targetHints":{"allow":["GET"]}}],"collection":[{"href":"https:\/\/conadi.gob.gt\/web\/wp-json\/wp\/v2\/posts"}],"about":[{"href":"https:\/\/conadi.gob.gt\/web\/wp-json\/wp\/v2\/types\/post"}],"author":[{"embeddable":true,"href":"https:\/\/conadi.gob.gt\/web\/wp-json\/wp\/v2\/users\/12"}],"replies":[{"embeddable":true,"href":"https:\/\/conadi.gob.gt\/web\/wp-json\/wp\/v2\/comments?post=16487"}],"version-history":[{"count":1,"href":"https:\/\/conadi.gob.gt\/web\/wp-json\/wp\/v2\/posts\/16487\/revisions"}],"predecessor-version":[{"id":16497,"href":"https:\/\/conadi.gob.gt\/web\/wp-json\/wp\/v2\/posts\/16487\/revisions\/16497"}],"wp:featuredmedia":[{"embeddable":true,"href":"https:\/\/conadi.gob.gt\/web\/wp-json\/wp\/v2\/media\/16488"}],"wp:attachment":[{"href":"https:\/\/conadi.gob.gt\/web\/wp-json\/wp\/v2\/media?parent=16487"}],"wp:term":[{"taxonomy":"category","embeddable":true,"href":"https:\/\/conadi.gob.gt\/web\/wp-json\/wp\/v2\/categories?post=16487"},{"taxonomy":"post_tag","embeddable":true,"href":"https:\/\/conadi.gob.gt\/web\/wp-json\/wp\/v2\/tags?post=16487"}],"curies":[{"name":"wp","href":"https:\/\/api.w.org\/{rel}","templated":true}]}}