{"id":16559,"date":"2024-12-05T14:05:24","date_gmt":"2024-12-05T14:05:24","guid":{"rendered":"https:\/\/conadi.gob.gt\/web\/?p=16559"},"modified":"2024-12-05T14:05:24","modified_gmt":"2024-12-05T14:05:24","slug":"brindan-conferencia-de-prensa-y-firman-convenio-interinstitucional","status":"publish","type":"post","link":"https:\/\/conadi.gob.gt\/web\/brindan-conferencia-de-prensa-y-firman-convenio-interinstitucional\/","title":{"rendered":"BRINDAN CONFERENCIA DE PRENSA Y FIRMAN CONVENIO INTERINSTITUCIONAL"},"content":{"rendered":"\n<p>En el marco de conmemorar el 3 de diciembre D\u00eda internacional de las Personas con Discapacidad, el CONADI realizo una conferencia de prensa denominada \u201cYo soy sujeto de Derecho: Que mi discapacidad no defina lo que soy\u201d, en la actividad participaron autoridades del Consejo Nacional para la Atenci\u00f3n de las Personas con Discapacidad, quienes reafirmaron su compromiso para promover una verdadera inclusi\u00f3n social.<\/p>\n\n\n\n<figure class=\"wp-block-image size-large\"><img loading=\"lazy\" decoding=\"async\" width=\"1024\" height=\"683\" src=\"https:\/\/conadi.gob.gt\/web\/wp-content\/uploads\/2024\/12\/IMG_3303-1024x683.jpg\" alt=\"\" class=\"wp-image-16564\" srcset=\"https:\/\/conadi.gob.gt\/web\/wp-content\/uploads\/2024\/12\/IMG_3303-1024x683.jpg 1024w, https:\/\/conadi.gob.gt\/web\/wp-content\/uploads\/2024\/12\/IMG_3303-300x200.jpg 300w, https:\/\/conadi.gob.gt\/web\/wp-content\/uploads\/2024\/12\/IMG_3303-768x512.jpg 768w, https:\/\/conadi.gob.gt\/web\/wp-content\/uploads\/2024\/12\/IMG_3303-1536x1024.jpg 1536w\" sizes=\"auto, (max-width: 1024px) 100vw, 1024px\" \/><\/figure>\n\n\n\n<p>Simkhat Mijangos, encargada de la Unidad de Lengua de Se\u00f1as, enfatizo que los avances obtenidos se han dado con total transparencia, algunos logros alcanzados durante este 2024 fue la certificaci\u00f3n de Interpretes de Lengua de Se\u00f1as, maestros sordos y la revisi\u00f3n del manual de Lengua de Se\u00f1as.<\/p>\n\n\n\n<figure class=\"wp-block-image size-large\"><img loading=\"lazy\" decoding=\"async\" width=\"1024\" height=\"683\" src=\"https:\/\/conadi.gob.gt\/web\/wp-content\/uploads\/2024\/12\/IMG_3298-1024x683.jpg\" alt=\"\" class=\"wp-image-16565\" srcset=\"https:\/\/conadi.gob.gt\/web\/wp-content\/uploads\/2024\/12\/IMG_3298-1024x683.jpg 1024w, https:\/\/conadi.gob.gt\/web\/wp-content\/uploads\/2024\/12\/IMG_3298-300x200.jpg 300w, https:\/\/conadi.gob.gt\/web\/wp-content\/uploads\/2024\/12\/IMG_3298-768x512.jpg 768w, https:\/\/conadi.gob.gt\/web\/wp-content\/uploads\/2024\/12\/IMG_3298-1536x1024.jpg 1536w\" sizes=\"auto, (max-width: 1024px) 100vw, 1024px\" \/><\/figure>\n\n\n\n<p>El jefe del departamento de promoci\u00f3n de los Derechos de las Personas con Discapacidad, William Zapeta, indic\u00f3 que, los resultados alcanzados en el presente a\u00f1o, pueden traducirse en las 134 Oficinas Municipales de Discapacidad (OMD\u2019s), lo cual es un gran esfuerzo realizado por el Departamento de Servicio Nacional de Discapacidad, el cual busca que a trav\u00e9s de los gobiernos locales asuman responsabilidades adquiridas en el tema de los Derechos de las personas con discapacidad. Ese mismo compromiso tambi\u00e9n se da con las 20 Comisiones Departamentales de Discapacidad (CODEDIS), que han fortalecido la incidencia a lo largo y ancho de nuestro pa\u00eds.<\/p>\n\n\n\n<figure class=\"wp-block-image size-large\"><img loading=\"lazy\" decoding=\"async\" width=\"1024\" height=\"683\" src=\"https:\/\/conadi.gob.gt\/web\/wp-content\/uploads\/2024\/12\/IMG_2944-1024x683.jpg\" alt=\"\" class=\"wp-image-16566\" srcset=\"https:\/\/conadi.gob.gt\/web\/wp-content\/uploads\/2024\/12\/IMG_2944-1024x683.jpg 1024w, https:\/\/conadi.gob.gt\/web\/wp-content\/uploads\/2024\/12\/IMG_2944-300x200.jpg 300w, https:\/\/conadi.gob.gt\/web\/wp-content\/uploads\/2024\/12\/IMG_2944-768x512.jpg 768w, https:\/\/conadi.gob.gt\/web\/wp-content\/uploads\/2024\/12\/IMG_2944-1536x1024.jpg 1536w, https:\/\/conadi.gob.gt\/web\/wp-content\/uploads\/2024\/12\/IMG_2944-2048x1365.jpg 2048w\" sizes=\"auto, (max-width: 1024px) 100vw, 1024px\" \/><\/figure>\n\n\n\n<p>Uno de los resultados alcanzados fue la implementaci\u00f3n de la Estrategia de Aplicaci\u00f3n de la Normativa de la Accesibilidad Universal en el Parque Nacional Tikal, dando cumplimiento al art\u00edculo 30 de la Convenci\u00f3n sobre los Derechos de las Personas con Discapacidad; esto impulsa la accesibilidad a lugares donde se promueve la cultura y el ocio. Con estas acciones se ha demostrado que las personas con discapacidad pueden integrarse&nbsp; a diferentes grupos sociales.<\/p>\n\n\n\n<p>Y con el fin de continuar con esa inclusi\u00f3n, el CONADI firm\u00f3 un Convenio Interinstitucional con los Cronistas Deportivos Guatemaltecos (CDG), con el que se pretende que esta organizaci\u00f3n ayude a promover y difundir informaci\u00f3n sobre los Derechos de las personas con discapacidad con enfoque en el deporte; apoye en la conducci\u00f3n y animaci\u00f3n de eventos, en tanto el CONADI brindar\u00e1 asesoramiento y capacitaciones a comunicadores miembros de CDG en temas de discapacidad y brindar\u00e1 espacios en las distintas publicaciones que realiza el la instituci\u00f3n en sus distintos medios de comunicaci\u00f3n.<\/p>\n\n\n\n<div class=\"wp-block-columns is-layout-flex wp-container-core-columns-is-layout-28f84493 wp-block-columns-is-layout-flex\">\n<div class=\"wp-block-column is-layout-flow wp-block-column-is-layout-flow\">\n<figure class=\"wp-block-image size-large\"><img loading=\"lazy\" decoding=\"async\" width=\"1024\" height=\"683\" src=\"https:\/\/conadi.gob.gt\/web\/wp-content\/uploads\/2024\/12\/IMG_3316-1024x683.jpg\" alt=\"\" class=\"wp-image-16567\" srcset=\"https:\/\/conadi.gob.gt\/web\/wp-content\/uploads\/2024\/12\/IMG_3316-1024x683.jpg 1024w, https:\/\/conadi.gob.gt\/web\/wp-content\/uploads\/2024\/12\/IMG_3316-300x200.jpg 300w, https:\/\/conadi.gob.gt\/web\/wp-content\/uploads\/2024\/12\/IMG_3316-768x512.jpg 768w, https:\/\/conadi.gob.gt\/web\/wp-content\/uploads\/2024\/12\/IMG_3316-1536x1024.jpg 1536w\" sizes=\"auto, (max-width: 1024px) 100vw, 1024px\" \/><\/figure>\n<\/div>\n\n\n\n<div class=\"wp-block-column is-layout-flow wp-block-column-is-layout-flow\">\n<figure class=\"wp-block-image size-large\"><img loading=\"lazy\" decoding=\"async\" width=\"1024\" height=\"683\" src=\"https:\/\/conadi.gob.gt\/web\/wp-content\/uploads\/2024\/12\/IMG_3326-1024x683.jpg\" alt=\"\" class=\"wp-image-16568\" srcset=\"https:\/\/conadi.gob.gt\/web\/wp-content\/uploads\/2024\/12\/IMG_3326-1024x683.jpg 1024w, https:\/\/conadi.gob.gt\/web\/wp-content\/uploads\/2024\/12\/IMG_3326-300x200.jpg 300w, https:\/\/conadi.gob.gt\/web\/wp-content\/uploads\/2024\/12\/IMG_3326-768x512.jpg 768w, https:\/\/conadi.gob.gt\/web\/wp-content\/uploads\/2024\/12\/IMG_3326-1536x1024.jpg 1536w\" sizes=\"auto, (max-width: 1024px) 100vw, 1024px\" \/><\/figure>\n<\/div>\n<\/div>\n\n\n\n<p>El presidente de Cronistas Deportivos Guatemaltecos, Rafael Ca\u00f1as mencion\u00f3 que el deporte adem\u00e1s de ser un derecho, tambi\u00e9n forma parte de la vida y de lo cotidiano de las personas y en el caso de las personas con discapacidad tambi\u00e9n deben de gozar de este derecho. Record\u00f3 que en los a\u00f1os 80`s Jos\u00e9 Rolando de Le\u00f3n, gan\u00f3 una medalla de oro y una de bronce para Guatemala en los Juegos Paral\u00edmpicos, los cuales est\u00e1n al mismo nivel de los Juegos Ol\u00edmpicos en donde participan atletas con alguna discapacidad y durante los Juegos Panamericanos Lima 2019, otro para atleta gan\u00f3 una medalla de oro para nuestro pa\u00eds. Adem\u00e1s aseguro que durante el 2025 Guatemala ser\u00e1 la sede de los Juegos Para Centroamericanos, siendo esta una gran oportunidad para que los atletas guatemaltecos puedan demostrar a la sociedad las capacidades que tienen en los distintos deportes. &nbsp;<\/p>\n\n\n\n<figure class=\"wp-block-image size-large\"><img loading=\"lazy\" decoding=\"async\" width=\"1024\" height=\"683\" src=\"https:\/\/conadi.gob.gt\/web\/wp-content\/uploads\/2024\/12\/IMG_3354-1024x683.jpg\" alt=\"\" class=\"wp-image-16569\" srcset=\"https:\/\/conadi.gob.gt\/web\/wp-content\/uploads\/2024\/12\/IMG_3354-1024x683.jpg 1024w, https:\/\/conadi.gob.gt\/web\/wp-content\/uploads\/2024\/12\/IMG_3354-300x200.jpg 300w, https:\/\/conadi.gob.gt\/web\/wp-content\/uploads\/2024\/12\/IMG_3354-768x512.jpg 768w, https:\/\/conadi.gob.gt\/web\/wp-content\/uploads\/2024\/12\/IMG_3354-1536x1024.jpg 1536w\" sizes=\"auto, (max-width: 1024px) 100vw, 1024px\" \/><\/figure>\n\n\n\n<p>Ca\u00f1as asegur\u00f3 que con la firma de dicho convenio se continuara con el compromiso de implementar, promover e impulsar las actividades deportivas que realicen las personas con discapacidad.<\/p>\n\n\n\n<p>Finalmente, Clarivel Castillo agradeci\u00f3 que se diera la firma del convenio pues es importante para ambas instituciones, ya que el derecho al deporte debe de darse en igualdad de condiciones. As\u00ed mismo, enfatizo que el acceso universal para las personas con discapacidad es una cuenta pendiente, si bien es cierto, hay avances, a\u00fan se debe de trabajarse para mejorar los espacios para que estos sean dignos, as\u00ed como mejorar la apertura de espacios laborales, pues gracias a los datos proporcionados por Naciones Unidas, se cuenta con una proyecci\u00f3n de datos actualizados en donde se refleja el numero poblacional con alguna discapacidad a nivel nacional.<\/p>\n\n\n\n<figure class=\"wp-block-image size-large\"><img loading=\"lazy\" decoding=\"async\" width=\"1024\" height=\"683\" src=\"https:\/\/conadi.gob.gt\/web\/wp-content\/uploads\/2024\/12\/IMG_3373-1024x683.jpg\" alt=\"\" class=\"wp-image-16570\" srcset=\"https:\/\/conadi.gob.gt\/web\/wp-content\/uploads\/2024\/12\/IMG_3373-1024x683.jpg 1024w, https:\/\/conadi.gob.gt\/web\/wp-content\/uploads\/2024\/12\/IMG_3373-300x200.jpg 300w, https:\/\/conadi.gob.gt\/web\/wp-content\/uploads\/2024\/12\/IMG_3373-768x512.jpg 768w, https:\/\/conadi.gob.gt\/web\/wp-content\/uploads\/2024\/12\/IMG_3373-1536x1024.jpg 1536w\" sizes=\"auto, (max-width: 1024px) 100vw, 1024px\" \/><\/figure>\n\n\n\n<p>Este 3 de diciembre D\u00eda Internacional de las Personas con Discapacidad el CONADI continua con los esfuerzos para reivindicar los derechos y la igualdad de condiciones para las personas con discapacidad, en cumpliendo con el decreto 135-96, Ley de Atenci\u00f3n a las Personas con Discapacidad.<\/p>\n\n\n\n<figure class=\"wp-block-image size-large\"><img loading=\"lazy\" decoding=\"async\" width=\"1024\" height=\"683\" src=\"https:\/\/conadi.gob.gt\/web\/wp-content\/uploads\/2024\/12\/IMG_3419-1024x683.jpg\" alt=\"\" class=\"wp-image-16574\" srcset=\"https:\/\/conadi.gob.gt\/web\/wp-content\/uploads\/2024\/12\/IMG_3419-1024x683.jpg 1024w, https:\/\/conadi.gob.gt\/web\/wp-content\/uploads\/2024\/12\/IMG_3419-300x200.jpg 300w, https:\/\/conadi.gob.gt\/web\/wp-content\/uploads\/2024\/12\/IMG_3419-768x512.jpg 768w, https:\/\/conadi.gob.gt\/web\/wp-content\/uploads\/2024\/12\/IMG_3419-1536x1024.jpg 1536w, https:\/\/conadi.gob.gt\/web\/wp-content\/uploads\/2024\/12\/IMG_3419-scaled-2000x1334.jpg 2000w\" sizes=\"auto, (max-width: 1024px) 100vw, 1024px\" \/><\/figure>\n\n\n\n<div class=\"wp-block-columns is-layout-flex wp-container-core-columns-is-layout-28f84493 wp-block-columns-is-layout-flex\">\n<div class=\"wp-block-column is-layout-flow wp-block-column-is-layout-flow\">\n<figure class=\"wp-block-image size-large\"><img loading=\"lazy\" decoding=\"async\" width=\"1024\" height=\"683\" src=\"https:\/\/conadi.gob.gt\/web\/wp-content\/uploads\/2024\/12\/IMG_3362-1024x683.jpg\" alt=\"\" class=\"wp-image-16572\" srcset=\"https:\/\/conadi.gob.gt\/web\/wp-content\/uploads\/2024\/12\/IMG_3362-1024x683.jpg 1024w, https:\/\/conadi.gob.gt\/web\/wp-content\/uploads\/2024\/12\/IMG_3362-300x200.jpg 300w, https:\/\/conadi.gob.gt\/web\/wp-content\/uploads\/2024\/12\/IMG_3362-768x512.jpg 768w, https:\/\/conadi.gob.gt\/web\/wp-content\/uploads\/2024\/12\/IMG_3362-1536x1024.jpg 1536w\" sizes=\"auto, (max-width: 1024px) 100vw, 1024px\" \/><\/figure>\n<\/div>\n\n\n\n<div class=\"wp-block-column is-layout-flow wp-block-column-is-layout-flow\">\n<figure class=\"wp-block-image size-large\"><img loading=\"lazy\" decoding=\"async\" width=\"1024\" height=\"683\" src=\"https:\/\/conadi.gob.gt\/web\/wp-content\/uploads\/2024\/12\/IMG_3359-1024x683.jpg\" alt=\"\" class=\"wp-image-16571\" srcset=\"https:\/\/conadi.gob.gt\/web\/wp-content\/uploads\/2024\/12\/IMG_3359-1024x683.jpg 1024w, https:\/\/conadi.gob.gt\/web\/wp-content\/uploads\/2024\/12\/IMG_3359-300x200.jpg 300w, https:\/\/conadi.gob.gt\/web\/wp-content\/uploads\/2024\/12\/IMG_3359-768x512.jpg 768w, https:\/\/conadi.gob.gt\/web\/wp-content\/uploads\/2024\/12\/IMG_3359-1536x1024.jpg 1536w\" sizes=\"auto, (max-width: 1024px) 100vw, 1024px\" \/><\/figure>\n<\/div>\n\n\n\n<div class=\"wp-block-column is-layout-flow wp-block-column-is-layout-flow\">\n<figure class=\"wp-block-image size-large\"><img loading=\"lazy\" decoding=\"async\" width=\"1024\" height=\"683\" src=\"https:\/\/conadi.gob.gt\/web\/wp-content\/uploads\/2024\/12\/IMG_3307-1024x683.jpg\" alt=\"\" class=\"wp-image-16573\" srcset=\"https:\/\/conadi.gob.gt\/web\/wp-content\/uploads\/2024\/12\/IMG_3307-1024x683.jpg 1024w, https:\/\/conadi.gob.gt\/web\/wp-content\/uploads\/2024\/12\/IMG_3307-300x200.jpg 300w, https:\/\/conadi.gob.gt\/web\/wp-content\/uploads\/2024\/12\/IMG_3307-768x512.jpg 768w, https:\/\/conadi.gob.gt\/web\/wp-content\/uploads\/2024\/12\/IMG_3307-1536x1024.jpg 1536w\" sizes=\"auto, (max-width: 1024px) 100vw, 1024px\" \/><\/figure>\n<\/div>\n<\/div>\n","protected":false},"excerpt":{"rendered":"<p>En el marco de conmemorar el 3 de diciembre D\u00eda internacional de las Personas con Discapacidad, el CONADI realizo una conferencia de prensa denominada \u201cYo soy sujeto de Derecho: Que mi discapacidad no defina lo que soy\u201d, en la actividad participaron autoridades del Consejo Nacional para la Atenci\u00f3n de las Personas con Discapacidad, quienes reafirmaron &hellip; <\/p>\n<p class=\"link-more\"><a href=\"https:\/\/conadi.gob.gt\/web\/brindan-conferencia-de-prensa-y-firman-convenio-interinstitucional\/\" class=\"more-link\">Leer m\u00e1s<span class=\"screen-reader-text\"> \u00abBRINDAN CONFERENCIA DE PRENSA Y FIRMAN CONVENIO INTERINSTITUCIONAL\u00bb<\/span><\/a><\/p>\n","protected":false},"author":12,"featured_media":16574,"comment_status":"closed","ping_status":"closed","sticky":false,"template":"","format":"standard","meta":{"footnotes":""},"categories":[3],"tags":[],"class_list":["post-16559","post","type-post","status-publish","format-standard","has-post-thumbnail","hentry","category-noticias"],"_links":{"self":[{"href":"https:\/\/conadi.gob.gt\/web\/wp-json\/wp\/v2\/posts\/16559","targetHints":{"allow":["GET"]}}],"collection":[{"href":"https:\/\/conadi.gob.gt\/web\/wp-json\/wp\/v2\/posts"}],"about":[{"href":"https:\/\/conadi.gob.gt\/web\/wp-json\/wp\/v2\/types\/post"}],"author":[{"embeddable":true,"href":"https:\/\/conadi.gob.gt\/web\/wp-json\/wp\/v2\/users\/12"}],"replies":[{"embeddable":true,"href":"https:\/\/conadi.gob.gt\/web\/wp-json\/wp\/v2\/comments?post=16559"}],"version-history":[{"count":2,"href":"https:\/\/conadi.gob.gt\/web\/wp-json\/wp\/v2\/posts\/16559\/revisions"}],"predecessor-version":[{"id":16575,"href":"https:\/\/conadi.gob.gt\/web\/wp-json\/wp\/v2\/posts\/16559\/revisions\/16575"}],"wp:featuredmedia":[{"embeddable":true,"href":"https:\/\/conadi.gob.gt\/web\/wp-json\/wp\/v2\/media\/16574"}],"wp:attachment":[{"href":"https:\/\/conadi.gob.gt\/web\/wp-json\/wp\/v2\/media?parent=16559"}],"wp:term":[{"taxonomy":"category","embeddable":true,"href":"https:\/\/conadi.gob.gt\/web\/wp-json\/wp\/v2\/categories?post=16559"},{"taxonomy":"post_tag","embeddable":true,"href":"https:\/\/conadi.gob.gt\/web\/wp-json\/wp\/v2\/tags?post=16559"}],"curies":[{"name":"wp","href":"https:\/\/api.w.org\/{rel}","templated":true}]}}