{"id":16595,"date":"2024-12-14T04:21:29","date_gmt":"2024-12-14T04:21:29","guid":{"rendered":"https:\/\/conadi.gob.gt\/web\/?p=16595"},"modified":"2024-12-14T04:21:30","modified_gmt":"2024-12-14T04:21:30","slug":"conadi-participa-en-las-rondas-de-cooperacion-tecnica-de-la-oea","status":"publish","type":"post","link":"https:\/\/conadi.gob.gt\/web\/conadi-participa-en-las-rondas-de-cooperacion-tecnica-de-la-oea\/","title":{"rendered":"CONADI PARTICIPA EN LAS RONDAS DE COOPERACI\u00d3N T\u00c9CNICA DE LA OEA"},"content":{"rendered":"\n<p>La Organizaci\u00f3n de Estados Americanos (OEA), organiz\u00f3 una serie de Rondas de Cooperaci\u00f3n T\u00e9cnica, las cuales se realizaron en el pa\u00eds del 10 al 12 de diciembre de 2024, con el objetivo de intercambiar experiencias en la formulaci\u00f3n de las Pol\u00edtica Nacionales en Discapacidad de Chile, Costa Rica y Paraguay.<\/p>\n\n\n\n<figure class=\"wp-block-image size-large\"><img loading=\"lazy\" decoding=\"async\" width=\"1024\" height=\"683\" src=\"https:\/\/conadi.gob.gt\/web\/wp-content\/uploads\/2024\/12\/IMG_3903-1024x683.jpg\" alt=\"\" class=\"wp-image-16596\" srcset=\"https:\/\/conadi.gob.gt\/web\/wp-content\/uploads\/2024\/12\/IMG_3903-1024x683.jpg 1024w, https:\/\/conadi.gob.gt\/web\/wp-content\/uploads\/2024\/12\/IMG_3903-300x200.jpg 300w, https:\/\/conadi.gob.gt\/web\/wp-content\/uploads\/2024\/12\/IMG_3903-768x512.jpg 768w, https:\/\/conadi.gob.gt\/web\/wp-content\/uploads\/2024\/12\/IMG_3903-1536x1024.jpg 1536w, https:\/\/conadi.gob.gt\/web\/wp-content\/uploads\/2024\/12\/IMG_3903-scaled-2000x1334.jpg 2000w\" sizes=\"auto, (max-width: 1024px) 100vw, 1024px\" \/><\/figure>\n\n\n\n<p>El d\u00eda uno cont\u00f3 con las ponencias de Sara M\u00eda Noguera, jefa de la Secci\u00f3n de Promoci\u00f3n de la Equidad de la OEA, comparti\u00f3 el quehacer de la Organizaci\u00f3n, adem\u00e1s de socializar el objetivo de la visita de las especialistas en Guatemala.<\/p>\n\n\n\n<p>Posteriormente, Representantes del Ministerio de Desarrollo Social de Guatemala (MIDES), presentaron la Pol\u00edtica Nacional en Discapacidad de Guatemala, como uno de los avances en el marco normativo de la tem\u00e1tica de discapacidad. Resaltando los espacios de coordinaci\u00f3n e incidencia a trav\u00e9s de la Mesa T\u00e9cnica de Personas con Discapacidad del Gabinete Espec\u00edfico de Desarrollo Social (GEDS), misma que est\u00e1 bajo la rector\u00eda del CONADI. Adem\u00e1s, se abord\u00f3 el proceso que se lleva a cabo para la ruta de actualizaci\u00f3n de la Pol\u00edtica Nacional en Discapacidad de Guatemala.<\/p>\n\n\n\n<p>Zulma Ferreira, mujer con discapacidad f\u00edsica y directora de Descentralizaci\u00f3n de la Secretaria Nacional por los Derechos Humanos de las Personas con Discapacidad (SENADIS) de Paraguay, y Gloria Cer\u00f3n, jefa de Evaluaci\u00f3n de Estudios del Servicio Nacional de la Discapacidad (SENADIS) de Chile, compartieron la experiencia de sus pa\u00edses en la construcci\u00f3n de la Pol\u00edtica Nacional en Discapacidad.<\/p>\n\n\n\n<div class=\"wp-block-columns is-layout-flex wp-container-core-columns-is-layout-28f84493 wp-block-columns-is-layout-flex\">\n<div class=\"wp-block-column is-layout-flow wp-block-column-is-layout-flow\">\n<figure class=\"wp-block-image size-large\"><img loading=\"lazy\" decoding=\"async\" width=\"1024\" height=\"683\" src=\"https:\/\/conadi.gob.gt\/web\/wp-content\/uploads\/2024\/12\/IMG_3803-1024x683.jpg\" alt=\"\" class=\"wp-image-16597\" srcset=\"https:\/\/conadi.gob.gt\/web\/wp-content\/uploads\/2024\/12\/IMG_3803-1024x683.jpg 1024w, https:\/\/conadi.gob.gt\/web\/wp-content\/uploads\/2024\/12\/IMG_3803-300x200.jpg 300w, https:\/\/conadi.gob.gt\/web\/wp-content\/uploads\/2024\/12\/IMG_3803-768x512.jpg 768w, https:\/\/conadi.gob.gt\/web\/wp-content\/uploads\/2024\/12\/IMG_3803-1536x1024.jpg 1536w\" sizes=\"auto, (max-width: 1024px) 100vw, 1024px\" \/><\/figure>\n<\/div>\n\n\n\n<div class=\"wp-block-column is-layout-flow wp-block-column-is-layout-flow\">\n<figure class=\"wp-block-image size-large\"><img loading=\"lazy\" decoding=\"async\" width=\"1024\" height=\"683\" src=\"https:\/\/conadi.gob.gt\/web\/wp-content\/uploads\/2024\/12\/IMG_3843-1024x683.jpg\" alt=\"\" class=\"wp-image-16598\" srcset=\"https:\/\/conadi.gob.gt\/web\/wp-content\/uploads\/2024\/12\/IMG_3843-1024x683.jpg 1024w, https:\/\/conadi.gob.gt\/web\/wp-content\/uploads\/2024\/12\/IMG_3843-300x200.jpg 300w, https:\/\/conadi.gob.gt\/web\/wp-content\/uploads\/2024\/12\/IMG_3843-768x512.jpg 768w, https:\/\/conadi.gob.gt\/web\/wp-content\/uploads\/2024\/12\/IMG_3843-1536x1024.jpg 1536w\" sizes=\"auto, (max-width: 1024px) 100vw, 1024px\" \/><\/figure>\n<\/div>\n\n\n\n<div class=\"wp-block-column is-layout-flow wp-block-column-is-layout-flow\">\n<figure class=\"wp-block-image size-large\"><img loading=\"lazy\" decoding=\"async\" width=\"1024\" height=\"683\" src=\"https:\/\/conadi.gob.gt\/web\/wp-content\/uploads\/2024\/12\/IMG_3798-1024x683.jpg\" alt=\"\" class=\"wp-image-16599\" srcset=\"https:\/\/conadi.gob.gt\/web\/wp-content\/uploads\/2024\/12\/IMG_3798-1024x683.jpg 1024w, https:\/\/conadi.gob.gt\/web\/wp-content\/uploads\/2024\/12\/IMG_3798-300x200.jpg 300w, https:\/\/conadi.gob.gt\/web\/wp-content\/uploads\/2024\/12\/IMG_3798-768x512.jpg 768w, https:\/\/conadi.gob.gt\/web\/wp-content\/uploads\/2024\/12\/IMG_3798-1536x1024.jpg 1536w\" sizes=\"auto, (max-width: 1024px) 100vw, 1024px\" \/><\/figure>\n<\/div>\n<\/div>\n\n\n\n<div class=\"wp-block-columns is-layout-flex wp-container-core-columns-is-layout-28f84493 wp-block-columns-is-layout-flex\">\n<div class=\"wp-block-column is-layout-flow wp-block-column-is-layout-flow\">\n<figure class=\"wp-block-image size-large\"><img loading=\"lazy\" decoding=\"async\" width=\"1024\" height=\"683\" src=\"https:\/\/conadi.gob.gt\/web\/wp-content\/uploads\/2024\/12\/IMG_3851-1024x683.jpg\" alt=\"\" class=\"wp-image-16600\" srcset=\"https:\/\/conadi.gob.gt\/web\/wp-content\/uploads\/2024\/12\/IMG_3851-1024x683.jpg 1024w, https:\/\/conadi.gob.gt\/web\/wp-content\/uploads\/2024\/12\/IMG_3851-300x200.jpg 300w, https:\/\/conadi.gob.gt\/web\/wp-content\/uploads\/2024\/12\/IMG_3851-768x512.jpg 768w, https:\/\/conadi.gob.gt\/web\/wp-content\/uploads\/2024\/12\/IMG_3851-1536x1024.jpg 1536w\" sizes=\"auto, (max-width: 1024px) 100vw, 1024px\" \/><\/figure>\n<\/div>\n\n\n\n<div class=\"wp-block-column is-layout-flow wp-block-column-is-layout-flow\">\n<figure class=\"wp-block-image size-large\"><img loading=\"lazy\" decoding=\"async\" width=\"1024\" height=\"683\" src=\"https:\/\/conadi.gob.gt\/web\/wp-content\/uploads\/2024\/12\/IMG_3891-1024x683.jpg\" alt=\"\" class=\"wp-image-16602\" srcset=\"https:\/\/conadi.gob.gt\/web\/wp-content\/uploads\/2024\/12\/IMG_3891-1024x683.jpg 1024w, https:\/\/conadi.gob.gt\/web\/wp-content\/uploads\/2024\/12\/IMG_3891-300x200.jpg 300w, https:\/\/conadi.gob.gt\/web\/wp-content\/uploads\/2024\/12\/IMG_3891-768x512.jpg 768w, https:\/\/conadi.gob.gt\/web\/wp-content\/uploads\/2024\/12\/IMG_3891-1536x1024.jpg 1536w\" sizes=\"auto, (max-width: 1024px) 100vw, 1024px\" \/><\/figure>\n<\/div>\n\n\n\n<div class=\"wp-block-column is-layout-flow wp-block-column-is-layout-flow\">\n<figure class=\"wp-block-image size-large\"><img loading=\"lazy\" decoding=\"async\" width=\"1024\" height=\"683\" src=\"https:\/\/conadi.gob.gt\/web\/wp-content\/uploads\/2024\/12\/IMG_3865-1024x683.jpg\" alt=\"\" class=\"wp-image-16601\" srcset=\"https:\/\/conadi.gob.gt\/web\/wp-content\/uploads\/2024\/12\/IMG_3865-1024x683.jpg 1024w, https:\/\/conadi.gob.gt\/web\/wp-content\/uploads\/2024\/12\/IMG_3865-300x200.jpg 300w, https:\/\/conadi.gob.gt\/web\/wp-content\/uploads\/2024\/12\/IMG_3865-768x512.jpg 768w, https:\/\/conadi.gob.gt\/web\/wp-content\/uploads\/2024\/12\/IMG_3865-1536x1024.jpg 1536w\" sizes=\"auto, (max-width: 1024px) 100vw, 1024px\" \/><\/figure>\n<\/div>\n<\/div>\n\n\n\n<p>Durante el segundo d\u00eda, Clara Burjel de OEA, dirigi\u00f3 una serie entrevistas a Organizaciones de y para Personas con Discapacidad, Instituciones Estatales y Agencias de las Naciones Unidas, donde las especialistas analizaron las experiencias y necesidades de &nbsp;las organizaciones, y exploraron el trabajo conjunto con instituciones estatales y agencias de las Naciones Unidas en el proceso de actualizaci\u00f3n de la Pol\u00edtica Nacional en Discapacidad de Guatemala.<\/p>\n\n\n\n<div class=\"wp-block-columns is-layout-flex wp-container-core-columns-is-layout-28f84493 wp-block-columns-is-layout-flex\">\n<div class=\"wp-block-column is-layout-flow wp-block-column-is-layout-flow\">\n<figure class=\"wp-block-image size-large\"><img loading=\"lazy\" decoding=\"async\" width=\"1024\" height=\"683\" src=\"https:\/\/conadi.gob.gt\/web\/wp-content\/uploads\/2024\/12\/IMG_4016-1024x683.jpg\" alt=\"\" class=\"wp-image-16604\" srcset=\"https:\/\/conadi.gob.gt\/web\/wp-content\/uploads\/2024\/12\/IMG_4016-1024x683.jpg 1024w, https:\/\/conadi.gob.gt\/web\/wp-content\/uploads\/2024\/12\/IMG_4016-300x200.jpg 300w, https:\/\/conadi.gob.gt\/web\/wp-content\/uploads\/2024\/12\/IMG_4016-768x512.jpg 768w, https:\/\/conadi.gob.gt\/web\/wp-content\/uploads\/2024\/12\/IMG_4016-1536x1024.jpg 1536w\" sizes=\"auto, (max-width: 1024px) 100vw, 1024px\" \/><\/figure>\n<\/div>\n\n\n\n<div class=\"wp-block-column is-layout-flow wp-block-column-is-layout-flow\">\n<figure class=\"wp-block-image size-large\"><img loading=\"lazy\" decoding=\"async\" width=\"1024\" height=\"683\" src=\"https:\/\/conadi.gob.gt\/web\/wp-content\/uploads\/2024\/12\/IMG_3975-1024x683.jpg\" alt=\"\" class=\"wp-image-16605\" srcset=\"https:\/\/conadi.gob.gt\/web\/wp-content\/uploads\/2024\/12\/IMG_3975-1024x683.jpg 1024w, https:\/\/conadi.gob.gt\/web\/wp-content\/uploads\/2024\/12\/IMG_3975-300x200.jpg 300w, https:\/\/conadi.gob.gt\/web\/wp-content\/uploads\/2024\/12\/IMG_3975-768x512.jpg 768w, https:\/\/conadi.gob.gt\/web\/wp-content\/uploads\/2024\/12\/IMG_3975-1536x1024.jpg 1536w\" sizes=\"auto, (max-width: 1024px) 100vw, 1024px\" \/><\/figure>\n<\/div>\n\n\n\n<div class=\"wp-block-column is-layout-flow wp-block-column-is-layout-flow\">\n<figure class=\"wp-block-image size-large\"><img loading=\"lazy\" decoding=\"async\" width=\"1024\" height=\"683\" src=\"https:\/\/conadi.gob.gt\/web\/wp-content\/uploads\/2024\/12\/IMG_4020-1024x683.jpg\" alt=\"\" class=\"wp-image-16607\" srcset=\"https:\/\/conadi.gob.gt\/web\/wp-content\/uploads\/2024\/12\/IMG_4020-1024x683.jpg 1024w, https:\/\/conadi.gob.gt\/web\/wp-content\/uploads\/2024\/12\/IMG_4020-300x200.jpg 300w, https:\/\/conadi.gob.gt\/web\/wp-content\/uploads\/2024\/12\/IMG_4020-768x512.jpg 768w, https:\/\/conadi.gob.gt\/web\/wp-content\/uploads\/2024\/12\/IMG_4020-1536x1024.jpg 1536w\" sizes=\"auto, (max-width: 1024px) 100vw, 1024px\" \/><\/figure>\n<\/div>\n<\/div>\n\n\n\n<p>En este espacio, Clarivel Castillo, presidenta del Consejo Nacional para la Atenci\u00f3n de las Personas con Discapacidad (CONADI), junto con t\u00e9cnicos de la instituci\u00f3n, presentaron los avances del Consejo. Destacando acciones como:<\/p>\n\n\n\n<figure class=\"wp-block-image size-large\"><img loading=\"lazy\" decoding=\"async\" width=\"1024\" height=\"683\" src=\"https:\/\/conadi.gob.gt\/web\/wp-content\/uploads\/2024\/12\/IMG_4084-1024x683.jpg\" alt=\"\" class=\"wp-image-16608\" srcset=\"https:\/\/conadi.gob.gt\/web\/wp-content\/uploads\/2024\/12\/IMG_4084-1024x683.jpg 1024w, https:\/\/conadi.gob.gt\/web\/wp-content\/uploads\/2024\/12\/IMG_4084-300x200.jpg 300w, https:\/\/conadi.gob.gt\/web\/wp-content\/uploads\/2024\/12\/IMG_4084-768x512.jpg 768w, https:\/\/conadi.gob.gt\/web\/wp-content\/uploads\/2024\/12\/IMG_4084-1536x1024.jpg 1536w\" sizes=\"auto, (max-width: 1024px) 100vw, 1024px\" \/><\/figure>\n\n\n\n<p>La asesor\u00eda t\u00e9cnica para la elaboraci\u00f3n de la Pol\u00edtica Municipal para la Inclusi\u00f3n de las Personas con Discapacidad en Camot\u00e1n, Chiquimula.<\/p>\n\n\n\n<p>La Certificaci\u00f3n de Int\u00e9rpretes de Lengua de Se\u00f1as.<\/p>\n\n\n\n<p>La implementaci\u00f3n de mejoras de accesibilidad universal en el Parque Nacional Tikal.<\/p>\n\n\n\n<p>La promoci\u00f3n del transporte accesible, en coordinaci\u00f3n con la Municipalidad de Guatemala.<\/p>\n\n\n\n<p>La participaci\u00f3n activa del CONADI en los Consejos Departamentales de Desarrollo (CODEDE).<\/p>\n\n\n\n<p>La incidencia en la aprobaci\u00f3n de la Ley de Certificaci\u00f3n Biopsicosocial de las Personas con Discapacidad, Decreto 6-2024 y su reforma Decreto 10-2024<\/p>\n\n\n\n<p>Adem\u00e1s, se resalt\u00f3 el apoyo educativo mediante el programa de bolsas de estudio dirigidas a personas con discapacidad, el cual es gestionado en conjunto con organizaciones adscritas y activas al CONADI, las cuales son responsables de validar las solicitudes de las personas beneficiarias siendo esto parte del fortalecimiento al derecho a la educaci\u00f3n de este sector.<\/p>\n\n\n\n<div class=\"wp-block-columns is-layout-flex wp-container-core-columns-is-layout-28f84493 wp-block-columns-is-layout-flex\">\n<div class=\"wp-block-column is-layout-flow wp-block-column-is-layout-flow\">\n<figure class=\"wp-block-image size-large\"><img loading=\"lazy\" decoding=\"async\" width=\"1024\" height=\"683\" src=\"https:\/\/conadi.gob.gt\/web\/wp-content\/uploads\/2024\/12\/IMG_3990-1024x683.jpg\" alt=\"\" class=\"wp-image-16609\" srcset=\"https:\/\/conadi.gob.gt\/web\/wp-content\/uploads\/2024\/12\/IMG_3990-1024x683.jpg 1024w, https:\/\/conadi.gob.gt\/web\/wp-content\/uploads\/2024\/12\/IMG_3990-300x200.jpg 300w, https:\/\/conadi.gob.gt\/web\/wp-content\/uploads\/2024\/12\/IMG_3990-768x512.jpg 768w, https:\/\/conadi.gob.gt\/web\/wp-content\/uploads\/2024\/12\/IMG_3990-1536x1024.jpg 1536w\" sizes=\"auto, (max-width: 1024px) 100vw, 1024px\" \/><\/figure>\n<\/div>\n\n\n\n<div class=\"wp-block-column is-layout-flow wp-block-column-is-layout-flow\">\n<figure class=\"wp-block-image size-large\"><img loading=\"lazy\" decoding=\"async\" width=\"1024\" height=\"683\" src=\"https:\/\/conadi.gob.gt\/web\/wp-content\/uploads\/2024\/12\/IMG_4105-1024x683.jpg\" alt=\"\" class=\"wp-image-16610\" srcset=\"https:\/\/conadi.gob.gt\/web\/wp-content\/uploads\/2024\/12\/IMG_4105-1024x683.jpg 1024w, https:\/\/conadi.gob.gt\/web\/wp-content\/uploads\/2024\/12\/IMG_4105-300x200.jpg 300w, https:\/\/conadi.gob.gt\/web\/wp-content\/uploads\/2024\/12\/IMG_4105-768x512.jpg 768w, https:\/\/conadi.gob.gt\/web\/wp-content\/uploads\/2024\/12\/IMG_4105-1536x1024.jpg 1536w\" sizes=\"auto, (max-width: 1024px) 100vw, 1024px\" \/><\/figure>\n<\/div>\n\n\n\n<div class=\"wp-block-column is-layout-flow wp-block-column-is-layout-flow\">\n<figure class=\"wp-block-image size-large\"><img loading=\"lazy\" decoding=\"async\" width=\"1024\" height=\"683\" src=\"https:\/\/conadi.gob.gt\/web\/wp-content\/uploads\/2024\/12\/IMG_4100-1024x683.jpg\" alt=\"\" class=\"wp-image-16611\" srcset=\"https:\/\/conadi.gob.gt\/web\/wp-content\/uploads\/2024\/12\/IMG_4100-1024x683.jpg 1024w, https:\/\/conadi.gob.gt\/web\/wp-content\/uploads\/2024\/12\/IMG_4100-300x200.jpg 300w, https:\/\/conadi.gob.gt\/web\/wp-content\/uploads\/2024\/12\/IMG_4100-768x512.jpg 768w, https:\/\/conadi.gob.gt\/web\/wp-content\/uploads\/2024\/12\/IMG_4100-1536x1024.jpg 1536w\" sizes=\"auto, (max-width: 1024px) 100vw, 1024px\" \/><\/figure>\n<\/div>\n<\/div>\n\n\n\n<p>En la culminaci\u00f3n de las Rondas de Cooperaci\u00f3n T\u00e9cnica, Argerie Arroyo, profesional de Gesti\u00f3n del Conocimiento del Consejo Nacional de Personas con Discapacidad (CONAPDIS<a href=\"https:\/\/www.facebook.com\/conapdiscr1?__cft__%5b0%5d=AZW2cuWc6du0-yft22I9AQdvK7QokZcRyVE7J0yv2SWvOwJbTWh4nz-TN14LPX0l_HbptEHDjhytL44dyYBfzEsDSxkKKCyY838VfYpFgD2SAk0gHQqUYreUNMb3ejFloYjFm3so4_GfC-iFbXj0ScSJ&amp;__tn__=-%5dK-R\" target=\"_blank\" rel=\"noreferrer noopener\"><\/a>) de Costa Rica, comparti\u00f3 el proceso que se dio para la construcci\u00f3n de la Pol\u00edtica Nacional en Discapacidad (PONADIS) en el pa\u00eds hermano, la cual cont\u00f3 con la participaci\u00f3n activa de Organizaciones de Personas con Discapacidad, personas representantes del Estado y del sector privado.<\/p>\n\n\n\n<div class=\"wp-block-columns is-layout-flex wp-container-core-columns-is-layout-28f84493 wp-block-columns-is-layout-flex\">\n<div class=\"wp-block-column is-layout-flow wp-block-column-is-layout-flow\">\n<figure class=\"wp-block-image size-large\"><img loading=\"lazy\" decoding=\"async\" width=\"1024\" height=\"683\" src=\"https:\/\/conadi.gob.gt\/web\/wp-content\/uploads\/2024\/12\/IMG_4152-1024x683.jpg\" alt=\"\" class=\"wp-image-16612\" srcset=\"https:\/\/conadi.gob.gt\/web\/wp-content\/uploads\/2024\/12\/IMG_4152-1024x683.jpg 1024w, https:\/\/conadi.gob.gt\/web\/wp-content\/uploads\/2024\/12\/IMG_4152-300x200.jpg 300w, https:\/\/conadi.gob.gt\/web\/wp-content\/uploads\/2024\/12\/IMG_4152-768x512.jpg 768w, https:\/\/conadi.gob.gt\/web\/wp-content\/uploads\/2024\/12\/IMG_4152-1536x1024.jpg 1536w\" sizes=\"auto, (max-width: 1024px) 100vw, 1024px\" \/><\/figure>\n<\/div>\n\n\n\n<div class=\"wp-block-column is-layout-flow wp-block-column-is-layout-flow\">\n<figure class=\"wp-block-image size-large\"><img loading=\"lazy\" decoding=\"async\" width=\"1024\" height=\"683\" src=\"https:\/\/conadi.gob.gt\/web\/wp-content\/uploads\/2024\/12\/IMG_4124-1024x683.jpg\" alt=\"\" class=\"wp-image-16613\" srcset=\"https:\/\/conadi.gob.gt\/web\/wp-content\/uploads\/2024\/12\/IMG_4124-1024x683.jpg 1024w, https:\/\/conadi.gob.gt\/web\/wp-content\/uploads\/2024\/12\/IMG_4124-300x200.jpg 300w, https:\/\/conadi.gob.gt\/web\/wp-content\/uploads\/2024\/12\/IMG_4124-768x512.jpg 768w, https:\/\/conadi.gob.gt\/web\/wp-content\/uploads\/2024\/12\/IMG_4124-1536x1024.jpg 1536w\" sizes=\"auto, (max-width: 1024px) 100vw, 1024px\" \/><\/figure>\n<\/div>\n\n\n\n<div class=\"wp-block-column is-layout-flow wp-block-column-is-layout-flow\">\n<figure class=\"wp-block-image size-large\"><img loading=\"lazy\" decoding=\"async\" width=\"1024\" height=\"683\" src=\"https:\/\/conadi.gob.gt\/web\/wp-content\/uploads\/2024\/12\/IMG_4146-1024x683.jpg\" alt=\"\" class=\"wp-image-16614\" srcset=\"https:\/\/conadi.gob.gt\/web\/wp-content\/uploads\/2024\/12\/IMG_4146-1024x683.jpg 1024w, https:\/\/conadi.gob.gt\/web\/wp-content\/uploads\/2024\/12\/IMG_4146-300x200.jpg 300w, https:\/\/conadi.gob.gt\/web\/wp-content\/uploads\/2024\/12\/IMG_4146-768x512.jpg 768w, https:\/\/conadi.gob.gt\/web\/wp-content\/uploads\/2024\/12\/IMG_4146-1536x1024.jpg 1536w\" sizes=\"auto, (max-width: 1024px) 100vw, 1024px\" \/><\/figure>\n<\/div>\n<\/div>\n\n\n\n<p>Posteriormente, las especialistas llevaron a cabo un intercambio de experiencias con los representantes de las instituciones que lideraran el proceso de actualizaci\u00f3n de la Pol\u00edtica Nacional en Discapacidad de Guatemala y enumeraron recomendaciones a tomar en cuenta en este proceso, ya que al estar en sus inicios, es fundamental unificar esfuerzos para elaborar una Pol\u00edtica basada en la Convenci\u00f3n Internacional sobre los Derechos de las Personas con Discapacidad y la Convenci\u00f3n Interamericana para la Eliminaci\u00f3n de Todas las Formas de Discriminaci\u00f3n contra las Personas con Discapacidad.<\/p>\n\n\n\n<div class=\"wp-block-columns is-layout-flex wp-container-core-columns-is-layout-28f84493 wp-block-columns-is-layout-flex\">\n<div class=\"wp-block-column is-layout-flow wp-block-column-is-layout-flow\">\n<figure class=\"wp-block-image size-large\"><img loading=\"lazy\" decoding=\"async\" width=\"1024\" height=\"683\" src=\"https:\/\/conadi.gob.gt\/web\/wp-content\/uploads\/2024\/12\/IMG_4202-1024x683.jpg\" alt=\"\" class=\"wp-image-16616\" srcset=\"https:\/\/conadi.gob.gt\/web\/wp-content\/uploads\/2024\/12\/IMG_4202-1024x683.jpg 1024w, https:\/\/conadi.gob.gt\/web\/wp-content\/uploads\/2024\/12\/IMG_4202-300x200.jpg 300w, https:\/\/conadi.gob.gt\/web\/wp-content\/uploads\/2024\/12\/IMG_4202-768x512.jpg 768w, https:\/\/conadi.gob.gt\/web\/wp-content\/uploads\/2024\/12\/IMG_4202-1536x1024.jpg 1536w\" sizes=\"auto, (max-width: 1024px) 100vw, 1024px\" \/><\/figure>\n<\/div>\n\n\n\n<div class=\"wp-block-column is-layout-flow wp-block-column-is-layout-flow\">\n<figure class=\"wp-block-image size-large\"><img loading=\"lazy\" decoding=\"async\" width=\"1024\" height=\"683\" src=\"https:\/\/conadi.gob.gt\/web\/wp-content\/uploads\/2024\/12\/IMG_4175-1024x683.jpg\" alt=\"\" class=\"wp-image-16615\" srcset=\"https:\/\/conadi.gob.gt\/web\/wp-content\/uploads\/2024\/12\/IMG_4175-1024x683.jpg 1024w, https:\/\/conadi.gob.gt\/web\/wp-content\/uploads\/2024\/12\/IMG_4175-300x200.jpg 300w, https:\/\/conadi.gob.gt\/web\/wp-content\/uploads\/2024\/12\/IMG_4175-768x512.jpg 768w, https:\/\/conadi.gob.gt\/web\/wp-content\/uploads\/2024\/12\/IMG_4175-1536x1024.jpg 1536w\" sizes=\"auto, (max-width: 1024px) 100vw, 1024px\" \/><\/figure>\n<\/div>\n\n\n\n<div class=\"wp-block-column is-layout-flow wp-block-column-is-layout-flow\">\n<figure class=\"wp-block-image size-large\"><img loading=\"lazy\" decoding=\"async\" width=\"1024\" height=\"683\" src=\"https:\/\/conadi.gob.gt\/web\/wp-content\/uploads\/2024\/12\/IMG_4195-1024x683.jpg\" alt=\"\" class=\"wp-image-16617\" srcset=\"https:\/\/conadi.gob.gt\/web\/wp-content\/uploads\/2024\/12\/IMG_4195-1024x683.jpg 1024w, https:\/\/conadi.gob.gt\/web\/wp-content\/uploads\/2024\/12\/IMG_4195-300x200.jpg 300w, https:\/\/conadi.gob.gt\/web\/wp-content\/uploads\/2024\/12\/IMG_4195-768x512.jpg 768w, https:\/\/conadi.gob.gt\/web\/wp-content\/uploads\/2024\/12\/IMG_4195-1536x1024.jpg 1536w\" sizes=\"auto, (max-width: 1024px) 100vw, 1024px\" \/><\/figure>\n<\/div>\n<\/div>\n\n\n\n<p>Para finalizar la jornada la presidenta del CONADI, Clarivel Castillo , hizo entrega de material elaborado por la instituci\u00f3n en la tem\u00e1tica de discapacidad, adem\u00e1s de un detalle como agradecimiento a las expertas internacionales por el apoyo y el conocimiento brindado en las Rondas de Cooperaci\u00f3n T\u00e9cnica.<\/p>\n\n\n\n<div class=\"wp-block-columns is-layout-flex wp-container-core-columns-is-layout-28f84493 wp-block-columns-is-layout-flex\">\n<div class=\"wp-block-column is-layout-flow wp-block-column-is-layout-flow\">\n<figure class=\"wp-block-image size-large\"><img loading=\"lazy\" decoding=\"async\" width=\"1024\" height=\"683\" src=\"https:\/\/conadi.gob.gt\/web\/wp-content\/uploads\/2024\/12\/IMG_4055-1024x683.jpg\" alt=\"\" class=\"wp-image-16618\" srcset=\"https:\/\/conadi.gob.gt\/web\/wp-content\/uploads\/2024\/12\/IMG_4055-1024x683.jpg 1024w, https:\/\/conadi.gob.gt\/web\/wp-content\/uploads\/2024\/12\/IMG_4055-300x200.jpg 300w, https:\/\/conadi.gob.gt\/web\/wp-content\/uploads\/2024\/12\/IMG_4055-768x512.jpg 768w, https:\/\/conadi.gob.gt\/web\/wp-content\/uploads\/2024\/12\/IMG_4055-1536x1024.jpg 1536w\" sizes=\"auto, (max-width: 1024px) 100vw, 1024px\" \/><\/figure>\n<\/div>\n\n\n\n<div class=\"wp-block-column is-layout-flow wp-block-column-is-layout-flow\">\n<figure class=\"wp-block-image size-large\"><img loading=\"lazy\" decoding=\"async\" width=\"1024\" height=\"683\" src=\"https:\/\/conadi.gob.gt\/web\/wp-content\/uploads\/2024\/12\/IMG_4062-1024x683.jpg\" alt=\"\" class=\"wp-image-16619\" srcset=\"https:\/\/conadi.gob.gt\/web\/wp-content\/uploads\/2024\/12\/IMG_4062-1024x683.jpg 1024w, https:\/\/conadi.gob.gt\/web\/wp-content\/uploads\/2024\/12\/IMG_4062-300x200.jpg 300w, https:\/\/conadi.gob.gt\/web\/wp-content\/uploads\/2024\/12\/IMG_4062-768x512.jpg 768w, https:\/\/conadi.gob.gt\/web\/wp-content\/uploads\/2024\/12\/IMG_4062-1536x1024.jpg 1536w\" sizes=\"auto, (max-width: 1024px) 100vw, 1024px\" \/><\/figure>\n<\/div>\n\n\n\n<div class=\"wp-block-column is-layout-flow wp-block-column-is-layout-flow\">\n<figure class=\"wp-block-image size-full\"><img decoding=\"async\" src=\"https:\/\/conadi.gob.gt\/web\/wp-content\/uploads\/2024\/12\/IMG_4069.jpg\" alt=\"\" class=\"wp-image-16620\"\/><\/figure>\n<\/div>\n<\/div>\n\n\n\n<div class=\"wp-block-columns is-layout-flex wp-container-core-columns-is-layout-28f84493 wp-block-columns-is-layout-flex\">\n<div class=\"wp-block-column is-layout-flow wp-block-column-is-layout-flow\">\n<figure class=\"wp-block-image size-full\"><img decoding=\"async\" src=\"https:\/\/conadi.gob.gt\/web\/wp-content\/uploads\/2024\/12\/IMG_4073.jpg\" alt=\"\" class=\"wp-image-16621\"\/><\/figure>\n<\/div>\n\n\n\n<div class=\"wp-block-column is-layout-flow wp-block-column-is-layout-flow\">\n<figure class=\"wp-block-image size-full\"><img decoding=\"async\" src=\"https:\/\/conadi.gob.gt\/web\/wp-content\/uploads\/2024\/12\/IMG_4243.jpg\" alt=\"\" class=\"wp-image-16622\"\/><\/figure>\n<\/div>\n\n\n\n<div class=\"wp-block-column is-layout-flow wp-block-column-is-layout-flow\">\n<figure class=\"wp-block-image size-full\"><img decoding=\"async\" src=\"https:\/\/conadi.gob.gt\/web\/wp-content\/uploads\/2024\/12\/IMG_4259.jpg\" alt=\"\" class=\"wp-image-16623\"\/><\/figure>\n<\/div>\n<\/div>\n\n\n\n<p><\/p>\n","protected":false},"excerpt":{"rendered":"<p>La Organizaci\u00f3n de Estados Americanos (OEA), organiz\u00f3 una serie de Rondas de Cooperaci\u00f3n T\u00e9cnica, las cuales se realizaron en el pa\u00eds del 10 al 12 de diciembre de 2024, con el objetivo de intercambiar experiencias en la formulaci\u00f3n de las Pol\u00edtica Nacionales en Discapacidad de Chile, Costa Rica y Paraguay. El d\u00eda uno cont\u00f3 con &hellip; <\/p>\n<p class=\"link-more\"><a href=\"https:\/\/conadi.gob.gt\/web\/conadi-participa-en-las-rondas-de-cooperacion-tecnica-de-la-oea\/\" class=\"more-link\">Leer m\u00e1s<span class=\"screen-reader-text\"> \u00abCONADI PARTICIPA EN LAS RONDAS DE COOPERACI\u00d3N T\u00c9CNICA DE LA OEA\u00bb<\/span><\/a><\/p>\n","protected":false},"author":12,"featured_media":16596,"comment_status":"closed","ping_status":"closed","sticky":false,"template":"","format":"standard","meta":{"footnotes":""},"categories":[3],"tags":[],"class_list":["post-16595","post","type-post","status-publish","format-standard","has-post-thumbnail","hentry","category-noticias"],"_links":{"self":[{"href":"https:\/\/conadi.gob.gt\/web\/wp-json\/wp\/v2\/posts\/16595","targetHints":{"allow":["GET"]}}],"collection":[{"href":"https:\/\/conadi.gob.gt\/web\/wp-json\/wp\/v2\/posts"}],"about":[{"href":"https:\/\/conadi.gob.gt\/web\/wp-json\/wp\/v2\/types\/post"}],"author":[{"embeddable":true,"href":"https:\/\/conadi.gob.gt\/web\/wp-json\/wp\/v2\/users\/12"}],"replies":[{"embeddable":true,"href":"https:\/\/conadi.gob.gt\/web\/wp-json\/wp\/v2\/comments?post=16595"}],"version-history":[{"count":2,"href":"https:\/\/conadi.gob.gt\/web\/wp-json\/wp\/v2\/posts\/16595\/revisions"}],"predecessor-version":[{"id":16624,"href":"https:\/\/conadi.gob.gt\/web\/wp-json\/wp\/v2\/posts\/16595\/revisions\/16624"}],"wp:featuredmedia":[{"embeddable":true,"href":"https:\/\/conadi.gob.gt\/web\/wp-json\/wp\/v2\/media\/16596"}],"wp:attachment":[{"href":"https:\/\/conadi.gob.gt\/web\/wp-json\/wp\/v2\/media?parent=16595"}],"wp:term":[{"taxonomy":"category","embeddable":true,"href":"https:\/\/conadi.gob.gt\/web\/wp-json\/wp\/v2\/categories?post=16595"},{"taxonomy":"post_tag","embeddable":true,"href":"https:\/\/conadi.gob.gt\/web\/wp-json\/wp\/v2\/tags?post=16595"}],"curies":[{"name":"wp","href":"https:\/\/api.w.org\/{rel}","templated":true}]}}