{"id":16659,"date":"2024-12-27T15:28:00","date_gmt":"2024-12-27T15:28:00","guid":{"rendered":"https:\/\/conadi.gob.gt\/web\/?p=16659"},"modified":"2024-12-27T15:32:28","modified_gmt":"2024-12-27T15:32:28","slug":"convocatoria-para-eleccion-y-acreditamiento-de-representante-titular-y-suplente-de-subsectores-de-conadi-2","status":"publish","type":"post","link":"https:\/\/conadi.gob.gt\/web\/convocatoria-para-eleccion-y-acreditamiento-de-representante-titular-y-suplente-de-subsectores-de-conadi-2\/","title":{"rendered":"CONVOCATORIA PARA ELECCI\u00d3N Y ACREDITAMIENTO DE REPRESENTANTE TITULAR Y SUPLENTE DE SUBSECTORES DE CONADI."},"content":{"rendered":"\n<p><\/p>\n\n\n\n<p>La Comisi\u00f3n Electoral 2024, CONVOCA a Asamblea de los Subsectores de la Sociedad Civil, para elecci\u00f3n de su Representante Titular y Suplente, en fechas y horarios que se detallan a continuaci\u00f3n:<\/p>\n\n\n\n<p><strong>Subsector de organizaciones de personas con discapacidad visual<\/strong><\/p>\n\n\n\n<p>Fecha: 07\/01\/2025<\/p>\n\n\n\n<p>Horario: 09:00 horas<\/p>\n\n\n\n<p>Lugar: Instalaciones del CONADI, 1 avenida 4-18 zona 1, Ciudad de Guatemala.<\/p>\n\n\n\n<p><strong>Subsector de organismos e instituciones que prestan atenci\u00f3n directa a las personas con discapacidad<\/strong><\/p>\n\n\n\n<p>Fecha: 07\/01\/2025<\/p>\n\n\n\n<p>Horario: 13:00 horas<\/p>\n\n\n\n<p>Lugar: Instalaciones del CONADI, 1 Avenida 4-18 zona 1, Ciudad de Guatemala.<\/p>\n\n\n\n<p><strong>Subsector de &nbsp;organismos e instituciones que promueven acciones a favor de las personas con discapacidad<\/strong><\/p>\n\n\n\n<p>Fecha: 07\/01\/2025<\/p>\n\n\n\n<p>Horario: 15:30 horas<\/p>\n\n\n\n<p>Lugar: Instalaciones del CONADI, 1 Avenida 4-18 zona 1, Ciudad de Guatemala.<\/p>\n\n\n\n<p><strong>CONVOCATORIA PARA ELECCI\u00d3N Y ACREDITAMIENTO DE REPRESENTANTE TITULAR Y SUPLENTE DE SUBSECTORES DE CONADI.<\/strong><\/p>\n\n\n\n<p>Se insta a las organizaciones civiles que integran los Subsectores presentar su documentaci\u00f3n necesaria a partir del 27 de diciembre del 2024 hasta el 7 de enero 2025, en el lugar donde se realice la asamblea seg\u00fan fecha y hora asignada para cada Subsector.<\/p>\n\n\n\n<p>La documentaci\u00f3n que deben&nbsp; presentar seg\u00fan los art\u00edculos 15 y 16 del Reglamento General de Elecciones:<\/p>\n\n\n\n<p><strong>Art\u00edculo 15. Requisitos para ser acreditado como candidato al cargo de Delegado titular o suplente de los subsectores:<\/strong><\/p>\n\n\n\n<ol class=\"wp-block-list\">\n<li>Ser delegado titular de una organizaci\u00f3n adscrita al CONADI y estar activa en el subsector respectivo.<\/li>\n<\/ol>\n\n\n\n<ul class=\"wp-block-list\">\n<li>Fotocopia simple de estatutos de la organizaci\u00f3n y copia simple de representaci\u00f3n legal vigente.<\/li>\n<\/ul>\n\n\n\n<ul class=\"wp-block-list\">\n<li>Nombramiento de organizaci\u00f3n que representa, emitido por el representante legal, de conformidad con sus estatutos.<\/li>\n<\/ul>\n\n\n\n<ul class=\"wp-block-list\">\n<li>Finiquito administrativo y financiero tanto de la organizaci\u00f3n como del delegado, el mismo ser\u00e1 extendido por el CONADi a requierimientdo del Interesado, con no m\u00e1s de 30 d\u00edas calendario de anticipaci\u00f3n a la elecci\u00f3n.<\/li>\n<\/ul>\n\n\n\n<ul class=\"wp-block-list\">\n<li>Constancia Transitoria de Inexistencia de Reclamaci\u00f3n de Cargos extendida por la Contralor\u00eda General de Cuentas vigente, DEL DELEGADO.<\/li>\n<\/ul>\n\n\n\n<ul class=\"wp-block-list\">\n<li>fotocopia del Documento Personal de Identificaci\u00f3n del delegado, vigente.<\/li>\n<\/ul>\n\n\n\n<ul class=\"wp-block-list\">\n<li>Constancia de registro tributario unificado \u2013RTU- vigente del delegado y de la organizaci\u00f3n a la que representa.<\/li>\n<\/ul>\n\n\n\n<ul class=\"wp-block-list\">\n<li>Solvencia Fiscal vigente, del delegado.<\/li>\n<\/ul>\n\n\n\n<p><strong>Art\u00edculo 16. Requisitos para acreditar la participaci\u00f3n como elector, en el proceso de elecci\u00f3n de delegado titular y suplente de los subsectores:<\/strong><\/p>\n\n\n\n<ol style=\"list-style-type:lower-alpha\" class=\"wp-block-list\">\n<li>Ser delegado titular de una organizaci\u00f3n adscrita al CONADI y estar activa en el subsector respectivo.<\/li>\n<\/ol>\n\n\n\n<ul class=\"wp-block-list\">\n<li>Fotocopia simple de estatutos de la organizaci\u00f3n y copia simple de representaci\u00f3n legal vigente.<\/li>\n<\/ul>\n\n\n\n<ul class=\"wp-block-list\">\n<li>Nombramiento de organizaci\u00f3n que representa, emitido por\u00a0 el representante legal, de conformidad con sus estatutos.<\/li>\n<\/ul>\n\n\n\n<ul class=\"wp-block-list\">\n<li>Finiquito administrativo y financiero tanto de la organizaci\u00f3n como del delegado, el mismo ser\u00e1 extendido por el CONADi, con no m\u00e1s de 30 d\u00edas calendario de anticipaci\u00f3n a la elecci\u00f3n.<\/li>\n<\/ul>\n\n\n\n<ul class=\"wp-block-list\">\n<li>fotocopia del Documento Personal de Identificaci\u00f3n vigente del delegado.<\/li>\n<\/ul>\n\n\n\n<ul class=\"wp-block-list\">\n<li>Constancia de registro tributario unificado \u2013RTU- vigente del delegado y de la organizaci\u00f3n a la que representa.<\/li>\n<\/ul>\n\n\n\n<p>Direcci\u00f3n f\u00edsica para recibir documentaci\u00f3n: 1 avenida 4-18 zona 1, Ciudad de Guatemala.<\/p>\n\n\n\n<figure class=\"wp-block-gallery has-nested-images columns-default is-cropped wp-block-gallery-1 is-layout-flex wp-block-gallery-is-layout-flex\">\n<figure class=\"wp-block-image size-large\"><img loading=\"lazy\" decoding=\"async\" width=\"820\" height=\"1024\" data-id=\"16662\" src=\"https:\/\/conadi.gob.gt\/web\/wp-content\/uploads\/2024\/12\/001-820x1024.jpg\" alt=\"\" class=\"wp-image-16662\" srcset=\"https:\/\/conadi.gob.gt\/web\/wp-content\/uploads\/2024\/12\/001-820x1024.jpg 820w, https:\/\/conadi.gob.gt\/web\/wp-content\/uploads\/2024\/12\/001-240x300.jpg 240w, https:\/\/conadi.gob.gt\/web\/wp-content\/uploads\/2024\/12\/001-768x959.jpg 768w, https:\/\/conadi.gob.gt\/web\/wp-content\/uploads\/2024\/12\/001.jpg 1081w\" sizes=\"auto, (max-width: 820px) 100vw, 820px\" \/><\/figure>\n\n\n\n<figure class=\"wp-block-image size-large\"><img loading=\"lazy\" decoding=\"async\" width=\"819\" height=\"1024\" data-id=\"16660\" src=\"https:\/\/conadi.gob.gt\/web\/wp-content\/uploads\/2024\/12\/002-819x1024.jpg\" alt=\"\" class=\"wp-image-16660\" srcset=\"https:\/\/conadi.gob.gt\/web\/wp-content\/uploads\/2024\/12\/002-819x1024.jpg 819w, https:\/\/conadi.gob.gt\/web\/wp-content\/uploads\/2024\/12\/002-240x300.jpg 240w, https:\/\/conadi.gob.gt\/web\/wp-content\/uploads\/2024\/12\/002-768x960.jpg 768w, https:\/\/conadi.gob.gt\/web\/wp-content\/uploads\/2024\/12\/002.jpg 1080w\" sizes=\"auto, (max-width: 819px) 100vw, 819px\" \/><\/figure>\n\n\n\n<figure class=\"wp-block-image size-large\"><img loading=\"lazy\" decoding=\"async\" width=\"820\" height=\"1024\" data-id=\"16661\" src=\"https:\/\/conadi.gob.gt\/web\/wp-content\/uploads\/2024\/12\/003-820x1024.jpg\" alt=\"\" class=\"wp-image-16661\" srcset=\"https:\/\/conadi.gob.gt\/web\/wp-content\/uploads\/2024\/12\/003-820x1024.jpg 820w, https:\/\/conadi.gob.gt\/web\/wp-content\/uploads\/2024\/12\/003-240x300.jpg 240w, https:\/\/conadi.gob.gt\/web\/wp-content\/uploads\/2024\/12\/003-768x959.jpg 768w, https:\/\/conadi.gob.gt\/web\/wp-content\/uploads\/2024\/12\/003.jpg 1081w\" sizes=\"auto, (max-width: 820px) 100vw, 820px\" \/><\/figure>\n<\/figure>\n","protected":false},"excerpt":{"rendered":"<p>La Comisi\u00f3n Electoral 2024, CONVOCA a Asamblea de los Subsectores de la Sociedad Civil, para elecci\u00f3n de su Representante Titular y Suplente, en fechas y horarios que se detallan a continuaci\u00f3n: Subsector de organizaciones de personas con discapacidad visual Fecha: 07\/01\/2025 Horario: 09:00 horas Lugar: Instalaciones del CONADI, 1 avenida 4-18 zona 1, Ciudad de &hellip; <\/p>\n<p class=\"link-more\"><a href=\"https:\/\/conadi.gob.gt\/web\/convocatoria-para-eleccion-y-acreditamiento-de-representante-titular-y-suplente-de-subsectores-de-conadi-2\/\" class=\"more-link\">Leer m\u00e1s<span class=\"screen-reader-text\"> \u00abCONVOCATORIA PARA ELECCI\u00d3N Y ACREDITAMIENTO DE REPRESENTANTE TITULAR Y SUPLENTE DE SUBSECTORES DE CONADI.\u00bb<\/span><\/a><\/p>\n","protected":false},"author":8,"featured_media":16662,"comment_status":"closed","ping_status":"closed","sticky":false,"template":"","format":"standard","meta":{"footnotes":""},"categories":[3],"tags":[],"class_list":["post-16659","post","type-post","status-publish","format-standard","has-post-thumbnail","hentry","category-noticias"],"_links":{"self":[{"href":"https:\/\/conadi.gob.gt\/web\/wp-json\/wp\/v2\/posts\/16659","targetHints":{"allow":["GET"]}}],"collection":[{"href":"https:\/\/conadi.gob.gt\/web\/wp-json\/wp\/v2\/posts"}],"about":[{"href":"https:\/\/conadi.gob.gt\/web\/wp-json\/wp\/v2\/types\/post"}],"author":[{"embeddable":true,"href":"https:\/\/conadi.gob.gt\/web\/wp-json\/wp\/v2\/users\/8"}],"replies":[{"embeddable":true,"href":"https:\/\/conadi.gob.gt\/web\/wp-json\/wp\/v2\/comments?post=16659"}],"version-history":[{"count":1,"href":"https:\/\/conadi.gob.gt\/web\/wp-json\/wp\/v2\/posts\/16659\/revisions"}],"predecessor-version":[{"id":16663,"href":"https:\/\/conadi.gob.gt\/web\/wp-json\/wp\/v2\/posts\/16659\/revisions\/16663"}],"wp:featuredmedia":[{"embeddable":true,"href":"https:\/\/conadi.gob.gt\/web\/wp-json\/wp\/v2\/media\/16662"}],"wp:attachment":[{"href":"https:\/\/conadi.gob.gt\/web\/wp-json\/wp\/v2\/media?parent=16659"}],"wp:term":[{"taxonomy":"category","embeddable":true,"href":"https:\/\/conadi.gob.gt\/web\/wp-json\/wp\/v2\/categories?post=16659"},{"taxonomy":"post_tag","embeddable":true,"href":"https:\/\/conadi.gob.gt\/web\/wp-json\/wp\/v2\/tags?post=16659"}],"curies":[{"name":"wp","href":"https:\/\/api.w.org\/{rel}","templated":true}]}}