{"id":16740,"date":"2025-01-21T18:30:46","date_gmt":"2025-01-21T18:30:46","guid":{"rendered":"https:\/\/conadi.gob.gt\/web\/?p=16740"},"modified":"2025-01-21T18:42:24","modified_gmt":"2025-01-21T18:42:24","slug":"proceso-electoral-conadi","status":"publish","type":"post","link":"https:\/\/conadi.gob.gt\/web\/proceso-electoral-conadi\/","title":{"rendered":"PROCESO ELECTORAL CONADI"},"content":{"rendered":"\n<p>Cada dos a\u00f1os el Consejo Nacional para la Atenci\u00f3n de las Personas con Discapacidad (CONADI), realiza el proceso de elecci\u00f3n de sus nuevas autoridades, misma que inicia con el nombramiento de la Comisi\u00f3n Electoral quien es la encargada de velar por que el proceso se llev\u00e9 a cabo con transparencia y bajo el cumplimiento de los derechos humanos de las personas con y sin discapacidad. La comisi\u00f3n electoral es integrada por representantes de instituciones ajenas al CONADI, que velan por el cumplimiento de los derechos humanos.<\/p>\n\n\n\n<p>Posteriormente es realizada la convocatoria a las organizaciones adscritas y activas al Consejo para que puedan participar en la elecci\u00f3n de representante titular y suplentes del subsector al que pertenecen y estos mismos conformaran el Consejo de Delegados del periodo correspondiente.<\/p>\n\n\n\n<div class=\"wp-block-columns is-layout-flex wp-container-core-columns-is-layout-28f84493 wp-block-columns-is-layout-flex\">\n<div class=\"wp-block-column is-layout-flow wp-block-column-is-layout-flow\">\n<figure class=\"wp-block-image size-large\"><img loading=\"lazy\" decoding=\"async\" width=\"1024\" height=\"683\" src=\"https:\/\/conadi.gob.gt\/web\/wp-content\/uploads\/2025\/01\/IMG_4988-1024x683.jpg\" alt=\"\" class=\"wp-image-16741\" srcset=\"https:\/\/conadi.gob.gt\/web\/wp-content\/uploads\/2025\/01\/IMG_4988-1024x683.jpg 1024w, https:\/\/conadi.gob.gt\/web\/wp-content\/uploads\/2025\/01\/IMG_4988-300x200.jpg 300w, https:\/\/conadi.gob.gt\/web\/wp-content\/uploads\/2025\/01\/IMG_4988-768x512.jpg 768w, https:\/\/conadi.gob.gt\/web\/wp-content\/uploads\/2025\/01\/IMG_4988-1536x1024.jpg 1536w, https:\/\/conadi.gob.gt\/web\/wp-content\/uploads\/2025\/01\/IMG_4988-scaled-2000x1334.jpg 2000w\" sizes=\"auto, (max-width: 1024px) 100vw, 1024px\" \/><\/figure>\n<\/div>\n\n\n\n<div class=\"wp-block-column is-layout-flow wp-block-column-is-layout-flow\">\n<figure class=\"wp-block-image size-large\"><img loading=\"lazy\" decoding=\"async\" width=\"1024\" height=\"683\" src=\"https:\/\/conadi.gob.gt\/web\/wp-content\/uploads\/2025\/01\/IMG_6933-1024x683.jpg\" alt=\"\" class=\"wp-image-16743\" srcset=\"https:\/\/conadi.gob.gt\/web\/wp-content\/uploads\/2025\/01\/IMG_6933-1024x683.jpg 1024w, https:\/\/conadi.gob.gt\/web\/wp-content\/uploads\/2025\/01\/IMG_6933-300x200.jpg 300w, https:\/\/conadi.gob.gt\/web\/wp-content\/uploads\/2025\/01\/IMG_6933-768x512.jpg 768w, https:\/\/conadi.gob.gt\/web\/wp-content\/uploads\/2025\/01\/IMG_6933-1536x1024.jpg 1536w\" sizes=\"auto, (max-width: 1024px) 100vw, 1024px\" \/><\/figure>\n<\/div>\n<\/div>\n\n\n\n<div class=\"wp-block-columns is-layout-flex wp-container-core-columns-is-layout-28f84493 wp-block-columns-is-layout-flex\">\n<div class=\"wp-block-column is-layout-flow wp-block-column-is-layout-flow\">\n<figure class=\"wp-block-image size-large\"><img loading=\"lazy\" decoding=\"async\" width=\"1024\" height=\"683\" src=\"https:\/\/conadi.gob.gt\/web\/wp-content\/uploads\/2025\/01\/IMG_2620-1024x683.jpg\" alt=\"\" class=\"wp-image-16744\" srcset=\"https:\/\/conadi.gob.gt\/web\/wp-content\/uploads\/2025\/01\/IMG_2620-1024x683.jpg 1024w, https:\/\/conadi.gob.gt\/web\/wp-content\/uploads\/2025\/01\/IMG_2620-300x200.jpg 300w, https:\/\/conadi.gob.gt\/web\/wp-content\/uploads\/2025\/01\/IMG_2620-768x512.jpg 768w, https:\/\/conadi.gob.gt\/web\/wp-content\/uploads\/2025\/01\/IMG_2620-1536x1024.jpg 1536w\" sizes=\"auto, (max-width: 1024px) 100vw, 1024px\" \/><\/figure>\n<\/div>\n\n\n\n<div class=\"wp-block-column is-layout-flow wp-block-column-is-layout-flow\">\n<figure class=\"wp-block-image size-large\"><img loading=\"lazy\" decoding=\"async\" width=\"1024\" height=\"683\" src=\"https:\/\/conadi.gob.gt\/web\/wp-content\/uploads\/2025\/01\/IMG_5442-1024x683.jpg\" alt=\"\" class=\"wp-image-16756\" srcset=\"https:\/\/conadi.gob.gt\/web\/wp-content\/uploads\/2025\/01\/IMG_5442-1024x683.jpg 1024w, https:\/\/conadi.gob.gt\/web\/wp-content\/uploads\/2025\/01\/IMG_5442-300x200.jpg 300w, https:\/\/conadi.gob.gt\/web\/wp-content\/uploads\/2025\/01\/IMG_5442-768x512.jpg 768w, https:\/\/conadi.gob.gt\/web\/wp-content\/uploads\/2025\/01\/IMG_5442-1536x1024.jpg 1536w\" sizes=\"auto, (max-width: 1024px) 100vw, 1024px\" \/><\/figure>\n<\/div>\n<\/div>\n\n\n\n<h2 class=\"wp-block-heading\">Proceso Electoral 2024<\/h2>\n\n\n\n<p>La Comisi\u00f3n Electoral 2024, llev\u00f3 a cabo las elecciones de los representantes titular y suplente de los subsectores que integraran el Consejo delegados del CONADI para el periodo 2025-2027, contando con la presencia como observadores de la Defensor\u00eda de las Personas con Discapacidad de la Procuradur\u00eda de los Derechos Humanos (PDH).<\/p>\n\n\n\n<p>El Consejo de Delegados 2025-2027 qued\u00f3 conformado de la siguiente manera:<\/p>\n\n\n\n<h3 class=\"wp-block-heading has-text-align-center\">Subsector de Organizaciones de Personas con Discapacidad Auditiva<\/h3>\n\n\n\n<figure class=\"wp-block-table\"><table class=\"has-fixed-layout\"><tbody><tr><td class=\"has-text-align-center\" data-align=\"center\"><strong>Delegado Titular<\/strong><\/td><td class=\"has-text-align-center\" data-align=\"center\">Griselda Yaneth Garc\u00eda Trujillo<\/td><td>Asociaci\u00f3n de Sordos de Guatemala (ASORGUA)<\/td><\/tr><\/tbody><\/table><\/figure>\n\n\n\n<figure class=\"wp-block-image size-large\"><img loading=\"lazy\" decoding=\"async\" width=\"1024\" height=\"683\" src=\"https:\/\/conadi.gob.gt\/web\/wp-content\/uploads\/2025\/01\/IMG_2496-1024x683.jpg\" alt=\"\" class=\"wp-image-16748\" srcset=\"https:\/\/conadi.gob.gt\/web\/wp-content\/uploads\/2025\/01\/IMG_2496-1024x683.jpg 1024w, https:\/\/conadi.gob.gt\/web\/wp-content\/uploads\/2025\/01\/IMG_2496-300x200.jpg 300w, https:\/\/conadi.gob.gt\/web\/wp-content\/uploads\/2025\/01\/IMG_2496-768x512.jpg 768w, https:\/\/conadi.gob.gt\/web\/wp-content\/uploads\/2025\/01\/IMG_2496-1536x1024.jpg 1536w\" sizes=\"auto, (max-width: 1024px) 100vw, 1024px\" \/><\/figure>\n\n\n\n<h3 class=\"wp-block-heading has-text-align-center\">Subsector de Organizaciones de Personas con Discapacidad F\u00edsica<\/h3>\n\n\n\n<figure class=\"wp-block-table\"><table class=\"has-fixed-layout\"><tbody><tr><td class=\"has-text-align-center\" data-align=\"center\"><strong>Delegado Titular<\/strong><\/td><td class=\"has-text-align-center\" data-align=\"center\">Esdras Isaac Morales Ram\u00edrez<\/td><td>Asociaci\u00f3n de Personas con Discapacidad y Vida Independiente (PADIVI)<\/td><\/tr><tr><td class=\"has-text-align-center\" data-align=\"center\"><strong>Delegado Suplente<\/strong><\/td><td class=\"has-text-align-center\" data-align=\"center\">Silvia Judith Casto Salguero<\/td><td>Organizaci\u00f3n no Gubernamental Fraternidad Cristiana de Personas Enfermas y con Discapacidad (FRATER)<\/td><\/tr><\/tbody><\/table><\/figure>\n\n\n\n<figure class=\"wp-block-image size-full\"><img loading=\"lazy\" decoding=\"async\" width=\"2560\" height=\"1707\" src=\"https:\/\/conadi.gob.gt\/web\/wp-content\/uploads\/2025\/01\/IMG_2527-scaled.jpg\" alt=\"\" class=\"wp-image-16750\" srcset=\"https:\/\/conadi.gob.gt\/web\/wp-content\/uploads\/2025\/01\/IMG_2527-scaled.jpg 2560w, https:\/\/conadi.gob.gt\/web\/wp-content\/uploads\/2025\/01\/IMG_2527-300x200.jpg 300w, https:\/\/conadi.gob.gt\/web\/wp-content\/uploads\/2025\/01\/IMG_2527-1024x683.jpg 1024w, https:\/\/conadi.gob.gt\/web\/wp-content\/uploads\/2025\/01\/IMG_2527-768x512.jpg 768w, https:\/\/conadi.gob.gt\/web\/wp-content\/uploads\/2025\/01\/IMG_2527-1536x1024.jpg 1536w\" sizes=\"auto, (max-width: 2560px) 100vw, 2560px\" \/><\/figure>\n\n\n\n<h3 class=\"wp-block-heading has-text-align-center\">Subsector de Organizaciones de Personas con Discapacidad por Causa de Conflicto Armado<\/h3>\n\n\n\n<figure class=\"wp-block-table\"><table class=\"has-fixed-layout\"><tbody><tr><td class=\"has-text-align-center\" data-align=\"center\"><strong>Delegado Titular<\/strong><\/td><td class=\"has-text-align-center\" data-align=\"center\">Miguel L\u00f3pez Raymundo<\/td><td>Asociaci\u00f3n de Discapacitados de Guerra de la Regi\u00f3n Ixil (ADDEGRI)<\/td><\/tr><tr><td class=\"has-text-align-center\" data-align=\"center\"><strong>Delegado Suplente<\/strong><\/td><td class=\"has-text-align-center\" data-align=\"center\">Sebasti\u00e1n Acet\u00fan L\u00f3pez<\/td><td>Asociaci\u00f3n de Exsoldados y Especialistas del Ej\u00e9rcito de Guatemala, Discapacitados de Guerra (ADEGUA)<\/td><\/tr><\/tbody><\/table><\/figure>\n\n\n\n<figure class=\"wp-block-image size-large\"><img loading=\"lazy\" decoding=\"async\" width=\"1024\" height=\"683\" src=\"https:\/\/conadi.gob.gt\/web\/wp-content\/uploads\/2025\/01\/IMG_2559-1024x683.jpg\" alt=\"\" class=\"wp-image-16751\" srcset=\"https:\/\/conadi.gob.gt\/web\/wp-content\/uploads\/2025\/01\/IMG_2559-1024x683.jpg 1024w, https:\/\/conadi.gob.gt\/web\/wp-content\/uploads\/2025\/01\/IMG_2559-300x200.jpg 300w, https:\/\/conadi.gob.gt\/web\/wp-content\/uploads\/2025\/01\/IMG_2559-768x512.jpg 768w, https:\/\/conadi.gob.gt\/web\/wp-content\/uploads\/2025\/01\/IMG_2559-1536x1024.jpg 1536w\" sizes=\"auto, (max-width: 1024px) 100vw, 1024px\" \/><\/figure>\n\n\n\n<h3 class=\"wp-block-heading has-text-align-center\">Subsector de Organizaciones Padres, Madres y Familiares de Personas con Discapacidad<\/h3>\n\n\n\n<figure class=\"wp-block-table\"><table class=\"has-fixed-layout\"><tbody><tr><td class=\"has-text-align-center\" data-align=\"center\"><strong>Delegado Titular<\/strong><\/td><td class=\"has-text-align-center\" data-align=\"center\">Rub\u00ed Amabilia \u00c1lvarez de Cifuentes<\/td><td>Asociaci\u00f3n de Padres con Hijos con Discapacidad<\/td><\/tr><tr><td class=\"has-text-align-center\" data-align=\"center\"><strong>Delegado Suplente<\/strong><\/td><td class=\"has-text-align-center\" data-align=\"center\">Mirna Janeth Ramos de Bardales<\/td><td>Asociaci\u00f3n de Autismo Zacapa (ADAZ)<\/td><\/tr><\/tbody><\/table><\/figure>\n\n\n\n<figure class=\"wp-block-image size-large\"><img loading=\"lazy\" decoding=\"async\" width=\"1024\" height=\"683\" src=\"https:\/\/conadi.gob.gt\/web\/wp-content\/uploads\/2025\/01\/IMG_2596-1024x683.jpg\" alt=\"\" class=\"wp-image-16752\" srcset=\"https:\/\/conadi.gob.gt\/web\/wp-content\/uploads\/2025\/01\/IMG_2596-1024x683.jpg 1024w, https:\/\/conadi.gob.gt\/web\/wp-content\/uploads\/2025\/01\/IMG_2596-300x200.jpg 300w, https:\/\/conadi.gob.gt\/web\/wp-content\/uploads\/2025\/01\/IMG_2596-768x512.jpg 768w, https:\/\/conadi.gob.gt\/web\/wp-content\/uploads\/2025\/01\/IMG_2596-1536x1024.jpg 1536w\" sizes=\"auto, (max-width: 1024px) 100vw, 1024px\" \/><\/figure>\n\n\n\n<h3 class=\"wp-block-heading has-text-align-center\">Subsector de Organizaciones de Personas con Discapacidad Visual<\/h3>\n\n\n\n<figure class=\"wp-block-table\"><table class=\"has-fixed-layout\"><tbody><tr><td class=\"has-text-align-center\" data-align=\"center\"><strong>Delegado Titular<\/strong><\/td><td class=\"has-text-align-center\" data-align=\"center\">Maira Virginia Rivas Carias<\/td><td>Asociaci\u00f3n de Ciegos para la Cultura y el Deporte Guatemala (ACCD)<\/td><\/tr><tr><td class=\"has-text-align-center\" data-align=\"center\"><strong>Delegado Suplente<\/strong><\/td><td class=\"has-text-align-center\" data-align=\"center\">Belzar Orellana y Orellana<\/td><td>Asociaci\u00f3n de Ciegos Unidos para el Desarrollo (ACUDE)<\/td><\/tr><\/tbody><\/table><\/figure>\n\n\n\n<figure class=\"wp-block-image size-large\"><img loading=\"lazy\" decoding=\"async\" width=\"1024\" height=\"683\" src=\"https:\/\/conadi.gob.gt\/web\/wp-content\/uploads\/2025\/01\/IMG_5012-1024x683.jpg\" alt=\"\" class=\"wp-image-16753\" srcset=\"https:\/\/conadi.gob.gt\/web\/wp-content\/uploads\/2025\/01\/IMG_5012-1024x683.jpg 1024w, https:\/\/conadi.gob.gt\/web\/wp-content\/uploads\/2025\/01\/IMG_5012-300x200.jpg 300w, https:\/\/conadi.gob.gt\/web\/wp-content\/uploads\/2025\/01\/IMG_5012-768x512.jpg 768w, https:\/\/conadi.gob.gt\/web\/wp-content\/uploads\/2025\/01\/IMG_5012-1536x1024.jpg 1536w\" sizes=\"auto, (max-width: 1024px) 100vw, 1024px\" \/><\/figure>\n\n\n\n<h3 class=\"wp-block-heading has-text-align-center\">Subsector de Organismos e Instituciones que Prestan Atenci\u00f3n Directa a las Personas con Discapacidad<\/h3>\n\n\n\n<figure class=\"wp-block-table\"><table class=\"has-fixed-layout\"><tbody><tr><td class=\"has-text-align-center\" data-align=\"center\"><strong>Delegado Titular<\/strong><\/td><td class=\"has-text-align-center\" data-align=\"center\">Jorge Luis L\u00f3pez Gonz\u00e1lez<\/td><td>Asociaci\u00f3n de Personas con Discapacidad de Quetzaltenango \u201cLuna de Xelaj\u00fa\u201d (APCDQLX)<\/td><\/tr><tr><td class=\"has-text-align-center\" data-align=\"center\"><strong>Delegado Suplente<\/strong><\/td><td class=\"has-text-align-center\" data-align=\"center\">Axel Dar\u00edo Palencia de Paz<\/td><td>Asociaci\u00f3n de Occidente para la Discapacidad, Organizaci\u00f3n no Gubernamental (ONG ASOCDIS)<\/td><\/tr><\/tbody><\/table><\/figure>\n\n\n\n<figure class=\"wp-block-image size-large\"><img loading=\"lazy\" decoding=\"async\" width=\"1024\" height=\"683\" src=\"https:\/\/conadi.gob.gt\/web\/wp-content\/uploads\/2025\/01\/IMG_5066-1024x683.jpg\" alt=\"\" class=\"wp-image-16754\" srcset=\"https:\/\/conadi.gob.gt\/web\/wp-content\/uploads\/2025\/01\/IMG_5066-1024x683.jpg 1024w, https:\/\/conadi.gob.gt\/web\/wp-content\/uploads\/2025\/01\/IMG_5066-300x200.jpg 300w, https:\/\/conadi.gob.gt\/web\/wp-content\/uploads\/2025\/01\/IMG_5066-768x512.jpg 768w, https:\/\/conadi.gob.gt\/web\/wp-content\/uploads\/2025\/01\/IMG_5066-1536x1024.jpg 1536w\" sizes=\"auto, (max-width: 1024px) 100vw, 1024px\" \/><\/figure>\n\n\n\n<h3 class=\"wp-block-heading has-text-align-center\">Subsector de Organismos e Instituciones que Promueven Acciones a Favor de las Personas con Discapacidad<\/h3>\n\n\n\n<figure class=\"wp-block-table\"><table class=\"has-fixed-layout\"><tbody><tr><td class=\"has-text-align-center\" data-align=\"center\"><strong>Delegado Titular<\/strong><\/td><td class=\"has-text-align-center\" data-align=\"center\">Jorge Armando Tzunun Gonz\u00e1lez<\/td><td>Asociaci\u00f3n de Personas con Discapacidad Jareb Francisco (ASOJEF)<\/td><\/tr><tr><td class=\"has-text-align-center\" data-align=\"center\"><strong>Delegado Suplente<\/strong><\/td><td class=\"has-text-align-center\" data-align=\"center\">Karen Victoria Cabrera Mel\u00e9ndez<\/td><td>Asociaci\u00f3n de Mujeres con Discapacidad (VIDA PLENA).<\/td><\/tr><\/tbody><\/table><\/figure>\n\n\n\n<figure class=\"wp-block-image size-large\"><img loading=\"lazy\" decoding=\"async\" width=\"1024\" height=\"683\" src=\"https:\/\/conadi.gob.gt\/web\/wp-content\/uploads\/2025\/01\/IMG_5484-1024x683.jpg\" alt=\"\" class=\"wp-image-16759\" srcset=\"https:\/\/conadi.gob.gt\/web\/wp-content\/uploads\/2025\/01\/IMG_5484-1024x683.jpg 1024w, https:\/\/conadi.gob.gt\/web\/wp-content\/uploads\/2025\/01\/IMG_5484-300x200.jpg 300w, https:\/\/conadi.gob.gt\/web\/wp-content\/uploads\/2025\/01\/IMG_5484-768x512.jpg 768w, https:\/\/conadi.gob.gt\/web\/wp-content\/uploads\/2025\/01\/IMG_5484-1536x1024.jpg 1536w\" sizes=\"auto, (max-width: 1024px) 100vw, 1024px\" \/><\/figure>\n\n\n\n<p>Con esta acci\u00f3n se inicia la preparaci\u00f3n de la pr\u00f3xima elecci\u00f3n de la Junta Directiva para el Per\u00edodo 2025-2027, que se llevar\u00e1 a cabo el 31 de enero del 2025.<\/p>\n","protected":false},"excerpt":{"rendered":"<p>Cada dos a\u00f1os el Consejo Nacional para la Atenci\u00f3n de las Personas con Discapacidad (CONADI), realiza el proceso de elecci\u00f3n de sus nuevas autoridades, misma que inicia con el nombramiento de la Comisi\u00f3n Electoral quien es la encargada de velar por que el proceso se llev\u00e9 a cabo con transparencia y bajo el cumplimiento de &hellip; <\/p>\n<p class=\"link-more\"><a href=\"https:\/\/conadi.gob.gt\/web\/proceso-electoral-conadi\/\" class=\"more-link\">Leer m\u00e1s<span class=\"screen-reader-text\"> \u00abPROCESO ELECTORAL CONADI\u00bb<\/span><\/a><\/p>\n","protected":false},"author":12,"featured_media":16741,"comment_status":"closed","ping_status":"closed","sticky":false,"template":"","format":"standard","meta":{"footnotes":""},"categories":[3],"tags":[],"class_list":["post-16740","post","type-post","status-publish","format-standard","has-post-thumbnail","hentry","category-noticias"],"_links":{"self":[{"href":"https:\/\/conadi.gob.gt\/web\/wp-json\/wp\/v2\/posts\/16740","targetHints":{"allow":["GET"]}}],"collection":[{"href":"https:\/\/conadi.gob.gt\/web\/wp-json\/wp\/v2\/posts"}],"about":[{"href":"https:\/\/conadi.gob.gt\/web\/wp-json\/wp\/v2\/types\/post"}],"author":[{"embeddable":true,"href":"https:\/\/conadi.gob.gt\/web\/wp-json\/wp\/v2\/users\/12"}],"replies":[{"embeddable":true,"href":"https:\/\/conadi.gob.gt\/web\/wp-json\/wp\/v2\/comments?post=16740"}],"version-history":[{"count":7,"href":"https:\/\/conadi.gob.gt\/web\/wp-json\/wp\/v2\/posts\/16740\/revisions"}],"predecessor-version":[{"id":16808,"href":"https:\/\/conadi.gob.gt\/web\/wp-json\/wp\/v2\/posts\/16740\/revisions\/16808"}],"wp:featuredmedia":[{"embeddable":true,"href":"https:\/\/conadi.gob.gt\/web\/wp-json\/wp\/v2\/media\/16741"}],"wp:attachment":[{"href":"https:\/\/conadi.gob.gt\/web\/wp-json\/wp\/v2\/media?parent=16740"}],"wp:term":[{"taxonomy":"category","embeddable":true,"href":"https:\/\/conadi.gob.gt\/web\/wp-json\/wp\/v2\/categories?post=16740"},{"taxonomy":"post_tag","embeddable":true,"href":"https:\/\/conadi.gob.gt\/web\/wp-json\/wp\/v2\/tags?post=16740"}],"curies":[{"name":"wp","href":"https:\/\/api.w.org\/{rel}","templated":true}]}}