{"id":16948,"date":"2025-02-13T20:25:13","date_gmt":"2025-02-13T20:25:13","guid":{"rendered":"https:\/\/conadi.gob.gt\/web\/?p=16948"},"modified":"2025-02-13T20:52:04","modified_gmt":"2025-02-13T20:52:04","slug":"toma-de-posesion-junta-directiva-2025-2027","status":"publish","type":"post","link":"https:\/\/conadi.gob.gt\/web\/toma-de-posesion-junta-directiva-2025-2027\/","title":{"rendered":"TOMA DE POSESI\u00d3N JUNTA DIRECTIVA 2025-2027"},"content":{"rendered":"\n<p>El Consejo Nacional para la Atenci\u00f3n de las Personas con Discapacidad (CONADI), llev\u00f3 a cabo el acto solemne de la toma de posesi\u00f3n de la Junta Directiva para el periodo 2025-2027, iniciando as\u00ed una nueva etapa bajo la presidencia de Maira Rivas, representante del subsector de Organizaciones de Personas con Discapacidad Visual.<\/p>\n\n\n\n<figure class=\"wp-block-image size-large\"><img loading=\"lazy\" decoding=\"async\" width=\"1024\" height=\"683\" src=\"https:\/\/conadi.gob.gt\/web\/wp-content\/uploads\/2025\/02\/WhatsApp-Image-2025-02-11-at-10.54.11-1024x683.jpeg\" alt=\"\" class=\"wp-image-16920\" srcset=\"https:\/\/conadi.gob.gt\/web\/wp-content\/uploads\/2025\/02\/WhatsApp-Image-2025-02-11-at-10.54.11-1024x683.jpeg 1024w, https:\/\/conadi.gob.gt\/web\/wp-content\/uploads\/2025\/02\/WhatsApp-Image-2025-02-11-at-10.54.11-300x200.jpeg 300w, https:\/\/conadi.gob.gt\/web\/wp-content\/uploads\/2025\/02\/WhatsApp-Image-2025-02-11-at-10.54.11-768x512.jpeg 768w, https:\/\/conadi.gob.gt\/web\/wp-content\/uploads\/2025\/02\/WhatsApp-Image-2025-02-11-at-10.54.11-1536x1024.jpeg 1536w, https:\/\/conadi.gob.gt\/web\/wp-content\/uploads\/2025\/02\/WhatsApp-Image-2025-02-11-at-10.54.11.jpeg 1599w\" sizes=\"auto, (max-width: 1024px) 100vw, 1024px\" \/><\/figure>\n\n\n\n<p>La nueva Junta Directiva de CONADI est\u00e1 integrada por:<\/p>\n\n\n\n<figure class=\"wp-block-table\"><table class=\"has-fixed-layout\"><tbody><tr><td class=\"has-text-align-center\" data-align=\"center\"><strong>Presidente<\/strong><\/td><td class=\"has-text-align-center\" data-align=\"center\">Sra. Maira Virginia Rivas Caria<\/td><td class=\"has-text-align-center\" data-align=\"center\">Delegada titular por el Subsector de Organizaciones de Personas con Discapacidad Visual<\/td><\/tr><tr><td class=\"has-text-align-center\" data-align=\"center\"><strong>Vicepresidente<\/strong><\/td><td class=\"has-text-align-center\" data-align=\"center\">Lcda. Gris\u00e9lida Yaneth Garc\u00eda Trujillo<\/td><td class=\"has-text-align-center\" data-align=\"center\">Delegada titular por el Subsector de Organizaciones de Personas con Discapacidad Auditiva<\/td><\/tr><tr><td class=\"has-text-align-center\" data-align=\"center\"><strong>Secretaria<\/strong><\/td><td class=\"has-text-align-center\" data-align=\"center\">Lcda. Indra Milena Molina Mu\u00f1oz<\/td><td class=\"has-text-align-center\" data-align=\"center\">Delegada titular por el Ministerio de Trabajo y Previsi\u00f3n Social (MINTRAB)<\/td><\/tr><tr><td class=\"has-text-align-center\" data-align=\"center\"><strong>Tesorero<\/strong><\/td><td class=\"has-text-align-center\" data-align=\"center\">Prof. Elvis Enrique Ram\u00edrez M\u00e9rida<\/td><td class=\"has-text-align-center\" data-align=\"center\">Delegado titular por la Universidad de San Carlos de Guatemala (USAC)<\/td><\/tr><tr><td class=\"has-text-align-center\" data-align=\"center\"><strong>Vocal<\/strong><\/td><td class=\"has-text-align-center\" data-align=\"center\">Sr. Jorge Armando Tzunun Gonz\u00e1lez<\/td><td class=\"has-text-align-center\" data-align=\"center\">Delegado titular por el Subsector de Organismos e Instituciones que Promueven Acciones a Favor de las Personas con Discapacidad<\/td><\/tr><\/tbody><\/table><\/figure>\n\n\n\n<div class=\"wp-block-columns is-layout-flex wp-container-core-columns-is-layout-28f84493 wp-block-columns-is-layout-flex\">\n<div class=\"wp-block-column is-layout-flow wp-block-column-is-layout-flow\">\n<figure class=\"wp-block-image size-large\"><img loading=\"lazy\" decoding=\"async\" width=\"1024\" height=\"683\" src=\"https:\/\/conadi.gob.gt\/web\/wp-content\/uploads\/2025\/02\/IMG_5928-1024x683.jpg\" alt=\"\" class=\"wp-image-16949\" srcset=\"https:\/\/conadi.gob.gt\/web\/wp-content\/uploads\/2025\/02\/IMG_5928-1024x683.jpg 1024w, https:\/\/conadi.gob.gt\/web\/wp-content\/uploads\/2025\/02\/IMG_5928-300x200.jpg 300w, https:\/\/conadi.gob.gt\/web\/wp-content\/uploads\/2025\/02\/IMG_5928-768x512.jpg 768w, https:\/\/conadi.gob.gt\/web\/wp-content\/uploads\/2025\/02\/IMG_5928-1536x1024.jpg 1536w\" sizes=\"auto, (max-width: 1024px) 100vw, 1024px\" \/><\/figure>\n<\/div>\n\n\n\n<div class=\"wp-block-column is-layout-flow wp-block-column-is-layout-flow\">\n<figure class=\"wp-block-image size-large\"><img loading=\"lazy\" decoding=\"async\" width=\"1024\" height=\"683\" src=\"https:\/\/conadi.gob.gt\/web\/wp-content\/uploads\/2025\/02\/IMG_5917-copia-1024x683.jpg\" alt=\"\" class=\"wp-image-16950\" srcset=\"https:\/\/conadi.gob.gt\/web\/wp-content\/uploads\/2025\/02\/IMG_5917-copia-1024x683.jpg 1024w, https:\/\/conadi.gob.gt\/web\/wp-content\/uploads\/2025\/02\/IMG_5917-copia-300x200.jpg 300w, https:\/\/conadi.gob.gt\/web\/wp-content\/uploads\/2025\/02\/IMG_5917-copia-768x512.jpg 768w, https:\/\/conadi.gob.gt\/web\/wp-content\/uploads\/2025\/02\/IMG_5917-copia-1536x1024.jpg 1536w\" sizes=\"auto, (max-width: 1024px) 100vw, 1024px\" \/><\/figure>\n<\/div>\n\n\n\n<div class=\"wp-block-column is-layout-flow wp-block-column-is-layout-flow\">\n<figure class=\"wp-block-image size-large\"><img loading=\"lazy\" decoding=\"async\" width=\"1024\" height=\"683\" src=\"https:\/\/conadi.gob.gt\/web\/wp-content\/uploads\/2025\/02\/IMG_6097-1024x683.jpg\" alt=\"\" class=\"wp-image-16951\" srcset=\"https:\/\/conadi.gob.gt\/web\/wp-content\/uploads\/2025\/02\/IMG_6097-1024x683.jpg 1024w, https:\/\/conadi.gob.gt\/web\/wp-content\/uploads\/2025\/02\/IMG_6097-300x200.jpg 300w, https:\/\/conadi.gob.gt\/web\/wp-content\/uploads\/2025\/02\/IMG_6097-768x512.jpg 768w, https:\/\/conadi.gob.gt\/web\/wp-content\/uploads\/2025\/02\/IMG_6097-1536x1024.jpg 1536w\" sizes=\"auto, (max-width: 1024px) 100vw, 1024px\" \/><\/figure>\n<\/div>\n<\/div>\n\n\n\n<p>Maira Rivas, quien asume como nueva presidenta de Junta Directiva del CONADI para el periodo 2025-2027 junto al Consejo de Delegados reconocen que tiene el compromiso de trabajar en equipo con las organizaciones de sociedad civil, el sector p\u00fablico, el sector privado y organismos internacionales para lograr una Guatemala m\u00e1s inclusiva, equitativa y sostenible en derechos de las personas con discapacidad que suman alrededor de 1 mill\u00f3n 600 personas.<\/p>\n\n\n\n<figure class=\"wp-block-image size-full\"><img loading=\"lazy\" decoding=\"async\" width=\"2560\" height=\"1707\" src=\"https:\/\/conadi.gob.gt\/web\/wp-content\/uploads\/2025\/02\/IMG_6013-scaled.jpg\" alt=\"\" class=\"wp-image-16952\" srcset=\"https:\/\/conadi.gob.gt\/web\/wp-content\/uploads\/2025\/02\/IMG_6013-scaled.jpg 2560w, https:\/\/conadi.gob.gt\/web\/wp-content\/uploads\/2025\/02\/IMG_6013-300x200.jpg 300w, https:\/\/conadi.gob.gt\/web\/wp-content\/uploads\/2025\/02\/IMG_6013-1024x683.jpg 1024w, https:\/\/conadi.gob.gt\/web\/wp-content\/uploads\/2025\/02\/IMG_6013-768x512.jpg 768w, https:\/\/conadi.gob.gt\/web\/wp-content\/uploads\/2025\/02\/IMG_6013-1536x1024.jpg 1536w\" sizes=\"auto, (max-width: 2560px) 100vw, 2560px\" \/><\/figure>\n","protected":false},"excerpt":{"rendered":"<p>El Consejo Nacional para la Atenci\u00f3n de las Personas con Discapacidad (CONADI), llev\u00f3 a cabo el acto solemne de la toma de posesi\u00f3n de la Junta Directiva para el periodo 2025-2027, iniciando as\u00ed una nueva etapa bajo la presidencia de Maira Rivas, representante del subsector de Organizaciones de Personas con Discapacidad Visual. La nueva Junta &hellip; <\/p>\n<p class=\"link-more\"><a href=\"https:\/\/conadi.gob.gt\/web\/toma-de-posesion-junta-directiva-2025-2027\/\" class=\"more-link\">Leer m\u00e1s<span class=\"screen-reader-text\"> \u00abTOMA DE POSESI\u00d3N JUNTA DIRECTIVA 2025-2027\u00bb<\/span><\/a><\/p>\n","protected":false},"author":222,"featured_media":16920,"comment_status":"closed","ping_status":"closed","sticky":false,"template":"","format":"standard","meta":{"footnotes":""},"categories":[3],"tags":[],"class_list":["post-16948","post","type-post","status-publish","format-standard","has-post-thumbnail","hentry","category-noticias"],"_links":{"self":[{"href":"https:\/\/conadi.gob.gt\/web\/wp-json\/wp\/v2\/posts\/16948","targetHints":{"allow":["GET"]}}],"collection":[{"href":"https:\/\/conadi.gob.gt\/web\/wp-json\/wp\/v2\/posts"}],"about":[{"href":"https:\/\/conadi.gob.gt\/web\/wp-json\/wp\/v2\/types\/post"}],"author":[{"embeddable":true,"href":"https:\/\/conadi.gob.gt\/web\/wp-json\/wp\/v2\/users\/222"}],"replies":[{"embeddable":true,"href":"https:\/\/conadi.gob.gt\/web\/wp-json\/wp\/v2\/comments?post=16948"}],"version-history":[{"count":2,"href":"https:\/\/conadi.gob.gt\/web\/wp-json\/wp\/v2\/posts\/16948\/revisions"}],"predecessor-version":[{"id":16954,"href":"https:\/\/conadi.gob.gt\/web\/wp-json\/wp\/v2\/posts\/16948\/revisions\/16954"}],"wp:featuredmedia":[{"embeddable":true,"href":"https:\/\/conadi.gob.gt\/web\/wp-json\/wp\/v2\/media\/16920"}],"wp:attachment":[{"href":"https:\/\/conadi.gob.gt\/web\/wp-json\/wp\/v2\/media?parent=16948"}],"wp:term":[{"taxonomy":"category","embeddable":true,"href":"https:\/\/conadi.gob.gt\/web\/wp-json\/wp\/v2\/categories?post=16948"},{"taxonomy":"post_tag","embeddable":true,"href":"https:\/\/conadi.gob.gt\/web\/wp-json\/wp\/v2\/tags?post=16948"}],"curies":[{"name":"wp","href":"https:\/\/api.w.org\/{rel}","templated":true}]}}