{"id":16956,"date":"2025-02-21T14:55:38","date_gmt":"2025-02-21T14:55:38","guid":{"rendered":"https:\/\/conadi.gob.gt\/web\/?p=16956"},"modified":"2025-02-21T14:56:14","modified_gmt":"2025-02-21T14:56:14","slug":"concientizan-al-cocode-de-san-pedro-ayampuc","status":"publish","type":"post","link":"https:\/\/conadi.gob.gt\/web\/concientizan-al-cocode-de-san-pedro-ayampuc\/","title":{"rendered":"CONCIENTIZAN AL COCODE DE SAN PEDRO AYAMPUC SOBRE LA TEM\u00c1TICA DE DISCAPACIDAD"},"content":{"rendered":"\n<p>El Consejo Nacional para la Atenci\u00f3n de las Personas con Discapacidad (CONADI), en cumplimiento de su labor como impulsor de la tem\u00e1tica de discapacidad y promotor de los derechos de las personas con discapacidad, a trav\u00e9s de su Departamento de Incidencia Pol\u00edtica e Institucional, desarroll\u00f3 el \u201cTaller Concientizaci\u00f3n al Consejo Comunitario de Desarrollo (COCODE) del municipio de San Pedro Ayampuc\u201d. Dicha actividad se enfoc\u00f3 en hacer conciencia sobre la importancia de tener un trato digno a las personas con discapacidad, as\u00ed tambi\u00e9n el uso correcto de t\u00e9rminos para dirigirnos a las personas con discapacidad.<\/p>\n\n\n\n<figure class=\"wp-block-image size-large\"><img loading=\"lazy\" decoding=\"async\" width=\"1024\" height=\"683\" src=\"https:\/\/conadi.gob.gt\/web\/wp-content\/uploads\/2025\/02\/IMG_1777-1024x683.jpg\" alt=\"\" class=\"wp-image-16958\" srcset=\"https:\/\/conadi.gob.gt\/web\/wp-content\/uploads\/2025\/02\/IMG_1777-1024x683.jpg 1024w, https:\/\/conadi.gob.gt\/web\/wp-content\/uploads\/2025\/02\/IMG_1777-300x200.jpg 300w, https:\/\/conadi.gob.gt\/web\/wp-content\/uploads\/2025\/02\/IMG_1777-768x512.jpg 768w, https:\/\/conadi.gob.gt\/web\/wp-content\/uploads\/2025\/02\/IMG_1777-1536x1024.jpg 1536w\" sizes=\"auto, (max-width: 1024px) 100vw, 1024px\" \/><\/figure>\n\n\n\n<div class=\"wp-block-columns is-layout-flex wp-container-core-columns-is-layout-28f84493 wp-block-columns-is-layout-flex\">\n<div class=\"wp-block-column is-layout-flow wp-block-column-is-layout-flow\">\n<figure class=\"wp-block-image size-large\"><img loading=\"lazy\" decoding=\"async\" width=\"1024\" height=\"683\" src=\"https:\/\/conadi.gob.gt\/web\/wp-content\/uploads\/2025\/02\/IMG_1808-1024x683.jpg\" alt=\"\" class=\"wp-image-16957\" srcset=\"https:\/\/conadi.gob.gt\/web\/wp-content\/uploads\/2025\/02\/IMG_1808-1024x683.jpg 1024w, https:\/\/conadi.gob.gt\/web\/wp-content\/uploads\/2025\/02\/IMG_1808-300x200.jpg 300w, https:\/\/conadi.gob.gt\/web\/wp-content\/uploads\/2025\/02\/IMG_1808-768x512.jpg 768w, https:\/\/conadi.gob.gt\/web\/wp-content\/uploads\/2025\/02\/IMG_1808-1536x1024.jpg 1536w\" sizes=\"auto, (max-width: 1024px) 100vw, 1024px\" \/><\/figure>\n<\/div>\n\n\n\n<div class=\"wp-block-column is-layout-flow wp-block-column-is-layout-flow\">\n<figure class=\"wp-block-image size-large\"><img loading=\"lazy\" decoding=\"async\" width=\"1024\" height=\"683\" src=\"https:\/\/conadi.gob.gt\/web\/wp-content\/uploads\/2025\/02\/IMG_1784-1024x683.jpg\" alt=\"\" class=\"wp-image-16959\" srcset=\"https:\/\/conadi.gob.gt\/web\/wp-content\/uploads\/2025\/02\/IMG_1784-1024x683.jpg 1024w, https:\/\/conadi.gob.gt\/web\/wp-content\/uploads\/2025\/02\/IMG_1784-300x200.jpg 300w, https:\/\/conadi.gob.gt\/web\/wp-content\/uploads\/2025\/02\/IMG_1784-768x512.jpg 768w, https:\/\/conadi.gob.gt\/web\/wp-content\/uploads\/2025\/02\/IMG_1784-1536x1024.jpg 1536w\" sizes=\"auto, (max-width: 1024px) 100vw, 1024px\" \/><\/figure>\n<\/div>\n\n\n\n<div class=\"wp-block-column is-layout-flow wp-block-column-is-layout-flow\">\n<figure class=\"wp-block-image size-large\"><img loading=\"lazy\" decoding=\"async\" width=\"1024\" height=\"683\" src=\"https:\/\/conadi.gob.gt\/web\/wp-content\/uploads\/2025\/02\/IMG_1791-1024x683.jpg\" alt=\"\" class=\"wp-image-16960\" srcset=\"https:\/\/conadi.gob.gt\/web\/wp-content\/uploads\/2025\/02\/IMG_1791-1024x683.jpg 1024w, https:\/\/conadi.gob.gt\/web\/wp-content\/uploads\/2025\/02\/IMG_1791-300x200.jpg 300w, https:\/\/conadi.gob.gt\/web\/wp-content\/uploads\/2025\/02\/IMG_1791-768x512.jpg 768w, https:\/\/conadi.gob.gt\/web\/wp-content\/uploads\/2025\/02\/IMG_1791-1536x1024.jpg 1536w\" sizes=\"auto, (max-width: 1024px) 100vw, 1024px\" \/><\/figure>\n<\/div>\n<\/div>\n\n\n\n<p><strong><u>Ponencias:<\/u><\/strong><\/p>\n\n\n\n<p>&nbsp;La ponencia estuvo a cargo de Aracely Mart\u00ednez, jefe del departamento de incidencia pol\u00edtica e institucional, y Ricardo Echeverr\u00eda, delegado por el departamento de Guatemala.&nbsp;<\/p>\n\n\n\n<p>Echeverr\u00eda rememor\u00f3 que, como en la historia de la humanidad, las personas con discapacidad han sido vistas como inferiores debido a su condici\u00f3n y que actualmente se les reconoce como personas con los mismos deberes y derechos que las dem\u00e1s personas y que deben de aperturarse espacios para que estas personas puedan mostrar sus capacidades y que pueden aportar desde sus espacios a la sociedad misma.&nbsp;<\/p>\n\n\n\n<p>En su participaci\u00f3n, Mart\u00ednez enfatiz\u00f3 que es importante llamar a las personas seg\u00fan su discapacidad y evitar el uso de sobrenombres y palabras ofensivas; utilizar la terminolog\u00eda correcta para referirnos a una persona con discapacidad; que al ofrecer apoyo, la misma persona no se sienta discriminada u ofendida, pues la discapacidad no define a la persona ante la sociedad. As\u00ed mismo recalco que las distintas discapacidades no son contagiosas y que algunas deben de tratarse m\u00e1s que otras, siendo guiados por m\u00e9dicos expertos en la materia.<\/p>\n\n\n\n<div class=\"wp-block-columns is-layout-flex wp-container-core-columns-is-layout-28f84493 wp-block-columns-is-layout-flex\">\n<div class=\"wp-block-column is-layout-flow wp-block-column-is-layout-flow\">\n<figure class=\"wp-block-image size-large\"><img loading=\"lazy\" decoding=\"async\" width=\"1024\" height=\"683\" src=\"https:\/\/conadi.gob.gt\/web\/wp-content\/uploads\/2025\/02\/IMG_1796-1024x683.jpg\" alt=\"\" class=\"wp-image-16961\" srcset=\"https:\/\/conadi.gob.gt\/web\/wp-content\/uploads\/2025\/02\/IMG_1796-1024x683.jpg 1024w, https:\/\/conadi.gob.gt\/web\/wp-content\/uploads\/2025\/02\/IMG_1796-300x200.jpg 300w, https:\/\/conadi.gob.gt\/web\/wp-content\/uploads\/2025\/02\/IMG_1796-768x512.jpg 768w, https:\/\/conadi.gob.gt\/web\/wp-content\/uploads\/2025\/02\/IMG_1796-1536x1024.jpg 1536w\" sizes=\"auto, (max-width: 1024px) 100vw, 1024px\" \/><\/figure>\n<\/div>\n\n\n\n<div class=\"wp-block-column is-layout-flow wp-block-column-is-layout-flow\">\n<figure class=\"wp-block-image size-large\"><img loading=\"lazy\" decoding=\"async\" width=\"1024\" height=\"683\" src=\"https:\/\/conadi.gob.gt\/web\/wp-content\/uploads\/2025\/02\/IMG_1783-1024x683.jpg\" alt=\"\" class=\"wp-image-16962\" srcset=\"https:\/\/conadi.gob.gt\/web\/wp-content\/uploads\/2025\/02\/IMG_1783-1024x683.jpg 1024w, https:\/\/conadi.gob.gt\/web\/wp-content\/uploads\/2025\/02\/IMG_1783-300x200.jpg 300w, https:\/\/conadi.gob.gt\/web\/wp-content\/uploads\/2025\/02\/IMG_1783-768x512.jpg 768w, https:\/\/conadi.gob.gt\/web\/wp-content\/uploads\/2025\/02\/IMG_1783-1536x1024.jpg 1536w\" sizes=\"auto, (max-width: 1024px) 100vw, 1024px\" \/><\/figure>\n<\/div>\n<\/div>\n\n\n\n<p><strong><u>Un llamado a la concientizaci\u00f3n:<\/u><\/strong><\/p>\n\n\n\n<p>Los representantes del CONADI realizaron un llamado a los participantes a que puedan dignificar a las personas con discapacidad, haci\u00e9ndolas part\u00edcipes en actividades acordes a su discapacidad, no encasill\u00e1ndolas seg\u00fan su condici\u00f3n, para construir una comunidad con enfoque inclusivo.<\/p>\n\n\n\n<div class=\"wp-block-columns is-layout-flex wp-container-core-columns-is-layout-28f84493 wp-block-columns-is-layout-flex\">\n<div class=\"wp-block-column is-layout-flow wp-block-column-is-layout-flow\">\n<figure class=\"wp-block-image size-full\"><img decoding=\"async\" src=\"https:\/\/conadi.gob.gt\/web\/wp-content\/uploads\/2025\/02\/IMG_1782.jpg\" alt=\"\" class=\"wp-image-16966\"\/><\/figure>\n<\/div>\n\n\n\n<div class=\"wp-block-column is-layout-flow wp-block-column-is-layout-flow\">\n<figure class=\"wp-block-image size-large\"><img loading=\"lazy\" decoding=\"async\" width=\"1024\" height=\"683\" src=\"https:\/\/conadi.gob.gt\/web\/wp-content\/uploads\/2025\/02\/IMG_1802-1024x683.jpg\" alt=\"\" class=\"wp-image-16964\" srcset=\"https:\/\/conadi.gob.gt\/web\/wp-content\/uploads\/2025\/02\/IMG_1802-1024x683.jpg 1024w, https:\/\/conadi.gob.gt\/web\/wp-content\/uploads\/2025\/02\/IMG_1802-300x200.jpg 300w, https:\/\/conadi.gob.gt\/web\/wp-content\/uploads\/2025\/02\/IMG_1802-768x512.jpg 768w, https:\/\/conadi.gob.gt\/web\/wp-content\/uploads\/2025\/02\/IMG_1802-1536x1024.jpg 1536w, https:\/\/conadi.gob.gt\/web\/wp-content\/uploads\/2025\/02\/IMG_1802-scaled-2000x1334.jpg 2000w\" sizes=\"auto, (max-width: 1024px) 100vw, 1024px\" \/><\/figure>\n<\/div>\n\n\n\n<div class=\"wp-block-column is-layout-flow wp-block-column-is-layout-flow\">\n<figure class=\"wp-block-image size-large\"><img loading=\"lazy\" decoding=\"async\" width=\"1024\" height=\"683\" src=\"https:\/\/conadi.gob.gt\/web\/wp-content\/uploads\/2025\/02\/IMG_1845-1024x683.jpg\" alt=\"\" class=\"wp-image-16963\" srcset=\"https:\/\/conadi.gob.gt\/web\/wp-content\/uploads\/2025\/02\/IMG_1845-1024x683.jpg 1024w, https:\/\/conadi.gob.gt\/web\/wp-content\/uploads\/2025\/02\/IMG_1845-300x200.jpg 300w, https:\/\/conadi.gob.gt\/web\/wp-content\/uploads\/2025\/02\/IMG_1845-768x512.jpg 768w, https:\/\/conadi.gob.gt\/web\/wp-content\/uploads\/2025\/02\/IMG_1845-1536x1024.jpg 1536w\" sizes=\"auto, (max-width: 1024px) 100vw, 1024px\" \/><\/figure>\n<\/div>\n<\/div>\n","protected":false},"excerpt":{"rendered":"<p>El Consejo Nacional para la Atenci\u00f3n de las Personas con Discapacidad (CONADI), en cumplimiento de su labor como impulsor de la tem\u00e1tica de discapacidad y promotor de los derechos de las personas con discapacidad, a trav\u00e9s de su Departamento de Incidencia Pol\u00edtica e Institucional, desarroll\u00f3 el \u201cTaller Concientizaci\u00f3n al Consejo Comunitario de Desarrollo (COCODE) del &hellip; <\/p>\n<p class=\"link-more\"><a href=\"https:\/\/conadi.gob.gt\/web\/concientizan-al-cocode-de-san-pedro-ayampuc\/\" class=\"more-link\">Leer m\u00e1s<span class=\"screen-reader-text\"> \u00abCONCIENTIZAN AL COCODE DE SAN PEDRO AYAMPUC SOBRE LA TEM\u00c1TICA DE DISCAPACIDAD\u00bb<\/span><\/a><\/p>\n","protected":false},"author":222,"featured_media":16964,"comment_status":"closed","ping_status":"closed","sticky":false,"template":"","format":"standard","meta":{"footnotes":""},"categories":[3],"tags":[],"class_list":["post-16956","post","type-post","status-publish","format-standard","has-post-thumbnail","hentry","category-noticias"],"_links":{"self":[{"href":"https:\/\/conadi.gob.gt\/web\/wp-json\/wp\/v2\/posts\/16956","targetHints":{"allow":["GET"]}}],"collection":[{"href":"https:\/\/conadi.gob.gt\/web\/wp-json\/wp\/v2\/posts"}],"about":[{"href":"https:\/\/conadi.gob.gt\/web\/wp-json\/wp\/v2\/types\/post"}],"author":[{"embeddable":true,"href":"https:\/\/conadi.gob.gt\/web\/wp-json\/wp\/v2\/users\/222"}],"replies":[{"embeddable":true,"href":"https:\/\/conadi.gob.gt\/web\/wp-json\/wp\/v2\/comments?post=16956"}],"version-history":[{"count":2,"href":"https:\/\/conadi.gob.gt\/web\/wp-json\/wp\/v2\/posts\/16956\/revisions"}],"predecessor-version":[{"id":16968,"href":"https:\/\/conadi.gob.gt\/web\/wp-json\/wp\/v2\/posts\/16956\/revisions\/16968"}],"wp:featuredmedia":[{"embeddable":true,"href":"https:\/\/conadi.gob.gt\/web\/wp-json\/wp\/v2\/media\/16964"}],"wp:attachment":[{"href":"https:\/\/conadi.gob.gt\/web\/wp-json\/wp\/v2\/media?parent=16956"}],"wp:term":[{"taxonomy":"category","embeddable":true,"href":"https:\/\/conadi.gob.gt\/web\/wp-json\/wp\/v2\/categories?post=16956"},{"taxonomy":"post_tag","embeddable":true,"href":"https:\/\/conadi.gob.gt\/web\/wp-json\/wp\/v2\/tags?post=16956"}],"curies":[{"name":"wp","href":"https:\/\/api.w.org\/{rel}","templated":true}]}}