{"id":17063,"date":"2025-02-28T21:11:40","date_gmt":"2025-02-28T21:11:40","guid":{"rendered":"https:\/\/conadi.gob.gt\/web\/?p=17063"},"modified":"2025-05-28T22:09:35","modified_gmt":"2025-05-28T22:09:35","slug":"1-organigrama","status":"publish","type":"post","link":"https:\/\/conadi.gob.gt\/web\/1-organigrama\/","title":{"rendered":"1. Estructura org\u00e1nica, funciones y marco normativo"},"content":{"rendered":"\n<ul class=\"wp-block-list\">\n<li><a href=\"https:\/\/conadi.gob.gt\/web\/wp-content\/uploads\/2025\/03\/Organigrama-CONADI.png\">Organigrama Conadi<\/a><\/li>\n\n\n\n<li><a href=\"https:\/\/conadi.gob.gt\/web\/wp-content\/uploads\/2025\/03\/Manual-de-Organizacion-y-Funciones.pdf\">Manual de Organizaci\u00f3n y Funciones<\/a><\/li>\n\n\n\n<li>Marco Normativo\n<ul class=\"wp-block-list\">\n<li><a href=\"https:\/\/conadi.gob.gt\/web\/wp-content\/uploads\/2025\/03\/CODIGO-DE-ETICA.pdf\">C\u00f3digo de \u00c9tica (PDF)<\/a><\/li>\n\n\n\n<li><a href=\"https:\/\/conadi.gob.gt\/web\/wp-content\/uploads\/2025\/03\/Reglamento-Organico-Interno.pdf\">Reglamento Org\u00e1nico Interno (PDF)<\/a><\/li>\n\n\n\n<li><a href=\"https:\/\/conadi.gob.gt\/web\/wp-content\/uploads\/2025\/03\/COMPENDIO-Marco-Normativo-de-Discapacidad-CONADI-2024.pdf\">Compendio, Marco Normativo de Discapacidad (PDF)<\/a><\/li>\n\n\n\n<li><a href=\"https:\/\/conadi.gob.gt\/web\/wp-content\/uploads\/2025\/03\/Ley-135-96-Atencion-a-Personas-con-Discapacidad.doc\">Decreto 135-96 Ley de atenci\u00f3n a las Personas con Discapacidad (Word)<\/a><\/li>\n\n\n\n<li><a href=\"https:\/\/conadi.gob.gt\/web\/wp-content\/uploads\/2025\/03\/Politica-Nacional-en-Discapacidad.pdf\">Pol\u00edtica Nacional de Discapacidad (PDF)<\/a><\/li>\n\n\n\n<li><a href=\"https:\/\/conadi.gob.gt\/web\/wp-content\/uploads\/2025\/03\/Decreto-59-2008-Convencion-sobre-los-derechos-de-las-personas-con-discapacidad.docx\">Decreto 59-2008 Convenci\u00f3n sobre los derechos de las personas con discapacidad (Word)<\/a><\/li>\n\n\n\n<li><a href=\"https:\/\/conadi.gob.gt\/web\/wp-content\/uploads\/2025\/03\/Decreto-07-2016-Tratado-de-Marrakech.docx\">Decreto 07-2016 Tratado de Marrakech (Word)<\/a><\/li>\n\n\n\n<li><a href=\"https:\/\/conadi.gob.gt\/web\/wp-content\/uploads\/2025\/03\/Decreto-21-2018-Reformas-al-decreto-33-98-del-Congreso-Ley-de-derechos-de-autor.docx\">Decreto 21-2018 Reformas al decreto 33-98 del Congreso, Ley de Derechos de Autor (Word)<\/a><\/li>\n\n\n\n<li><a href=\"https:\/\/conadi.gob.gt\/web\/wp-content\/uploads\/2025\/03\/Decreto-3-2020-Ley-que-reconocee-y-aprueba-la-Lengua-de-Senas-de-Guatemala-LENSEGUA-.pdf\">Decreto 3-2020 Ley que reconoce y aprueba la Lengua de Se\u00f1as de Guatemala -LENSEGUA- (PDF)<\/a><\/li>\n\n\n\n<li><a href=\"https:\/\/conadi.gob.gt\/web\/wp-content\/uploads\/2025\/03\/Acuerdo-Gubernativo-No.121-2021-Reglamento-Lengua-de-Senas-1.docx\">Acuerdo gubernativo No. 121-2021 Reglamento de la Ley que reconoce y aprueba la Lengua de Se\u00f1as de Guatemala -LENSEGUA- (Word)<\/a><\/li>\n\n\n\n<li><a href=\"https:\/\/conadi.gob.gt\/web\/wp-content\/uploads\/2025\/03\/Observaciones-finales-del-comite-sobre-los-Derechos-de-las-Personas-con-Discapacidad-sobre-el-Informe-inicial-de-Guatemala.docx\">Observaciones finales del Comit\u00e9 sobre los Derechos de las Personas con Discapacidad sobre el   Informe inicial de Guatemala (Word)<\/a><\/li>\n\n\n\n<li><a href=\"https:\/\/conadi.gob.gt\/web\/wp-content\/uploads\/2025\/03\/Politica-de-Atencion-a-la-poblacion-con-discapacidad-en-la-USAC.docx\">Pol\u00edtica de Atenci\u00f3n a la poblaci\u00f3n con discapacidad en la USAC (Word)<\/a><\/li>\n\n\n\n<li><a href=\"https:\/\/conadi.gob.gt\/web\/wp-content\/uploads\/2025\/03\/Politica-de-Acceso-a-la-Justicia-para-personas-en-situacion-de-Despacacidad-y-Plan-de-implementacion-para-su-cumplimiento.docx\">Pol\u00edtica de Acceso a la Justicia para personas en situaci\u00f3n de Discapacidad y Plan de implementaci\u00f3n para su cumplimiento (Word)<\/a><\/li>\n\n\n\n<li><a href=\"https:\/\/conadi.gob.gt\/web\/wp-content\/uploads\/2025\/03\/Protocolo-de-atencion-integral-y-lineamientos-generales-para-la-investigacion-de-casos-de-personas-con-discapacidad-victimas-del-delito.docx\">Protocolo de Atenci\u00f3n Integral y lineamientos generales para la investigaci\u00f3n de casos de personas con discapacidad v\u00edctimas del delito (Word)<\/a><\/li>\n\n\n\n<li><a href=\"https:\/\/conadi.gob.gt\/web\/wp-content\/uploads\/2025\/03\/Decreto-6-2024-Ley-de-Certificacion-Biopsicosocial-de-las-Personas-con-Discapacidad.docx\">Decreto 6-2024 Ley de Certificaci\u00f3n Biopsicosocial de las Personas con Discapacidad (Word)<\/a><\/li>\n\n\n\n<li><a href=\"https:\/\/conadi.gob.gt\/web\/wp-content\/uploads\/2025\/03\/Decreto-10-2024-Reformas-al-Decreto-Numero-6-2024-del-Congreso-de-la-Republica-Ley-de-Certificacion-Biopsicosocial-de-las-Personas-con-Discapacidad.docx\">Decreto 10-2024 Reformas al Decreto N\u00famero 6-2024 Ley de Certificaci\u00f3n Biopsicosocial de las Personas con Discapacidad (Word)<\/a><\/li>\n\n\n\n<li><a href=\"https:\/\/conadi.gob.gt\/web\/wp-content\/uploads\/2025\/03\/Convencion-Interamericana-para-la-Eliminacion-de-Discriminacion.pdf\">Convenci\u00f3n Interamericana para la Eliminaci\u00f3n de todas las formas de Discriminaci\u00f3n contra las personas con Discapacidad (PDF)<\/a><\/li>\n\n\n\n<li><a href=\"https:\/\/conadi.gob.gt\/web\/wp-content\/uploads\/2025\/03\/Convencion-sobre-los-Derechos-de-las-Personas-con-Discapacidad-Naciones-Unidas.doc\">Convenci\u00f3n sobre los Derechos de las Personas con Discapacidad Naciones Unidas (Word)<\/a><\/li>\n\n\n\n<li><a href=\"https:\/\/conadi.gob.gt\/web\/wp-content\/uploads\/2025\/03\/Decreto-059-2008-Ratificacion-de-la-Convencion-sobre-los-Derechos-de-las-Personas-con-Discapacidad-convertido-1.docx\">Decreto 059-2008 Ratificaci\u00f3n de la Convenci\u00f3n sobre los Derechos de las Personas con Discapacidad (Word)<\/a><\/li>\n\n\n\n<li><a href=\"https:\/\/conadi.gob.gt\/web\/wp-content\/uploads\/2025\/05\/Acuerdo-Gubernativo-No.-137-2024.pdf\">Acuerdo Gubernativo N\u00famero 137-2024 Reforma al Acuerdo Gubernativo N\u00famero 461-2002 de fecha 29 de noviembre de 2002, Reglamento de la Ley de los Consejos de Desarrollo Urbano y Rural  (PDF)<\/a>    <a href=\"https:\/\/conadi.gob.gt\/web\/wp-content\/uploads\/2025\/05\/ACUERDO-GUBERNATIVO-137-2024.docx\">(Word)<\/a><\/li>\n<\/ul>\n<\/li>\n<\/ul>\n\n\n\n<p><\/p>\n","protected":false},"excerpt":{"rendered":"","protected":false},"author":41,"featured_media":0,"comment_status":"closed","ping_status":"closed","sticky":false,"template":"","format":"standard","meta":{"footnotes":""},"categories":[1],"tags":[],"class_list":["post-17063","post","type-post","status-publish","format-standard","hentry","category-sin-categoria"],"_links":{"self":[{"href":"https:\/\/conadi.gob.gt\/web\/wp-json\/wp\/v2\/posts\/17063","targetHints":{"allow":["GET"]}}],"collection":[{"href":"https:\/\/conadi.gob.gt\/web\/wp-json\/wp\/v2\/posts"}],"about":[{"href":"https:\/\/conadi.gob.gt\/web\/wp-json\/wp\/v2\/types\/post"}],"author":[{"embeddable":true,"href":"https:\/\/conadi.gob.gt\/web\/wp-json\/wp\/v2\/users\/41"}],"replies":[{"embeddable":true,"href":"https:\/\/conadi.gob.gt\/web\/wp-json\/wp\/v2\/comments?post=17063"}],"version-history":[{"count":15,"href":"https:\/\/conadi.gob.gt\/web\/wp-json\/wp\/v2\/posts\/17063\/revisions"}],"predecessor-version":[{"id":18232,"href":"https:\/\/conadi.gob.gt\/web\/wp-json\/wp\/v2\/posts\/17063\/revisions\/18232"}],"wp:attachment":[{"href":"https:\/\/conadi.gob.gt\/web\/wp-json\/wp\/v2\/media?parent=17063"}],"wp:term":[{"taxonomy":"category","embeddable":true,"href":"https:\/\/conadi.gob.gt\/web\/wp-json\/wp\/v2\/categories?post=17063"},{"taxonomy":"post_tag","embeddable":true,"href":"https:\/\/conadi.gob.gt\/web\/wp-json\/wp\/v2\/tags?post=17063"}],"curies":[{"name":"wp","href":"https:\/\/api.w.org\/{rel}","templated":true}]}}