{"id":18112,"date":"2025-05-10T14:14:30","date_gmt":"2025-05-10T14:14:30","guid":{"rendered":"https:\/\/conadi.gob.gt\/web\/?p=18112"},"modified":"2025-05-10T14:14:30","modified_gmt":"2025-05-10T14:14:30","slug":"organizaciones-participan-en-consulta-sobre-la-convencion-sobre-los-derechos-de-las-personas-con-discapacidad","status":"publish","type":"post","link":"https:\/\/conadi.gob.gt\/web\/organizaciones-participan-en-consulta-sobre-la-convencion-sobre-los-derechos-de-las-personas-con-discapacidad\/","title":{"rendered":"ORGANIZACIONES PARTICIPAN EN CONSULTA SOBRE LA CONVENCI\u00d3N SOBRE LOS DERECHOS DE LAS PERSONAS CON DISCAPACIDAD"},"content":{"rendered":"\n<p>El pasado 6 de mayo en la Ciudad de Quetzaltenango se realiz\u00f3 el \u00abPrimer Encuentro Nacional de Incidencia para la Creaci\u00f3n del Mecanismo de Supervisi\u00f3n del Cumplimiento de la Convenci\u00f3n sobre los Derechos de las Personas con Discapacidad (CDPD)\u00bb, un evento organizado por la Procuradur\u00eda de los Derechos Humanos (PDH), a trav\u00e9s de la Defensor\u00eda de las Personas con Discapacidad y en colaboraci\u00f3n con el CONADI.<\/p>\n\n\n\n<div class=\"wp-block-columns is-layout-flex wp-container-core-columns-is-layout-28f84493 wp-block-columns-is-layout-flex\">\n<div class=\"wp-block-column is-layout-flow wp-block-column-is-layout-flow\">\n<figure class=\"wp-block-image size-large\"><img loading=\"lazy\" decoding=\"async\" width=\"1024\" height=\"683\" src=\"https:\/\/conadi.gob.gt\/web\/wp-content\/uploads\/2025\/05\/WhatsApp-Image-2025-05-09-at-19.50.52-1024x683.jpeg\" alt=\"\" class=\"wp-image-18119\" srcset=\"https:\/\/conadi.gob.gt\/web\/wp-content\/uploads\/2025\/05\/WhatsApp-Image-2025-05-09-at-19.50.52-1024x683.jpeg 1024w, https:\/\/conadi.gob.gt\/web\/wp-content\/uploads\/2025\/05\/WhatsApp-Image-2025-05-09-at-19.50.52-300x200.jpeg 300w, https:\/\/conadi.gob.gt\/web\/wp-content\/uploads\/2025\/05\/WhatsApp-Image-2025-05-09-at-19.50.52-768x512.jpeg 768w, https:\/\/conadi.gob.gt\/web\/wp-content\/uploads\/2025\/05\/WhatsApp-Image-2025-05-09-at-19.50.52-1536x1024.jpeg 1536w, https:\/\/conadi.gob.gt\/web\/wp-content\/uploads\/2025\/05\/WhatsApp-Image-2025-05-09-at-19.50.52.jpeg 1600w\" sizes=\"auto, (max-width: 1024px) 100vw, 1024px\" \/><\/figure>\n<\/div>\n\n\n\n<div class=\"wp-block-column is-layout-flow wp-block-column-is-layout-flow\">\n<figure class=\"wp-block-image size-large\"><img loading=\"lazy\" decoding=\"async\" width=\"1024\" height=\"683\" src=\"https:\/\/conadi.gob.gt\/web\/wp-content\/uploads\/2025\/05\/WhatsApp-Image-2025-05-09-at-19.54.16-1024x683.jpeg\" alt=\"\" class=\"wp-image-18120\" srcset=\"https:\/\/conadi.gob.gt\/web\/wp-content\/uploads\/2025\/05\/WhatsApp-Image-2025-05-09-at-19.54.16-1024x683.jpeg 1024w, https:\/\/conadi.gob.gt\/web\/wp-content\/uploads\/2025\/05\/WhatsApp-Image-2025-05-09-at-19.54.16-300x200.jpeg 300w, https:\/\/conadi.gob.gt\/web\/wp-content\/uploads\/2025\/05\/WhatsApp-Image-2025-05-09-at-19.54.16-768x512.jpeg 768w, https:\/\/conadi.gob.gt\/web\/wp-content\/uploads\/2025\/05\/WhatsApp-Image-2025-05-09-at-19.54.16-1536x1024.jpeg 1536w, https:\/\/conadi.gob.gt\/web\/wp-content\/uploads\/2025\/05\/WhatsApp-Image-2025-05-09-at-19.54.16.jpeg 1600w\" sizes=\"auto, (max-width: 1024px) 100vw, 1024px\" \/><\/figure>\n<\/div>\n\n\n\n<div class=\"wp-block-column is-layout-flow wp-block-column-is-layout-flow\">\n<figure class=\"wp-block-image size-large\"><img loading=\"lazy\" decoding=\"async\" width=\"1024\" height=\"683\" src=\"https:\/\/conadi.gob.gt\/web\/wp-content\/uploads\/2025\/05\/WhatsApp-Image-2025-05-09-at-19.51.53-2-1024x683.jpeg\" alt=\"\" class=\"wp-image-18115\" srcset=\"https:\/\/conadi.gob.gt\/web\/wp-content\/uploads\/2025\/05\/WhatsApp-Image-2025-05-09-at-19.51.53-2-1024x683.jpeg 1024w, https:\/\/conadi.gob.gt\/web\/wp-content\/uploads\/2025\/05\/WhatsApp-Image-2025-05-09-at-19.51.53-2-300x200.jpeg 300w, https:\/\/conadi.gob.gt\/web\/wp-content\/uploads\/2025\/05\/WhatsApp-Image-2025-05-09-at-19.51.53-2-768x512.jpeg 768w, https:\/\/conadi.gob.gt\/web\/wp-content\/uploads\/2025\/05\/WhatsApp-Image-2025-05-09-at-19.51.53-2-1536x1024.jpeg 1536w, https:\/\/conadi.gob.gt\/web\/wp-content\/uploads\/2025\/05\/WhatsApp-Image-2025-05-09-at-19.51.53-2.jpeg 1600w\" sizes=\"auto, (max-width: 1024px) 100vw, 1024px\" \/><\/figure>\n<\/div>\n<\/div>\n\n\n\n<p>Este espacio busc\u00f3 generar la participaci\u00f3n de las personas con discapacidad y sus organizaciones como un&nbsp;&nbsp;derecho fundamental para la construcci\u00f3n de una sociedad inclusiva.&nbsp;&nbsp;&nbsp;Este fue el primero de tres espacios de consulta que se realizar\u00e1n en este mes de mayo en donde los representantes de diferentes organizaciones de y para personas con discapacidad podr\u00e1n participar para generar observaciones ante la aplicaci\u00f3n de la Convenci\u00f3n como un instrumento internacional de derechos humanos.&nbsp;&nbsp;Son las propias organizaciones de personas con discapacidad&nbsp;&nbsp;las que juegan un papel fundamental en la defensa y promoci\u00f3n de su participaci\u00f3n y el cumplimiento de sus derechos. \u00abNADA DE NOSOTROS SIN NOSOTROS\u00bb nos indica que cada decisi\u00f3n que afecte o sea dirigida a las personas con discapacidad debe&nbsp;tomarse&nbsp;consultando las opiniones y necesidades de las propias personas con discapacidad.&nbsp;<\/p>\n\n\n\n<div class=\"wp-block-columns is-layout-flex wp-container-core-columns-is-layout-28f84493 wp-block-columns-is-layout-flex\">\n<div class=\"wp-block-column is-layout-flow wp-block-column-is-layout-flow\">\n<figure class=\"wp-block-image size-large\"><img loading=\"lazy\" decoding=\"async\" width=\"1024\" height=\"683\" src=\"https:\/\/conadi.gob.gt\/web\/wp-content\/uploads\/2025\/05\/WhatsApp-Image-2025-05-09-at-19.51.53-1024x683.jpeg\" alt=\"\" class=\"wp-image-18116\" srcset=\"https:\/\/conadi.gob.gt\/web\/wp-content\/uploads\/2025\/05\/WhatsApp-Image-2025-05-09-at-19.51.53-1024x683.jpeg 1024w, https:\/\/conadi.gob.gt\/web\/wp-content\/uploads\/2025\/05\/WhatsApp-Image-2025-05-09-at-19.51.53-300x200.jpeg 300w, https:\/\/conadi.gob.gt\/web\/wp-content\/uploads\/2025\/05\/WhatsApp-Image-2025-05-09-at-19.51.53-768x512.jpeg 768w, https:\/\/conadi.gob.gt\/web\/wp-content\/uploads\/2025\/05\/WhatsApp-Image-2025-05-09-at-19.51.53-1536x1024.jpeg 1536w, https:\/\/conadi.gob.gt\/web\/wp-content\/uploads\/2025\/05\/WhatsApp-Image-2025-05-09-at-19.51.53.jpeg 1600w\" sizes=\"auto, (max-width: 1024px) 100vw, 1024px\" \/><\/figure>\n<\/div>\n\n\n\n<div class=\"wp-block-column is-layout-flow wp-block-column-is-layout-flow\">\n<figure class=\"wp-block-image size-large\"><img loading=\"lazy\" decoding=\"async\" width=\"1024\" height=\"683\" src=\"https:\/\/conadi.gob.gt\/web\/wp-content\/uploads\/2025\/05\/WhatsApp-Image-2025-05-09-at-19.50.53-1024x683.jpeg\" alt=\"\" class=\"wp-image-18117\" srcset=\"https:\/\/conadi.gob.gt\/web\/wp-content\/uploads\/2025\/05\/WhatsApp-Image-2025-05-09-at-19.50.53-1024x683.jpeg 1024w, https:\/\/conadi.gob.gt\/web\/wp-content\/uploads\/2025\/05\/WhatsApp-Image-2025-05-09-at-19.50.53-300x200.jpeg 300w, https:\/\/conadi.gob.gt\/web\/wp-content\/uploads\/2025\/05\/WhatsApp-Image-2025-05-09-at-19.50.53-768x512.jpeg 768w, https:\/\/conadi.gob.gt\/web\/wp-content\/uploads\/2025\/05\/WhatsApp-Image-2025-05-09-at-19.50.53-1536x1024.jpeg 1536w, https:\/\/conadi.gob.gt\/web\/wp-content\/uploads\/2025\/05\/WhatsApp-Image-2025-05-09-at-19.50.53.jpeg 1600w\" sizes=\"auto, (max-width: 1024px) 100vw, 1024px\" \/><\/figure>\n<\/div>\n\n\n\n<div class=\"wp-block-column is-layout-flow wp-block-column-is-layout-flow\">\n<figure class=\"wp-block-image size-large\"><img loading=\"lazy\" decoding=\"async\" width=\"1024\" height=\"683\" src=\"https:\/\/conadi.gob.gt\/web\/wp-content\/uploads\/2025\/05\/WhatsApp-Image-2025-05-09-at-19.54.15-1024x683.jpeg\" alt=\"\" class=\"wp-image-18118\" srcset=\"https:\/\/conadi.gob.gt\/web\/wp-content\/uploads\/2025\/05\/WhatsApp-Image-2025-05-09-at-19.54.15-1024x683.jpeg 1024w, https:\/\/conadi.gob.gt\/web\/wp-content\/uploads\/2025\/05\/WhatsApp-Image-2025-05-09-at-19.54.15-300x200.jpeg 300w, https:\/\/conadi.gob.gt\/web\/wp-content\/uploads\/2025\/05\/WhatsApp-Image-2025-05-09-at-19.54.15-768x512.jpeg 768w, https:\/\/conadi.gob.gt\/web\/wp-content\/uploads\/2025\/05\/WhatsApp-Image-2025-05-09-at-19.54.15-1536x1024.jpeg 1536w, https:\/\/conadi.gob.gt\/web\/wp-content\/uploads\/2025\/05\/WhatsApp-Image-2025-05-09-at-19.54.15.jpeg 1600w\" sizes=\"auto, (max-width: 1024px) 100vw, 1024px\" \/><\/figure>\n<\/div>\n<\/div>\n\n\n\n<p>En esta primera sesi\u00f3n fueron organizaciones de la regi\u00f3n occidental del pa\u00eds, que pudieron aportar en la consulta que busca la creaci\u00f3n de una ruta de evaluaci\u00f3n de la aplicaci\u00f3n de este instrumento internacional sobre los derechos de las personas con discapacidad. Contand\u00f3 con la participaci\u00f3n de: Asociaci\u00f3n de Personas con Discapacidad \u00abJareb Francisco\u00bb &#8211; ASOJEF de San Lucas Tolim\u00e1n, Solol\u00e1; Olimpiadas Especiales; La Asociaci\u00f3n de Desarrollo de Guatemala &#8211; ADEGUA de Huehuetenango; Asociaci\u00f3n Civil No Lucrativa de Desarrollo de Sordos de Quetzaltenango (ADSQ); Asociaci\u00f3n para Sordos en Suchitep\u00e9quez (ASORSUCHI); ASOCIACI\u00d3N PARA LA INCLUSI\u00d3N DE PERSONAS CON DISCAPACIDAD Majun Ruchi, Panajachel, Solol\u00e1; Instituto Neurol\u00f3gico&nbsp;&nbsp;de Guatemala; La Fundaci\u00f3n Pro-Bienestar del Minusv\u00e1lido (FUNDABIEM); Asociaci\u00f3n de Personas con Discapacidad de Quetzaltenango \u00abLuna de Xelaj\u00fa\u00bb (APCDQLX); Asociaci\u00f3n de Ciegos Mayas \u00abChuimekena\u00bb (ACMC) de San Francisco el Alto, Totonicap\u00e1n; Asociaci\u00f3n Rompiendo L\u00edmites; y el Benem\u00e9rito Comit\u00e9 Pro-Ciegos y Sordos de Guatemala.&nbsp;<\/p>\n\n\n\n<p><strong><u>Acto de apertura:<\/u><\/strong><\/p>\n\n\n\n<p>Durante el acto de apertura, se cont\u00f3 con la participaci\u00f3n de Maira Virginia Rivas, Presidenta del CONADI, quien destac\u00f3 la importancia de la participaci\u00f3n de las propias organizaciones de la sociedad civil, ya que con su aporte enriquecen los lineamientos para la construcci\u00f3n de rutas de trabajo para el cumplimiento de los derechos de las personas con discapacidad. Reafirm\u00f3 el compromiso que tiene el CONADI como ente impulsor de la tem\u00e1tica de discapacidad; trabajar en alianza con el ente rector en defensa de los derechos humanos permitir\u00e1 una estructuraci\u00f3n m\u00e1s acorde con los objetivos del pa\u00eds en materia de derechos.<\/p>\n\n\n\n<p>Por parte de la PDH particip\u00f3 Ricardo Gamez Quiroa, Auxiliar Regional de la Procuradur\u00eda de los Derechos Humanos (PDH) en Quetzaltenango, quien destac\u00f3 la importancia del papel que juega la Procuradur\u00eda como instituci\u00f3n encargada de garantizar que la administraci\u00f3n p\u00fablica cumpla con los Derechos Humanos. La realizaci\u00f3n de esta pr\u00e1ctica de consulta fortalecer\u00e1 el cumplimiento de las observaciones internacionales brindadas al pa\u00eds sobre los derechos de las personas&nbsp;con discapacidad.<\/p>\n\n\n\n<div class=\"wp-block-columns is-layout-flex wp-container-core-columns-is-layout-28f84493 wp-block-columns-is-layout-flex\">\n<div class=\"wp-block-column is-layout-flow wp-block-column-is-layout-flow\">\n<figure class=\"wp-block-image size-large\"><img loading=\"lazy\" decoding=\"async\" width=\"1024\" height=\"683\" src=\"https:\/\/conadi.gob.gt\/web\/wp-content\/uploads\/2025\/05\/WhatsApp-Image-2025-05-09-at-19.52.37-1024x683.jpeg\" alt=\"\" class=\"wp-image-18113\" srcset=\"https:\/\/conadi.gob.gt\/web\/wp-content\/uploads\/2025\/05\/WhatsApp-Image-2025-05-09-at-19.52.37-1024x683.jpeg 1024w, https:\/\/conadi.gob.gt\/web\/wp-content\/uploads\/2025\/05\/WhatsApp-Image-2025-05-09-at-19.52.37-300x200.jpeg 300w, https:\/\/conadi.gob.gt\/web\/wp-content\/uploads\/2025\/05\/WhatsApp-Image-2025-05-09-at-19.52.37-768x512.jpeg 768w, https:\/\/conadi.gob.gt\/web\/wp-content\/uploads\/2025\/05\/WhatsApp-Image-2025-05-09-at-19.52.37-1536x1024.jpeg 1536w, https:\/\/conadi.gob.gt\/web\/wp-content\/uploads\/2025\/05\/WhatsApp-Image-2025-05-09-at-19.52.37.jpeg 1600w\" sizes=\"auto, (max-width: 1024px) 100vw, 1024px\" \/><\/figure>\n<\/div>\n\n\n\n<div class=\"wp-block-column is-layout-flow wp-block-column-is-layout-flow\">\n<figure class=\"wp-block-image size-large\"><img loading=\"lazy\" decoding=\"async\" width=\"1024\" height=\"683\" src=\"https:\/\/conadi.gob.gt\/web\/wp-content\/uploads\/2025\/05\/WhatsApp-Image-2025-05-09-at-19.56.43-1024x683.jpeg\" alt=\"\" class=\"wp-image-18114\" srcset=\"https:\/\/conadi.gob.gt\/web\/wp-content\/uploads\/2025\/05\/WhatsApp-Image-2025-05-09-at-19.56.43-1024x683.jpeg 1024w, https:\/\/conadi.gob.gt\/web\/wp-content\/uploads\/2025\/05\/WhatsApp-Image-2025-05-09-at-19.56.43-300x200.jpeg 300w, https:\/\/conadi.gob.gt\/web\/wp-content\/uploads\/2025\/05\/WhatsApp-Image-2025-05-09-at-19.56.43-768x512.jpeg 768w, https:\/\/conadi.gob.gt\/web\/wp-content\/uploads\/2025\/05\/WhatsApp-Image-2025-05-09-at-19.56.43-1536x1024.jpeg 1536w, https:\/\/conadi.gob.gt\/web\/wp-content\/uploads\/2025\/05\/WhatsApp-Image-2025-05-09-at-19.56.43.jpeg 1600w\" sizes=\"auto, (max-width: 1024px) 100vw, 1024px\" \/><\/figure>\n<\/div>\n<\/div>\n\n\n\n<p><strong><u>De las ponencias:<\/u><\/strong><\/p>\n\n\n\n<p>Ervin Jonatan Natareno y Ana Lissette P\u00e9rez, de la Defensor\u00eda de las Personas con Discapacidad de la Procuradur\u00eda de los Derechos Humanos (PDH), fueron los encargados de presentar \u00abEl Planteamiento del Problema y la Socializaci\u00f3n del Mecanismo de Supervisi\u00f3n del Cumplimiento de la CDPD\u00bb.\u00a0<\/p>\n\n\n\n<p><br \/>Por CONADI, Roc\u00edo Garc\u00eda, t\u00e9cnico de Fortalecimiento y Fomento de la Participaci\u00f3n Ciudadana, abord\u00f3 el tema del CONADI, las organizaciones de personas con discapacidad frente al Acuerdo Gubernativo 78-2009 y la relaci\u00f3n con los informes del pa\u00eds.<br \/><br \/><strong><u>Metodolog\u00eda:<\/u><\/strong><\/p>\n\n\n\n<p>A trav\u00e9s de espacios de diagn\u00f3stico y mesas de trabajo, las organizaciones brindaron sus observaciones sobre la situaci\u00f3n del cumplimiento de sus derechos y los avances en la aplicaci\u00f3n de la CDPD. Esto garantizar\u00e1 la participaci\u00f3n y, como organizaciones,\u00a0desempe\u00f1an\u00a0un papel fundamental en la defensa de sus derechos<\/p>\n\n\n\n<p><br \/><strong><u>R\u00e9plicas futuras:<\/u><\/strong><\/p>\n\n\n\n<p>Los representantes de la Defensor\u00eda de las Personas con Discapacidad de la PDH anunciaron que se replicar\u00e1 esta consultor\u00eda en la regi\u00f3n central y en el oriente del pa\u00eds en futuras fechas durante este mes de mayo.<\/p>\n\n\n\n<p>Maira Virginia Rivas, presidenta del CONADI, particip\u00f3 en el \u00abPrimer Encuentro Nacional de Incidencia para la Creaci\u00f3n del Mecanismo de Supervisi\u00f3n del Cumplimiento de la Convenci\u00f3n sobre los Derechos de las Personas con Discapacidad (CDPD)\u00bb, realizado en la ciudad de Quetzaltenango. Este encuentro re\u00fane y cuenta con la participaci\u00f3n de representantes de organizaciones de la sociedad civil de y para personas con discapacidad de la zona occidental del pa\u00eds.<\/p>\n\n\n\n<p>Rivas destac\u00f3 la importancia de la participaci\u00f3n de las propias organizaciones de la sociedad civil; su representaci\u00f3n garantiza su derecho a participar y, con su aporte, enriquecer\u00e1n los lineamientos para la construcci\u00f3n de rutas de trabajo para el cumplimiento de los derechos de las personas con discapacidad en el pa\u00eds.<\/p>\n\n\n\n<p>Ricardo Gamez Quiroa, Auxiliar Regional de la Procuradur\u00eda de los Derechos Humanos (PDH) Quetzaltenango, se refiri\u00f3 al papel que juega la Procuradur\u00eda como instituci\u00f3n encargada de velar por el cumplimiento de los derechos humanos en el pa\u00eds, as\u00ed como a la necesidad de la b\u00fasqueda de un mecanismo de evaluaci\u00f3n de avances de las observaciones internacionales brindadas por los expertos en materia de discapacidad de las Naciones Unidas; esta ruta aportar\u00e1 a visibilizar las necesidades del colectivo de personas con discapacidad en Guatemala.<\/p>\n\n\n\n<p>Esta actividad fue una coordinaci\u00f3n interinstitucional entre la Procuradur\u00eda de los Derechos Humanos (PDH), a trav\u00e9s de la Defensor\u00eda de las Personas con Discapacidad, y el CONADI.<\/p>\n\n\n\n<div class=\"wp-block-columns is-layout-flex wp-container-core-columns-is-layout-28f84493 wp-block-columns-is-layout-flex\">\n<div class=\"wp-block-column is-layout-flow wp-block-column-is-layout-flow\">\n<figure class=\"wp-block-image size-large\"><img loading=\"lazy\" decoding=\"async\" width=\"1024\" height=\"683\" src=\"https:\/\/conadi.gob.gt\/web\/wp-content\/uploads\/2025\/05\/WhatsApp-Image-2025-05-09-at-19.55.14-1024x683.jpeg\" alt=\"\" class=\"wp-image-18121\" srcset=\"https:\/\/conadi.gob.gt\/web\/wp-content\/uploads\/2025\/05\/WhatsApp-Image-2025-05-09-at-19.55.14-1024x683.jpeg 1024w, https:\/\/conadi.gob.gt\/web\/wp-content\/uploads\/2025\/05\/WhatsApp-Image-2025-05-09-at-19.55.14-300x200.jpeg 300w, https:\/\/conadi.gob.gt\/web\/wp-content\/uploads\/2025\/05\/WhatsApp-Image-2025-05-09-at-19.55.14-768x512.jpeg 768w, https:\/\/conadi.gob.gt\/web\/wp-content\/uploads\/2025\/05\/WhatsApp-Image-2025-05-09-at-19.55.14-1536x1024.jpeg 1536w, https:\/\/conadi.gob.gt\/web\/wp-content\/uploads\/2025\/05\/WhatsApp-Image-2025-05-09-at-19.55.14.jpeg 1600w\" sizes=\"auto, (max-width: 1024px) 100vw, 1024px\" \/><\/figure>\n<\/div>\n\n\n\n<div class=\"wp-block-column is-layout-flow wp-block-column-is-layout-flow\">\n<figure class=\"wp-block-image size-large\"><img loading=\"lazy\" decoding=\"async\" width=\"1024\" height=\"683\" src=\"https:\/\/conadi.gob.gt\/web\/wp-content\/uploads\/2025\/05\/WhatsApp-Image-2025-05-09-at-19.55.14-2-1024x683.jpeg\" alt=\"\" class=\"wp-image-18122\" srcset=\"https:\/\/conadi.gob.gt\/web\/wp-content\/uploads\/2025\/05\/WhatsApp-Image-2025-05-09-at-19.55.14-2-1024x683.jpeg 1024w, https:\/\/conadi.gob.gt\/web\/wp-content\/uploads\/2025\/05\/WhatsApp-Image-2025-05-09-at-19.55.14-2-300x200.jpeg 300w, https:\/\/conadi.gob.gt\/web\/wp-content\/uploads\/2025\/05\/WhatsApp-Image-2025-05-09-at-19.55.14-2-768x512.jpeg 768w, https:\/\/conadi.gob.gt\/web\/wp-content\/uploads\/2025\/05\/WhatsApp-Image-2025-05-09-at-19.55.14-2-1536x1024.jpeg 1536w, https:\/\/conadi.gob.gt\/web\/wp-content\/uploads\/2025\/05\/WhatsApp-Image-2025-05-09-at-19.55.14-2.jpeg 1600w\" sizes=\"auto, (max-width: 1024px) 100vw, 1024px\" \/><\/figure>\n<\/div>\n\n\n\n<div class=\"wp-block-column is-layout-flow wp-block-column-is-layout-flow\">\n<figure class=\"wp-block-image size-large\"><img loading=\"lazy\" decoding=\"async\" width=\"1024\" height=\"683\" src=\"https:\/\/conadi.gob.gt\/web\/wp-content\/uploads\/2025\/05\/WhatsApp-Image-2025-05-09-at-19.54.34-1024x683.jpeg\" alt=\"\" class=\"wp-image-18123\" srcset=\"https:\/\/conadi.gob.gt\/web\/wp-content\/uploads\/2025\/05\/WhatsApp-Image-2025-05-09-at-19.54.34-1024x683.jpeg 1024w, https:\/\/conadi.gob.gt\/web\/wp-content\/uploads\/2025\/05\/WhatsApp-Image-2025-05-09-at-19.54.34-300x200.jpeg 300w, https:\/\/conadi.gob.gt\/web\/wp-content\/uploads\/2025\/05\/WhatsApp-Image-2025-05-09-at-19.54.34-768x512.jpeg 768w, https:\/\/conadi.gob.gt\/web\/wp-content\/uploads\/2025\/05\/WhatsApp-Image-2025-05-09-at-19.54.34-1536x1024.jpeg 1536w, https:\/\/conadi.gob.gt\/web\/wp-content\/uploads\/2025\/05\/WhatsApp-Image-2025-05-09-at-19.54.34.jpeg 1600w\" sizes=\"auto, (max-width: 1024px) 100vw, 1024px\" \/><\/figure>\n<\/div>\n<\/div>\n","protected":false},"excerpt":{"rendered":"<p>El pasado 6 de mayo en la Ciudad de Quetzaltenango se realiz\u00f3 el \u00abPrimer Encuentro Nacional de Incidencia para la Creaci\u00f3n del Mecanismo de Supervisi\u00f3n del Cumplimiento de la Convenci\u00f3n sobre los Derechos de las Personas con Discapacidad (CDPD)\u00bb, un evento organizado por la Procuradur\u00eda de los Derechos Humanos (PDH), a trav\u00e9s de la Defensor\u00eda &hellip; <\/p>\n<p class=\"link-more\"><a href=\"https:\/\/conadi.gob.gt\/web\/organizaciones-participan-en-consulta-sobre-la-convencion-sobre-los-derechos-de-las-personas-con-discapacidad\/\" class=\"more-link\">Leer m\u00e1s<span class=\"screen-reader-text\"> \u00abORGANIZACIONES PARTICIPAN EN CONSULTA SOBRE LA CONVENCI\u00d3N SOBRE LOS DERECHOS DE LAS PERSONAS CON DISCAPACIDAD\u00bb<\/span><\/a><\/p>\n","protected":false},"author":222,"featured_media":18113,"comment_status":"closed","ping_status":"closed","sticky":false,"template":"","format":"standard","meta":{"footnotes":""},"categories":[3],"tags":[],"class_list":["post-18112","post","type-post","status-publish","format-standard","has-post-thumbnail","hentry","category-noticias"],"_links":{"self":[{"href":"https:\/\/conadi.gob.gt\/web\/wp-json\/wp\/v2\/posts\/18112","targetHints":{"allow":["GET"]}}],"collection":[{"href":"https:\/\/conadi.gob.gt\/web\/wp-json\/wp\/v2\/posts"}],"about":[{"href":"https:\/\/conadi.gob.gt\/web\/wp-json\/wp\/v2\/types\/post"}],"author":[{"embeddable":true,"href":"https:\/\/conadi.gob.gt\/web\/wp-json\/wp\/v2\/users\/222"}],"replies":[{"embeddable":true,"href":"https:\/\/conadi.gob.gt\/web\/wp-json\/wp\/v2\/comments?post=18112"}],"version-history":[{"count":1,"href":"https:\/\/conadi.gob.gt\/web\/wp-json\/wp\/v2\/posts\/18112\/revisions"}],"predecessor-version":[{"id":18124,"href":"https:\/\/conadi.gob.gt\/web\/wp-json\/wp\/v2\/posts\/18112\/revisions\/18124"}],"wp:featuredmedia":[{"embeddable":true,"href":"https:\/\/conadi.gob.gt\/web\/wp-json\/wp\/v2\/media\/18113"}],"wp:attachment":[{"href":"https:\/\/conadi.gob.gt\/web\/wp-json\/wp\/v2\/media?parent=18112"}],"wp:term":[{"taxonomy":"category","embeddable":true,"href":"https:\/\/conadi.gob.gt\/web\/wp-json\/wp\/v2\/categories?post=18112"},{"taxonomy":"post_tag","embeddable":true,"href":"https:\/\/conadi.gob.gt\/web\/wp-json\/wp\/v2\/tags?post=18112"}],"curies":[{"name":"wp","href":"https:\/\/api.w.org\/{rel}","templated":true}]}}