{"id":18130,"date":"2025-05-12T14:28:41","date_gmt":"2025-05-12T14:28:41","guid":{"rendered":"https:\/\/conadi.gob.gt\/web\/?p=18130"},"modified":"2025-05-12T14:58:11","modified_gmt":"2025-05-12T14:58:11","slug":"conversatorio-aterrizando-la-cumbre-global-sobre-discapacidad-en-guatemala","status":"publish","type":"post","link":"https:\/\/conadi.gob.gt\/web\/conversatorio-aterrizando-la-cumbre-global-sobre-discapacidad-en-guatemala\/","title":{"rendered":"CONVERSATORIO: ATERRIZANDO LA CUMBRE GLOBAL SOBRE DISCAPACIDAD EN GUATEMALA"},"content":{"rendered":"\n<p>Como seguimiento a la Cumbre Mundial sobre Discapacidad 2025 realizada durante el pasado mes de abril en Berl\u00edn, Alemania, en la cual el Consejo Nacional para la Atenci\u00f3n de las personas con Discapacidad CONADI tuvo participaci\u00f3n a trav\u00e9s de la vicepresidente Janeth Garc\u00eda, ahora en Guatemala, se realizo un conversatorio para conocer cu\u00e1les fueron los consensos y logros alcanzados en Alemania. Este evento fue coordinado por la Organizaci\u00f3n de Cooperaci\u00f3n Alemana, Christian Blind Mission (CBM) Guatemala.<\/p>\n\n\n\n<div class=\"wp-block-columns is-layout-flex wp-container-core-columns-is-layout-28f84493 wp-block-columns-is-layout-flex\">\n<div class=\"wp-block-column is-layout-flow wp-block-column-is-layout-flow\">\n<figure class=\"wp-block-image size-large\"><img loading=\"lazy\" decoding=\"async\" width=\"1024\" height=\"683\" src=\"https:\/\/conadi.gob.gt\/web\/wp-content\/uploads\/2025\/05\/WhatsApp-Image-2025-05-09-at-20.01.07-1024x683.jpeg\" alt=\"\" class=\"wp-image-18133\" srcset=\"https:\/\/conadi.gob.gt\/web\/wp-content\/uploads\/2025\/05\/WhatsApp-Image-2025-05-09-at-20.01.07-1024x683.jpeg 1024w, https:\/\/conadi.gob.gt\/web\/wp-content\/uploads\/2025\/05\/WhatsApp-Image-2025-05-09-at-20.01.07-300x200.jpeg 300w, https:\/\/conadi.gob.gt\/web\/wp-content\/uploads\/2025\/05\/WhatsApp-Image-2025-05-09-at-20.01.07-768x512.jpeg 768w, https:\/\/conadi.gob.gt\/web\/wp-content\/uploads\/2025\/05\/WhatsApp-Image-2025-05-09-at-20.01.07-1536x1024.jpeg 1536w, https:\/\/conadi.gob.gt\/web\/wp-content\/uploads\/2025\/05\/WhatsApp-Image-2025-05-09-at-20.01.07.jpeg 1600w\" sizes=\"auto, (max-width: 1024px) 100vw, 1024px\" \/><\/figure>\n<\/div>\n\n\n\n<div class=\"wp-block-column is-layout-flow wp-block-column-is-layout-flow\">\n<figure class=\"wp-block-image size-large\"><img loading=\"lazy\" decoding=\"async\" width=\"1024\" height=\"683\" src=\"https:\/\/conadi.gob.gt\/web\/wp-content\/uploads\/2025\/05\/WhatsApp-Image-2025-05-09-at-20.08.10-1-1024x683.jpeg\" alt=\"\" class=\"wp-image-18132\" srcset=\"https:\/\/conadi.gob.gt\/web\/wp-content\/uploads\/2025\/05\/WhatsApp-Image-2025-05-09-at-20.08.10-1-1024x683.jpeg 1024w, https:\/\/conadi.gob.gt\/web\/wp-content\/uploads\/2025\/05\/WhatsApp-Image-2025-05-09-at-20.08.10-1-300x200.jpeg 300w, https:\/\/conadi.gob.gt\/web\/wp-content\/uploads\/2025\/05\/WhatsApp-Image-2025-05-09-at-20.08.10-1-768x512.jpeg 768w, https:\/\/conadi.gob.gt\/web\/wp-content\/uploads\/2025\/05\/WhatsApp-Image-2025-05-09-at-20.08.10-1-1536x1024.jpeg 1536w, https:\/\/conadi.gob.gt\/web\/wp-content\/uploads\/2025\/05\/WhatsApp-Image-2025-05-09-at-20.08.10-1.jpeg 1600w\" sizes=\"auto, (max-width: 1024px) 100vw, 1024px\" \/><\/figure>\n<\/div>\n<\/div>\n\n\n\n<p>A esta actividad asisti\u00f3 el diputado Erick Tzun, presidente de la Comisi\u00f3n de Asuntos de Discapacidad del Congreso de Guatemala, Alberto G\u00f3mez, director regional ASB para Am\u00e9rica Latina, Otto Mazariegos de la Asociaci\u00f3n Nacional de Ciegos de Guatemala, Silvia Quan, directora de la Organizaci\u00f3n El Colectivo de Vida Independiente y la Presidente del CONADI Mayra Rivas, quien durante su intervenci\u00f3n afirmo que si se tienen logros pero se debe de continuar con el trabajo para que en nuestro pa\u00eds exista una verdadera inclusi\u00f3n, tambi\u00e9n mencion\u00f3 que la aprobaci\u00f3n de la Ley de Lengua de Se\u00f1as de Guatemala y la de Certificaci\u00f3n Biopsicosocial han sido un gran paso para las personas con discapacidad y que el Estado de Guatemala debe de darle un verdadero seguimiento al tratado de Marraquech.<\/p>\n\n\n\n<figure class=\"wp-block-image size-large\"><img loading=\"lazy\" decoding=\"async\" width=\"1024\" height=\"683\" src=\"https:\/\/conadi.gob.gt\/web\/wp-content\/uploads\/2025\/05\/WhatsApp-Image-2025-05-09-at-20.01.31-1024x683.jpeg\" alt=\"\" class=\"wp-image-18131\" srcset=\"https:\/\/conadi.gob.gt\/web\/wp-content\/uploads\/2025\/05\/WhatsApp-Image-2025-05-09-at-20.01.31-1024x683.jpeg 1024w, https:\/\/conadi.gob.gt\/web\/wp-content\/uploads\/2025\/05\/WhatsApp-Image-2025-05-09-at-20.01.31-300x200.jpeg 300w, https:\/\/conadi.gob.gt\/web\/wp-content\/uploads\/2025\/05\/WhatsApp-Image-2025-05-09-at-20.01.31-768x512.jpeg 768w, https:\/\/conadi.gob.gt\/web\/wp-content\/uploads\/2025\/05\/WhatsApp-Image-2025-05-09-at-20.01.31-1536x1024.jpeg 1536w, https:\/\/conadi.gob.gt\/web\/wp-content\/uploads\/2025\/05\/WhatsApp-Image-2025-05-09-at-20.01.31.jpeg 1600w\" sizes=\"auto, (max-width: 1024px) 100vw, 1024px\" \/><\/figure>\n\n\n\n<p>El diputado Tzun mencion\u00f3 que desde el congreso a trav\u00e9s de la comisi\u00f3n de finanzas, se pretende proponer la implementaci\u00f3n de un clasificador presupuestario con el cual se dar\u00eda m\u00e1s presupuesto al tema de discapacidad, adem\u00e1s de impulsar la creaci\u00f3n de una unidad de discapacidad en todos los ministerios y se espera que las organizaciones de personas con discapacidad y sociedad civil participen para poder impulsar de buena manera la tem\u00e1tica de discapacidad.<\/p>\n\n\n\n<div class=\"wp-block-columns is-layout-flex wp-container-core-columns-is-layout-28f84493 wp-block-columns-is-layout-flex\">\n<div class=\"wp-block-column is-layout-flow wp-block-column-is-layout-flow\">\n<figure class=\"wp-block-image size-large\"><img loading=\"lazy\" decoding=\"async\" width=\"1024\" height=\"683\" src=\"https:\/\/conadi.gob.gt\/web\/wp-content\/uploads\/2025\/05\/WhatsApp-Image-2025-05-09-at-20.06.19-1024x683.jpeg\" alt=\"\" class=\"wp-image-18134\" srcset=\"https:\/\/conadi.gob.gt\/web\/wp-content\/uploads\/2025\/05\/WhatsApp-Image-2025-05-09-at-20.06.19-1024x683.jpeg 1024w, https:\/\/conadi.gob.gt\/web\/wp-content\/uploads\/2025\/05\/WhatsApp-Image-2025-05-09-at-20.06.19-300x200.jpeg 300w, https:\/\/conadi.gob.gt\/web\/wp-content\/uploads\/2025\/05\/WhatsApp-Image-2025-05-09-at-20.06.19-768x512.jpeg 768w, https:\/\/conadi.gob.gt\/web\/wp-content\/uploads\/2025\/05\/WhatsApp-Image-2025-05-09-at-20.06.19-1536x1024.jpeg 1536w, https:\/\/conadi.gob.gt\/web\/wp-content\/uploads\/2025\/05\/WhatsApp-Image-2025-05-09-at-20.06.19.jpeg 1600w\" sizes=\"auto, (max-width: 1024px) 100vw, 1024px\" \/><\/figure>\n<\/div>\n\n\n\n<div class=\"wp-block-column is-layout-flow wp-block-column-is-layout-flow\">\n<figure class=\"wp-block-image size-large\"><img loading=\"lazy\" decoding=\"async\" width=\"1024\" height=\"683\" src=\"https:\/\/conadi.gob.gt\/web\/wp-content\/uploads\/2025\/05\/WhatsApp-Image-2025-05-09-at-20.03.39-1024x683.jpeg\" alt=\"\" class=\"wp-image-18135\" srcset=\"https:\/\/conadi.gob.gt\/web\/wp-content\/uploads\/2025\/05\/WhatsApp-Image-2025-05-09-at-20.03.39-1024x683.jpeg 1024w, https:\/\/conadi.gob.gt\/web\/wp-content\/uploads\/2025\/05\/WhatsApp-Image-2025-05-09-at-20.03.39-300x200.jpeg 300w, https:\/\/conadi.gob.gt\/web\/wp-content\/uploads\/2025\/05\/WhatsApp-Image-2025-05-09-at-20.03.39-768x512.jpeg 768w, https:\/\/conadi.gob.gt\/web\/wp-content\/uploads\/2025\/05\/WhatsApp-Image-2025-05-09-at-20.03.39-1536x1024.jpeg 1536w, https:\/\/conadi.gob.gt\/web\/wp-content\/uploads\/2025\/05\/WhatsApp-Image-2025-05-09-at-20.03.39.jpeg 1600w\" sizes=\"auto, (max-width: 1024px) 100vw, 1024px\" \/><\/figure>\n<\/div>\n\n\n\n<div class=\"wp-block-column is-layout-flow wp-block-column-is-layout-flow\">\n<figure class=\"wp-block-image size-large\"><img loading=\"lazy\" decoding=\"async\" width=\"1024\" height=\"683\" src=\"https:\/\/conadi.gob.gt\/web\/wp-content\/uploads\/2025\/05\/WhatsApp-Image-2025-05-09-at-20.05.20-1024x683.jpeg\" alt=\"\" class=\"wp-image-18136\" srcset=\"https:\/\/conadi.gob.gt\/web\/wp-content\/uploads\/2025\/05\/WhatsApp-Image-2025-05-09-at-20.05.20-1024x683.jpeg 1024w, https:\/\/conadi.gob.gt\/web\/wp-content\/uploads\/2025\/05\/WhatsApp-Image-2025-05-09-at-20.05.20-300x200.jpeg 300w, https:\/\/conadi.gob.gt\/web\/wp-content\/uploads\/2025\/05\/WhatsApp-Image-2025-05-09-at-20.05.20-768x512.jpeg 768w, https:\/\/conadi.gob.gt\/web\/wp-content\/uploads\/2025\/05\/WhatsApp-Image-2025-05-09-at-20.05.20-1536x1024.jpeg 1536w, https:\/\/conadi.gob.gt\/web\/wp-content\/uploads\/2025\/05\/WhatsApp-Image-2025-05-09-at-20.05.20.jpeg 1600w\" sizes=\"auto, (max-width: 1024px) 100vw, 1024px\" \/><\/figure>\n<\/div>\n<\/div>\n\n\n\n<p>Zilpa Arreola (persona con discapacidad visual) y Juliana Edith Turqui, directora de Christian Blind Mission (CBM) para Centroam\u00e9rica, moderadoras del conversatorio mencionaron que no hay recursos para que se tenga una buena ejecuci\u00f3n presupuestaria que apoye a las personas con discapacidad; la cooperaci\u00f3n internacional apoya, sin embargo una gran cantidad de ellas han migrado hacia \u00c1frica y As\u00eda.<\/p>\n\n\n\n<div class=\"wp-block-columns is-layout-flex wp-container-core-columns-is-layout-28f84493 wp-block-columns-is-layout-flex\">\n<div class=\"wp-block-column is-layout-flow wp-block-column-is-layout-flow\">\n<figure class=\"wp-block-image size-large\"><img loading=\"lazy\" decoding=\"async\" width=\"1024\" height=\"683\" src=\"https:\/\/conadi.gob.gt\/web\/wp-content\/uploads\/2025\/05\/WhatsApp-Image-2025-05-12-at-08.23.53-1024x683.jpeg\" alt=\"\" class=\"wp-image-18147\" srcset=\"https:\/\/conadi.gob.gt\/web\/wp-content\/uploads\/2025\/05\/WhatsApp-Image-2025-05-12-at-08.23.53-1024x683.jpeg 1024w, https:\/\/conadi.gob.gt\/web\/wp-content\/uploads\/2025\/05\/WhatsApp-Image-2025-05-12-at-08.23.53-300x200.jpeg 300w, https:\/\/conadi.gob.gt\/web\/wp-content\/uploads\/2025\/05\/WhatsApp-Image-2025-05-12-at-08.23.53-768x512.jpeg 768w, https:\/\/conadi.gob.gt\/web\/wp-content\/uploads\/2025\/05\/WhatsApp-Image-2025-05-12-at-08.23.53-1536x1024.jpeg 1536w, https:\/\/conadi.gob.gt\/web\/wp-content\/uploads\/2025\/05\/WhatsApp-Image-2025-05-12-at-08.23.53.jpeg 1600w\" sizes=\"auto, (max-width: 1024px) 100vw, 1024px\" \/><\/figure>\n<\/div>\n\n\n\n<div class=\"wp-block-column is-layout-flow wp-block-column-is-layout-flow\">\n<figure class=\"wp-block-image size-large\"><img loading=\"lazy\" decoding=\"async\" width=\"1024\" height=\"683\" src=\"https:\/\/conadi.gob.gt\/web\/wp-content\/uploads\/2025\/05\/WhatsApp-Image-2025-05-09-at-20.04.21-1024x683.jpeg\" alt=\"\" class=\"wp-image-18138\" srcset=\"https:\/\/conadi.gob.gt\/web\/wp-content\/uploads\/2025\/05\/WhatsApp-Image-2025-05-09-at-20.04.21-1024x683.jpeg 1024w, https:\/\/conadi.gob.gt\/web\/wp-content\/uploads\/2025\/05\/WhatsApp-Image-2025-05-09-at-20.04.21-300x200.jpeg 300w, https:\/\/conadi.gob.gt\/web\/wp-content\/uploads\/2025\/05\/WhatsApp-Image-2025-05-09-at-20.04.21-768x512.jpeg 768w, https:\/\/conadi.gob.gt\/web\/wp-content\/uploads\/2025\/05\/WhatsApp-Image-2025-05-09-at-20.04.21-1536x1024.jpeg 1536w, https:\/\/conadi.gob.gt\/web\/wp-content\/uploads\/2025\/05\/WhatsApp-Image-2025-05-09-at-20.04.21.jpeg 1600w\" sizes=\"auto, (max-width: 1024px) 100vw, 1024px\" \/><\/figure>\n<\/div>\n<\/div>\n\n\n\n<p>Los asistentes a la Cumbre mencionaron que uno de los tantos compromisos asumidos por Guatemala fueron: reducir brechas y la asignaci\u00f3n de un presupuesto del 15% del total nacional exclusivamente para el tema de discapacidad, sin embargo es necesario tener datos reales y actualizados de nuestro pa\u00eds.<\/p>\n\n\n\n<div class=\"wp-block-columns is-layout-flex wp-container-core-columns-is-layout-28f84493 wp-block-columns-is-layout-flex\">\n<div class=\"wp-block-column is-layout-flow wp-block-column-is-layout-flow\">\n<figure class=\"wp-block-image size-large\"><img loading=\"lazy\" decoding=\"async\" width=\"1024\" height=\"683\" src=\"https:\/\/conadi.gob.gt\/web\/wp-content\/uploads\/2025\/05\/WhatsApp-Image-2025-05-09-at-19.59.37-1024x683.jpeg\" alt=\"\" class=\"wp-image-18139\" srcset=\"https:\/\/conadi.gob.gt\/web\/wp-content\/uploads\/2025\/05\/WhatsApp-Image-2025-05-09-at-19.59.37-1024x683.jpeg 1024w, https:\/\/conadi.gob.gt\/web\/wp-content\/uploads\/2025\/05\/WhatsApp-Image-2025-05-09-at-19.59.37-300x200.jpeg 300w, https:\/\/conadi.gob.gt\/web\/wp-content\/uploads\/2025\/05\/WhatsApp-Image-2025-05-09-at-19.59.37-768x512.jpeg 768w, https:\/\/conadi.gob.gt\/web\/wp-content\/uploads\/2025\/05\/WhatsApp-Image-2025-05-09-at-19.59.37-1536x1024.jpeg 1536w, https:\/\/conadi.gob.gt\/web\/wp-content\/uploads\/2025\/05\/WhatsApp-Image-2025-05-09-at-19.59.37.jpeg 1600w\" sizes=\"auto, (max-width: 1024px) 100vw, 1024px\" \/><\/figure>\n<\/div>\n\n\n\n<div class=\"wp-block-column is-layout-flow wp-block-column-is-layout-flow\">\n<figure class=\"wp-block-image size-large\"><img loading=\"lazy\" decoding=\"async\" width=\"1024\" height=\"683\" src=\"https:\/\/conadi.gob.gt\/web\/wp-content\/uploads\/2025\/05\/WhatsApp-Image-2025-05-09-at-20.00.36-1024x683.jpeg\" alt=\"\" class=\"wp-image-18141\" srcset=\"https:\/\/conadi.gob.gt\/web\/wp-content\/uploads\/2025\/05\/WhatsApp-Image-2025-05-09-at-20.00.36-1024x683.jpeg 1024w, https:\/\/conadi.gob.gt\/web\/wp-content\/uploads\/2025\/05\/WhatsApp-Image-2025-05-09-at-20.00.36-300x200.jpeg 300w, https:\/\/conadi.gob.gt\/web\/wp-content\/uploads\/2025\/05\/WhatsApp-Image-2025-05-09-at-20.00.36-768x512.jpeg 768w, https:\/\/conadi.gob.gt\/web\/wp-content\/uploads\/2025\/05\/WhatsApp-Image-2025-05-09-at-20.00.36-1536x1024.jpeg 1536w, https:\/\/conadi.gob.gt\/web\/wp-content\/uploads\/2025\/05\/WhatsApp-Image-2025-05-09-at-20.00.36.jpeg 1600w\" sizes=\"auto, (max-width: 1024px) 100vw, 1024px\" \/><\/figure>\n<\/div>\n<\/div>\n\n\n\n<p>Tambi\u00e9n se mencion\u00f3 que, el retiro de la Agencia de los Estados para el Desarrollo Internacional USAID se ha reflejado de gran manera en las organizaciones de personas con discapacidad, pues su aporte ayudaba tanto a sociedad civil como a las instituciones del estado como el CONADI.<\/p>\n\n\n\n<div class=\"wp-block-columns is-layout-flex wp-container-core-columns-is-layout-28f84493 wp-block-columns-is-layout-flex\">\n<div class=\"wp-block-column is-layout-flow wp-block-column-is-layout-flow\">\n<figure class=\"wp-block-image size-large\"><img loading=\"lazy\" decoding=\"async\" width=\"1024\" height=\"683\" src=\"https:\/\/conadi.gob.gt\/web\/wp-content\/uploads\/2025\/05\/WhatsApp-Image-2025-05-09-at-20.02.01-1024x683.jpeg\" alt=\"\" class=\"wp-image-18142\" srcset=\"https:\/\/conadi.gob.gt\/web\/wp-content\/uploads\/2025\/05\/WhatsApp-Image-2025-05-09-at-20.02.01-1024x683.jpeg 1024w, https:\/\/conadi.gob.gt\/web\/wp-content\/uploads\/2025\/05\/WhatsApp-Image-2025-05-09-at-20.02.01-300x200.jpeg 300w, https:\/\/conadi.gob.gt\/web\/wp-content\/uploads\/2025\/05\/WhatsApp-Image-2025-05-09-at-20.02.01-768x512.jpeg 768w, https:\/\/conadi.gob.gt\/web\/wp-content\/uploads\/2025\/05\/WhatsApp-Image-2025-05-09-at-20.02.01-1536x1024.jpeg 1536w, https:\/\/conadi.gob.gt\/web\/wp-content\/uploads\/2025\/05\/WhatsApp-Image-2025-05-09-at-20.02.01.jpeg 1600w\" sizes=\"auto, (max-width: 1024px) 100vw, 1024px\" \/><\/figure>\n<\/div>\n\n\n\n<div class=\"wp-block-column is-layout-flow wp-block-column-is-layout-flow\">\n<figure class=\"wp-block-image size-large\"><img loading=\"lazy\" decoding=\"async\" width=\"1024\" height=\"683\" src=\"https:\/\/conadi.gob.gt\/web\/wp-content\/uploads\/2025\/05\/WhatsApp-Image-2025-05-09-at-20.05.21-1024x683.jpeg\" alt=\"\" class=\"wp-image-18143\" srcset=\"https:\/\/conadi.gob.gt\/web\/wp-content\/uploads\/2025\/05\/WhatsApp-Image-2025-05-09-at-20.05.21-1024x683.jpeg 1024w, https:\/\/conadi.gob.gt\/web\/wp-content\/uploads\/2025\/05\/WhatsApp-Image-2025-05-09-at-20.05.21-300x200.jpeg 300w, https:\/\/conadi.gob.gt\/web\/wp-content\/uploads\/2025\/05\/WhatsApp-Image-2025-05-09-at-20.05.21-768x512.jpeg 768w, https:\/\/conadi.gob.gt\/web\/wp-content\/uploads\/2025\/05\/WhatsApp-Image-2025-05-09-at-20.05.21-1536x1024.jpeg 1536w, https:\/\/conadi.gob.gt\/web\/wp-content\/uploads\/2025\/05\/WhatsApp-Image-2025-05-09-at-20.05.21.jpeg 1600w\" sizes=\"auto, (max-width: 1024px) 100vw, 1024px\" \/><\/figure>\n<\/div>\n<\/div>\n\n\n\n<p>La presidente del CONADI Mayra Rivas enfatizo que, si se tiene representatividad en la mayor parte del pa\u00eds y que a trav\u00e9s de los delegados se tiene ese enlace entre la poblaci\u00f3n con discapacidad y el Estado, sin embargo, no es suficiente y se necesita m\u00e1s personal en el interior y para ello es necesario que se incremente el presupuesto que se tiene actualmente, adem\u00e1s de un verdadero inter\u00e9s de las municipalidades para aperturar m\u00e1s Oficinas Municipales de Discapacidad y del gobierno central para apoyar el tema de discapacidad.<\/p>\n\n\n\n<figure class=\"wp-block-image size-large\"><img loading=\"lazy\" decoding=\"async\" width=\"1024\" height=\"683\" src=\"https:\/\/conadi.gob.gt\/web\/wp-content\/uploads\/2025\/05\/WhatsApp-Image-2025-05-09-at-20.02.37-1024x683.jpeg\" alt=\"\" class=\"wp-image-18137\" srcset=\"https:\/\/conadi.gob.gt\/web\/wp-content\/uploads\/2025\/05\/WhatsApp-Image-2025-05-09-at-20.02.37-1024x683.jpeg 1024w, https:\/\/conadi.gob.gt\/web\/wp-content\/uploads\/2025\/05\/WhatsApp-Image-2025-05-09-at-20.02.37-300x200.jpeg 300w, https:\/\/conadi.gob.gt\/web\/wp-content\/uploads\/2025\/05\/WhatsApp-Image-2025-05-09-at-20.02.37-768x512.jpeg 768w, https:\/\/conadi.gob.gt\/web\/wp-content\/uploads\/2025\/05\/WhatsApp-Image-2025-05-09-at-20.02.37-1536x1024.jpeg 1536w, https:\/\/conadi.gob.gt\/web\/wp-content\/uploads\/2025\/05\/WhatsApp-Image-2025-05-09-at-20.02.37.jpeg 1600w\" sizes=\"auto, (max-width: 1024px) 100vw, 1024px\" \/><\/figure>\n\n\n\n<div class=\"wp-block-columns is-layout-flex wp-container-core-columns-is-layout-28f84493 wp-block-columns-is-layout-flex\">\n<div class=\"wp-block-column is-layout-flow wp-block-column-is-layout-flow\">\n<figure class=\"wp-block-image size-large\"><img loading=\"lazy\" decoding=\"async\" width=\"1024\" height=\"683\" src=\"https:\/\/conadi.gob.gt\/web\/wp-content\/uploads\/2025\/05\/WhatsApp-Image-2025-05-09-at-20.06.18-1024x683.jpeg\" alt=\"\" class=\"wp-image-18145\" srcset=\"https:\/\/conadi.gob.gt\/web\/wp-content\/uploads\/2025\/05\/WhatsApp-Image-2025-05-09-at-20.06.18-1024x683.jpeg 1024w, https:\/\/conadi.gob.gt\/web\/wp-content\/uploads\/2025\/05\/WhatsApp-Image-2025-05-09-at-20.06.18-300x200.jpeg 300w, https:\/\/conadi.gob.gt\/web\/wp-content\/uploads\/2025\/05\/WhatsApp-Image-2025-05-09-at-20.06.18-768x512.jpeg 768w, https:\/\/conadi.gob.gt\/web\/wp-content\/uploads\/2025\/05\/WhatsApp-Image-2025-05-09-at-20.06.18-1536x1024.jpeg 1536w, https:\/\/conadi.gob.gt\/web\/wp-content\/uploads\/2025\/05\/WhatsApp-Image-2025-05-09-at-20.06.18.jpeg 1600w\" sizes=\"auto, (max-width: 1024px) 100vw, 1024px\" \/><\/figure>\n<\/div>\n\n\n\n<div class=\"wp-block-column is-layout-flow wp-block-column-is-layout-flow\">\n<figure class=\"wp-block-image size-large\"><img loading=\"lazy\" decoding=\"async\" width=\"1024\" height=\"683\" src=\"https:\/\/conadi.gob.gt\/web\/wp-content\/uploads\/2025\/05\/WhatsApp-Image-2025-05-09-at-20.08.10-1024x683.jpeg\" alt=\"\" class=\"wp-image-18144\" srcset=\"https:\/\/conadi.gob.gt\/web\/wp-content\/uploads\/2025\/05\/WhatsApp-Image-2025-05-09-at-20.08.10-1024x683.jpeg 1024w, https:\/\/conadi.gob.gt\/web\/wp-content\/uploads\/2025\/05\/WhatsApp-Image-2025-05-09-at-20.08.10-300x200.jpeg 300w, https:\/\/conadi.gob.gt\/web\/wp-content\/uploads\/2025\/05\/WhatsApp-Image-2025-05-09-at-20.08.10-768x512.jpeg 768w, https:\/\/conadi.gob.gt\/web\/wp-content\/uploads\/2025\/05\/WhatsApp-Image-2025-05-09-at-20.08.10-1536x1024.jpeg 1536w, https:\/\/conadi.gob.gt\/web\/wp-content\/uploads\/2025\/05\/WhatsApp-Image-2025-05-09-at-20.08.10.jpeg 1600w\" sizes=\"auto, (max-width: 1024px) 100vw, 1024px\" \/><\/figure>\n<\/div>\n\n\n\n<div class=\"wp-block-column is-layout-flow wp-block-column-is-layout-flow\">\n<figure class=\"wp-block-image size-large\"><img loading=\"lazy\" decoding=\"async\" width=\"1024\" height=\"683\" src=\"https:\/\/conadi.gob.gt\/web\/wp-content\/uploads\/2025\/05\/WhatsApp-Image-2025-05-09-at-20.02.02-1024x683.jpeg\" alt=\"\" class=\"wp-image-18146\" srcset=\"https:\/\/conadi.gob.gt\/web\/wp-content\/uploads\/2025\/05\/WhatsApp-Image-2025-05-09-at-20.02.02-1024x683.jpeg 1024w, https:\/\/conadi.gob.gt\/web\/wp-content\/uploads\/2025\/05\/WhatsApp-Image-2025-05-09-at-20.02.02-300x200.jpeg 300w, https:\/\/conadi.gob.gt\/web\/wp-content\/uploads\/2025\/05\/WhatsApp-Image-2025-05-09-at-20.02.02-768x512.jpeg 768w, https:\/\/conadi.gob.gt\/web\/wp-content\/uploads\/2025\/05\/WhatsApp-Image-2025-05-09-at-20.02.02-1536x1024.jpeg 1536w, https:\/\/conadi.gob.gt\/web\/wp-content\/uploads\/2025\/05\/WhatsApp-Image-2025-05-09-at-20.02.02.jpeg 1600w\" sizes=\"auto, (max-width: 1024px) 100vw, 1024px\" \/><\/figure>\n<\/div>\n<\/div>\n\n\n\n<p><\/p>\n","protected":false},"excerpt":{"rendered":"<p>Como seguimiento a la Cumbre Mundial sobre Discapacidad 2025 realizada durante el pasado mes de abril en Berl\u00edn, Alemania, en la cual el Consejo Nacional para la Atenci\u00f3n de las personas con Discapacidad CONADI tuvo participaci\u00f3n a trav\u00e9s de la vicepresidente Janeth Garc\u00eda, ahora en Guatemala, se realizo un conversatorio para conocer cu\u00e1les fueron los &hellip; <\/p>\n<p class=\"link-more\"><a href=\"https:\/\/conadi.gob.gt\/web\/conversatorio-aterrizando-la-cumbre-global-sobre-discapacidad-en-guatemala\/\" class=\"more-link\">Leer m\u00e1s<span class=\"screen-reader-text\"> \u00abCONVERSATORIO: ATERRIZANDO LA CUMBRE GLOBAL SOBRE DISCAPACIDAD EN GUATEMALA\u00bb<\/span><\/a><\/p>\n","protected":false},"author":222,"featured_media":18132,"comment_status":"closed","ping_status":"closed","sticky":false,"template":"","format":"standard","meta":{"footnotes":""},"categories":[3],"tags":[],"class_list":["post-18130","post","type-post","status-publish","format-standard","has-post-thumbnail","hentry","category-noticias"],"_links":{"self":[{"href":"https:\/\/conadi.gob.gt\/web\/wp-json\/wp\/v2\/posts\/18130","targetHints":{"allow":["GET"]}}],"collection":[{"href":"https:\/\/conadi.gob.gt\/web\/wp-json\/wp\/v2\/posts"}],"about":[{"href":"https:\/\/conadi.gob.gt\/web\/wp-json\/wp\/v2\/types\/post"}],"author":[{"embeddable":true,"href":"https:\/\/conadi.gob.gt\/web\/wp-json\/wp\/v2\/users\/222"}],"replies":[{"embeddable":true,"href":"https:\/\/conadi.gob.gt\/web\/wp-json\/wp\/v2\/comments?post=18130"}],"version-history":[{"count":3,"href":"https:\/\/conadi.gob.gt\/web\/wp-json\/wp\/v2\/posts\/18130\/revisions"}],"predecessor-version":[{"id":18152,"href":"https:\/\/conadi.gob.gt\/web\/wp-json\/wp\/v2\/posts\/18130\/revisions\/18152"}],"wp:featuredmedia":[{"embeddable":true,"href":"https:\/\/conadi.gob.gt\/web\/wp-json\/wp\/v2\/media\/18132"}],"wp:attachment":[{"href":"https:\/\/conadi.gob.gt\/web\/wp-json\/wp\/v2\/media?parent=18130"}],"wp:term":[{"taxonomy":"category","embeddable":true,"href":"https:\/\/conadi.gob.gt\/web\/wp-json\/wp\/v2\/categories?post=18130"},{"taxonomy":"post_tag","embeddable":true,"href":"https:\/\/conadi.gob.gt\/web\/wp-json\/wp\/v2\/tags?post=18130"}],"curies":[{"name":"wp","href":"https:\/\/api.w.org\/{rel}","templated":true}]}}