{"id":18172,"date":"2025-05-16T21:09:47","date_gmt":"2025-05-16T21:09:47","guid":{"rendered":"https:\/\/conadi.gob.gt\/web\/?p=18172"},"modified":"2025-05-16T21:09:47","modified_gmt":"2025-05-16T21:09:47","slug":"segundo-encuentro-de-consulta-sobre-la-convencion-sobre-los-derechos-de-las-personas-con-discapacidad","status":"publish","type":"post","link":"https:\/\/conadi.gob.gt\/web\/segundo-encuentro-de-consulta-sobre-la-convencion-sobre-los-derechos-de-las-personas-con-discapacidad\/","title":{"rendered":"SEGUNDO ENCUENTRO DE CONSULTA SOBRE LA CONVENCI\u00d3N SOBRE LOS DERECHOS DE LAS PERSONAS CON DISCAPACIDAD"},"content":{"rendered":"\n<p>El segundo encuentro de consulta, esta vez desarrollado en la cuidad capital, para recabar insumos que contribuyan al proceso de creaci\u00f3n de un mecanismo de supervisi\u00f3n independiente para evaluar los avances en la aplicaci\u00f3n de la convenci\u00f3n sobre los derechos de las personas con discapacidad, ratificada por el Estado de Guatemala en 2008. Cont\u00f3 con la participaci\u00f3n de representantes de organizaciones de y para personas con discapacidad&nbsp; de los departamentos de Santa Rosa, Chimaltenango, Jalapa, Sacatep\u00e9quez, Escuintla y Guatemala.<\/p>\n\n\n\n<div class=\"wp-block-columns is-layout-flex wp-container-core-columns-is-layout-28f84493 wp-block-columns-is-layout-flex\">\n<div class=\"wp-block-column is-layout-flow wp-block-column-is-layout-flow\">\n<figure class=\"wp-block-image size-full\"><img loading=\"lazy\" decoding=\"async\" width=\"2560\" height=\"1707\" src=\"https:\/\/conadi.gob.gt\/web\/wp-content\/uploads\/2025\/05\/IMG_2339-scaled.jpg\" alt=\"\" class=\"wp-image-18175\" srcset=\"https:\/\/conadi.gob.gt\/web\/wp-content\/uploads\/2025\/05\/IMG_2339-scaled.jpg 2560w, https:\/\/conadi.gob.gt\/web\/wp-content\/uploads\/2025\/05\/IMG_2339-300x200.jpg 300w, https:\/\/conadi.gob.gt\/web\/wp-content\/uploads\/2025\/05\/IMG_2339-1024x683.jpg 1024w, https:\/\/conadi.gob.gt\/web\/wp-content\/uploads\/2025\/05\/IMG_2339-768x512.jpg 768w, https:\/\/conadi.gob.gt\/web\/wp-content\/uploads\/2025\/05\/IMG_2339-1536x1024.jpg 1536w\" sizes=\"auto, (max-width: 2560px) 100vw, 2560px\" \/><\/figure>\n<\/div>\n\n\n\n<div class=\"wp-block-column is-layout-flow wp-block-column-is-layout-flow\">\n<figure class=\"wp-block-image size-large\"><img loading=\"lazy\" decoding=\"async\" width=\"1024\" height=\"683\" src=\"https:\/\/conadi.gob.gt\/web\/wp-content\/uploads\/2025\/05\/IMG_2351-1024x683.jpg\" alt=\"\" class=\"wp-image-18174\" srcset=\"https:\/\/conadi.gob.gt\/web\/wp-content\/uploads\/2025\/05\/IMG_2351-1024x683.jpg 1024w, https:\/\/conadi.gob.gt\/web\/wp-content\/uploads\/2025\/05\/IMG_2351-300x200.jpg 300w, https:\/\/conadi.gob.gt\/web\/wp-content\/uploads\/2025\/05\/IMG_2351-768x512.jpg 768w, https:\/\/conadi.gob.gt\/web\/wp-content\/uploads\/2025\/05\/IMG_2351-1536x1024.jpg 1536w, https:\/\/conadi.gob.gt\/web\/wp-content\/uploads\/2025\/05\/IMG_2351-scaled-2000x1334.jpg 2000w\" sizes=\"auto, (max-width: 1024px) 100vw, 1024px\" \/><\/figure>\n<\/div>\n\n\n\n<div class=\"wp-block-column is-layout-flow wp-block-column-is-layout-flow\">\n<figure class=\"wp-block-image size-large\"><img loading=\"lazy\" decoding=\"async\" width=\"1024\" height=\"683\" src=\"https:\/\/conadi.gob.gt\/web\/wp-content\/uploads\/2025\/05\/IMG_2392-1024x683.jpg\" alt=\"\" class=\"wp-image-18176\" srcset=\"https:\/\/conadi.gob.gt\/web\/wp-content\/uploads\/2025\/05\/IMG_2392-1024x683.jpg 1024w, https:\/\/conadi.gob.gt\/web\/wp-content\/uploads\/2025\/05\/IMG_2392-300x200.jpg 300w, https:\/\/conadi.gob.gt\/web\/wp-content\/uploads\/2025\/05\/IMG_2392-768x512.jpg 768w, https:\/\/conadi.gob.gt\/web\/wp-content\/uploads\/2025\/05\/IMG_2392-1536x1024.jpg 1536w\" sizes=\"auto, (max-width: 1024px) 100vw, 1024px\" \/><\/figure>\n<\/div>\n<\/div>\n\n\n\n<p>La propia convenci\u00f3n defiende que toda acci\u00f3n que incluya&nbsp; a las personas con discapacidad, debe ser consultada con el mismo colectivo, bajo este esquema El CONADI, junto con la PDH,&nbsp; buscar\u00e1n&nbsp; garantizar el derecho a la participaci\u00f3n para establecer&nbsp; un espacio en donde la voces de las personas con discapacidad sean tomadas en cuenta para&nbsp; generar este mecanismo de supervisi\u00f3n y as\u00ed poder avanzar en la aplicaci\u00f3n de los derechos de la poblaci\u00f3n con discapacidad.<\/p>\n\n\n\n<div class=\"wp-block-columns is-layout-flex wp-container-core-columns-is-layout-28f84493 wp-block-columns-is-layout-flex\">\n<div class=\"wp-block-column is-layout-flow wp-block-column-is-layout-flow\">\n<figure class=\"wp-block-image size-large\"><img loading=\"lazy\" decoding=\"async\" width=\"1024\" height=\"683\" src=\"https:\/\/conadi.gob.gt\/web\/wp-content\/uploads\/2025\/05\/IMG_2422-1024x683.jpg\" alt=\"\" class=\"wp-image-18177\" srcset=\"https:\/\/conadi.gob.gt\/web\/wp-content\/uploads\/2025\/05\/IMG_2422-1024x683.jpg 1024w, https:\/\/conadi.gob.gt\/web\/wp-content\/uploads\/2025\/05\/IMG_2422-300x200.jpg 300w, https:\/\/conadi.gob.gt\/web\/wp-content\/uploads\/2025\/05\/IMG_2422-768x512.jpg 768w, https:\/\/conadi.gob.gt\/web\/wp-content\/uploads\/2025\/05\/IMG_2422-1536x1024.jpg 1536w\" sizes=\"auto, (max-width: 1024px) 100vw, 1024px\" \/><\/figure>\n<\/div>\n\n\n\n<div class=\"wp-block-column is-layout-flow wp-block-column-is-layout-flow\">\n<figure class=\"wp-block-image size-large\"><img loading=\"lazy\" decoding=\"async\" width=\"1024\" height=\"683\" src=\"https:\/\/conadi.gob.gt\/web\/wp-content\/uploads\/2025\/05\/IMG_2426-1024x683.jpg\" alt=\"\" class=\"wp-image-18178\" srcset=\"https:\/\/conadi.gob.gt\/web\/wp-content\/uploads\/2025\/05\/IMG_2426-1024x683.jpg 1024w, https:\/\/conadi.gob.gt\/web\/wp-content\/uploads\/2025\/05\/IMG_2426-300x200.jpg 300w, https:\/\/conadi.gob.gt\/web\/wp-content\/uploads\/2025\/05\/IMG_2426-768x512.jpg 768w, https:\/\/conadi.gob.gt\/web\/wp-content\/uploads\/2025\/05\/IMG_2426-1536x1024.jpg 1536w\" sizes=\"auto, (max-width: 1024px) 100vw, 1024px\" \/><\/figure>\n<\/div>\n<\/div>\n\n\n\n<p>En esta ocasi\u00f3n las ponencias estuvieron a cargo de Jonathan Natareno de la Defensor\u00eda de las personas con discapacidad de la PDH, quien abordo&nbsp; la importancia de la creaci\u00f3n &nbsp;de una ruta para garantizar el cumplimiento de lo que establece la convenci\u00f3n en su art\u00edculo 33, sobre la implementaci\u00f3n de uno o varios mecanismos independientes, para promover, proteger y supervisar la aplicaci\u00f3n de la misma, tambi\u00e9n tomando en cuenta las observaciones del comit\u00e9 de expertos sobre la tem\u00e1tica de discapacidad de las Naciones Unidas, en relaci\u00f3n a este importante tema.<\/p>\n\n\n\n<figure class=\"wp-block-image size-large\"><img loading=\"lazy\" decoding=\"async\" width=\"1024\" height=\"683\" src=\"https:\/\/conadi.gob.gt\/web\/wp-content\/uploads\/2025\/05\/IMG_2371-1024x683.jpg\" alt=\"\" class=\"wp-image-18179\" srcset=\"https:\/\/conadi.gob.gt\/web\/wp-content\/uploads\/2025\/05\/IMG_2371-1024x683.jpg 1024w, https:\/\/conadi.gob.gt\/web\/wp-content\/uploads\/2025\/05\/IMG_2371-300x200.jpg 300w, https:\/\/conadi.gob.gt\/web\/wp-content\/uploads\/2025\/05\/IMG_2371-768x512.jpg 768w, https:\/\/conadi.gob.gt\/web\/wp-content\/uploads\/2025\/05\/IMG_2371-1536x1024.jpg 1536w\" sizes=\"auto, (max-width: 1024px) 100vw, 1024px\" \/><\/figure>\n\n\n\n<p>As\u00ed mismo Ligia Tovar, subdirectora t\u00e9cnica del CONADI abordo el marco legal que designa al CONADI mediante el acuerdo gubernativo 78-2009, como instituci\u00f3n responsable de velar por el cumplimiento de la convenci\u00f3n en Guatemala, integr\u00e1ndose institucionalmente como parte fundamental de este encuentro de consulta y construcci\u00f3n del mecanismo de supervisi\u00f3n correspondiente.<\/p>\n\n\n\n<figure class=\"wp-block-image size-large\"><img loading=\"lazy\" decoding=\"async\" width=\"1024\" height=\"683\" src=\"https:\/\/conadi.gob.gt\/web\/wp-content\/uploads\/2025\/05\/IMG_2402-1024x683.jpg\" alt=\"\" class=\"wp-image-18180\" srcset=\"https:\/\/conadi.gob.gt\/web\/wp-content\/uploads\/2025\/05\/IMG_2402-1024x683.jpg 1024w, https:\/\/conadi.gob.gt\/web\/wp-content\/uploads\/2025\/05\/IMG_2402-300x200.jpg 300w, https:\/\/conadi.gob.gt\/web\/wp-content\/uploads\/2025\/05\/IMG_2402-768x512.jpg 768w, https:\/\/conadi.gob.gt\/web\/wp-content\/uploads\/2025\/05\/IMG_2402-1536x1024.jpg 1536w\" sizes=\"auto, (max-width: 1024px) 100vw, 1024px\" \/><\/figure>\n\n\n\n<p>La actividad se organiz\u00f3 dividida en dos momentos de participaci\u00f3n, en la primera parte se llev\u00f3 a cabo el acto protocolario, dando inicio al evento con las palabras de apertura por las autoridades de las instituciones organizadoras, dando paso a las exposiciones sobre los antecedentes planteados en las observaciones del comit\u00e9 de expertos sobre discapacidad de Naciones Unidas, continuando con la base legal y sustento de la necesidad&nbsp; para la creaci\u00f3n del mecanismo de supervisi\u00f3n, seguidamente se presentaron ejemplos de procesos similares llevados a cabo por otros pa\u00edses y finalizando con la aclaraci\u00f3n de dudas planteadas por los representantes invitados de diferentes organizaciones relacionadas con el tema de discapacidad.<\/p>\n\n\n\n<p>En la segunda mitad del desarrollo de la consulta, se realiz\u00f3 un taller para facilitar la recopilaci\u00f3n de insumos, guiando a los asistentes a trav\u00e9s de un formato propuesto por la PDH, con el cual se registrar\u00e1 y clasificar\u00e1 la informaci\u00f3n obtenida para que sea \u00fatil y fiel al prop\u00f3sito del proceso de consulta, tomando en cuenta los aspectos de: Estructura o instituci\u00f3n, explicaci\u00f3n de la propuesta planteada con su justificaci\u00f3n, fortalezas, desaf\u00edos y comentarios.<\/p>\n\n\n\n<div class=\"wp-block-columns is-layout-flex wp-container-core-columns-is-layout-28f84493 wp-block-columns-is-layout-flex\">\n<div class=\"wp-block-column is-layout-flow wp-block-column-is-layout-flow\">\n<figure class=\"wp-block-image size-large\"><img loading=\"lazy\" decoding=\"async\" width=\"1024\" height=\"683\" src=\"https:\/\/conadi.gob.gt\/web\/wp-content\/uploads\/2025\/05\/IMG_2435-1024x683.jpg\" alt=\"\" class=\"wp-image-18181\" srcset=\"https:\/\/conadi.gob.gt\/web\/wp-content\/uploads\/2025\/05\/IMG_2435-1024x683.jpg 1024w, https:\/\/conadi.gob.gt\/web\/wp-content\/uploads\/2025\/05\/IMG_2435-300x200.jpg 300w, https:\/\/conadi.gob.gt\/web\/wp-content\/uploads\/2025\/05\/IMG_2435-768x512.jpg 768w, https:\/\/conadi.gob.gt\/web\/wp-content\/uploads\/2025\/05\/IMG_2435-1536x1024.jpg 1536w\" sizes=\"auto, (max-width: 1024px) 100vw, 1024px\" \/><\/figure>\n<\/div>\n\n\n\n<div class=\"wp-block-column is-layout-flow wp-block-column-is-layout-flow\">\n<figure class=\"wp-block-image size-large\"><img loading=\"lazy\" decoding=\"async\" width=\"1024\" height=\"683\" src=\"https:\/\/conadi.gob.gt\/web\/wp-content\/uploads\/2025\/05\/IMG_2446-1024x683.jpg\" alt=\"\" class=\"wp-image-18182\" srcset=\"https:\/\/conadi.gob.gt\/web\/wp-content\/uploads\/2025\/05\/IMG_2446-1024x683.jpg 1024w, https:\/\/conadi.gob.gt\/web\/wp-content\/uploads\/2025\/05\/IMG_2446-300x200.jpg 300w, https:\/\/conadi.gob.gt\/web\/wp-content\/uploads\/2025\/05\/IMG_2446-768x512.jpg 768w, https:\/\/conadi.gob.gt\/web\/wp-content\/uploads\/2025\/05\/IMG_2446-1536x1024.jpg 1536w\" sizes=\"auto, (max-width: 1024px) 100vw, 1024px\" \/><\/figure>\n<\/div>\n<\/div>\n\n\n\n<p>De esta manera, las &nbsp;personas con discapacidad de la regi\u00f3n central de Guatemala, presentaron sus aportes ante el CONADI y la PDH, dando los primeros pasos en la construcci\u00f3n de un mecanismo de supervisi\u00f3n independiente para la evaluaci\u00f3n de los avances en la aplicaci\u00f3n de lo que se establece en la Convenci\u00f3n Sobre los Derechos de las Personas con Discapacidad, asegurando su participaci\u00f3n en la creaci\u00f3n de un pa\u00eds cada vez m\u00e1s inclusivo y una estructura de gobierno garante de sus derechos.<\/p>\n\n\n\n<div class=\"wp-block-columns is-layout-flex wp-container-core-columns-is-layout-28f84493 wp-block-columns-is-layout-flex\">\n<div class=\"wp-block-column is-layout-flow wp-block-column-is-layout-flow\">\n<figure class=\"wp-block-image size-large\"><img loading=\"lazy\" decoding=\"async\" width=\"1024\" height=\"683\" src=\"https:\/\/conadi.gob.gt\/web\/wp-content\/uploads\/2025\/05\/IMG_2469-1024x683.jpg\" alt=\"\" class=\"wp-image-18184\" srcset=\"https:\/\/conadi.gob.gt\/web\/wp-content\/uploads\/2025\/05\/IMG_2469-1024x683.jpg 1024w, https:\/\/conadi.gob.gt\/web\/wp-content\/uploads\/2025\/05\/IMG_2469-300x200.jpg 300w, https:\/\/conadi.gob.gt\/web\/wp-content\/uploads\/2025\/05\/IMG_2469-768x512.jpg 768w, https:\/\/conadi.gob.gt\/web\/wp-content\/uploads\/2025\/05\/IMG_2469-1536x1024.jpg 1536w\" sizes=\"auto, (max-width: 1024px) 100vw, 1024px\" \/><\/figure>\n<\/div>\n\n\n\n<div class=\"wp-block-column is-layout-flow wp-block-column-is-layout-flow\">\n<figure class=\"wp-block-image size-large\"><img loading=\"lazy\" decoding=\"async\" width=\"1024\" height=\"683\" src=\"https:\/\/conadi.gob.gt\/web\/wp-content\/uploads\/2025\/05\/IMG_2473-1024x683.jpg\" alt=\"\" class=\"wp-image-18183\" srcset=\"https:\/\/conadi.gob.gt\/web\/wp-content\/uploads\/2025\/05\/IMG_2473-1024x683.jpg 1024w, https:\/\/conadi.gob.gt\/web\/wp-content\/uploads\/2025\/05\/IMG_2473-300x200.jpg 300w, https:\/\/conadi.gob.gt\/web\/wp-content\/uploads\/2025\/05\/IMG_2473-768x512.jpg 768w, https:\/\/conadi.gob.gt\/web\/wp-content\/uploads\/2025\/05\/IMG_2473-1536x1024.jpg 1536w\" sizes=\"auto, (max-width: 1024px) 100vw, 1024px\" \/><\/figure>\n<\/div>\n\n\n\n<div class=\"wp-block-column is-layout-flow wp-block-column-is-layout-flow\">\n<figure class=\"wp-block-image size-large\"><img loading=\"lazy\" decoding=\"async\" width=\"1024\" height=\"683\" src=\"https:\/\/conadi.gob.gt\/web\/wp-content\/uploads\/2025\/05\/IMG_2453-1024x683.jpg\" alt=\"\" class=\"wp-image-18185\" srcset=\"https:\/\/conadi.gob.gt\/web\/wp-content\/uploads\/2025\/05\/IMG_2453-1024x683.jpg 1024w, https:\/\/conadi.gob.gt\/web\/wp-content\/uploads\/2025\/05\/IMG_2453-300x200.jpg 300w, https:\/\/conadi.gob.gt\/web\/wp-content\/uploads\/2025\/05\/IMG_2453-768x512.jpg 768w, https:\/\/conadi.gob.gt\/web\/wp-content\/uploads\/2025\/05\/IMG_2453-1536x1024.jpg 1536w\" sizes=\"auto, (max-width: 1024px) 100vw, 1024px\" \/><\/figure>\n<\/div>\n<\/div>\n","protected":false},"excerpt":{"rendered":"<p>El segundo encuentro de consulta, esta vez desarrollado en la cuidad capital, para recabar insumos que contribuyan al proceso de creaci\u00f3n de un mecanismo de supervisi\u00f3n independiente para evaluar los avances en la aplicaci\u00f3n de la convenci\u00f3n sobre los derechos de las personas con discapacidad, ratificada por el Estado de Guatemala en 2008. Cont\u00f3 con &hellip; <\/p>\n<p class=\"link-more\"><a href=\"https:\/\/conadi.gob.gt\/web\/segundo-encuentro-de-consulta-sobre-la-convencion-sobre-los-derechos-de-las-personas-con-discapacidad\/\" class=\"more-link\">Leer m\u00e1s<span class=\"screen-reader-text\"> \u00abSEGUNDO ENCUENTRO DE CONSULTA SOBRE LA CONVENCI\u00d3N SOBRE LOS DERECHOS DE LAS PERSONAS CON DISCAPACIDAD\u00bb<\/span><\/a><\/p>\n","protected":false},"author":222,"featured_media":18174,"comment_status":"closed","ping_status":"closed","sticky":false,"template":"","format":"standard","meta":{"footnotes":""},"categories":[3],"tags":[],"class_list":["post-18172","post","type-post","status-publish","format-standard","has-post-thumbnail","hentry","category-noticias"],"_links":{"self":[{"href":"https:\/\/conadi.gob.gt\/web\/wp-json\/wp\/v2\/posts\/18172","targetHints":{"allow":["GET"]}}],"collection":[{"href":"https:\/\/conadi.gob.gt\/web\/wp-json\/wp\/v2\/posts"}],"about":[{"href":"https:\/\/conadi.gob.gt\/web\/wp-json\/wp\/v2\/types\/post"}],"author":[{"embeddable":true,"href":"https:\/\/conadi.gob.gt\/web\/wp-json\/wp\/v2\/users\/222"}],"replies":[{"embeddable":true,"href":"https:\/\/conadi.gob.gt\/web\/wp-json\/wp\/v2\/comments?post=18172"}],"version-history":[{"count":1,"href":"https:\/\/conadi.gob.gt\/web\/wp-json\/wp\/v2\/posts\/18172\/revisions"}],"predecessor-version":[{"id":18186,"href":"https:\/\/conadi.gob.gt\/web\/wp-json\/wp\/v2\/posts\/18172\/revisions\/18186"}],"wp:featuredmedia":[{"embeddable":true,"href":"https:\/\/conadi.gob.gt\/web\/wp-json\/wp\/v2\/media\/18174"}],"wp:attachment":[{"href":"https:\/\/conadi.gob.gt\/web\/wp-json\/wp\/v2\/media?parent=18172"}],"wp:term":[{"taxonomy":"category","embeddable":true,"href":"https:\/\/conadi.gob.gt\/web\/wp-json\/wp\/v2\/categories?post=18172"},{"taxonomy":"post_tag","embeddable":true,"href":"https:\/\/conadi.gob.gt\/web\/wp-json\/wp\/v2\/tags?post=18172"}],"curies":[{"name":"wp","href":"https:\/\/api.w.org\/{rel}","templated":true}]}}