{"id":18368,"date":"2025-06-09T16:09:55","date_gmt":"2025-06-09T16:09:55","guid":{"rendered":"https:\/\/conadi.gob.gt\/web\/?p=18368"},"modified":"2025-06-10T21:59:11","modified_gmt":"2025-06-10T21:59:11","slug":"18368-2","status":"publish","type":"post","link":"https:\/\/conadi.gob.gt\/web\/18368-2\/","title":{"rendered":"CONGRESO DE ORGANIZACIONES CON ENFOQUE DE DERECHOS HUMANOS"},"content":{"rendered":"\n<p>En el marco de las actividades del aniversario institucional, el departamento de Fomento y Fortalecimiento de la Participaci\u00f3n Ciudadana desarroll\u00f3 el \u00abCongreso de Organizaciones de Personas con Discapacidad con Enfoque en Derechos Humanos\u00bb, una actividad que cont\u00f3 con la representaci\u00f3n de 34 organizaciones de y para personas con discapacidad adscritas y activas al Consejo originarias de diferentes puntos del pa\u00eds.<\/p>\n\n\n\n<figure class=\"wp-block-image size-large\"><img loading=\"lazy\" decoding=\"async\" width=\"1024\" height=\"683\" src=\"https:\/\/conadi.gob.gt\/web\/wp-content\/uploads\/2025\/06\/WhatsApp-Image-2025-06-09-at-09.59.43-1024x683.jpeg\" alt=\"\" class=\"wp-image-18369\" srcset=\"https:\/\/conadi.gob.gt\/web\/wp-content\/uploads\/2025\/06\/WhatsApp-Image-2025-06-09-at-09.59.43-1024x683.jpeg 1024w, https:\/\/conadi.gob.gt\/web\/wp-content\/uploads\/2025\/06\/WhatsApp-Image-2025-06-09-at-09.59.43-300x200.jpeg 300w, https:\/\/conadi.gob.gt\/web\/wp-content\/uploads\/2025\/06\/WhatsApp-Image-2025-06-09-at-09.59.43-768x512.jpeg 768w, https:\/\/conadi.gob.gt\/web\/wp-content\/uploads\/2025\/06\/WhatsApp-Image-2025-06-09-at-09.59.43-1536x1024.jpeg 1536w, https:\/\/conadi.gob.gt\/web\/wp-content\/uploads\/2025\/06\/WhatsApp-Image-2025-06-09-at-09.59.43.jpeg 1600w\" sizes=\"auto, (max-width: 1024px) 100vw, 1024px\" \/><\/figure>\n\n\n\n<div class=\"wp-block-columns is-layout-flex wp-container-core-columns-is-layout-28f84493 wp-block-columns-is-layout-flex\">\n<div class=\"wp-block-column is-layout-flow wp-block-column-is-layout-flow\">\n<figure class=\"wp-block-image size-large\"><img loading=\"lazy\" decoding=\"async\" width=\"1024\" height=\"683\" src=\"https:\/\/conadi.gob.gt\/web\/wp-content\/uploads\/2025\/06\/WhatsApp-Image-2025-06-09-at-10.14.38-1-1024x683.jpeg\" alt=\"\" class=\"wp-image-18382\" srcset=\"https:\/\/conadi.gob.gt\/web\/wp-content\/uploads\/2025\/06\/WhatsApp-Image-2025-06-09-at-10.14.38-1-1024x683.jpeg 1024w, https:\/\/conadi.gob.gt\/web\/wp-content\/uploads\/2025\/06\/WhatsApp-Image-2025-06-09-at-10.14.38-1-300x200.jpeg 300w, https:\/\/conadi.gob.gt\/web\/wp-content\/uploads\/2025\/06\/WhatsApp-Image-2025-06-09-at-10.14.38-1-768x512.jpeg 768w, https:\/\/conadi.gob.gt\/web\/wp-content\/uploads\/2025\/06\/WhatsApp-Image-2025-06-09-at-10.14.38-1-1536x1024.jpeg 1536w, https:\/\/conadi.gob.gt\/web\/wp-content\/uploads\/2025\/06\/WhatsApp-Image-2025-06-09-at-10.14.38-1.jpeg 1600w\" sizes=\"auto, (max-width: 1024px) 100vw, 1024px\" \/><\/figure>\n<\/div>\n\n\n\n<div class=\"wp-block-column is-layout-flow wp-block-column-is-layout-flow\">\n<figure class=\"wp-block-image size-large\"><img loading=\"lazy\" decoding=\"async\" width=\"1024\" height=\"683\" src=\"https:\/\/conadi.gob.gt\/web\/wp-content\/uploads\/2025\/06\/WhatsApp-Image-2025-06-09-at-10.04.16-1024x683.jpeg\" alt=\"\" class=\"wp-image-18372\" srcset=\"https:\/\/conadi.gob.gt\/web\/wp-content\/uploads\/2025\/06\/WhatsApp-Image-2025-06-09-at-10.04.16-1024x683.jpeg 1024w, https:\/\/conadi.gob.gt\/web\/wp-content\/uploads\/2025\/06\/WhatsApp-Image-2025-06-09-at-10.04.16-300x200.jpeg 300w, https:\/\/conadi.gob.gt\/web\/wp-content\/uploads\/2025\/06\/WhatsApp-Image-2025-06-09-at-10.04.16-768x512.jpeg 768w, https:\/\/conadi.gob.gt\/web\/wp-content\/uploads\/2025\/06\/WhatsApp-Image-2025-06-09-at-10.04.16-1536x1024.jpeg 1536w, https:\/\/conadi.gob.gt\/web\/wp-content\/uploads\/2025\/06\/WhatsApp-Image-2025-06-09-at-10.04.16.jpeg 1600w\" sizes=\"auto, (max-width: 1024px) 100vw, 1024px\" \/><\/figure>\n<\/div>\n<\/div>\n\n\n\n<div class=\"wp-block-columns is-layout-flex wp-container-core-columns-is-layout-28f84493 wp-block-columns-is-layout-flex\">\n<div class=\"wp-block-column is-layout-flow wp-block-column-is-layout-flow\">\n<figure class=\"wp-block-image size-large\"><img loading=\"lazy\" decoding=\"async\" width=\"1024\" height=\"683\" src=\"https:\/\/conadi.gob.gt\/web\/wp-content\/uploads\/2025\/06\/WhatsApp-Image-2025-06-09-at-10.17.34-1-1024x683.jpeg\" alt=\"\" class=\"wp-image-18385\" srcset=\"https:\/\/conadi.gob.gt\/web\/wp-content\/uploads\/2025\/06\/WhatsApp-Image-2025-06-09-at-10.17.34-1-1024x683.jpeg 1024w, https:\/\/conadi.gob.gt\/web\/wp-content\/uploads\/2025\/06\/WhatsApp-Image-2025-06-09-at-10.17.34-1-300x200.jpeg 300w, https:\/\/conadi.gob.gt\/web\/wp-content\/uploads\/2025\/06\/WhatsApp-Image-2025-06-09-at-10.17.34-1-768x512.jpeg 768w, https:\/\/conadi.gob.gt\/web\/wp-content\/uploads\/2025\/06\/WhatsApp-Image-2025-06-09-at-10.17.34-1-1536x1024.jpeg 1536w, https:\/\/conadi.gob.gt\/web\/wp-content\/uploads\/2025\/06\/WhatsApp-Image-2025-06-09-at-10.17.34-1.jpeg 1600w\" sizes=\"auto, (max-width: 1024px) 100vw, 1024px\" \/><\/figure>\n<\/div>\n\n\n\n<div class=\"wp-block-column is-layout-flow wp-block-column-is-layout-flow\">\n<figure class=\"wp-block-image size-large\"><img loading=\"lazy\" decoding=\"async\" width=\"1024\" height=\"575\" src=\"https:\/\/conadi.gob.gt\/web\/wp-content\/uploads\/2025\/06\/WhatsApp-Image-2025-06-09-at-10.17.34-1024x575.jpeg\" alt=\"\" class=\"wp-image-18386\" srcset=\"https:\/\/conadi.gob.gt\/web\/wp-content\/uploads\/2025\/06\/WhatsApp-Image-2025-06-09-at-10.17.34-1024x575.jpeg 1024w, https:\/\/conadi.gob.gt\/web\/wp-content\/uploads\/2025\/06\/WhatsApp-Image-2025-06-09-at-10.17.34-300x168.jpeg 300w, https:\/\/conadi.gob.gt\/web\/wp-content\/uploads\/2025\/06\/WhatsApp-Image-2025-06-09-at-10.17.34-768x431.jpeg 768w, https:\/\/conadi.gob.gt\/web\/wp-content\/uploads\/2025\/06\/WhatsApp-Image-2025-06-09-at-10.17.34-1536x862.jpeg 1536w, https:\/\/conadi.gob.gt\/web\/wp-content\/uploads\/2025\/06\/WhatsApp-Image-2025-06-09-at-10.17.34.jpeg 1600w\" sizes=\"auto, (max-width: 1024px) 100vw, 1024px\" \/><\/figure>\n<\/div>\n\n\n\n<div class=\"wp-block-column is-layout-flow wp-block-column-is-layout-flow\">\n<figure class=\"wp-block-image size-large\"><img loading=\"lazy\" decoding=\"async\" width=\"1024\" height=\"683\" src=\"https:\/\/conadi.gob.gt\/web\/wp-content\/uploads\/2025\/06\/WhatsApp-Image-2025-06-09-at-10.18.00-1024x683.jpeg\" alt=\"\" class=\"wp-image-18387\" srcset=\"https:\/\/conadi.gob.gt\/web\/wp-content\/uploads\/2025\/06\/WhatsApp-Image-2025-06-09-at-10.18.00-1024x683.jpeg 1024w, https:\/\/conadi.gob.gt\/web\/wp-content\/uploads\/2025\/06\/WhatsApp-Image-2025-06-09-at-10.18.00-300x200.jpeg 300w, https:\/\/conadi.gob.gt\/web\/wp-content\/uploads\/2025\/06\/WhatsApp-Image-2025-06-09-at-10.18.00-768x512.jpeg 768w, https:\/\/conadi.gob.gt\/web\/wp-content\/uploads\/2025\/06\/WhatsApp-Image-2025-06-09-at-10.18.00-1536x1024.jpeg 1536w, https:\/\/conadi.gob.gt\/web\/wp-content\/uploads\/2025\/06\/WhatsApp-Image-2025-06-09-at-10.18.00.jpeg 1600w\" sizes=\"auto, (max-width: 1024px) 100vw, 1024px\" \/><\/figure>\n<\/div>\n<\/div>\n\n\n\n<p>Maira Virginia Rivas Car\u00edas , presidenta de la Junta Directiva y representante titular por el subsector de Organizaciones de Personas con Discapacidad Visual, recalc\u00f3 el reconocimiento a cada uno de los antecesores que han participado en la historia del CONADI y han hecho posible la brecha de incidencia en la labor de promoci\u00f3n de los derechos de las personas con discapacidad en Guatemala. Hizo un llamado a continuar trabajando como actores fundamentales en el desarrollo integral y la inclusi\u00f3n del colectivo de discapacidad en cada uno de los \u00e1mbitos sociales.<\/p>\n\n\n\n<figure class=\"wp-block-image size-large\"><img loading=\"lazy\" decoding=\"async\" width=\"1024\" height=\"695\" src=\"https:\/\/conadi.gob.gt\/web\/wp-content\/uploads\/2025\/06\/WhatsApp-Image-2025-06-09-at-10.14.38-1024x695.jpeg\" alt=\"\" class=\"wp-image-18379\" srcset=\"https:\/\/conadi.gob.gt\/web\/wp-content\/uploads\/2025\/06\/WhatsApp-Image-2025-06-09-at-10.14.38-1024x695.jpeg 1024w, https:\/\/conadi.gob.gt\/web\/wp-content\/uploads\/2025\/06\/WhatsApp-Image-2025-06-09-at-10.14.38-300x204.jpeg 300w, https:\/\/conadi.gob.gt\/web\/wp-content\/uploads\/2025\/06\/WhatsApp-Image-2025-06-09-at-10.14.38-768x521.jpeg 768w, https:\/\/conadi.gob.gt\/web\/wp-content\/uploads\/2025\/06\/WhatsApp-Image-2025-06-09-at-10.14.38-1536x1043.jpeg 1536w, https:\/\/conadi.gob.gt\/web\/wp-content\/uploads\/2025\/06\/WhatsApp-Image-2025-06-09-at-10.14.38.jpeg 1600w\" sizes=\"auto, (max-width: 1024px) 100vw, 1024px\" \/><\/figure>\n\n\n\n<div class=\"wp-block-columns is-layout-flex wp-container-core-columns-is-layout-28f84493 wp-block-columns-is-layout-flex\">\n<div class=\"wp-block-column is-layout-flow wp-block-column-is-layout-flow\">\n<figure class=\"wp-block-image size-large\"><img loading=\"lazy\" decoding=\"async\" width=\"1024\" height=\"683\" src=\"https:\/\/conadi.gob.gt\/web\/wp-content\/uploads\/2025\/06\/WhatsApp-Image-2025-06-09-at-09.59.44-1024x683.jpeg\" alt=\"\" class=\"wp-image-18371\" srcset=\"https:\/\/conadi.gob.gt\/web\/wp-content\/uploads\/2025\/06\/WhatsApp-Image-2025-06-09-at-09.59.44-1024x683.jpeg 1024w, https:\/\/conadi.gob.gt\/web\/wp-content\/uploads\/2025\/06\/WhatsApp-Image-2025-06-09-at-09.59.44-300x200.jpeg 300w, https:\/\/conadi.gob.gt\/web\/wp-content\/uploads\/2025\/06\/WhatsApp-Image-2025-06-09-at-09.59.44-768x512.jpeg 768w, https:\/\/conadi.gob.gt\/web\/wp-content\/uploads\/2025\/06\/WhatsApp-Image-2025-06-09-at-09.59.44-1536x1024.jpeg 1536w, https:\/\/conadi.gob.gt\/web\/wp-content\/uploads\/2025\/06\/WhatsApp-Image-2025-06-09-at-09.59.44.jpeg 1600w\" sizes=\"auto, (max-width: 1024px) 100vw, 1024px\" \/><\/figure>\n<\/div>\n\n\n\n<div class=\"wp-block-column is-layout-flow wp-block-column-is-layout-flow\">\n<figure class=\"wp-block-image size-large\"><img loading=\"lazy\" decoding=\"async\" width=\"1024\" height=\"575\" src=\"https:\/\/conadi.gob.gt\/web\/wp-content\/uploads\/2025\/06\/WhatsApp-Image-2025-06-09-at-10.16.42-1024x575.jpeg\" alt=\"\" class=\"wp-image-18380\" srcset=\"https:\/\/conadi.gob.gt\/web\/wp-content\/uploads\/2025\/06\/WhatsApp-Image-2025-06-09-at-10.16.42-1024x575.jpeg 1024w, https:\/\/conadi.gob.gt\/web\/wp-content\/uploads\/2025\/06\/WhatsApp-Image-2025-06-09-at-10.16.42-300x168.jpeg 300w, https:\/\/conadi.gob.gt\/web\/wp-content\/uploads\/2025\/06\/WhatsApp-Image-2025-06-09-at-10.16.42-768x431.jpeg 768w, https:\/\/conadi.gob.gt\/web\/wp-content\/uploads\/2025\/06\/WhatsApp-Image-2025-06-09-at-10.16.42-1536x862.jpeg 1536w, https:\/\/conadi.gob.gt\/web\/wp-content\/uploads\/2025\/06\/WhatsApp-Image-2025-06-09-at-10.16.42.jpeg 1600w\" sizes=\"auto, (max-width: 1024px) 100vw, 1024px\" \/><\/figure>\n<\/div>\n<\/div>\n\n\n\n<p>De las exposiciones :<\/p>\n\n\n\n<p>La jornada de exposiciones estuvo a cargo de profesionales expertos en la materia de discapacidad como Otto Am\u00edlcar Mazariegos, persona con discapacidad visual y miembro de la Asociaci\u00f3n Nacional de Ciegos de Guatemala (ANCG), quien present\u00f3 una Rese\u00f1a Hist\u00f3rica del CONADI; Zilpa Arriola, especialista senior de la Oficina del Alto Comisionado de las Naciones Unidas para los Derechos Humanos (OACHNUD), abord\u00f3 la importancia de la participaci\u00f3n de las organizaciones de personas con discapacidad en el cumplimiento de la Convenci\u00f3n sobre los Derechos Humanos de las Personas con Discapacidad; Jorge Tzunun, representante de la Asociaci\u00f3n de Personas con Discapacidad \u00abJareb Francisco\u00bb (ASOJEF), desarroll\u00f3 el tema Reflexiones a partir de las experiencias de las organizaciones de personas con discapacidad en Guatemala; y finalmente Otto Iv\u00e1n D\u00e1vila , especialista en Pol\u00edticas P\u00fablicas para el Desarrollo Democr\u00e1tico de la Secretar\u00eda General de Planificaci\u00f3n (SEGEPLAN), quien convers\u00f3 sobre la creaci\u00f3n de las Pol\u00edticas P\u00fablicas de Discapacidad.<\/p>\n\n\n\n<div class=\"wp-block-columns is-layout-flex wp-container-core-columns-is-layout-28f84493 wp-block-columns-is-layout-flex\">\n<div class=\"wp-block-column is-layout-flow wp-block-column-is-layout-flow\">\n<figure class=\"wp-block-image size-large\"><img loading=\"lazy\" decoding=\"async\" width=\"1024\" height=\"683\" src=\"https:\/\/conadi.gob.gt\/web\/wp-content\/uploads\/2025\/06\/WhatsApp-Image-2025-06-09-at-10.00.25-1024x683.jpeg\" alt=\"\" class=\"wp-image-18373\" srcset=\"https:\/\/conadi.gob.gt\/web\/wp-content\/uploads\/2025\/06\/WhatsApp-Image-2025-06-09-at-10.00.25-1024x683.jpeg 1024w, https:\/\/conadi.gob.gt\/web\/wp-content\/uploads\/2025\/06\/WhatsApp-Image-2025-06-09-at-10.00.25-300x200.jpeg 300w, https:\/\/conadi.gob.gt\/web\/wp-content\/uploads\/2025\/06\/WhatsApp-Image-2025-06-09-at-10.00.25-768x512.jpeg 768w, https:\/\/conadi.gob.gt\/web\/wp-content\/uploads\/2025\/06\/WhatsApp-Image-2025-06-09-at-10.00.25-1536x1024.jpeg 1536w, https:\/\/conadi.gob.gt\/web\/wp-content\/uploads\/2025\/06\/WhatsApp-Image-2025-06-09-at-10.00.25.jpeg 1600w\" sizes=\"auto, (max-width: 1024px) 100vw, 1024px\" \/><\/figure>\n<\/div>\n\n\n\n<div class=\"wp-block-column is-layout-flow wp-block-column-is-layout-flow\">\n<figure class=\"wp-block-image size-large\"><img loading=\"lazy\" decoding=\"async\" width=\"1024\" height=\"683\" src=\"https:\/\/conadi.gob.gt\/web\/wp-content\/uploads\/2025\/06\/WhatsApp-Image-2025-06-09-at-10.01.07-1024x683.jpeg\" alt=\"\" class=\"wp-image-18375\" srcset=\"https:\/\/conadi.gob.gt\/web\/wp-content\/uploads\/2025\/06\/WhatsApp-Image-2025-06-09-at-10.01.07-1024x683.jpeg 1024w, https:\/\/conadi.gob.gt\/web\/wp-content\/uploads\/2025\/06\/WhatsApp-Image-2025-06-09-at-10.01.07-300x200.jpeg 300w, https:\/\/conadi.gob.gt\/web\/wp-content\/uploads\/2025\/06\/WhatsApp-Image-2025-06-09-at-10.01.07-768x512.jpeg 768w, https:\/\/conadi.gob.gt\/web\/wp-content\/uploads\/2025\/06\/WhatsApp-Image-2025-06-09-at-10.01.07-1536x1024.jpeg 1536w, https:\/\/conadi.gob.gt\/web\/wp-content\/uploads\/2025\/06\/WhatsApp-Image-2025-06-09-at-10.01.07.jpeg 1600w\" sizes=\"auto, (max-width: 1024px) 100vw, 1024px\" \/><\/figure>\n<\/div>\n<\/div>\n\n\n\n<div class=\"wp-block-columns is-layout-flex wp-container-core-columns-is-layout-28f84493 wp-block-columns-is-layout-flex\">\n<div class=\"wp-block-column is-layout-flow wp-block-column-is-layout-flow\">\n<figure class=\"wp-block-image size-large\"><img loading=\"lazy\" decoding=\"async\" width=\"1024\" height=\"683\" src=\"https:\/\/conadi.gob.gt\/web\/wp-content\/uploads\/2025\/06\/WhatsApp-Image-2025-06-09-at-10.02.50-1024x683.jpeg\" alt=\"\" class=\"wp-image-18384\" srcset=\"https:\/\/conadi.gob.gt\/web\/wp-content\/uploads\/2025\/06\/WhatsApp-Image-2025-06-09-at-10.02.50-1024x683.jpeg 1024w, https:\/\/conadi.gob.gt\/web\/wp-content\/uploads\/2025\/06\/WhatsApp-Image-2025-06-09-at-10.02.50-300x200.jpeg 300w, https:\/\/conadi.gob.gt\/web\/wp-content\/uploads\/2025\/06\/WhatsApp-Image-2025-06-09-at-10.02.50-768x512.jpeg 768w, https:\/\/conadi.gob.gt\/web\/wp-content\/uploads\/2025\/06\/WhatsApp-Image-2025-06-09-at-10.02.50-1536x1024.jpeg 1536w, https:\/\/conadi.gob.gt\/web\/wp-content\/uploads\/2025\/06\/WhatsApp-Image-2025-06-09-at-10.02.50.jpeg 1600w\" sizes=\"auto, (max-width: 1024px) 100vw, 1024px\" \/><\/figure>\n<\/div>\n\n\n\n<div class=\"wp-block-column is-layout-flow wp-block-column-is-layout-flow\">\n<figure class=\"wp-block-image size-large\"><img loading=\"lazy\" decoding=\"async\" width=\"1024\" height=\"683\" src=\"https:\/\/conadi.gob.gt\/web\/wp-content\/uploads\/2025\/06\/WhatsApp-Image-2025-06-09-at-10.02.49-1024x683.jpeg\" alt=\"\" class=\"wp-image-18376\" srcset=\"https:\/\/conadi.gob.gt\/web\/wp-content\/uploads\/2025\/06\/WhatsApp-Image-2025-06-09-at-10.02.49-1024x683.jpeg 1024w, https:\/\/conadi.gob.gt\/web\/wp-content\/uploads\/2025\/06\/WhatsApp-Image-2025-06-09-at-10.02.49-300x200.jpeg 300w, https:\/\/conadi.gob.gt\/web\/wp-content\/uploads\/2025\/06\/WhatsApp-Image-2025-06-09-at-10.02.49-768x512.jpeg 768w, https:\/\/conadi.gob.gt\/web\/wp-content\/uploads\/2025\/06\/WhatsApp-Image-2025-06-09-at-10.02.49-1536x1024.jpeg 1536w, https:\/\/conadi.gob.gt\/web\/wp-content\/uploads\/2025\/06\/WhatsApp-Image-2025-06-09-at-10.02.49.jpeg 1600w\" sizes=\"auto, (max-width: 1024px) 100vw, 1024px\" \/><\/figure>\n<\/div>\n<\/div>\n\n\n\n<p><\/p>\n","protected":false},"excerpt":{"rendered":"<p>En el marco de las actividades del aniversario institucional, el departamento de Fomento y Fortalecimiento de la Participaci\u00f3n Ciudadana desarroll\u00f3 el \u00abCongreso de Organizaciones de Personas con Discapacidad con Enfoque en Derechos Humanos\u00bb, una actividad que cont\u00f3 con la representaci\u00f3n de 34 organizaciones de y para personas con discapacidad adscritas y activas al Consejo originarias &hellip; <\/p>\n<p class=\"link-more\"><a href=\"https:\/\/conadi.gob.gt\/web\/18368-2\/\" class=\"more-link\">Leer m\u00e1s<span class=\"screen-reader-text\"> \u00abCONGRESO DE ORGANIZACIONES CON ENFOQUE DE DERECHOS HUMANOS\u00bb<\/span><\/a><\/p>\n","protected":false},"author":222,"featured_media":18371,"comment_status":"closed","ping_status":"closed","sticky":false,"template":"","format":"standard","meta":{"footnotes":""},"categories":[3],"tags":[],"class_list":["post-18368","post","type-post","status-publish","format-standard","has-post-thumbnail","hentry","category-noticias"],"_links":{"self":[{"href":"https:\/\/conadi.gob.gt\/web\/wp-json\/wp\/v2\/posts\/18368","targetHints":{"allow":["GET"]}}],"collection":[{"href":"https:\/\/conadi.gob.gt\/web\/wp-json\/wp\/v2\/posts"}],"about":[{"href":"https:\/\/conadi.gob.gt\/web\/wp-json\/wp\/v2\/types\/post"}],"author":[{"embeddable":true,"href":"https:\/\/conadi.gob.gt\/web\/wp-json\/wp\/v2\/users\/222"}],"replies":[{"embeddable":true,"href":"https:\/\/conadi.gob.gt\/web\/wp-json\/wp\/v2\/comments?post=18368"}],"version-history":[{"count":4,"href":"https:\/\/conadi.gob.gt\/web\/wp-json\/wp\/v2\/posts\/18368\/revisions"}],"predecessor-version":[{"id":18397,"href":"https:\/\/conadi.gob.gt\/web\/wp-json\/wp\/v2\/posts\/18368\/revisions\/18397"}],"wp:featuredmedia":[{"embeddable":true,"href":"https:\/\/conadi.gob.gt\/web\/wp-json\/wp\/v2\/media\/18371"}],"wp:attachment":[{"href":"https:\/\/conadi.gob.gt\/web\/wp-json\/wp\/v2\/media?parent=18368"}],"wp:term":[{"taxonomy":"category","embeddable":true,"href":"https:\/\/conadi.gob.gt\/web\/wp-json\/wp\/v2\/categories?post=18368"},{"taxonomy":"post_tag","embeddable":true,"href":"https:\/\/conadi.gob.gt\/web\/wp-json\/wp\/v2\/tags?post=18368"}],"curies":[{"name":"wp","href":"https:\/\/api.w.org\/{rel}","templated":true}]}}