{"id":18616,"date":"2025-07-30T22:29:28","date_gmt":"2025-07-30T22:29:28","guid":{"rendered":"https:\/\/conadi.gob.gt\/web\/?p=18616"},"modified":"2025-07-30T22:31:31","modified_gmt":"2025-07-30T22:31:31","slug":"lanzamiento-de-centros-de-atencion-a-distancia-para-personas-con-discapacidad-intelectual-y-trastorno-del-espectro-autista","status":"publish","type":"post","link":"https:\/\/conadi.gob.gt\/web\/lanzamiento-de-centros-de-atencion-a-distancia-para-personas-con-discapacidad-intelectual-y-trastorno-del-espectro-autista\/","title":{"rendered":"LANZAMIENTO DE CENTROS DE ATENCI\u00d3N A DISTANCIA PARA PERSONAS CON DISCAPACIDAD INTELECTUAL Y TRASTORNO DEL ESPECTRO AUTISTA"},"content":{"rendered":"\n<p>Atendiendo la invitaci\u00f3n de la Secretar\u00eda de Bienestar Social de la Presidencia (SBS), Maite \u00c1vila, Directora General del CONADI, asisti\u00f3 a la presentaci\u00f3n de los Centros de Atenci\u00f3n a Distancia para Personas con Discapacidad Intelectual y Trastorno del Espectro Autista.<\/p>\n\n\n\n<div class=\"wp-block-columns is-layout-flex wp-container-core-columns-is-layout-28f84493 wp-block-columns-is-layout-flex\">\n<div class=\"wp-block-column is-layout-flow wp-block-column-is-layout-flow\">\n<figure class=\"wp-block-image size-large\"><img loading=\"lazy\" decoding=\"async\" width=\"1024\" height=\"683\" src=\"https:\/\/conadi.gob.gt\/web\/wp-content\/uploads\/2025\/07\/IMG_2139-1024x683.jpg\" alt=\"\" class=\"wp-image-18617\" srcset=\"https:\/\/conadi.gob.gt\/web\/wp-content\/uploads\/2025\/07\/IMG_2139-1024x683.jpg 1024w, https:\/\/conadi.gob.gt\/web\/wp-content\/uploads\/2025\/07\/IMG_2139-300x200.jpg 300w, https:\/\/conadi.gob.gt\/web\/wp-content\/uploads\/2025\/07\/IMG_2139-768x512.jpg 768w, https:\/\/conadi.gob.gt\/web\/wp-content\/uploads\/2025\/07\/IMG_2139-1536x1024.jpg 1536w\" sizes=\"auto, (max-width: 1024px) 100vw, 1024px\" \/><\/figure>\n<\/div>\n\n\n\n<div class=\"wp-block-column is-layout-flow wp-block-column-is-layout-flow\">\n<figure class=\"wp-block-image size-large\"><img loading=\"lazy\" decoding=\"async\" width=\"1024\" height=\"683\" src=\"https:\/\/conadi.gob.gt\/web\/wp-content\/uploads\/2025\/07\/IMG_2160-1024x683.jpg\" alt=\"\" class=\"wp-image-18618\" srcset=\"https:\/\/conadi.gob.gt\/web\/wp-content\/uploads\/2025\/07\/IMG_2160-1024x683.jpg 1024w, https:\/\/conadi.gob.gt\/web\/wp-content\/uploads\/2025\/07\/IMG_2160-300x200.jpg 300w, https:\/\/conadi.gob.gt\/web\/wp-content\/uploads\/2025\/07\/IMG_2160-768x512.jpg 768w, https:\/\/conadi.gob.gt\/web\/wp-content\/uploads\/2025\/07\/IMG_2160-1536x1024.jpg 1536w\" sizes=\"auto, (max-width: 1024px) 100vw, 1024px\" \/><\/figure>\n<\/div>\n\n\n\n<div class=\"wp-block-column is-layout-flow wp-block-column-is-layout-flow\">\n<figure class=\"wp-block-image size-large\"><img loading=\"lazy\" decoding=\"async\" width=\"1024\" height=\"683\" src=\"https:\/\/conadi.gob.gt\/web\/wp-content\/uploads\/2025\/07\/IMG_2151-1024x683.jpg\" alt=\"\" class=\"wp-image-18619\" srcset=\"https:\/\/conadi.gob.gt\/web\/wp-content\/uploads\/2025\/07\/IMG_2151-1024x683.jpg 1024w, https:\/\/conadi.gob.gt\/web\/wp-content\/uploads\/2025\/07\/IMG_2151-300x200.jpg 300w, https:\/\/conadi.gob.gt\/web\/wp-content\/uploads\/2025\/07\/IMG_2151-768x512.jpg 768w, https:\/\/conadi.gob.gt\/web\/wp-content\/uploads\/2025\/07\/IMG_2151-1536x1024.jpg 1536w\" sizes=\"auto, (max-width: 1024px) 100vw, 1024px\" \/><\/figure>\n<\/div>\n<\/div>\n\n\n\n<p>A partir de la firma del convenio interinstitucional entre la Secretar\u00eda de Bienestar Social de la Presidencia (SBS), la Secretar\u00eda de Obras Sociales de la Esposa del Presidente (SOSEP), el Instituto Neurol\u00f3gico de Guatemala, Global Exchange y la Causa Nacional con y por Personas con Discapacidad, los primeros centros comenzar\u00e1n a funcionar en los departamentos de Quetzaltenango, Suchitep\u00e9quez, Retalhuleu, Pet\u00e9n, Chiquimula y Alta Verapaz, donde actualmente 1,797 ni\u00f1as, ni\u00f1os y adolescentes (NNA), y 336 personas mayores reciben atenci\u00f3n en los programas de SBS y SOSEP.<\/p>\n\n\n\n<div class=\"wp-block-columns is-layout-flex wp-container-core-columns-is-layout-28f84493 wp-block-columns-is-layout-flex\">\n<div class=\"wp-block-column is-layout-flow wp-block-column-is-layout-flow\">\n<figure class=\"wp-block-image size-large\"><img loading=\"lazy\" decoding=\"async\" width=\"1024\" height=\"683\" src=\"https:\/\/conadi.gob.gt\/web\/wp-content\/uploads\/2025\/07\/IMG_2178-1024x683.jpg\" alt=\"\" class=\"wp-image-18624\" srcset=\"https:\/\/conadi.gob.gt\/web\/wp-content\/uploads\/2025\/07\/IMG_2178-1024x683.jpg 1024w, https:\/\/conadi.gob.gt\/web\/wp-content\/uploads\/2025\/07\/IMG_2178-300x200.jpg 300w, https:\/\/conadi.gob.gt\/web\/wp-content\/uploads\/2025\/07\/IMG_2178-768x512.jpg 768w, https:\/\/conadi.gob.gt\/web\/wp-content\/uploads\/2025\/07\/IMG_2178-1536x1024.jpg 1536w\" sizes=\"auto, (max-width: 1024px) 100vw, 1024px\" \/><\/figure>\n<\/div>\n\n\n\n<div class=\"wp-block-column is-layout-flow wp-block-column-is-layout-flow\">\n<figure class=\"wp-block-image size-large\"><img loading=\"lazy\" decoding=\"async\" width=\"1024\" height=\"683\" src=\"https:\/\/conadi.gob.gt\/web\/wp-content\/uploads\/2025\/07\/IMG_2162-1024x683.jpg\" alt=\"\" class=\"wp-image-18622\" srcset=\"https:\/\/conadi.gob.gt\/web\/wp-content\/uploads\/2025\/07\/IMG_2162-1024x683.jpg 1024w, https:\/\/conadi.gob.gt\/web\/wp-content\/uploads\/2025\/07\/IMG_2162-300x200.jpg 300w, https:\/\/conadi.gob.gt\/web\/wp-content\/uploads\/2025\/07\/IMG_2162-768x512.jpg 768w, https:\/\/conadi.gob.gt\/web\/wp-content\/uploads\/2025\/07\/IMG_2162-1536x1024.jpg 1536w\" sizes=\"auto, (max-width: 1024px) 100vw, 1024px\" \/><\/figure>\n<\/div>\n\n\n\n<div class=\"wp-block-column is-layout-flow wp-block-column-is-layout-flow\">\n<figure class=\"wp-block-image size-full\"><img decoding=\"async\" src=\"https:\/\/conadi.gob.gt\/web\/wp-content\/uploads\/2025\/07\/IMG_2318.jpg\" alt=\"\" class=\"wp-image-18626\"\/><\/figure>\n<\/div>\n<\/div>\n\n\n\n<p>Estos Centros de Atenci\u00f3n est\u00e1n dise\u00f1ados para brindar terapias a NNA y personas mayores con discapacidad, velando por el cumplimiento de los derechos de la poblaci\u00f3n con discapacidad. Son una herramienta concreta que garantiza el ejercicio del derecho a la salud, al desarrollo y a la inclusi\u00f3n, sin importar en qu\u00e9 lugar del territorio nacional se encuentren.<\/p>\n\n\n\n<div class=\"wp-block-columns is-layout-flex wp-container-core-columns-is-layout-28f84493 wp-block-columns-is-layout-flex\">\n<div class=\"wp-block-column is-layout-flow wp-block-column-is-layout-flow\">\n<figure class=\"wp-block-image size-large\"><img loading=\"lazy\" decoding=\"async\" width=\"1024\" height=\"683\" src=\"https:\/\/conadi.gob.gt\/web\/wp-content\/uploads\/2025\/07\/IMG_2182-1024x683.jpg\" alt=\"\" class=\"wp-image-18620\" srcset=\"https:\/\/conadi.gob.gt\/web\/wp-content\/uploads\/2025\/07\/IMG_2182-1024x683.jpg 1024w, https:\/\/conadi.gob.gt\/web\/wp-content\/uploads\/2025\/07\/IMG_2182-300x200.jpg 300w, https:\/\/conadi.gob.gt\/web\/wp-content\/uploads\/2025\/07\/IMG_2182-768x512.jpg 768w, https:\/\/conadi.gob.gt\/web\/wp-content\/uploads\/2025\/07\/IMG_2182-1536x1024.jpg 1536w\" sizes=\"auto, (max-width: 1024px) 100vw, 1024px\" \/><\/figure>\n<\/div>\n\n\n\n<div class=\"wp-block-column is-layout-flow wp-block-column-is-layout-flow\">\n<figure class=\"wp-block-image size-large\"><img loading=\"lazy\" decoding=\"async\" width=\"1024\" height=\"683\" src=\"https:\/\/conadi.gob.gt\/web\/wp-content\/uploads\/2025\/07\/IMG_2181-1024x683.jpg\" alt=\"\" class=\"wp-image-18621\" srcset=\"https:\/\/conadi.gob.gt\/web\/wp-content\/uploads\/2025\/07\/IMG_2181-1024x683.jpg 1024w, https:\/\/conadi.gob.gt\/web\/wp-content\/uploads\/2025\/07\/IMG_2181-300x200.jpg 300w, https:\/\/conadi.gob.gt\/web\/wp-content\/uploads\/2025\/07\/IMG_2181-768x512.jpg 768w, https:\/\/conadi.gob.gt\/web\/wp-content\/uploads\/2025\/07\/IMG_2181-1536x1024.jpg 1536w\" sizes=\"auto, (max-width: 1024px) 100vw, 1024px\" \/><\/figure>\n<\/div>\n<\/div>\n\n\n\n<p>Durante el acto se cont\u00f3 con la participaci\u00f3n de Bernardo Ar\u00e9valo, Presidente Constitucional de la Rep\u00fablica de Guatemala, quien mencion\u00f3 que estos Centros de Atenci\u00f3n son un paso importante en la inclusi\u00f3n de las personas con discapacidad en Guatemala. Asimismo, Lucrecia Peinado, Primera Dama de la Naci\u00f3n, destac\u00f3 y agradeci\u00f3 el trabajo conjunto de las instituciones, la implementaci\u00f3n de estos centros y, con ellos, lograr este paso importante en el desarrollo integral de las personas con discapacidad de Guatemala.<\/p>\n\n\n\n<div class=\"wp-block-columns is-layout-flex wp-container-core-columns-is-layout-28f84493 wp-block-columns-is-layout-flex\">\n<div class=\"wp-block-column is-layout-flow wp-block-column-is-layout-flow\">\n<figure class=\"wp-block-image size-full\"><img decoding=\"async\" src=\"https:\/\/conadi.gob.gt\/web\/wp-content\/uploads\/2025\/07\/IMG_2171.jpg\" alt=\"\" class=\"wp-image-18625\"\/><\/figure>\n<\/div>\n\n\n\n<div class=\"wp-block-column is-layout-flow wp-block-column-is-layout-flow\">\n<figure class=\"wp-block-image size-full\"><img decoding=\"async\" src=\"https:\/\/conadi.gob.gt\/web\/wp-content\/uploads\/2025\/07\/IMG_2322.jpg\" alt=\"\" class=\"wp-image-18627\"\/><\/figure>\n<\/div>\n<\/div>\n\n\n\n<p><\/p>\n","protected":false},"excerpt":{"rendered":"<p>Atendiendo la invitaci\u00f3n de la Secretar\u00eda de Bienestar Social de la Presidencia (SBS), Maite \u00c1vila, Directora General del CONADI, asisti\u00f3 a la presentaci\u00f3n de los Centros de Atenci\u00f3n a Distancia para Personas con Discapacidad Intelectual y Trastorno del Espectro Autista. A partir de la firma del convenio interinstitucional entre la Secretar\u00eda de Bienestar Social de &hellip; <\/p>\n<p class=\"link-more\"><a href=\"https:\/\/conadi.gob.gt\/web\/lanzamiento-de-centros-de-atencion-a-distancia-para-personas-con-discapacidad-intelectual-y-trastorno-del-espectro-autista\/\" class=\"more-link\">Leer m\u00e1s<span class=\"screen-reader-text\"> \u00abLANZAMIENTO DE CENTROS DE ATENCI\u00d3N A DISTANCIA PARA PERSONAS CON DISCAPACIDAD INTELECTUAL Y TRASTORNO DEL ESPECTRO AUTISTA\u00bb<\/span><\/a><\/p>\n","protected":false},"author":222,"featured_media":18623,"comment_status":"closed","ping_status":"closed","sticky":false,"template":"","format":"standard","meta":{"footnotes":""},"categories":[3],"tags":[],"class_list":["post-18616","post","type-post","status-publish","format-standard","has-post-thumbnail","hentry","category-noticias"],"_links":{"self":[{"href":"https:\/\/conadi.gob.gt\/web\/wp-json\/wp\/v2\/posts\/18616","targetHints":{"allow":["GET"]}}],"collection":[{"href":"https:\/\/conadi.gob.gt\/web\/wp-json\/wp\/v2\/posts"}],"about":[{"href":"https:\/\/conadi.gob.gt\/web\/wp-json\/wp\/v2\/types\/post"}],"author":[{"embeddable":true,"href":"https:\/\/conadi.gob.gt\/web\/wp-json\/wp\/v2\/users\/222"}],"replies":[{"embeddable":true,"href":"https:\/\/conadi.gob.gt\/web\/wp-json\/wp\/v2\/comments?post=18616"}],"version-history":[{"count":1,"href":"https:\/\/conadi.gob.gt\/web\/wp-json\/wp\/v2\/posts\/18616\/revisions"}],"predecessor-version":[{"id":18629,"href":"https:\/\/conadi.gob.gt\/web\/wp-json\/wp\/v2\/posts\/18616\/revisions\/18629"}],"wp:featuredmedia":[{"embeddable":true,"href":"https:\/\/conadi.gob.gt\/web\/wp-json\/wp\/v2\/media\/18623"}],"wp:attachment":[{"href":"https:\/\/conadi.gob.gt\/web\/wp-json\/wp\/v2\/media?parent=18616"}],"wp:term":[{"taxonomy":"category","embeddable":true,"href":"https:\/\/conadi.gob.gt\/web\/wp-json\/wp\/v2\/categories?post=18616"},{"taxonomy":"post_tag","embeddable":true,"href":"https:\/\/conadi.gob.gt\/web\/wp-json\/wp\/v2\/tags?post=18616"}],"curies":[{"name":"wp","href":"https:\/\/api.w.org\/{rel}","templated":true}]}}