{"id":18630,"date":"2025-07-31T14:11:25","date_gmt":"2025-07-31T14:11:25","guid":{"rendered":"https:\/\/conadi.gob.gt\/web\/?p=18630"},"modified":"2025-08-01T16:16:26","modified_gmt":"2025-08-01T16:16:26","slug":"encuentro-regional-reune-a-coordinadores-de-omds-en-coban-a-v","status":"publish","type":"post","link":"https:\/\/conadi.gob.gt\/web\/encuentro-regional-reune-a-coordinadores-de-omds-en-coban-a-v\/","title":{"rendered":"ENCUENTRO REGIONAL RE\u00daNE A COORDINADORES DE OMD\u00b4s EN COB\u00c1N, A.V."},"content":{"rendered":"\n<p>El departamento de Servicio Nacional de Discapacidad del CONADI llev\u00f3 a cabo el Encuentro Regional de Oficinas Municipales de Discapacidad (OMD&#8217;s) (Regi\u00f3n 3) desarrollado en la ciudad de Cob\u00e1n, Alta Verapaz.<\/p>\n\n\n\n<figure class=\"wp-block-image size-large\"><img loading=\"lazy\" decoding=\"async\" width=\"1024\" height=\"683\" src=\"https:\/\/conadi.gob.gt\/web\/wp-content\/uploads\/2025\/07\/WhatsApp-Image-2025-07-30-at-16.05.25-1024x683.jpeg\" alt=\"\" class=\"wp-image-18631\" srcset=\"https:\/\/conadi.gob.gt\/web\/wp-content\/uploads\/2025\/07\/WhatsApp-Image-2025-07-30-at-16.05.25-1024x683.jpeg 1024w, https:\/\/conadi.gob.gt\/web\/wp-content\/uploads\/2025\/07\/WhatsApp-Image-2025-07-30-at-16.05.25-300x200.jpeg 300w, https:\/\/conadi.gob.gt\/web\/wp-content\/uploads\/2025\/07\/WhatsApp-Image-2025-07-30-at-16.05.25-768x512.jpeg 768w, https:\/\/conadi.gob.gt\/web\/wp-content\/uploads\/2025\/07\/WhatsApp-Image-2025-07-30-at-16.05.25-1536x1024.jpeg 1536w, https:\/\/conadi.gob.gt\/web\/wp-content\/uploads\/2025\/07\/WhatsApp-Image-2025-07-30-at-16.05.25.jpeg 1600w\" sizes=\"auto, (max-width: 1024px) 100vw, 1024px\" \/><\/figure>\n\n\n\n<p>Un espacio que se plantea desde el marco de la toma de decisiones y del rol protag\u00f3nico que tienen los coordinadores de las OMD ante el compromiso de la promoci\u00f3n de los derechos de las personas con discapacidad y su representaci\u00f3n de la discapacidad a nivel departamental.<\/p>\n\n\n\n<div class=\"wp-block-columns is-layout-flex wp-container-core-columns-is-layout-28f84493 wp-block-columns-is-layout-flex\">\n<div class=\"wp-block-column is-layout-flow wp-block-column-is-layout-flow\">\n<figure class=\"wp-block-image size-large\"><img loading=\"lazy\" decoding=\"async\" width=\"1024\" height=\"683\" src=\"https:\/\/conadi.gob.gt\/web\/wp-content\/uploads\/2025\/07\/WhatsApp-Image-2025-07-30-at-16.05.29-1024x683.jpeg\" alt=\"\" class=\"wp-image-18632\" srcset=\"https:\/\/conadi.gob.gt\/web\/wp-content\/uploads\/2025\/07\/WhatsApp-Image-2025-07-30-at-16.05.29-1024x683.jpeg 1024w, https:\/\/conadi.gob.gt\/web\/wp-content\/uploads\/2025\/07\/WhatsApp-Image-2025-07-30-at-16.05.29-300x200.jpeg 300w, https:\/\/conadi.gob.gt\/web\/wp-content\/uploads\/2025\/07\/WhatsApp-Image-2025-07-30-at-16.05.29-768x512.jpeg 768w, https:\/\/conadi.gob.gt\/web\/wp-content\/uploads\/2025\/07\/WhatsApp-Image-2025-07-30-at-16.05.29-1536x1024.jpeg 1536w, https:\/\/conadi.gob.gt\/web\/wp-content\/uploads\/2025\/07\/WhatsApp-Image-2025-07-30-at-16.05.29.jpeg 1600w\" sizes=\"auto, (max-width: 1024px) 100vw, 1024px\" \/><\/figure>\n<\/div>\n\n\n\n<div class=\"wp-block-column is-layout-flow wp-block-column-is-layout-flow\">\n<figure class=\"wp-block-image size-large\"><img loading=\"lazy\" decoding=\"async\" width=\"1024\" height=\"683\" src=\"https:\/\/conadi.gob.gt\/web\/wp-content\/uploads\/2025\/07\/WhatsApp-Image-2025-07-30-at-16.05.26-1024x683.jpeg\" alt=\"\" class=\"wp-image-18633\" srcset=\"https:\/\/conadi.gob.gt\/web\/wp-content\/uploads\/2025\/07\/WhatsApp-Image-2025-07-30-at-16.05.26-1024x683.jpeg 1024w, https:\/\/conadi.gob.gt\/web\/wp-content\/uploads\/2025\/07\/WhatsApp-Image-2025-07-30-at-16.05.26-300x200.jpeg 300w, https:\/\/conadi.gob.gt\/web\/wp-content\/uploads\/2025\/07\/WhatsApp-Image-2025-07-30-at-16.05.26-768x512.jpeg 768w, https:\/\/conadi.gob.gt\/web\/wp-content\/uploads\/2025\/07\/WhatsApp-Image-2025-07-30-at-16.05.26-1536x1024.jpeg 1536w, https:\/\/conadi.gob.gt\/web\/wp-content\/uploads\/2025\/07\/WhatsApp-Image-2025-07-30-at-16.05.26.jpeg 1600w\" sizes=\"auto, (max-width: 1024px) 100vw, 1024px\" \/><\/figure>\n<\/div>\n\n\n\n<div class=\"wp-block-column is-layout-flow wp-block-column-is-layout-flow\">\n<figure class=\"wp-block-image size-large\"><img loading=\"lazy\" decoding=\"async\" width=\"1024\" height=\"683\" src=\"https:\/\/conadi.gob.gt\/web\/wp-content\/uploads\/2025\/07\/WhatsApp-Image-2025-07-30-at-16.06.51-1024x683.jpeg\" alt=\"\" class=\"wp-image-18634\" srcset=\"https:\/\/conadi.gob.gt\/web\/wp-content\/uploads\/2025\/07\/WhatsApp-Image-2025-07-30-at-16.06.51-1024x683.jpeg 1024w, https:\/\/conadi.gob.gt\/web\/wp-content\/uploads\/2025\/07\/WhatsApp-Image-2025-07-30-at-16.06.51-300x200.jpeg 300w, https:\/\/conadi.gob.gt\/web\/wp-content\/uploads\/2025\/07\/WhatsApp-Image-2025-07-30-at-16.06.51-768x512.jpeg 768w, https:\/\/conadi.gob.gt\/web\/wp-content\/uploads\/2025\/07\/WhatsApp-Image-2025-07-30-at-16.06.51-1536x1024.jpeg 1536w, https:\/\/conadi.gob.gt\/web\/wp-content\/uploads\/2025\/07\/WhatsApp-Image-2025-07-30-at-16.06.51.jpeg 1600w\" sizes=\"auto, (max-width: 1024px) 100vw, 1024px\" \/><\/figure>\n<\/div>\n<\/div>\n\n\n\n<p>El evento reuni\u00f3 a representantes de las OMD&#8217;s de los municipios de: Ixc\u00e1n del departamento de Quich\u00e9; San Jer\u00f3nimo y Salam\u00e1, Baja Verapaz; Las Cruces, La Libertad, Menchor de Mencos, El Chal, San Luis y San Jos\u00e9 del departamento de Pet\u00e9n; Fray Bartolom\u00e9 de las Casas, Chamelco y Santa Cruz del departamento de Alta Verapaz; El Estor, Puerto Barrios y L\u00edvingston del departamento de Izabal.<\/p>\n\n\n\n<p>El encuentro tuvo como objetivo principal fortalecer las capacidades de los coordinadores, adem\u00e1s de abrir un espacio para el intercambio de buenas pr\u00e1cticas y analizar desaf\u00edos en com\u00fan.<\/p>\n\n\n\n<div class=\"wp-block-columns is-layout-flex wp-container-core-columns-is-layout-28f84493 wp-block-columns-is-layout-flex\">\n<div class=\"wp-block-column is-layout-flow wp-block-column-is-layout-flow\">\n<figure class=\"wp-block-image size-large\"><img loading=\"lazy\" decoding=\"async\" width=\"1024\" height=\"683\" src=\"https:\/\/conadi.gob.gt\/web\/wp-content\/uploads\/2025\/07\/WhatsApp-Image-2025-07-30-at-16.05.30-1024x683.jpeg\" alt=\"\" class=\"wp-image-18635\" srcset=\"https:\/\/conadi.gob.gt\/web\/wp-content\/uploads\/2025\/07\/WhatsApp-Image-2025-07-30-at-16.05.30-1024x683.jpeg 1024w, https:\/\/conadi.gob.gt\/web\/wp-content\/uploads\/2025\/07\/WhatsApp-Image-2025-07-30-at-16.05.30-300x200.jpeg 300w, https:\/\/conadi.gob.gt\/web\/wp-content\/uploads\/2025\/07\/WhatsApp-Image-2025-07-30-at-16.05.30-768x512.jpeg 768w, https:\/\/conadi.gob.gt\/web\/wp-content\/uploads\/2025\/07\/WhatsApp-Image-2025-07-30-at-16.05.30-1536x1024.jpeg 1536w, https:\/\/conadi.gob.gt\/web\/wp-content\/uploads\/2025\/07\/WhatsApp-Image-2025-07-30-at-16.05.30.jpeg 1600w\" sizes=\"auto, (max-width: 1024px) 100vw, 1024px\" \/><\/figure>\n<\/div>\n\n\n\n<div class=\"wp-block-column is-layout-flow wp-block-column-is-layout-flow\">\n<figure class=\"wp-block-image size-large\"><img loading=\"lazy\" decoding=\"async\" width=\"1024\" height=\"683\" src=\"https:\/\/conadi.gob.gt\/web\/wp-content\/uploads\/2025\/07\/WhatsApp-Image-2025-07-30-at-16.05.30-1-1024x683.jpeg\" alt=\"\" class=\"wp-image-18640\" srcset=\"https:\/\/conadi.gob.gt\/web\/wp-content\/uploads\/2025\/07\/WhatsApp-Image-2025-07-30-at-16.05.30-1-1024x683.jpeg 1024w, https:\/\/conadi.gob.gt\/web\/wp-content\/uploads\/2025\/07\/WhatsApp-Image-2025-07-30-at-16.05.30-1-300x200.jpeg 300w, https:\/\/conadi.gob.gt\/web\/wp-content\/uploads\/2025\/07\/WhatsApp-Image-2025-07-30-at-16.05.30-1-768x512.jpeg 768w, https:\/\/conadi.gob.gt\/web\/wp-content\/uploads\/2025\/07\/WhatsApp-Image-2025-07-30-at-16.05.30-1-1536x1024.jpeg 1536w, https:\/\/conadi.gob.gt\/web\/wp-content\/uploads\/2025\/07\/WhatsApp-Image-2025-07-30-at-16.05.30-1.jpeg 1600w\" sizes=\"auto, (max-width: 1024px) 100vw, 1024px\" \/><\/figure>\n<\/div>\n<\/div>\n\n\n\n<p>Durante el acto de apertura, Maira Rivas, presidenta del CONADI, resalt\u00f3 la importancia de la generaci\u00f3n de estos encuentros para enriquecer el trabajo y el compromiso que se realiza desde la institucionalidad para promover la generaci\u00f3n de oportunidades, la inclusi\u00f3n, la concienciaci\u00f3n y sensibilizaci\u00f3n para el respeto a los derechos de las personas con discapacidad. La Gobernadora departamental de Alta Verapaz, Dilia Margarita C\u00f3 Coy, por su parte, se\u00f1al\u00f3 que en su gesti\u00f3n administrativa reafirma el compromiso con la inclusi\u00f3n y la garant\u00eda de derechos de las personas con discapacidad que el Estado de Guatemala tiene ante la poblaci\u00f3n.<\/p>\n\n\n\n<figure class=\"wp-block-image size-large\"><img loading=\"lazy\" decoding=\"async\" width=\"1024\" height=\"683\" src=\"https:\/\/conadi.gob.gt\/web\/wp-content\/uploads\/2025\/07\/WhatsApp-Image-2025-07-30-at-16.05.25-1-1024x683.jpeg\" alt=\"\" class=\"wp-image-18637\" srcset=\"https:\/\/conadi.gob.gt\/web\/wp-content\/uploads\/2025\/07\/WhatsApp-Image-2025-07-30-at-16.05.25-1-1024x683.jpeg 1024w, https:\/\/conadi.gob.gt\/web\/wp-content\/uploads\/2025\/07\/WhatsApp-Image-2025-07-30-at-16.05.25-1-300x200.jpeg 300w, https:\/\/conadi.gob.gt\/web\/wp-content\/uploads\/2025\/07\/WhatsApp-Image-2025-07-30-at-16.05.25-1-768x512.jpeg 768w, https:\/\/conadi.gob.gt\/web\/wp-content\/uploads\/2025\/07\/WhatsApp-Image-2025-07-30-at-16.05.25-1-1536x1024.jpeg 1536w, https:\/\/conadi.gob.gt\/web\/wp-content\/uploads\/2025\/07\/WhatsApp-Image-2025-07-30-at-16.05.25-1.jpeg 1600w\" sizes=\"auto, (max-width: 1024px) 100vw, 1024px\" \/><\/figure>\n\n\n\n<div class=\"wp-block-columns is-layout-flex wp-container-core-columns-is-layout-28f84493 wp-block-columns-is-layout-flex\">\n<div class=\"wp-block-column is-layout-flow wp-block-column-is-layout-flow\">\n<figure class=\"wp-block-image size-large\"><img loading=\"lazy\" decoding=\"async\" width=\"1024\" height=\"683\" src=\"https:\/\/conadi.gob.gt\/web\/wp-content\/uploads\/2025\/07\/WhatsApp-Image-2025-07-30-at-16.05.27-1024x683.jpeg\" alt=\"\" class=\"wp-image-18638\" srcset=\"https:\/\/conadi.gob.gt\/web\/wp-content\/uploads\/2025\/07\/WhatsApp-Image-2025-07-30-at-16.05.27-1024x683.jpeg 1024w, https:\/\/conadi.gob.gt\/web\/wp-content\/uploads\/2025\/07\/WhatsApp-Image-2025-07-30-at-16.05.27-300x200.jpeg 300w, https:\/\/conadi.gob.gt\/web\/wp-content\/uploads\/2025\/07\/WhatsApp-Image-2025-07-30-at-16.05.27-768x512.jpeg 768w, https:\/\/conadi.gob.gt\/web\/wp-content\/uploads\/2025\/07\/WhatsApp-Image-2025-07-30-at-16.05.27-1536x1024.jpeg 1536w, https:\/\/conadi.gob.gt\/web\/wp-content\/uploads\/2025\/07\/WhatsApp-Image-2025-07-30-at-16.05.27.jpeg 1600w\" sizes=\"auto, (max-width: 1024px) 100vw, 1024px\" \/><\/figure>\n<\/div>\n\n\n\n<div class=\"wp-block-column is-layout-flow wp-block-column-is-layout-flow\">\n<figure class=\"wp-block-image size-large\"><img loading=\"lazy\" decoding=\"async\" width=\"1024\" height=\"683\" src=\"https:\/\/conadi.gob.gt\/web\/wp-content\/uploads\/2025\/07\/WhatsApp-Image-2025-07-30-at-16.06.52-1024x683.jpeg\" alt=\"\" class=\"wp-image-18639\" srcset=\"https:\/\/conadi.gob.gt\/web\/wp-content\/uploads\/2025\/07\/WhatsApp-Image-2025-07-30-at-16.06.52-1024x683.jpeg 1024w, https:\/\/conadi.gob.gt\/web\/wp-content\/uploads\/2025\/07\/WhatsApp-Image-2025-07-30-at-16.06.52-300x200.jpeg 300w, https:\/\/conadi.gob.gt\/web\/wp-content\/uploads\/2025\/07\/WhatsApp-Image-2025-07-30-at-16.06.52-768x512.jpeg 768w, https:\/\/conadi.gob.gt\/web\/wp-content\/uploads\/2025\/07\/WhatsApp-Image-2025-07-30-at-16.06.52-1536x1024.jpeg 1536w, https:\/\/conadi.gob.gt\/web\/wp-content\/uploads\/2025\/07\/WhatsApp-Image-2025-07-30-at-16.06.52.jpeg 1600w\" sizes=\"auto, (max-width: 1024px) 100vw, 1024px\" \/><\/figure>\n<\/div>\n<\/div>\n\n\n\n<figure class=\"wp-block-image size-large\"><img loading=\"lazy\" decoding=\"async\" width=\"1024\" height=\"683\" src=\"https:\/\/conadi.gob.gt\/web\/wp-content\/uploads\/2025\/07\/WhatsApp-Image-2025-07-30-at-16.05.26-1-1024x683.jpeg\" alt=\"\" class=\"wp-image-18643\" srcset=\"https:\/\/conadi.gob.gt\/web\/wp-content\/uploads\/2025\/07\/WhatsApp-Image-2025-07-30-at-16.05.26-1-1024x683.jpeg 1024w, https:\/\/conadi.gob.gt\/web\/wp-content\/uploads\/2025\/07\/WhatsApp-Image-2025-07-30-at-16.05.26-1-300x200.jpeg 300w, https:\/\/conadi.gob.gt\/web\/wp-content\/uploads\/2025\/07\/WhatsApp-Image-2025-07-30-at-16.05.26-1-768x512.jpeg 768w, https:\/\/conadi.gob.gt\/web\/wp-content\/uploads\/2025\/07\/WhatsApp-Image-2025-07-30-at-16.05.26-1-1536x1024.jpeg 1536w, https:\/\/conadi.gob.gt\/web\/wp-content\/uploads\/2025\/07\/WhatsApp-Image-2025-07-30-at-16.05.26-1.jpeg 1600w\" sizes=\"auto, (max-width: 1024px) 100vw, 1024px\" \/><\/figure>\n\n\n\n<p>De las ponencias:<\/p>\n\n\n\n<p>Dentro de la jornada se llevaron a cabo talleres de capacitaci\u00f3n para la formaci\u00f3n, que se desarrollaron bajo los temas: Socializaci\u00f3n de la Gu\u00eda de Oficinas Municipales de Discapacidad presentadas por H\u00e9ctor Sosa, coordinador regional del CONADI; Herramientas de Levantamiento de Datos Estad\u00edsticos a cargo de Bayron Villanueva, delegado departamental de Alta Verapaz; Generalidades de la Ley de Certificaci\u00f3n Biopsicosocial a cargo de Lucy Herrera, delegada de Baja Verapaz; Roel Aceituno, delegado de Izabal, socializ\u00f3 el Manual de Accesibilidad Universal.<\/p>\n\n\n\n<figure class=\"wp-block-image size-large\"><img loading=\"lazy\" decoding=\"async\" width=\"1024\" height=\"683\" src=\"https:\/\/conadi.gob.gt\/web\/wp-content\/uploads\/2025\/07\/WhatsApp-Image-2025-07-30-at-23.09.44-1024x683.jpeg\" alt=\"\" class=\"wp-image-18641\" srcset=\"https:\/\/conadi.gob.gt\/web\/wp-content\/uploads\/2025\/07\/WhatsApp-Image-2025-07-30-at-23.09.44-1024x683.jpeg 1024w, https:\/\/conadi.gob.gt\/web\/wp-content\/uploads\/2025\/07\/WhatsApp-Image-2025-07-30-at-23.09.44-300x200.jpeg 300w, https:\/\/conadi.gob.gt\/web\/wp-content\/uploads\/2025\/07\/WhatsApp-Image-2025-07-30-at-23.09.44-768x512.jpeg 768w, https:\/\/conadi.gob.gt\/web\/wp-content\/uploads\/2025\/07\/WhatsApp-Image-2025-07-30-at-23.09.44-1536x1024.jpeg 1536w, https:\/\/conadi.gob.gt\/web\/wp-content\/uploads\/2025\/07\/WhatsApp-Image-2025-07-30-at-23.09.44.jpeg 1600w\" sizes=\"auto, (max-width: 1024px) 100vw, 1024px\" \/><\/figure>\n\n\n\n<div class=\"wp-block-columns is-layout-flex wp-container-core-columns-is-layout-28f84493 wp-block-columns-is-layout-flex\">\n<div class=\"wp-block-column is-layout-flow wp-block-column-is-layout-flow\">\n<figure class=\"wp-block-image size-large\"><img loading=\"lazy\" decoding=\"async\" width=\"1024\" height=\"683\" src=\"https:\/\/conadi.gob.gt\/web\/wp-content\/uploads\/2025\/07\/WhatsApp-Image-2025-07-30-at-16.05.27-1-1024x683.jpeg\" alt=\"\" class=\"wp-image-18642\" srcset=\"https:\/\/conadi.gob.gt\/web\/wp-content\/uploads\/2025\/07\/WhatsApp-Image-2025-07-30-at-16.05.27-1-1024x683.jpeg 1024w, https:\/\/conadi.gob.gt\/web\/wp-content\/uploads\/2025\/07\/WhatsApp-Image-2025-07-30-at-16.05.27-1-300x200.jpeg 300w, https:\/\/conadi.gob.gt\/web\/wp-content\/uploads\/2025\/07\/WhatsApp-Image-2025-07-30-at-16.05.27-1-768x512.jpeg 768w, https:\/\/conadi.gob.gt\/web\/wp-content\/uploads\/2025\/07\/WhatsApp-Image-2025-07-30-at-16.05.27-1-1536x1024.jpeg 1536w, https:\/\/conadi.gob.gt\/web\/wp-content\/uploads\/2025\/07\/WhatsApp-Image-2025-07-30-at-16.05.27-1.jpeg 1600w\" sizes=\"auto, (max-width: 1024px) 100vw, 1024px\" \/><\/figure>\n<\/div>\n\n\n\n<div class=\"wp-block-column is-layout-flow wp-block-column-is-layout-flow\">\n<figure class=\"wp-block-image size-large\"><img loading=\"lazy\" decoding=\"async\" width=\"1024\" height=\"683\" src=\"https:\/\/conadi.gob.gt\/web\/wp-content\/uploads\/2025\/07\/WhatsApp-Image-2025-07-30-at-16.06.50-1024x683.jpeg\" alt=\"\" class=\"wp-image-18644\" srcset=\"https:\/\/conadi.gob.gt\/web\/wp-content\/uploads\/2025\/07\/WhatsApp-Image-2025-07-30-at-16.06.50-1024x683.jpeg 1024w, https:\/\/conadi.gob.gt\/web\/wp-content\/uploads\/2025\/07\/WhatsApp-Image-2025-07-30-at-16.06.50-300x200.jpeg 300w, https:\/\/conadi.gob.gt\/web\/wp-content\/uploads\/2025\/07\/WhatsApp-Image-2025-07-30-at-16.06.50-768x512.jpeg 768w, https:\/\/conadi.gob.gt\/web\/wp-content\/uploads\/2025\/07\/WhatsApp-Image-2025-07-30-at-16.06.50-1536x1024.jpeg 1536w, https:\/\/conadi.gob.gt\/web\/wp-content\/uploads\/2025\/07\/WhatsApp-Image-2025-07-30-at-16.06.50.jpeg 1600w\" sizes=\"auto, (max-width: 1024px) 100vw, 1024px\" \/><\/figure>\n<\/div>\n\n\n\n<div class=\"wp-block-column is-layout-flow wp-block-column-is-layout-flow\">\n<figure class=\"wp-block-image size-large\"><img loading=\"lazy\" decoding=\"async\" width=\"1024\" height=\"683\" src=\"https:\/\/conadi.gob.gt\/web\/wp-content\/uploads\/2025\/07\/WhatsApp-Image-2025-07-30-at-16.05.28-1024x683.jpeg\" alt=\"\" class=\"wp-image-18645\" srcset=\"https:\/\/conadi.gob.gt\/web\/wp-content\/uploads\/2025\/07\/WhatsApp-Image-2025-07-30-at-16.05.28-1024x683.jpeg 1024w, https:\/\/conadi.gob.gt\/web\/wp-content\/uploads\/2025\/07\/WhatsApp-Image-2025-07-30-at-16.05.28-300x200.jpeg 300w, https:\/\/conadi.gob.gt\/web\/wp-content\/uploads\/2025\/07\/WhatsApp-Image-2025-07-30-at-16.05.28-768x512.jpeg 768w, https:\/\/conadi.gob.gt\/web\/wp-content\/uploads\/2025\/07\/WhatsApp-Image-2025-07-30-at-16.05.28-1536x1024.jpeg 1536w, https:\/\/conadi.gob.gt\/web\/wp-content\/uploads\/2025\/07\/WhatsApp-Image-2025-07-30-at-16.05.28.jpeg 1600w\" sizes=\"auto, (max-width: 1024px) 100vw, 1024px\" \/><\/figure>\n<\/div>\n<\/div>\n\n\n\n<p>Adem\u00e1s, cont\u00f3 con la colaboraci\u00f3n de Erick Poou Baldiz\u00f3n, delegado departamental de Alta Verapaz por la Secretaria de Planificaci\u00f3n y Programaci\u00f3n de la Presidencia (SEGEPLAN), quien tuvo a bien desarrollar el tema de Formulaci\u00f3n de Pol\u00edticas P\u00fablicas a Nivel Municipal, y por el Instituto Nacional de Administraci\u00f3n P\u00fablica (INAP), Lenin Monz\u00f3n y Otto Chavarr\u00eda, quienes abordaron la inclusi\u00f3n en la administraci\u00f3n p\u00fablica.<\/p>\n\n\n\n<div class=\"wp-block-columns is-layout-flex wp-container-core-columns-is-layout-28f84493 wp-block-columns-is-layout-flex\">\n<div class=\"wp-block-column is-layout-flow wp-block-column-is-layout-flow\">\n<figure class=\"wp-block-image size-large\"><img loading=\"lazy\" decoding=\"async\" width=\"1024\" height=\"683\" src=\"https:\/\/conadi.gob.gt\/web\/wp-content\/uploads\/2025\/07\/WhatsApp-Image-2025-07-30-at-16.05.29-1-1024x683.jpeg\" alt=\"\" class=\"wp-image-18646\" srcset=\"https:\/\/conadi.gob.gt\/web\/wp-content\/uploads\/2025\/07\/WhatsApp-Image-2025-07-30-at-16.05.29-1-1024x683.jpeg 1024w, https:\/\/conadi.gob.gt\/web\/wp-content\/uploads\/2025\/07\/WhatsApp-Image-2025-07-30-at-16.05.29-1-300x200.jpeg 300w, https:\/\/conadi.gob.gt\/web\/wp-content\/uploads\/2025\/07\/WhatsApp-Image-2025-07-30-at-16.05.29-1-768x512.jpeg 768w, https:\/\/conadi.gob.gt\/web\/wp-content\/uploads\/2025\/07\/WhatsApp-Image-2025-07-30-at-16.05.29-1-1536x1024.jpeg 1536w, https:\/\/conadi.gob.gt\/web\/wp-content\/uploads\/2025\/07\/WhatsApp-Image-2025-07-30-at-16.05.29-1.jpeg 1600w\" sizes=\"auto, (max-width: 1024px) 100vw, 1024px\" \/><\/figure>\n<\/div>\n\n\n\n<div class=\"wp-block-column is-layout-flow wp-block-column-is-layout-flow\">\n<figure class=\"wp-block-image size-large\"><img loading=\"lazy\" decoding=\"async\" width=\"1024\" height=\"683\" src=\"https:\/\/conadi.gob.gt\/web\/wp-content\/uploads\/2025\/07\/WhatsApp-Image-2025-07-30-at-16.05.28-1-1024x683.jpeg\" alt=\"\" class=\"wp-image-18636\" srcset=\"https:\/\/conadi.gob.gt\/web\/wp-content\/uploads\/2025\/07\/WhatsApp-Image-2025-07-30-at-16.05.28-1-1024x683.jpeg 1024w, https:\/\/conadi.gob.gt\/web\/wp-content\/uploads\/2025\/07\/WhatsApp-Image-2025-07-30-at-16.05.28-1-300x200.jpeg 300w, https:\/\/conadi.gob.gt\/web\/wp-content\/uploads\/2025\/07\/WhatsApp-Image-2025-07-30-at-16.05.28-1-768x512.jpeg 768w, https:\/\/conadi.gob.gt\/web\/wp-content\/uploads\/2025\/07\/WhatsApp-Image-2025-07-30-at-16.05.28-1-1536x1024.jpeg 1536w, https:\/\/conadi.gob.gt\/web\/wp-content\/uploads\/2025\/07\/WhatsApp-Image-2025-07-30-at-16.05.28-1.jpeg 1600w\" sizes=\"auto, (max-width: 1024px) 100vw, 1024px\" \/><\/figure>\n<\/div>\n<\/div>\n\n\n\n<figure class=\"wp-block-image size-large\"><img loading=\"lazy\" decoding=\"async\" width=\"1024\" height=\"532\" src=\"https:\/\/conadi.gob.gt\/web\/wp-content\/uploads\/2025\/07\/WhatsApp-Image-2025-07-30-at-23.09.16-1024x532.jpeg\" alt=\"\" class=\"wp-image-18647\" srcset=\"https:\/\/conadi.gob.gt\/web\/wp-content\/uploads\/2025\/07\/WhatsApp-Image-2025-07-30-at-23.09.16-1024x532.jpeg 1024w, https:\/\/conadi.gob.gt\/web\/wp-content\/uploads\/2025\/07\/WhatsApp-Image-2025-07-30-at-23.09.16-300x156.jpeg 300w, https:\/\/conadi.gob.gt\/web\/wp-content\/uploads\/2025\/07\/WhatsApp-Image-2025-07-30-at-23.09.16-768x399.jpeg 768w, https:\/\/conadi.gob.gt\/web\/wp-content\/uploads\/2025\/07\/WhatsApp-Image-2025-07-30-at-23.09.16-1536x798.jpeg 1536w, https:\/\/conadi.gob.gt\/web\/wp-content\/uploads\/2025\/07\/WhatsApp-Image-2025-07-30-at-23.09.16.jpeg 1600w\" sizes=\"auto, (max-width: 1024px) 100vw, 1024px\" \/><\/figure>\n","protected":false},"excerpt":{"rendered":"<p>El departamento de Servicio Nacional de Discapacidad del CONADI llev\u00f3 a cabo el Encuentro Regional de Oficinas Municipales de Discapacidad (OMD&#8217;s) (Regi\u00f3n 3) desarrollado en la ciudad de Cob\u00e1n, Alta Verapaz. Un espacio que se plantea desde el marco de la toma de decisiones y del rol protag\u00f3nico que tienen los coordinadores de las OMD &hellip; <\/p>\n<p class=\"link-more\"><a href=\"https:\/\/conadi.gob.gt\/web\/encuentro-regional-reune-a-coordinadores-de-omds-en-coban-a-v\/\" class=\"more-link\">Leer m\u00e1s<span class=\"screen-reader-text\"> \u00abENCUENTRO REGIONAL RE\u00daNE A COORDINADORES DE OMD\u00b4s EN COB\u00c1N, A.V.\u00bb<\/span><\/a><\/p>\n","protected":false},"author":222,"featured_media":18631,"comment_status":"closed","ping_status":"closed","sticky":false,"template":"","format":"standard","meta":{"footnotes":""},"categories":[3],"tags":[],"class_list":["post-18630","post","type-post","status-publish","format-standard","has-post-thumbnail","hentry","category-noticias"],"_links":{"self":[{"href":"https:\/\/conadi.gob.gt\/web\/wp-json\/wp\/v2\/posts\/18630","targetHints":{"allow":["GET"]}}],"collection":[{"href":"https:\/\/conadi.gob.gt\/web\/wp-json\/wp\/v2\/posts"}],"about":[{"href":"https:\/\/conadi.gob.gt\/web\/wp-json\/wp\/v2\/types\/post"}],"author":[{"embeddable":true,"href":"https:\/\/conadi.gob.gt\/web\/wp-json\/wp\/v2\/users\/222"}],"replies":[{"embeddable":true,"href":"https:\/\/conadi.gob.gt\/web\/wp-json\/wp\/v2\/comments?post=18630"}],"version-history":[{"count":2,"href":"https:\/\/conadi.gob.gt\/web\/wp-json\/wp\/v2\/posts\/18630\/revisions"}],"predecessor-version":[{"id":18709,"href":"https:\/\/conadi.gob.gt\/web\/wp-json\/wp\/v2\/posts\/18630\/revisions\/18709"}],"wp:featuredmedia":[{"embeddable":true,"href":"https:\/\/conadi.gob.gt\/web\/wp-json\/wp\/v2\/media\/18631"}],"wp:attachment":[{"href":"https:\/\/conadi.gob.gt\/web\/wp-json\/wp\/v2\/media?parent=18630"}],"wp:term":[{"taxonomy":"category","embeddable":true,"href":"https:\/\/conadi.gob.gt\/web\/wp-json\/wp\/v2\/categories?post=18630"},{"taxonomy":"post_tag","embeddable":true,"href":"https:\/\/conadi.gob.gt\/web\/wp-json\/wp\/v2\/tags?post=18630"}],"curies":[{"name":"wp","href":"https:\/\/api.w.org\/{rel}","templated":true}]}}